{"id":2297,"date":"2025-07-11T19:02:32","date_gmt":"2025-07-11T19:02:32","guid":{"rendered":"https:\/\/voxsahel.com\/?p=2297"},"modified":"2025-07-11T19:02:32","modified_gmt":"2025-07-11T19:02:32","slug":"presidence-du-conseil-des-ministres-de-luemoa-les-etats-de-laes-quittent-la-session-a-lome","status":"publish","type":"post","link":"https:\/\/voxsahel.com\/?p=2297","title":{"rendered":"Pr\u00e9sidence du Conseil des Ministres de l\u2019UEMOA : les \u00c9tats de l\u2019AES quittent la session \u00e0 Lom\u00e9"},"content":{"rendered":"<p class=\"p1\"><span class=\"s2\">La deuxi\u00e8me session ordinaire annuelle du Conseil des Ministres de l\u2019Union \u00c9conomique et Mon\u00e9taire Ouest Africaine (UEMOA) s\u2019est ouverte ce vendredi \u00e0 Lom\u00e9 dans un climat de tension. Les repr\u00e9sentants des \u00c9tats membres de l\u2019Alliance des \u00c9tats du Sahel (AES), \u00e0 savoir le Burkina Faso, le Mali et le Niger, ont quitt\u00e9 la salle en signe de protestation, d\u00e9non\u00e7ant un blocage dans la mise en \u0153uvre des dispositions statutaires relatives \u00e0 la pr\u00e9sidence tournante du Conseil.<\/span><\/p>\n<p class=\"p1\">\u00c0 l\u2019origine de cette rupture : l\u2019impossibilit\u00e9 pour les ministres pr\u00e9sents de s\u2019accorder sur la d\u00e9signation du Burkina Faso pour assurer la pr\u00e9sidence du Conseil des Ministres, comme le pr\u00e9voit pourtant l\u2019article 11 des statuts de l\u2019Union Mon\u00e9taire Ouest Africaine (UMOA), instance technique int\u00e9gr\u00e9e \u00e0 l\u2019UEMOA.<\/p>\n<p class=\"p1\"><span class=\"s2\">Selon cet article, le Conseil doit \u00eatre pr\u00e9sid\u00e9 \u00e0 tour de r\u00f4le par l\u2019un des ministres des Finances des \u00c9tats membres, pour un mandat de deux ans. En 2025, c\u2019\u00e9tait au tour du Burkina Faso d\u2019en assumer la pr\u00e9sidence. Toutefois, cette rotation semble avoir \u00e9t\u00e9 remise en question, provoquant l\u2019indignation des repr\u00e9sentants de l\u2019AES, qui y voient une entorse aux r\u00e8gles de fonctionnement de l\u2019institution.<\/span><\/p>\n<p class=\"p1\"><span class=\"s2\">Face \u00e0 ce qu\u2019ils consid\u00e8rent comme une violation des textes fondateurs de l\u2019Union, les repr\u00e9sentants du Burkina Faso, du Mali et du Niger ont d\u00e9cid\u00e9 de se retirer de la session. Un geste fort, porteur d\u2019un message politique clair : le respect des principes d\u2019\u00e9quit\u00e9 et de souverainet\u00e9 dans le fonctionnement des instances communautaires.<\/span><\/p>\n<p class=\"p1\"><span class=\"s2\">Pour l\u2019heure, aucune d\u00e9claration officielle n\u2019a \u00e9t\u00e9 faite par la pr\u00e9sidence du Conseil ou par la Commission de l\u2019UEMOA sur cet incident. Toutefois, en coulisses, les discussions se poursuivent pour tenter d\u2019apaiser les tensions et ramener les parties autour de la table.<\/span><\/p>\n<p class=\"p1\"><span class=\"s1\">Une crise institutionnelle en gestation ?<\/span><\/p>\n<p class=\"p1\"><span class=\"s2\">Ce d\u00e9part pr\u00e9cipit\u00e9 des \u00c9tats de l\u2019AES intervient dans un contexte de crispation r\u00e9gionale. Depuis leur retrait progressif de plusieurs structures sous-r\u00e9gionales, les trois pays ont multipli\u00e9 les signes de prise de distance vis-\u00e0-vis des organisations ouest-africaines, qu\u2019ils accusent d\u2019inaction face \u00e0 leurs pr\u00e9occupations s\u00e9curitaires et \u00e9conomiques.<\/span><\/p>\n<p class=\"p1\"><span class=\"s2\">L\u2019incident de Lom\u00e9 pourrait ainsi marquer une nouvelle \u00e9tape dans les tensions entre l\u2019UEMOA et les \u00c9tats de l\u2019AES, avec un risque de paralysie institutionnelle si aucun compromis n\u2019est trouv\u00e9 rapidement.<\/span><\/p>\n<p class=\"p1\"><span class=\"s1\">\u00c0 suivre\u2026<\/span><\/p>\n","protected":false},"excerpt":{"rendered":"<p>La deuxi\u00e8me session ordinaire annuelle du Conseil des Ministres de l\u2019Union \u00c9conomique et Mon\u00e9taire Ouest<\/p>\n","protected":false},"author":2,"featured_media":2298,"comment_status":"open","ping_status":"open","sticky":false,"template":"","format":"standard","meta":{"_et_pb_use_builder":"","_et_pb_old_content":"","_et_gb_content_width":"","footnotes":""},"categories":[1],"tags":[],"class_list":["post-2297","post","type-post","status-publish","format-standard","has-post-thumbnail","hentry","category-faits-divers"],"yoast_head":"<!-- This site is optimized with the Yoast SEO plugin v27.5 - https:\/\/yoast.com\/product\/yoast-seo-wordpress\/ -->\n<title>Pr\u00e9sidence du Conseil des Ministres de l\u2019UEMOA : les \u00c9tats de l\u2019AES quittent la session \u00e0 Lom\u00e9 - Vox Sahel<\/title>\n<meta name=\"robots\" content=\"index, follow, max-snippet:-1, max-image-preview:large, max-video-preview:-1\" \/>\n<link rel=\"canonical\" href=\"https:\/\/voxsahel.com\/?p=2297\" \/>\n<meta property=\"og:locale\" content=\"fr_FR\" \/>\n<meta property=\"og:type\" content=\"article\" \/>\n<meta property=\"og:title\" content=\"Pr\u00e9sidence du Conseil des Ministres de l\u2019UEMOA : les \u00c9tats de l\u2019AES quittent la session \u00e0 Lom\u00e9 - Vox Sahel\" \/>\n<meta property=\"og:description\" content=\"La deuxi\u00e8me session ordinaire annuelle du Conseil des Ministres de l\u2019Union \u00c9conomique et Mon\u00e9taire Ouest\" \/>\n<meta property=\"og:url\" content=\"https:\/\/voxsahel.com\/?p=2297\" \/>\n<meta property=\"og:site_name\" content=\"Vox Sahel\" \/>\n<meta property=\"article:publisher\" content=\"https:\/\/www.facebook.com\/journal.voxsahel\" \/>\n<meta property=\"article:published_time\" content=\"2025-07-11T19:02:32+00:00\" \/>\n<meta property=\"og:image\" content=\"https:\/\/voxsahel.com\/wp-content\/uploads\/2025\/07\/005c9f01-cfb3-481f-a645-b6849bc269b3.jpeg\" \/>\n\t<meta property=\"og:image:width\" content=\"653\" \/>\n\t<meta property=\"og:image:height\" content=\"900\" \/>\n\t<meta property=\"og:image:type\" content=\"image\/jpeg\" \/>\n<meta name=\"author\" content=\"Vox Sahel\" \/>\n<meta name=\"twitter:card\" content=\"summary_large_image\" \/>\n<meta name=\"twitter:label1\" content=\"\u00c9crit par\" \/>\n\t<meta name=\"twitter:data1\" content=\"Vox Sahel\" \/>\n\t<meta name=\"twitter:label2\" content=\"Dur\u00e9e de lecture estim\u00e9e\" \/>\n\t<meta name=\"twitter:data2\" content=\"3 minutes\" \/>\n<script type=\"application\/ld+json\" class=\"yoast-schema-graph\">{\"@context\":\"https:\\\/\\\/schema.org\",\"@graph\":[{\"@type\":\"Article\",\"@id\":\"https:\\\/\\\/voxsahel.com\\\/?p=2297#article\",\"isPartOf\":{\"@id\":\"https:\\\/\\\/voxsahel.com\\\/?p=2297\"},\"author\":{\"name\":\"Vox Sahel\",\"@id\":\"https:\\\/\\\/voxsahel.com\\\/#\\\/schema\\\/person\\\/b4043608248f8fa227cd760e7ff1e19e\"},\"headline\":\"Pr\u00e9sidence du Conseil des Ministres de l\u2019UEMOA : les \u00c9tats de l\u2019AES quittent la session \u00e0 Lom\u00e9\",\"datePublished\":\"2025-07-11T19:02:32+00:00\",\"mainEntityOfPage\":{\"@id\":\"https:\\\/\\\/voxsahel.com\\\/?p=2297\"},\"wordCount\":433,\"commentCount\":0,\"publisher\":{\"@id\":\"https:\\\/\\\/voxsahel.com\\\/#organization\"},\"image\":{\"@id\":\"https:\\\/\\\/voxsahel.com\\\/?p=2297#primaryimage\"},\"thumbnailUrl\":\"https:\\\/\\\/voxsahel.com\\\/wp-content\\\/uploads\\\/2025\\\/07\\\/005c9f01-cfb3-481f-a645-b6849bc269b3.jpeg\",\"articleSection\":[\"FAITS DIVERS\"],\"inLanguage\":\"fr-FR\",\"potentialAction\":[{\"@type\":\"CommentAction\",\"name\":\"Comment\",\"target\":[\"https:\\\/\\\/voxsahel.com\\\/?p=2297#respond\"]}]},{\"@type\":\"WebPage\",\"@id\":\"https:\\\/\\\/voxsahel.com\\\/?p=2297\",\"url\":\"https:\\\/\\\/voxsahel.com\\\/?p=2297\",\"name\":\"Pr\u00e9sidence du Conseil des Ministres de l\u2019UEMOA : les \u00c9tats de l\u2019AES quittent la session \u00e0 Lom\u00e9 - Vox Sahel\",\"isPartOf\":{\"@id\":\"https:\\\/\\\/voxsahel.com\\\/#website\"},\"primaryImageOfPage\":{\"@id\":\"https:\\\/\\\/voxsahel.com\\\/?p=2297#primaryimage\"},\"image\":{\"@id\":\"https:\\\/\\\/voxsahel.com\\\/?p=2297#primaryimage\"},\"thumbnailUrl\":\"https:\\\/\\\/voxsahel.com\\\/wp-content\\\/uploads\\\/2025\\\/07\\\/005c9f01-cfb3-481f-a645-b6849bc269b3.jpeg\",\"datePublished\":\"2025-07-11T19:02:32+00:00\",\"breadcrumb\":{\"@id\":\"https:\\\/\\\/voxsahel.com\\\/?p=2297#breadcrumb\"},\"inLanguage\":\"fr-FR\",\"potentialAction\":[{\"@type\":\"ReadAction\",\"target\":[\"https:\\\/\\\/voxsahel.com\\\/?p=2297\"]}]},{\"@type\":\"ImageObject\",\"inLanguage\":\"fr-FR\",\"@id\":\"https:\\\/\\\/voxsahel.com\\\/?p=2297#primaryimage\",\"url\":\"https:\\\/\\\/voxsahel.com\\\/wp-content\\\/uploads\\\/2025\\\/07\\\/005c9f01-cfb3-481f-a645-b6849bc269b3.jpeg\",\"contentUrl\":\"https:\\\/\\\/voxsahel.com\\\/wp-content\\\/uploads\\\/2025\\\/07\\\/005c9f01-cfb3-481f-a645-b6849bc269b3.jpeg\",\"width\":653,\"height\":900},{\"@type\":\"BreadcrumbList\",\"@id\":\"https:\\\/\\\/voxsahel.com\\\/?p=2297#breadcrumb\",\"itemListElement\":[{\"@type\":\"ListItem\",\"position\":1,\"name\":\"Home\",\"item\":\"https:\\\/\\\/voxsahel.com\\\/\"},{\"@type\":\"ListItem\",\"position\":2,\"name\":\"Pr\u00e9sidence du Conseil des Ministres de l\u2019UEMOA : les \u00c9tats de l\u2019AES quittent la session \u00e0 Lom\u00e9\"}]},{\"@type\":\"WebSite\",\"@id\":\"https:\\\/\\\/voxsahel.com\\\/#website\",\"url\":\"https:\\\/\\\/voxsahel.com\\\/\",\"name\":\"Vox Sahel\",\"description\":\"Informez-vous sur le Sahel en un clic\",\"publisher\":{\"@id\":\"https:\\\/\\\/voxsahel.com\\\/#organization\"},\"potentialAction\":[{\"@type\":\"SearchAction\",\"target\":{\"@type\":\"EntryPoint\",\"urlTemplate\":\"https:\\\/\\\/voxsahel.com\\\/?s={search_term_string}\"},\"query-input\":{\"@type\":\"PropertyValueSpecification\",\"valueRequired\":true,\"valueName\":\"search_term_string\"}}],\"inLanguage\":\"fr-FR\"},{\"@type\":\"Organization\",\"@id\":\"https:\\\/\\\/voxsahel.com\\\/#organization\",\"name\":\"Vox Sahel\",\"url\":\"https:\\\/\\\/voxsahel.com\\\/\",\"logo\":{\"@type\":\"ImageObject\",\"inLanguage\":\"fr-FR\",\"@id\":\"https:\\\/\\\/voxsahel.com\\\/#\\\/schema\\\/logo\\\/image\\\/\",\"url\":\"https:\\\/\\\/voxsahel.com\\\/wp-content\\\/uploads\\\/2024\\\/09\\\/Logo-Vox-Sahel.jpg\",\"contentUrl\":\"https:\\\/\\\/voxsahel.com\\\/wp-content\\\/uploads\\\/2024\\\/09\\\/Logo-Vox-Sahel.jpg\",\"width\":1181,\"height\":848,\"caption\":\"Vox Sahel\"},\"image\":{\"@id\":\"https:\\\/\\\/voxsahel.com\\\/#\\\/schema\\\/logo\\\/image\\\/\"},\"sameAs\":[\"https:\\\/\\\/www.facebook.com\\\/journal.voxsahel\"]},{\"@type\":\"Person\",\"@id\":\"https:\\\/\\\/voxsahel.com\\\/#\\\/schema\\\/person\\\/b4043608248f8fa227cd760e7ff1e19e\",\"name\":\"Vox Sahel\",\"image\":{\"@type\":\"ImageObject\",\"inLanguage\":\"fr-FR\",\"@id\":\"https:\\\/\\\/secure.gravatar.com\\\/avatar\\\/f70e7fa0cb9b29d4a7c5788d6eb2e9ab4d3135cbae1c9161810fdf77a8964699?s=96&d=mm&r=g\",\"url\":\"https:\\\/\\\/secure.gravatar.com\\\/avatar\\\/f70e7fa0cb9b29d4a7c5788d6eb2e9ab4d3135cbae1c9161810fdf77a8964699?s=96&d=mm&r=g\",\"contentUrl\":\"https:\\\/\\\/secure.gravatar.com\\\/avatar\\\/f70e7fa0cb9b29d4a7c5788d6eb2e9ab4d3135cbae1c9161810fdf77a8964699?s=96&d=mm&r=g\",\"caption\":\"Vox Sahel\"},\"sameAs\":[\"http:\\\/\\\/www.voxsahel.com\"],\"url\":\"https:\\\/\\\/voxsahel.com\\\/?author=2\"}]}<\/script>\n<!-- \/ Yoast SEO plugin. -->","yoast_head_json":{"title":"Pr\u00e9sidence du Conseil des Ministres de l\u2019UEMOA : les \u00c9tats de l\u2019AES quittent la session \u00e0 Lom\u00e9 - Vox Sahel","robots":{"index":"index","follow":"follow","max-snippet":"max-snippet:-1","max-image-preview":"max-image-preview:large","max-video-preview":"max-video-preview:-1"},"canonical":"https:\/\/voxsahel.com\/?p=2297","og_locale":"fr_FR","og_type":"article","og_title":"Pr\u00e9sidence du Conseil des Ministres de l\u2019UEMOA : les \u00c9tats de l\u2019AES quittent la session \u00e0 Lom\u00e9 - Vox Sahel","og_description":"La deuxi\u00e8me session ordinaire annuelle du Conseil des Ministres de l\u2019Union \u00c9conomique et Mon\u00e9taire Ouest","og_url":"https:\/\/voxsahel.com\/?p=2297","og_site_name":"Vox Sahel","article_publisher":"https:\/\/www.facebook.com\/journal.voxsahel","article_published_time":"2025-07-11T19:02:32+00:00","og_image":[{"width":653,"height":900,"url":"https:\/\/voxsahel.com\/wp-content\/uploads\/2025\/07\/005c9f01-cfb3-481f-a645-b6849bc269b3.jpeg","type":"image\/jpeg"}],"author":"Vox Sahel","twitter_card":"summary_large_image","twitter_misc":{"\u00c9crit par":"Vox Sahel","Dur\u00e9e de lecture estim\u00e9e":"3 minutes"},"schema":{"@context":"https:\/\/schema.org","@graph":[{"@type":"Article","@id":"https:\/\/voxsahel.com\/?p=2297#article","isPartOf":{"@id":"https:\/\/voxsahel.com\/?p=2297"},"author":{"name":"Vox Sahel","@id":"https:\/\/voxsahel.com\/#\/schema\/person\/b4043608248f8fa227cd760e7ff1e19e"},"headline":"Pr\u00e9sidence du Conseil des Ministres de l\u2019UEMOA : les \u00c9tats de l\u2019AES quittent la session \u00e0 Lom\u00e9","datePublished":"2025-07-11T19:02:32+00:00","mainEntityOfPage":{"@id":"https:\/\/voxsahel.com\/?p=2297"},"wordCount":433,"commentCount":0,"publisher":{"@id":"https:\/\/voxsahel.com\/#organization"},"image":{"@id":"https:\/\/voxsahel.com\/?p=2297#primaryimage"},"thumbnailUrl":"https:\/\/voxsahel.com\/wp-content\/uploads\/2025\/07\/005c9f01-cfb3-481f-a645-b6849bc269b3.jpeg","articleSection":["FAITS DIVERS"],"inLanguage":"fr-FR","potentialAction":[{"@type":"CommentAction","name":"Comment","target":["https:\/\/voxsahel.com\/?p=2297#respond"]}]},{"@type":"WebPage","@id":"https:\/\/voxsahel.com\/?p=2297","url":"https:\/\/voxsahel.com\/?p=2297","name":"Pr\u00e9sidence du Conseil des Ministres de l\u2019UEMOA : les \u00c9tats de l\u2019AES quittent la session \u00e0 Lom\u00e9 - Vox Sahel","isPartOf":{"@id":"https:\/\/voxsahel.com\/#website"},"primaryImageOfPage":{"@id":"https:\/\/voxsahel.com\/?p=2297#primaryimage"},"image":{"@id":"https:\/\/voxsahel.com\/?p=2297#primaryimage"},"thumbnailUrl":"https:\/\/voxsahel.com\/wp-content\/uploads\/2025\/07\/005c9f01-cfb3-481f-a645-b6849bc269b3.jpeg","datePublished":"2025-07-11T19:02:32+00:00","breadcrumb":{"@id":"https:\/\/voxsahel.com\/?p=2297#breadcrumb"},"inLanguage":"fr-FR","potentialAction":[{"@type":"ReadAction","target":["https:\/\/voxsahel.com\/?p=2297"]}]},{"@type":"ImageObject","inLanguage":"fr-FR","@id":"https:\/\/voxsahel.com\/?p=2297#primaryimage","url":"https:\/\/voxsahel.com\/wp-content\/uploads\/2025\/07\/005c9f01-cfb3-481f-a645-b6849bc269b3.jpeg","contentUrl":"https:\/\/voxsahel.com\/wp-content\/uploads\/2025\/07\/005c9f01-cfb3-481f-a645-b6849bc269b3.jpeg","width":653,"height":900},{"@type":"BreadcrumbList","@id":"https:\/\/voxsahel.com\/?p=2297#breadcrumb","itemListElement":[{"@type":"ListItem","position":1,"name":"Home","item":"https:\/\/voxsahel.com\/"},{"@type":"ListItem","position":2,"name":"Pr\u00e9sidence du Conseil des Ministres de l\u2019UEMOA : les \u00c9tats de l\u2019AES quittent la session \u00e0 Lom\u00e9"}]},{"@type":"WebSite","@id":"https:\/\/voxsahel.com\/#website","url":"https:\/\/voxsahel.com\/","name":"Vox Sahel","description":"Informez-vous sur le Sahel en un clic","publisher":{"@id":"https:\/\/voxsahel.com\/#organization"},"potentialAction":[{"@type":"SearchAction","target":{"@type":"EntryPoint","urlTemplate":"https:\/\/voxsahel.com\/?s={search_term_string}"},"query-input":{"@type":"PropertyValueSpecification","valueRequired":true,"valueName":"search_term_string"}}],"inLanguage":"fr-FR"},{"@type":"Organization","@id":"https:\/\/voxsahel.com\/#organization","name":"Vox Sahel","url":"https:\/\/voxsahel.com\/","logo":{"@type":"ImageObject","inLanguage":"fr-FR","@id":"https:\/\/voxsahel.com\/#\/schema\/logo\/image\/","url":"https:\/\/voxsahel.com\/wp-content\/uploads\/2024\/09\/Logo-Vox-Sahel.jpg","contentUrl":"https:\/\/voxsahel.com\/wp-content\/uploads\/2024\/09\/Logo-Vox-Sahel.jpg","width":1181,"height":848,"caption":"Vox Sahel"},"image":{"@id":"https:\/\/voxsahel.com\/#\/schema\/logo\/image\/"},"sameAs":["https:\/\/www.facebook.com\/journal.voxsahel"]},{"@type":"Person","@id":"https:\/\/voxsahel.com\/#\/schema\/person\/b4043608248f8fa227cd760e7ff1e19e","name":"Vox Sahel","image":{"@type":"ImageObject","inLanguage":"fr-FR","@id":"https:\/\/secure.gravatar.com\/avatar\/f70e7fa0cb9b29d4a7c5788d6eb2e9ab4d3135cbae1c9161810fdf77a8964699?s=96&d=mm&r=g","url":"https:\/\/secure.gravatar.com\/avatar\/f70e7fa0cb9b29d4a7c5788d6eb2e9ab4d3135cbae1c9161810fdf77a8964699?s=96&d=mm&r=g","contentUrl":"https:\/\/secure.gravatar.com\/avatar\/f70e7fa0cb9b29d4a7c5788d6eb2e9ab4d3135cbae1c9161810fdf77a8964699?s=96&d=mm&r=g","caption":"Vox Sahel"},"sameAs":["http:\/\/www.voxsahel.com"],"url":"https:\/\/voxsahel.com\/?author=2"}]}},"_links":{"self":[{"href":"https:\/\/voxsahel.com\/index.php?rest_route=\/wp\/v2\/posts\/2297","targetHints":{"allow":["GET"]}}],"collection":[{"href":"https:\/\/voxsahel.com\/index.php?rest_route=\/wp\/v2\/posts"}],"about":[{"href":"https:\/\/voxsahel.com\/index.php?rest_route=\/wp\/v2\/types\/post"}],"author":[{"embeddable":true,"href":"https:\/\/voxsahel.com\/index.php?rest_route=\/wp\/v2\/users\/2"}],"replies":[{"embeddable":true,"href":"https:\/\/voxsahel.com\/index.php?rest_route=%2Fwp%2Fv2%2Fcomments&post=2297"}],"version-history":[{"count":1,"href":"https:\/\/voxsahel.com\/index.php?rest_route=\/wp\/v2\/posts\/2297\/revisions"}],"predecessor-version":[{"id":2299,"href":"https:\/\/voxsahel.com\/index.php?rest_route=\/wp\/v2\/posts\/2297\/revisions\/2299"}],"wp:featuredmedia":[{"embeddable":true,"href":"https:\/\/voxsahel.com\/index.php?rest_route=\/wp\/v2\/media\/2298"}],"wp:attachment":[{"href":"https:\/\/voxsahel.com\/index.php?rest_route=%2Fwp%2Fv2%2Fmedia&parent=2297"}],"wp:term":[{"taxonomy":"category","embeddable":true,"href":"https:\/\/voxsahel.com\/index.php?rest_route=%2Fwp%2Fv2%2Fcategories&post=2297"},{"taxonomy":"post_tag","embeddable":true,"href":"https:\/\/voxsahel.com\/index.php?rest_route=%2Fwp%2Fv2%2Ftags&post=2297"}],"curies":[{"name":"wp","href":"https:\/\/api.w.org\/{rel}","templated":true}]}}