{"id":2294,"date":"2025-07-10T19:09:09","date_gmt":"2025-07-10T19:09:09","guid":{"rendered":"https:\/\/voxsahel.com\/?p=2294"},"modified":"2025-07-10T19:09:09","modified_gmt":"2025-07-10T19:09:09","slug":"offensive-industrielle-neuf-filieres-pour-batir-lavenir-economique-du-burkina-faso","status":"publish","type":"post","link":"https:\/\/voxsahel.com\/?p=2294","title":{"rendered":"Offensive industrielle : neuf fili\u00e8res pour b\u00e2tir l\u2019avenir \u00e9conomique du Burkina Faso"},"content":{"rendered":"<p class=\"p1\">La Direction G\u00e9n\u00e9rale du D\u00e9veloppement Industriel (DGDI) a lanc\u00e9, ce mercredi 9 juillet 2025 \u00e0 Ouagadougou, un atelier national de formulation de l\u2019Offensive industrielle. Organis\u00e9e sur trois jours, cette rencontre strat\u00e9gique rassemble des repr\u00e9sentants des secteurs public et priv\u00e9 dans une dynamique de dialogue et de co-construction autour d\u2019un objectif majeur : impulser une nouvelle \u00e8re d\u2019industrialisation au Burkina Faso.<\/p>\n<p class=\"p1\"><span class=\"s1\">Pr\u00e9sid\u00e9e par le Conseiller technique du ministre en charge de l\u2019Industrie, Seydou ILBOUDO, la c\u00e9r\u00e9monie d\u2019ouverture a \u00e9t\u00e9 marqu\u00e9e par un appel fort \u00e0 l\u2019engagement des participants. \u00ab Il est essentiel que les discussions soient franches et constructives pour jeter les bases solides de cette offensive industrielle \u00bb, a-t-il soulign\u00e9, insistant sur la n\u00e9cessit\u00e9 d\u2019une implication active pour relever les d\u00e9fis du d\u00e9veloppement industriel national.<\/span><\/p>\n<p class=\"p3\" style=\"text-align: center;\"><strong><span class=\"s2\">Une vision align\u00e9e sur la souverainet\u00e9 \u00e9conomique<\/span><\/strong><\/p>\n<p class=\"p1\"><span class=\"s1\">L\u2019Offensive industrielle s\u2019inscrit dans la continuit\u00e9 de l\u2019Offensive agro-pastorale et hydraulique, pilier du programme de r\u00e9silience et de souverainet\u00e9 du Burkina Faso. Elle ambitionne de transformer profond\u00e9ment l\u2019\u00e9conomie nationale en misant sur des investissements structurants dans des fili\u00e8res \u00e0 haute valeur ajout\u00e9e.<\/span><\/p>\n<p class=\"p1\"><span class=\"s1\">Neuf fili\u00e8res prioritaires ont \u00e9t\u00e9 identifi\u00e9es pour porter cette transformation : le riz, le ma\u00efs, la mangue, la tomate, l&rsquo;anacarde, le s\u00e9same, le karit\u00e9, le coton-textile et le soja. Ces secteurs, riches en potentiel \u00e9conomique et social, sont appel\u00e9s \u00e0 jouer un r\u00f4le central dans la relance industrielle du pays \u00e0 travers une meilleure organisation de leur transformation locale.<\/span><\/p>\n<p class=\"p3\" style=\"text-align: center;\"><strong><span class=\"s2\">Valoriser le \u00ab Made in Burkina \u00bb<\/span><\/strong><\/p>\n<p class=\"p1\"><span class=\"s1\">L\u2019un des principaux enjeux de cette initiative est de stimuler la production locale, de r\u00e9duire la d\u00e9pendance vis-\u00e0-vis des importations et de renforcer la comp\u00e9titivit\u00e9 des produits burkinab\u00e8 sur les march\u00e9s nationaux et internationaux. En structurant les cha\u00eenes de valeur autour de ces fili\u00e8res, le gouvernement entend promouvoir un label \u00ab Made in Burkina \u00bb plus visible, plus fort et plus exportable.<\/span><\/p>\n<p class=\"p3\" style=\"text-align: center;\"><span class=\"s2\"><b>Des recommandations attendues pour une industrie r\u00e9siliente<\/b><\/span><\/p>\n<p class=\"p1\"><span class=\"s1\">Durant les trois jours d\u2019\u00e9changes, les participants sont appel\u00e9s \u00e0 formuler des propositions concr\u00e8tes pour la mise en \u0153uvre efficace de cette Offensive industrielle. Les conclusions issues de cet atelier devraient permettre de poser les jalons d\u2019une industrie burkinab\u00e8 forte, inclusive, r\u00e9siliente et durable, capable de soutenir la transformation structurelle de l\u2019\u00e9conomie et de g\u00e9n\u00e9rer des milliers d\u2019emplois.<\/span><\/p>\n<p class=\"p1\"><span class=\"s1\">Cet atelier marque ainsi une \u00e9tape cl\u00e9 dans la concr\u00e9tisation des ambitions industrielles du Burkina Faso, en misant sur l\u2019intelligence collective et le pragmatisme pour construire une industrie nationale au service du d\u00e9veloppement.\u00a0<\/span><\/p>\n<p class=\"p1\" style=\"text-align: right;\"><strong><span class=\"s1\">Par Vox Sahel <\/span><\/strong><\/p>\n","protected":false},"excerpt":{"rendered":"<p>La Direction G\u00e9n\u00e9rale du D\u00e9veloppement Industriel (DGDI) a lanc\u00e9, ce mercredi 9 juillet 2025 \u00e0<\/p>\n","protected":false},"author":2,"featured_media":2295,"comment_status":"open","ping_status":"open","sticky":false,"template":"","format":"standard","meta":{"_et_pb_use_builder":"","_et_pb_old_content":"","_et_gb_content_width":"","footnotes":""},"categories":[1],"tags":[18,385,70],"class_list":["post-2294","post","type-post","status-publish","format-standard","has-post-thumbnail","hentry","category-faits-divers","tag-burkina-faso","tag-groupement-professionnel-des-industriels","tag-industrie"],"yoast_head":"<!-- This site is optimized with the Yoast SEO plugin v27.5 - https:\/\/yoast.com\/product\/yoast-seo-wordpress\/ -->\n<title>Offensive industrielle : neuf fili\u00e8res pour b\u00e2tir l\u2019avenir \u00e9conomique du Burkina Faso - Vox Sahel<\/title>\n<meta name=\"robots\" content=\"index, follow, max-snippet:-1, max-image-preview:large, max-video-preview:-1\" \/>\n<link rel=\"canonical\" href=\"https:\/\/voxsahel.com\/?p=2294\" \/>\n<meta property=\"og:locale\" content=\"fr_FR\" \/>\n<meta property=\"og:type\" content=\"article\" \/>\n<meta property=\"og:title\" content=\"Offensive industrielle : neuf fili\u00e8res pour b\u00e2tir l\u2019avenir \u00e9conomique du Burkina Faso - Vox Sahel\" \/>\n<meta property=\"og:description\" content=\"La Direction G\u00e9n\u00e9rale du D\u00e9veloppement Industriel (DGDI) a lanc\u00e9, ce mercredi 9 juillet 2025 \u00e0\" \/>\n<meta property=\"og:url\" content=\"https:\/\/voxsahel.com\/?p=2294\" \/>\n<meta property=\"og:site_name\" content=\"Vox Sahel\" \/>\n<meta property=\"article:publisher\" content=\"https:\/\/www.facebook.com\/journal.voxsahel\" \/>\n<meta property=\"article:published_time\" content=\"2025-07-10T19:09:09+00:00\" \/>\n<meta property=\"og:image\" content=\"https:\/\/voxsahel.com\/wp-content\/uploads\/2025\/07\/IMG_1985.jpeg\" \/>\n\t<meta property=\"og:image:width\" content=\"2048\" \/>\n\t<meta property=\"og:image:height\" content=\"2048\" \/>\n\t<meta property=\"og:image:type\" content=\"image\/jpeg\" \/>\n<meta name=\"author\" content=\"Vox Sahel\" \/>\n<meta name=\"twitter:card\" content=\"summary_large_image\" \/>\n<meta name=\"twitter:label1\" content=\"\u00c9crit par\" \/>\n\t<meta name=\"twitter:data1\" content=\"Vox Sahel\" \/>\n\t<meta name=\"twitter:label2\" content=\"Dur\u00e9e de lecture estim\u00e9e\" \/>\n\t<meta name=\"twitter:data2\" content=\"3 minutes\" \/>\n<script type=\"application\/ld+json\" class=\"yoast-schema-graph\">{\"@context\":\"https:\\\/\\\/schema.org\",\"@graph\":[{\"@type\":\"Article\",\"@id\":\"https:\\\/\\\/voxsahel.com\\\/?p=2294#article\",\"isPartOf\":{\"@id\":\"https:\\\/\\\/voxsahel.com\\\/?p=2294\"},\"author\":{\"name\":\"Vox Sahel\",\"@id\":\"https:\\\/\\\/voxsahel.com\\\/#\\\/schema\\\/person\\\/b4043608248f8fa227cd760e7ff1e19e\"},\"headline\":\"Offensive industrielle : neuf fili\u00e8res pour b\u00e2tir l\u2019avenir \u00e9conomique du Burkina Faso\",\"datePublished\":\"2025-07-10T19:09:09+00:00\",\"mainEntityOfPage\":{\"@id\":\"https:\\\/\\\/voxsahel.com\\\/?p=2294\"},\"wordCount\":459,\"commentCount\":0,\"publisher\":{\"@id\":\"https:\\\/\\\/voxsahel.com\\\/#organization\"},\"image\":{\"@id\":\"https:\\\/\\\/voxsahel.com\\\/?p=2294#primaryimage\"},\"thumbnailUrl\":\"https:\\\/\\\/voxsahel.com\\\/wp-content\\\/uploads\\\/2025\\\/07\\\/IMG_1985.jpeg\",\"keywords\":[\"Burkina Faso\",\"Groupement professionnel des industriels\",\"Industrie\"],\"articleSection\":[\"FAITS DIVERS\"],\"inLanguage\":\"fr-FR\",\"potentialAction\":[{\"@type\":\"CommentAction\",\"name\":\"Comment\",\"target\":[\"https:\\\/\\\/voxsahel.com\\\/?p=2294#respond\"]}]},{\"@type\":\"WebPage\",\"@id\":\"https:\\\/\\\/voxsahel.com\\\/?p=2294\",\"url\":\"https:\\\/\\\/voxsahel.com\\\/?p=2294\",\"name\":\"Offensive industrielle : neuf fili\u00e8res pour b\u00e2tir l\u2019avenir \u00e9conomique du Burkina Faso - Vox Sahel\",\"isPartOf\":{\"@id\":\"https:\\\/\\\/voxsahel.com\\\/#website\"},\"primaryImageOfPage\":{\"@id\":\"https:\\\/\\\/voxsahel.com\\\/?p=2294#primaryimage\"},\"image\":{\"@id\":\"https:\\\/\\\/voxsahel.com\\\/?p=2294#primaryimage\"},\"thumbnailUrl\":\"https:\\\/\\\/voxsahel.com\\\/wp-content\\\/uploads\\\/2025\\\/07\\\/IMG_1985.jpeg\",\"datePublished\":\"2025-07-10T19:09:09+00:00\",\"breadcrumb\":{\"@id\":\"https:\\\/\\\/voxsahel.com\\\/?p=2294#breadcrumb\"},\"inLanguage\":\"fr-FR\",\"potentialAction\":[{\"@type\":\"ReadAction\",\"target\":[\"https:\\\/\\\/voxsahel.com\\\/?p=2294\"]}]},{\"@type\":\"ImageObject\",\"inLanguage\":\"fr-FR\",\"@id\":\"https:\\\/\\\/voxsahel.com\\\/?p=2294#primaryimage\",\"url\":\"https:\\\/\\\/voxsahel.com\\\/wp-content\\\/uploads\\\/2025\\\/07\\\/IMG_1985.jpeg\",\"contentUrl\":\"https:\\\/\\\/voxsahel.com\\\/wp-content\\\/uploads\\\/2025\\\/07\\\/IMG_1985.jpeg\",\"width\":2048,\"height\":2048},{\"@type\":\"BreadcrumbList\",\"@id\":\"https:\\\/\\\/voxsahel.com\\\/?p=2294#breadcrumb\",\"itemListElement\":[{\"@type\":\"ListItem\",\"position\":1,\"name\":\"Home\",\"item\":\"https:\\\/\\\/voxsahel.com\\\/\"},{\"@type\":\"ListItem\",\"position\":2,\"name\":\"Offensive industrielle : neuf fili\u00e8res pour b\u00e2tir l\u2019avenir \u00e9conomique du Burkina Faso\"}]},{\"@type\":\"WebSite\",\"@id\":\"https:\\\/\\\/voxsahel.com\\\/#website\",\"url\":\"https:\\\/\\\/voxsahel.com\\\/\",\"name\":\"Vox Sahel\",\"description\":\"Informez-vous sur le Sahel en un clic\",\"publisher\":{\"@id\":\"https:\\\/\\\/voxsahel.com\\\/#organization\"},\"potentialAction\":[{\"@type\":\"SearchAction\",\"target\":{\"@type\":\"EntryPoint\",\"urlTemplate\":\"https:\\\/\\\/voxsahel.com\\\/?s={search_term_string}\"},\"query-input\":{\"@type\":\"PropertyValueSpecification\",\"valueRequired\":true,\"valueName\":\"search_term_string\"}}],\"inLanguage\":\"fr-FR\"},{\"@type\":\"Organization\",\"@id\":\"https:\\\/\\\/voxsahel.com\\\/#organization\",\"name\":\"Vox Sahel\",\"url\":\"https:\\\/\\\/voxsahel.com\\\/\",\"logo\":{\"@type\":\"ImageObject\",\"inLanguage\":\"fr-FR\",\"@id\":\"https:\\\/\\\/voxsahel.com\\\/#\\\/schema\\\/logo\\\/image\\\/\",\"url\":\"https:\\\/\\\/voxsahel.com\\\/wp-content\\\/uploads\\\/2024\\\/09\\\/Logo-Vox-Sahel.jpg\",\"contentUrl\":\"https:\\\/\\\/voxsahel.com\\\/wp-content\\\/uploads\\\/2024\\\/09\\\/Logo-Vox-Sahel.jpg\",\"width\":1181,\"height\":848,\"caption\":\"Vox Sahel\"},\"image\":{\"@id\":\"https:\\\/\\\/voxsahel.com\\\/#\\\/schema\\\/logo\\\/image\\\/\"},\"sameAs\":[\"https:\\\/\\\/www.facebook.com\\\/journal.voxsahel\"]},{\"@type\":\"Person\",\"@id\":\"https:\\\/\\\/voxsahel.com\\\/#\\\/schema\\\/person\\\/b4043608248f8fa227cd760e7ff1e19e\",\"name\":\"Vox Sahel\",\"image\":{\"@type\":\"ImageObject\",\"inLanguage\":\"fr-FR\",\"@id\":\"https:\\\/\\\/secure.gravatar.com\\\/avatar\\\/f70e7fa0cb9b29d4a7c5788d6eb2e9ab4d3135cbae1c9161810fdf77a8964699?s=96&d=mm&r=g\",\"url\":\"https:\\\/\\\/secure.gravatar.com\\\/avatar\\\/f70e7fa0cb9b29d4a7c5788d6eb2e9ab4d3135cbae1c9161810fdf77a8964699?s=96&d=mm&r=g\",\"contentUrl\":\"https:\\\/\\\/secure.gravatar.com\\\/avatar\\\/f70e7fa0cb9b29d4a7c5788d6eb2e9ab4d3135cbae1c9161810fdf77a8964699?s=96&d=mm&r=g\",\"caption\":\"Vox Sahel\"},\"sameAs\":[\"http:\\\/\\\/www.voxsahel.com\"],\"url\":\"https:\\\/\\\/voxsahel.com\\\/?author=2\"}]}<\/script>\n<!-- \/ Yoast SEO plugin. -->","yoast_head_json":{"title":"Offensive industrielle : neuf fili\u00e8res pour b\u00e2tir l\u2019avenir \u00e9conomique du Burkina Faso - Vox Sahel","robots":{"index":"index","follow":"follow","max-snippet":"max-snippet:-1","max-image-preview":"max-image-preview:large","max-video-preview":"max-video-preview:-1"},"canonical":"https:\/\/voxsahel.com\/?p=2294","og_locale":"fr_FR","og_type":"article","og_title":"Offensive industrielle : neuf fili\u00e8res pour b\u00e2tir l\u2019avenir \u00e9conomique du Burkina Faso - Vox Sahel","og_description":"La Direction G\u00e9n\u00e9rale du D\u00e9veloppement Industriel (DGDI) a lanc\u00e9, ce mercredi 9 juillet 2025 \u00e0","og_url":"https:\/\/voxsahel.com\/?p=2294","og_site_name":"Vox Sahel","article_publisher":"https:\/\/www.facebook.com\/journal.voxsahel","article_published_time":"2025-07-10T19:09:09+00:00","og_image":[{"width":2048,"height":2048,"url":"https:\/\/voxsahel.com\/wp-content\/uploads\/2025\/07\/IMG_1985.jpeg","type":"image\/jpeg"}],"author":"Vox Sahel","twitter_card":"summary_large_image","twitter_misc":{"\u00c9crit par":"Vox Sahel","Dur\u00e9e de lecture estim\u00e9e":"3 minutes"},"schema":{"@context":"https:\/\/schema.org","@graph":[{"@type":"Article","@id":"https:\/\/voxsahel.com\/?p=2294#article","isPartOf":{"@id":"https:\/\/voxsahel.com\/?p=2294"},"author":{"name":"Vox Sahel","@id":"https:\/\/voxsahel.com\/#\/schema\/person\/b4043608248f8fa227cd760e7ff1e19e"},"headline":"Offensive industrielle : neuf fili\u00e8res pour b\u00e2tir l\u2019avenir \u00e9conomique du Burkina Faso","datePublished":"2025-07-10T19:09:09+00:00","mainEntityOfPage":{"@id":"https:\/\/voxsahel.com\/?p=2294"},"wordCount":459,"commentCount":0,"publisher":{"@id":"https:\/\/voxsahel.com\/#organization"},"image":{"@id":"https:\/\/voxsahel.com\/?p=2294#primaryimage"},"thumbnailUrl":"https:\/\/voxsahel.com\/wp-content\/uploads\/2025\/07\/IMG_1985.jpeg","keywords":["Burkina Faso","Groupement professionnel des industriels","Industrie"],"articleSection":["FAITS DIVERS"],"inLanguage":"fr-FR","potentialAction":[{"@type":"CommentAction","name":"Comment","target":["https:\/\/voxsahel.com\/?p=2294#respond"]}]},{"@type":"WebPage","@id":"https:\/\/voxsahel.com\/?p=2294","url":"https:\/\/voxsahel.com\/?p=2294","name":"Offensive industrielle : neuf fili\u00e8res pour b\u00e2tir l\u2019avenir \u00e9conomique du Burkina Faso - Vox Sahel","isPartOf":{"@id":"https:\/\/voxsahel.com\/#website"},"primaryImageOfPage":{"@id":"https:\/\/voxsahel.com\/?p=2294#primaryimage"},"image":{"@id":"https:\/\/voxsahel.com\/?p=2294#primaryimage"},"thumbnailUrl":"https:\/\/voxsahel.com\/wp-content\/uploads\/2025\/07\/IMG_1985.jpeg","datePublished":"2025-07-10T19:09:09+00:00","breadcrumb":{"@id":"https:\/\/voxsahel.com\/?p=2294#breadcrumb"},"inLanguage":"fr-FR","potentialAction":[{"@type":"ReadAction","target":["https:\/\/voxsahel.com\/?p=2294"]}]},{"@type":"ImageObject","inLanguage":"fr-FR","@id":"https:\/\/voxsahel.com\/?p=2294#primaryimage","url":"https:\/\/voxsahel.com\/wp-content\/uploads\/2025\/07\/IMG_1985.jpeg","contentUrl":"https:\/\/voxsahel.com\/wp-content\/uploads\/2025\/07\/IMG_1985.jpeg","width":2048,"height":2048},{"@type":"BreadcrumbList","@id":"https:\/\/voxsahel.com\/?p=2294#breadcrumb","itemListElement":[{"@type":"ListItem","position":1,"name":"Home","item":"https:\/\/voxsahel.com\/"},{"@type":"ListItem","position":2,"name":"Offensive industrielle : neuf fili\u00e8res pour b\u00e2tir l\u2019avenir \u00e9conomique du Burkina Faso"}]},{"@type":"WebSite","@id":"https:\/\/voxsahel.com\/#website","url":"https:\/\/voxsahel.com\/","name":"Vox Sahel","description":"Informez-vous sur le Sahel en un clic","publisher":{"@id":"https:\/\/voxsahel.com\/#organization"},"potentialAction":[{"@type":"SearchAction","target":{"@type":"EntryPoint","urlTemplate":"https:\/\/voxsahel.com\/?s={search_term_string}"},"query-input":{"@type":"PropertyValueSpecification","valueRequired":true,"valueName":"search_term_string"}}],"inLanguage":"fr-FR"},{"@type":"Organization","@id":"https:\/\/voxsahel.com\/#organization","name":"Vox Sahel","url":"https:\/\/voxsahel.com\/","logo":{"@type":"ImageObject","inLanguage":"fr-FR","@id":"https:\/\/voxsahel.com\/#\/schema\/logo\/image\/","url":"https:\/\/voxsahel.com\/wp-content\/uploads\/2024\/09\/Logo-Vox-Sahel.jpg","contentUrl":"https:\/\/voxsahel.com\/wp-content\/uploads\/2024\/09\/Logo-Vox-Sahel.jpg","width":1181,"height":848,"caption":"Vox Sahel"},"image":{"@id":"https:\/\/voxsahel.com\/#\/schema\/logo\/image\/"},"sameAs":["https:\/\/www.facebook.com\/journal.voxsahel"]},{"@type":"Person","@id":"https:\/\/voxsahel.com\/#\/schema\/person\/b4043608248f8fa227cd760e7ff1e19e","name":"Vox Sahel","image":{"@type":"ImageObject","inLanguage":"fr-FR","@id":"https:\/\/secure.gravatar.com\/avatar\/f70e7fa0cb9b29d4a7c5788d6eb2e9ab4d3135cbae1c9161810fdf77a8964699?s=96&d=mm&r=g","url":"https:\/\/secure.gravatar.com\/avatar\/f70e7fa0cb9b29d4a7c5788d6eb2e9ab4d3135cbae1c9161810fdf77a8964699?s=96&d=mm&r=g","contentUrl":"https:\/\/secure.gravatar.com\/avatar\/f70e7fa0cb9b29d4a7c5788d6eb2e9ab4d3135cbae1c9161810fdf77a8964699?s=96&d=mm&r=g","caption":"Vox Sahel"},"sameAs":["http:\/\/www.voxsahel.com"],"url":"https:\/\/voxsahel.com\/?author=2"}]}},"_links":{"self":[{"href":"https:\/\/voxsahel.com\/index.php?rest_route=\/wp\/v2\/posts\/2294","targetHints":{"allow":["GET"]}}],"collection":[{"href":"https:\/\/voxsahel.com\/index.php?rest_route=\/wp\/v2\/posts"}],"about":[{"href":"https:\/\/voxsahel.com\/index.php?rest_route=\/wp\/v2\/types\/post"}],"author":[{"embeddable":true,"href":"https:\/\/voxsahel.com\/index.php?rest_route=\/wp\/v2\/users\/2"}],"replies":[{"embeddable":true,"href":"https:\/\/voxsahel.com\/index.php?rest_route=%2Fwp%2Fv2%2Fcomments&post=2294"}],"version-history":[{"count":1,"href":"https:\/\/voxsahel.com\/index.php?rest_route=\/wp\/v2\/posts\/2294\/revisions"}],"predecessor-version":[{"id":2296,"href":"https:\/\/voxsahel.com\/index.php?rest_route=\/wp\/v2\/posts\/2294\/revisions\/2296"}],"wp:featuredmedia":[{"embeddable":true,"href":"https:\/\/voxsahel.com\/index.php?rest_route=\/wp\/v2\/media\/2295"}],"wp:attachment":[{"href":"https:\/\/voxsahel.com\/index.php?rest_route=%2Fwp%2Fv2%2Fmedia&parent=2294"}],"wp:term":[{"taxonomy":"category","embeddable":true,"href":"https:\/\/voxsahel.com\/index.php?rest_route=%2Fwp%2Fv2%2Fcategories&post=2294"},{"taxonomy":"post_tag","embeddable":true,"href":"https:\/\/voxsahel.com\/index.php?rest_route=%2Fwp%2Fv2%2Ftags&post=2294"}],"curies":[{"name":"wp","href":"https:\/\/api.w.org\/{rel}","templated":true}]}}