{"id":2288,"date":"2025-07-09T16:27:51","date_gmt":"2025-07-09T16:27:51","guid":{"rendered":"https:\/\/voxsahel.com\/?p=2288"},"modified":"2025-07-09T16:27:51","modified_gmt":"2025-07-09T16:27:51","slug":"douanes-burkinabe-vers-une-collaboration-renforcee-avec-les-commissionnaires-en-douane-agrees","status":"publish","type":"post","link":"https:\/\/voxsahel.com\/?p=2288","title":{"rendered":"Douanes burkinab\u00e8 : Vers une collaboration renforc\u00e9e avec les Commissionnaires en Douane agr\u00e9\u00e9s"},"content":{"rendered":"<p class=\"p1\"><span class=\"s2\">Dans une dynamique de renforcement de la coop\u00e9ration avec les acteurs cl\u00e9s de la cha\u00eene logistique nationale, la Direction G\u00e9n\u00e9rale des Douanes a tenu ce mercredi <\/span><span class=\"s1\">le 9 juillet 2025 , \u00e0 Ouagadougou, <\/span><span class=\"s2\">une importante rencontre avec les Commissionnaires en Douane agr\u00e9\u00e9s (CDA). Cette s\u00e9ance de prise de contact, marqu\u00e9e par des \u00e9changes francs et constructifs, s\u2019est d\u00e9roul\u00e9e en pr\u00e9sence de l\u2019Inspecteur divisionnaire Yves KAFANDO, Directeur G\u00e9n\u00e9ral des Douanes, et de plusieurs membres du Conseil de direction.<\/span><\/p>\n<p><img loading=\"lazy\" decoding=\"async\" class=\"aligncenter size-large wp-image-2290\" src=\"https:\/\/voxsahel.com\/wp-content\/uploads\/2025\/07\/IMG_1632-1024x682.jpeg\" alt=\"\" width=\"640\" height=\"426\" srcset=\"https:\/\/voxsahel.com\/wp-content\/uploads\/2025\/07\/IMG_1632-1024x682.jpeg 1024w, https:\/\/voxsahel.com\/wp-content\/uploads\/2025\/07\/IMG_1632-300x200.jpeg 300w, https:\/\/voxsahel.com\/wp-content\/uploads\/2025\/07\/IMG_1632-768x512.jpeg 768w, https:\/\/voxsahel.com\/wp-content\/uploads\/2025\/07\/IMG_1632-1080x720.jpeg 1080w, https:\/\/voxsahel.com\/wp-content\/uploads\/2025\/07\/IMG_1632-610x407.jpeg 610w, https:\/\/voxsahel.com\/wp-content\/uploads\/2025\/07\/IMG_1632.jpeg 1280w\" sizes=\"(max-width: 640px) 100vw, 640px\" \/><\/p>\n<p class=\"p1\"><span class=\"s2\">Au c\u0153ur des discussions : la reconnaissance du r\u00f4le strat\u00e9gique des CDA dans la facilitation du commerce, le respect des proc\u00e9dures douani\u00e8res et la mobilisation efficiente des recettes pour le Tr\u00e9sor public. Mandat\u00e9s par les op\u00e9rateurs \u00e9conomiques, les CDA jouent un r\u00f4le crucial dans le traitement des formalit\u00e9s douani\u00e8res et la conformit\u00e9 des d\u00e9clarations \u00e0 l\u2019import comme \u00e0 l\u2019export.<\/span><\/p>\n<p class=\"p1\"><span class=\"s2\">Le Directeur G\u00e9n\u00e9ral des Douanes a saisi cette occasion pour saluer l\u2019engagement et le professionnalisme des CDA, tout en mettant en lumi\u00e8re certaines d\u00e9rives observ\u00e9es dans le secteur. Il a notamment d\u00e9nonc\u00e9 la commercialisation ill\u00e9gale des agr\u00e9ments et des codes IFU, ainsi que l\u2019existence de maisons de transit fictives ou inactives. Des pratiques jug\u00e9es pr\u00e9judiciables \u00e0 la cr\u00e9dibilit\u00e9 de la profession et \u00e0 l\u2019efficacit\u00e9 de la cha\u00eene logistique.<\/span><\/p>\n<p><img loading=\"lazy\" decoding=\"async\" class=\"aligncenter size-large wp-image-2291\" src=\"https:\/\/voxsahel.com\/wp-content\/uploads\/2025\/07\/IMG_1634-1024x682.jpeg\" alt=\"\" width=\"640\" height=\"426\" srcset=\"https:\/\/voxsahel.com\/wp-content\/uploads\/2025\/07\/IMG_1634-1024x682.jpeg 1024w, https:\/\/voxsahel.com\/wp-content\/uploads\/2025\/07\/IMG_1634-300x200.jpeg 300w, https:\/\/voxsahel.com\/wp-content\/uploads\/2025\/07\/IMG_1634-768x512.jpeg 768w, https:\/\/voxsahel.com\/wp-content\/uploads\/2025\/07\/IMG_1634-1080x720.jpeg 1080w, https:\/\/voxsahel.com\/wp-content\/uploads\/2025\/07\/IMG_1634-610x407.jpeg 610w, https:\/\/voxsahel.com\/wp-content\/uploads\/2025\/07\/IMG_1634.jpeg 1280w\" sizes=\"(max-width: 640px) 100vw, 640px\" \/><\/p>\n<p class=\"p1\"><span class=\"s2\">Appelant \u00e0 une prise de conscience collective, l\u2019Inspecteur divisionnaire Yves KAFANDO a exhort\u00e9 les CDA \u00e0 un sursaut \u00e9thique et \u00e0 un engagement fort pour assainir le milieu du transit douanier.<\/span><\/p>\n<p class=\"p1\"><span class=\"s2\">En r\u00e9ponse, Monsieur Julien ZOUNGRANA, Pr\u00e9sident de l\u2019Association Professionnelle des Transitaires et Commissionnaires en Douane Agr\u00e9\u00e9s (APTCDA), a salu\u00e9 l\u2019initiative du Directeur G\u00e9n\u00e9ral. Il a r\u00e9affirm\u00e9 la volont\u00e9 des CDA de collaborer \u00e9troitement avec l\u2019administration douani\u00e8re, dans un esprit de responsabilit\u00e9 partag\u00e9e. \u00ab Nous sommes pr\u00eats \u00e0 relever ensemble les d\u00e9fis pour garantir un environnement douanier plus sain et conforme aux r\u00e8gles \u00bb, a-t-il assur\u00e9.<\/span><\/p>\n<p><img loading=\"lazy\" decoding=\"async\" class=\"aligncenter size-large wp-image-2292\" src=\"https:\/\/voxsahel.com\/wp-content\/uploads\/2025\/07\/IMG_1633-1024x682.jpeg\" alt=\"\" width=\"640\" height=\"426\" srcset=\"https:\/\/voxsahel.com\/wp-content\/uploads\/2025\/07\/IMG_1633-1024x682.jpeg 1024w, https:\/\/voxsahel.com\/wp-content\/uploads\/2025\/07\/IMG_1633-300x200.jpeg 300w, https:\/\/voxsahel.com\/wp-content\/uploads\/2025\/07\/IMG_1633-768x511.jpeg 768w, https:\/\/voxsahel.com\/wp-content\/uploads\/2025\/07\/IMG_1633-1080x719.jpeg 1080w, https:\/\/voxsahel.com\/wp-content\/uploads\/2025\/07\/IMG_1633-610x406.jpeg 610w, https:\/\/voxsahel.com\/wp-content\/uploads\/2025\/07\/IMG_1633.jpeg 1280w\" sizes=\"(max-width: 640px) 100vw, 640px\" \/><\/p>\n<p class=\"p1\"><span class=\"s2\">Cl\u00f4turant les \u00e9changes, le Directeur G\u00e9n\u00e9ral des Douanes a r\u00e9it\u00e9r\u00e9 sa disponibilit\u00e9 \u00e0 poursuivre cette collaboration strat\u00e9gique. Il a appel\u00e9 \u00e0 la construction d\u2019une douane moderne, efficace et pleinement engag\u00e9e au service du d\u00e9veloppement \u00e9conomique du Burkina Faso.<\/span><\/p>\n<p style=\"text-align: right;\"><strong>Par Vox Sahel<\/strong><\/p>\n","protected":false},"excerpt":{"rendered":"<p>Dans une dynamique de renforcement de la coop\u00e9ration avec les acteurs cl\u00e9s de la cha\u00eene<\/p>\n","protected":false},"author":2,"featured_media":2289,"comment_status":"open","ping_status":"open","sticky":false,"template":"","format":"standard","meta":{"_et_pb_use_builder":"","_et_pb_old_content":"","_et_gb_content_width":"","footnotes":""},"categories":[1],"tags":[18,746,142,146,370,310,678,823],"class_list":["post-2288","post","type-post","status-publish","format-standard","has-post-thumbnail","hentry","category-faits-divers","tag-burkina-faso","tag-direction-generale-des-douanes","tag-douane","tag-douanes-du-burkina-faso","tag-observatoire-pour-la-celerite-des-operations-douanieres-au-burkina-faso","tag-organisation-mondiale-des-douanes","tag-taxes-douanieres","tag-yves-kafando"],"yoast_head":"<!-- This site is optimized with the Yoast SEO plugin v27.5 - https:\/\/yoast.com\/product\/yoast-seo-wordpress\/ -->\n<title>Douanes burkinab\u00e8 : Vers une collaboration renforc\u00e9e avec les Commissionnaires en Douane agr\u00e9\u00e9s - Vox Sahel<\/title>\n<meta name=\"robots\" content=\"index, follow, max-snippet:-1, max-image-preview:large, max-video-preview:-1\" \/>\n<link rel=\"canonical\" href=\"https:\/\/voxsahel.com\/?p=2288\" \/>\n<meta property=\"og:locale\" content=\"fr_FR\" \/>\n<meta property=\"og:type\" content=\"article\" \/>\n<meta property=\"og:title\" content=\"Douanes burkinab\u00e8 : Vers une collaboration renforc\u00e9e avec les Commissionnaires en Douane agr\u00e9\u00e9s - Vox Sahel\" \/>\n<meta property=\"og:description\" content=\"Dans une dynamique de renforcement de la coop\u00e9ration avec les acteurs cl\u00e9s de la cha\u00eene\" \/>\n<meta property=\"og:url\" content=\"https:\/\/voxsahel.com\/?p=2288\" \/>\n<meta property=\"og:site_name\" content=\"Vox Sahel\" \/>\n<meta property=\"article:publisher\" content=\"https:\/\/www.facebook.com\/journal.voxsahel\" \/>\n<meta property=\"article:published_time\" content=\"2025-07-09T16:27:51+00:00\" \/>\n<meta property=\"og:image\" content=\"https:\/\/voxsahel.com\/wp-content\/uploads\/2025\/07\/IMG_1631.jpeg\" \/>\n\t<meta property=\"og:image:width\" content=\"1280\" \/>\n\t<meta property=\"og:image:height\" content=\"853\" \/>\n\t<meta property=\"og:image:type\" content=\"image\/jpeg\" \/>\n<meta name=\"author\" content=\"Vox Sahel\" \/>\n<meta name=\"twitter:card\" content=\"summary_large_image\" \/>\n<meta name=\"twitter:label1\" content=\"\u00c9crit par\" \/>\n\t<meta name=\"twitter:data1\" content=\"Vox Sahel\" \/>\n\t<meta name=\"twitter:label2\" content=\"Dur\u00e9e de lecture estim\u00e9e\" \/>\n\t<meta name=\"twitter:data2\" content=\"3 minutes\" \/>\n<script type=\"application\/ld+json\" class=\"yoast-schema-graph\">{\"@context\":\"https:\\\/\\\/schema.org\",\"@graph\":[{\"@type\":\"Article\",\"@id\":\"https:\\\/\\\/voxsahel.com\\\/?p=2288#article\",\"isPartOf\":{\"@id\":\"https:\\\/\\\/voxsahel.com\\\/?p=2288\"},\"author\":{\"name\":\"Vox Sahel\",\"@id\":\"https:\\\/\\\/voxsahel.com\\\/#\\\/schema\\\/person\\\/b4043608248f8fa227cd760e7ff1e19e\"},\"headline\":\"Douanes burkinab\u00e8 : Vers une collaboration renforc\u00e9e avec les Commissionnaires en Douane agr\u00e9\u00e9s\",\"datePublished\":\"2025-07-09T16:27:51+00:00\",\"mainEntityOfPage\":{\"@id\":\"https:\\\/\\\/voxsahel.com\\\/?p=2288\"},\"wordCount\":406,\"commentCount\":0,\"publisher\":{\"@id\":\"https:\\\/\\\/voxsahel.com\\\/#organization\"},\"image\":{\"@id\":\"https:\\\/\\\/voxsahel.com\\\/?p=2288#primaryimage\"},\"thumbnailUrl\":\"https:\\\/\\\/voxsahel.com\\\/wp-content\\\/uploads\\\/2025\\\/07\\\/IMG_1631.jpeg\",\"keywords\":[\"Burkina Faso\",\"Direction g\u00e9n\u00e9rale des Douanes\",\"Douane\",\"Douanes du Burkina Faso\",\"Observatoire pour la c\u00e9l\u00e9rit\u00e9 des op\u00e9rations douani\u00e8res au Burkina Faso\",\"Organisation mondiale des Douanes\",\"Taxes douani\u00e8res\",\"Yves Kafando\"],\"articleSection\":[\"FAITS DIVERS\"],\"inLanguage\":\"fr-FR\",\"potentialAction\":[{\"@type\":\"CommentAction\",\"name\":\"Comment\",\"target\":[\"https:\\\/\\\/voxsahel.com\\\/?p=2288#respond\"]}]},{\"@type\":\"WebPage\",\"@id\":\"https:\\\/\\\/voxsahel.com\\\/?p=2288\",\"url\":\"https:\\\/\\\/voxsahel.com\\\/?p=2288\",\"name\":\"Douanes burkinab\u00e8 : Vers une collaboration renforc\u00e9e avec les Commissionnaires en Douane agr\u00e9\u00e9s - Vox Sahel\",\"isPartOf\":{\"@id\":\"https:\\\/\\\/voxsahel.com\\\/#website\"},\"primaryImageOfPage\":{\"@id\":\"https:\\\/\\\/voxsahel.com\\\/?p=2288#primaryimage\"},\"image\":{\"@id\":\"https:\\\/\\\/voxsahel.com\\\/?p=2288#primaryimage\"},\"thumbnailUrl\":\"https:\\\/\\\/voxsahel.com\\\/wp-content\\\/uploads\\\/2025\\\/07\\\/IMG_1631.jpeg\",\"datePublished\":\"2025-07-09T16:27:51+00:00\",\"breadcrumb\":{\"@id\":\"https:\\\/\\\/voxsahel.com\\\/?p=2288#breadcrumb\"},\"inLanguage\":\"fr-FR\",\"potentialAction\":[{\"@type\":\"ReadAction\",\"target\":[\"https:\\\/\\\/voxsahel.com\\\/?p=2288\"]}]},{\"@type\":\"ImageObject\",\"inLanguage\":\"fr-FR\",\"@id\":\"https:\\\/\\\/voxsahel.com\\\/?p=2288#primaryimage\",\"url\":\"https:\\\/\\\/voxsahel.com\\\/wp-content\\\/uploads\\\/2025\\\/07\\\/IMG_1631.jpeg\",\"contentUrl\":\"https:\\\/\\\/voxsahel.com\\\/wp-content\\\/uploads\\\/2025\\\/07\\\/IMG_1631.jpeg\",\"width\":1280,\"height\":853},{\"@type\":\"BreadcrumbList\",\"@id\":\"https:\\\/\\\/voxsahel.com\\\/?p=2288#breadcrumb\",\"itemListElement\":[{\"@type\":\"ListItem\",\"position\":1,\"name\":\"Home\",\"item\":\"https:\\\/\\\/voxsahel.com\\\/\"},{\"@type\":\"ListItem\",\"position\":2,\"name\":\"Douanes burkinab\u00e8 : Vers une collaboration renforc\u00e9e avec les Commissionnaires en Douane agr\u00e9\u00e9s\"}]},{\"@type\":\"WebSite\",\"@id\":\"https:\\\/\\\/voxsahel.com\\\/#website\",\"url\":\"https:\\\/\\\/voxsahel.com\\\/\",\"name\":\"Vox Sahel\",\"description\":\"Informez-vous sur le Sahel en un clic\",\"publisher\":{\"@id\":\"https:\\\/\\\/voxsahel.com\\\/#organization\"},\"potentialAction\":[{\"@type\":\"SearchAction\",\"target\":{\"@type\":\"EntryPoint\",\"urlTemplate\":\"https:\\\/\\\/voxsahel.com\\\/?s={search_term_string}\"},\"query-input\":{\"@type\":\"PropertyValueSpecification\",\"valueRequired\":true,\"valueName\":\"search_term_string\"}}],\"inLanguage\":\"fr-FR\"},{\"@type\":\"Organization\",\"@id\":\"https:\\\/\\\/voxsahel.com\\\/#organization\",\"name\":\"Vox Sahel\",\"url\":\"https:\\\/\\\/voxsahel.com\\\/\",\"logo\":{\"@type\":\"ImageObject\",\"inLanguage\":\"fr-FR\",\"@id\":\"https:\\\/\\\/voxsahel.com\\\/#\\\/schema\\\/logo\\\/image\\\/\",\"url\":\"https:\\\/\\\/voxsahel.com\\\/wp-content\\\/uploads\\\/2024\\\/09\\\/Logo-Vox-Sahel.jpg\",\"contentUrl\":\"https:\\\/\\\/voxsahel.com\\\/wp-content\\\/uploads\\\/2024\\\/09\\\/Logo-Vox-Sahel.jpg\",\"width\":1181,\"height\":848,\"caption\":\"Vox Sahel\"},\"image\":{\"@id\":\"https:\\\/\\\/voxsahel.com\\\/#\\\/schema\\\/logo\\\/image\\\/\"},\"sameAs\":[\"https:\\\/\\\/www.facebook.com\\\/journal.voxsahel\"]},{\"@type\":\"Person\",\"@id\":\"https:\\\/\\\/voxsahel.com\\\/#\\\/schema\\\/person\\\/b4043608248f8fa227cd760e7ff1e19e\",\"name\":\"Vox Sahel\",\"image\":{\"@type\":\"ImageObject\",\"inLanguage\":\"fr-FR\",\"@id\":\"https:\\\/\\\/secure.gravatar.com\\\/avatar\\\/f70e7fa0cb9b29d4a7c5788d6eb2e9ab4d3135cbae1c9161810fdf77a8964699?s=96&d=mm&r=g\",\"url\":\"https:\\\/\\\/secure.gravatar.com\\\/avatar\\\/f70e7fa0cb9b29d4a7c5788d6eb2e9ab4d3135cbae1c9161810fdf77a8964699?s=96&d=mm&r=g\",\"contentUrl\":\"https:\\\/\\\/secure.gravatar.com\\\/avatar\\\/f70e7fa0cb9b29d4a7c5788d6eb2e9ab4d3135cbae1c9161810fdf77a8964699?s=96&d=mm&r=g\",\"caption\":\"Vox Sahel\"},\"sameAs\":[\"http:\\\/\\\/www.voxsahel.com\"],\"url\":\"https:\\\/\\\/voxsahel.com\\\/?author=2\"}]}<\/script>\n<!-- \/ Yoast SEO plugin. -->","yoast_head_json":{"title":"Douanes burkinab\u00e8 : Vers une collaboration renforc\u00e9e avec les Commissionnaires en Douane agr\u00e9\u00e9s - Vox Sahel","robots":{"index":"index","follow":"follow","max-snippet":"max-snippet:-1","max-image-preview":"max-image-preview:large","max-video-preview":"max-video-preview:-1"},"canonical":"https:\/\/voxsahel.com\/?p=2288","og_locale":"fr_FR","og_type":"article","og_title":"Douanes burkinab\u00e8 : Vers une collaboration renforc\u00e9e avec les Commissionnaires en Douane agr\u00e9\u00e9s - Vox Sahel","og_description":"Dans une dynamique de renforcement de la coop\u00e9ration avec les acteurs cl\u00e9s de la cha\u00eene","og_url":"https:\/\/voxsahel.com\/?p=2288","og_site_name":"Vox Sahel","article_publisher":"https:\/\/www.facebook.com\/journal.voxsahel","article_published_time":"2025-07-09T16:27:51+00:00","og_image":[{"width":1280,"height":853,"url":"https:\/\/voxsahel.com\/wp-content\/uploads\/2025\/07\/IMG_1631.jpeg","type":"image\/jpeg"}],"author":"Vox Sahel","twitter_card":"summary_large_image","twitter_misc":{"\u00c9crit par":"Vox Sahel","Dur\u00e9e de lecture estim\u00e9e":"3 minutes"},"schema":{"@context":"https:\/\/schema.org","@graph":[{"@type":"Article","@id":"https:\/\/voxsahel.com\/?p=2288#article","isPartOf":{"@id":"https:\/\/voxsahel.com\/?p=2288"},"author":{"name":"Vox Sahel","@id":"https:\/\/voxsahel.com\/#\/schema\/person\/b4043608248f8fa227cd760e7ff1e19e"},"headline":"Douanes burkinab\u00e8 : Vers une collaboration renforc\u00e9e avec les Commissionnaires en Douane agr\u00e9\u00e9s","datePublished":"2025-07-09T16:27:51+00:00","mainEntityOfPage":{"@id":"https:\/\/voxsahel.com\/?p=2288"},"wordCount":406,"commentCount":0,"publisher":{"@id":"https:\/\/voxsahel.com\/#organization"},"image":{"@id":"https:\/\/voxsahel.com\/?p=2288#primaryimage"},"thumbnailUrl":"https:\/\/voxsahel.com\/wp-content\/uploads\/2025\/07\/IMG_1631.jpeg","keywords":["Burkina Faso","Direction g\u00e9n\u00e9rale des Douanes","Douane","Douanes du Burkina Faso","Observatoire pour la c\u00e9l\u00e9rit\u00e9 des op\u00e9rations douani\u00e8res au Burkina Faso","Organisation mondiale des Douanes","Taxes douani\u00e8res","Yves Kafando"],"articleSection":["FAITS DIVERS"],"inLanguage":"fr-FR","potentialAction":[{"@type":"CommentAction","name":"Comment","target":["https:\/\/voxsahel.com\/?p=2288#respond"]}]},{"@type":"WebPage","@id":"https:\/\/voxsahel.com\/?p=2288","url":"https:\/\/voxsahel.com\/?p=2288","name":"Douanes burkinab\u00e8 : Vers une collaboration renforc\u00e9e avec les Commissionnaires en Douane agr\u00e9\u00e9s - Vox Sahel","isPartOf":{"@id":"https:\/\/voxsahel.com\/#website"},"primaryImageOfPage":{"@id":"https:\/\/voxsahel.com\/?p=2288#primaryimage"},"image":{"@id":"https:\/\/voxsahel.com\/?p=2288#primaryimage"},"thumbnailUrl":"https:\/\/voxsahel.com\/wp-content\/uploads\/2025\/07\/IMG_1631.jpeg","datePublished":"2025-07-09T16:27:51+00:00","breadcrumb":{"@id":"https:\/\/voxsahel.com\/?p=2288#breadcrumb"},"inLanguage":"fr-FR","potentialAction":[{"@type":"ReadAction","target":["https:\/\/voxsahel.com\/?p=2288"]}]},{"@type":"ImageObject","inLanguage":"fr-FR","@id":"https:\/\/voxsahel.com\/?p=2288#primaryimage","url":"https:\/\/voxsahel.com\/wp-content\/uploads\/2025\/07\/IMG_1631.jpeg","contentUrl":"https:\/\/voxsahel.com\/wp-content\/uploads\/2025\/07\/IMG_1631.jpeg","width":1280,"height":853},{"@type":"BreadcrumbList","@id":"https:\/\/voxsahel.com\/?p=2288#breadcrumb","itemListElement":[{"@type":"ListItem","position":1,"name":"Home","item":"https:\/\/voxsahel.com\/"},{"@type":"ListItem","position":2,"name":"Douanes burkinab\u00e8 : Vers une collaboration renforc\u00e9e avec les Commissionnaires en Douane agr\u00e9\u00e9s"}]},{"@type":"WebSite","@id":"https:\/\/voxsahel.com\/#website","url":"https:\/\/voxsahel.com\/","name":"Vox Sahel","description":"Informez-vous sur le Sahel en un clic","publisher":{"@id":"https:\/\/voxsahel.com\/#organization"},"potentialAction":[{"@type":"SearchAction","target":{"@type":"EntryPoint","urlTemplate":"https:\/\/voxsahel.com\/?s={search_term_string}"},"query-input":{"@type":"PropertyValueSpecification","valueRequired":true,"valueName":"search_term_string"}}],"inLanguage":"fr-FR"},{"@type":"Organization","@id":"https:\/\/voxsahel.com\/#organization","name":"Vox Sahel","url":"https:\/\/voxsahel.com\/","logo":{"@type":"ImageObject","inLanguage":"fr-FR","@id":"https:\/\/voxsahel.com\/#\/schema\/logo\/image\/","url":"https:\/\/voxsahel.com\/wp-content\/uploads\/2024\/09\/Logo-Vox-Sahel.jpg","contentUrl":"https:\/\/voxsahel.com\/wp-content\/uploads\/2024\/09\/Logo-Vox-Sahel.jpg","width":1181,"height":848,"caption":"Vox Sahel"},"image":{"@id":"https:\/\/voxsahel.com\/#\/schema\/logo\/image\/"},"sameAs":["https:\/\/www.facebook.com\/journal.voxsahel"]},{"@type":"Person","@id":"https:\/\/voxsahel.com\/#\/schema\/person\/b4043608248f8fa227cd760e7ff1e19e","name":"Vox Sahel","image":{"@type":"ImageObject","inLanguage":"fr-FR","@id":"https:\/\/secure.gravatar.com\/avatar\/f70e7fa0cb9b29d4a7c5788d6eb2e9ab4d3135cbae1c9161810fdf77a8964699?s=96&d=mm&r=g","url":"https:\/\/secure.gravatar.com\/avatar\/f70e7fa0cb9b29d4a7c5788d6eb2e9ab4d3135cbae1c9161810fdf77a8964699?s=96&d=mm&r=g","contentUrl":"https:\/\/secure.gravatar.com\/avatar\/f70e7fa0cb9b29d4a7c5788d6eb2e9ab4d3135cbae1c9161810fdf77a8964699?s=96&d=mm&r=g","caption":"Vox Sahel"},"sameAs":["http:\/\/www.voxsahel.com"],"url":"https:\/\/voxsahel.com\/?author=2"}]}},"_links":{"self":[{"href":"https:\/\/voxsahel.com\/index.php?rest_route=\/wp\/v2\/posts\/2288","targetHints":{"allow":["GET"]}}],"collection":[{"href":"https:\/\/voxsahel.com\/index.php?rest_route=\/wp\/v2\/posts"}],"about":[{"href":"https:\/\/voxsahel.com\/index.php?rest_route=\/wp\/v2\/types\/post"}],"author":[{"embeddable":true,"href":"https:\/\/voxsahel.com\/index.php?rest_route=\/wp\/v2\/users\/2"}],"replies":[{"embeddable":true,"href":"https:\/\/voxsahel.com\/index.php?rest_route=%2Fwp%2Fv2%2Fcomments&post=2288"}],"version-history":[{"count":1,"href":"https:\/\/voxsahel.com\/index.php?rest_route=\/wp\/v2\/posts\/2288\/revisions"}],"predecessor-version":[{"id":2293,"href":"https:\/\/voxsahel.com\/index.php?rest_route=\/wp\/v2\/posts\/2288\/revisions\/2293"}],"wp:featuredmedia":[{"embeddable":true,"href":"https:\/\/voxsahel.com\/index.php?rest_route=\/wp\/v2\/media\/2289"}],"wp:attachment":[{"href":"https:\/\/voxsahel.com\/index.php?rest_route=%2Fwp%2Fv2%2Fmedia&parent=2288"}],"wp:term":[{"taxonomy":"category","embeddable":true,"href":"https:\/\/voxsahel.com\/index.php?rest_route=%2Fwp%2Fv2%2Fcategories&post=2288"},{"taxonomy":"post_tag","embeddable":true,"href":"https:\/\/voxsahel.com\/index.php?rest_route=%2Fwp%2Fv2%2Ftags&post=2288"}],"curies":[{"name":"wp","href":"https:\/\/api.w.org\/{rel}","templated":true}]}}