{"id":2277,"date":"2025-07-09T10:32:07","date_gmt":"2025-07-09T10:32:07","guid":{"rendered":"https:\/\/voxsahel.com\/?p=2277"},"modified":"2025-07-09T12:26:41","modified_gmt":"2025-07-09T12:26:41","slug":"ibrahim-cisse-lartisan-du-style-entre-ciseaux-ballon-rond-et-podiums","status":"publish","type":"post","link":"https:\/\/voxsahel.com\/?p=2277","title":{"rendered":"Ibrahim Ciss\u00e9 : l\u2019artisan du style, entre ciseaux, ballon rond et podiums"},"content":{"rendered":"<p class=\"s5\"><span class=\"s4\">Coiffeur des stars, promoteur culturel et \u00e9g\u00e9rie de mode, Ibrahim Ciss\u00e9 incarne une nouvelle g\u00e9n\u00e9ration d\u2019artisans africains audacieux, passionn\u00e9s et engag\u00e9s.<\/span><\/p>\n<p class=\"s5\"><span class=\"s4\">Originaire de C\u00f4te d\u2019Ivoire, Ibrahim Ciss\u00e9 s\u2019est impos\u00e9 comme coiffeur professionnel \u00e0 Paris, mais son parcours est tout sauf lin\u00e9aire. Form\u00e9 sur le tas, autodidacte affirm\u00e9, il a d\u2019abord exerc\u00e9 sans ambition particuli\u00e8re avant qu\u2019une rencontre fortuite ne l\u2019immerge dans l\u2019univers comp\u00e9titif des <\/span><span class=\"s4\">barbershops<\/span><span class=\"s4\"> parisiens. \u00ab C\u2019est cette ambiance de comp\u00e9tition qui m\u2019a fait comprendre que j\u2019\u00e9tais vraiment coiffeur \u00bb, confie-t-il.<\/span><\/p>\n<p><img loading=\"lazy\" decoding=\"async\" class=\"aligncenter size-large wp-image-2279\" src=\"https:\/\/voxsahel.com\/wp-content\/uploads\/2025\/07\/IMG_1498-768x1024.jpeg\" alt=\"\" width=\"640\" height=\"853\" srcset=\"https:\/\/voxsahel.com\/wp-content\/uploads\/2025\/07\/IMG_1498-768x1024.jpeg 768w, https:\/\/voxsahel.com\/wp-content\/uploads\/2025\/07\/IMG_1498-225x300.jpeg 225w, https:\/\/voxsahel.com\/wp-content\/uploads\/2025\/07\/IMG_1498-1152x1536.jpeg 1152w, https:\/\/voxsahel.com\/wp-content\/uploads\/2025\/07\/IMG_1498-1080x1440.jpeg 1080w, https:\/\/voxsahel.com\/wp-content\/uploads\/2025\/07\/IMG_1498-610x813.jpeg 610w, https:\/\/voxsahel.com\/wp-content\/uploads\/2025\/07\/IMG_1498-450x600.jpeg 450w, https:\/\/voxsahel.com\/wp-content\/uploads\/2025\/07\/IMG_1498.jpeg 1536w\" sizes=\"(max-width: 640px) 100vw, 640px\" \/><\/p>\n<p class=\"s5\"><span class=\"s4\">Mais Ibrahim n\u2019est pas un coiffeur comme les autres. Ancien footballeur form\u00e9 \u00e0 l\u2019Ivoire S-Acad\u00e9mie, il garde des liens forts avec le monde du sport. Une passerelle s\u2019est naturellement cr\u00e9\u00e9e entre ses deux univers : aujourd\u2019hui, il est le coiffeur attitr\u00e9 de plusieurs internationaux, notamment au sein des \u00c9talons du Burkina Faso. Son r\u00f4le d\u00e9passe la simple coupe de cheveux : il devient confident, conseiller, parfois m\u00eame figure fraternelle. \u00ab Le coiffeur joue un r\u00f4le psychologique important. Les joueurs ont besoin de se sentir bien dans leur peau pour performer. \u00bb<\/span><\/p>\n<p class=\"s5\"><span class=\"s4\">Le style, chez lui, devient signature. Une de ses coupes a m\u00eame inspir\u00e9 le logo de sa marque de v\u00eatements, <\/span><span class=\"s6\">Atypique<\/span><span class=\"s4\">, qui voyage entre l\u2019Afrique et l\u2019Europe. Cette esth\u00e9tique unique l\u2019a propuls\u00e9 jusqu\u2019au milieu de la mode : lors d\u2019un \u00e9v\u00e9nement de la marque <\/span><span class=\"s6\">Be Free<\/span><span class=\"s4\">, il coiffe les mannequins\u2026 et devient lui-m\u00eame \u00e9g\u00e9rie. \u00ab Je suis d\u00e9j\u00e0 mannequin dans mon salon \u00bb, s\u2019amuse-t-il.<\/span><\/p>\n<p><img loading=\"lazy\" decoding=\"async\" class=\"aligncenter size-large wp-image-2280\" src=\"https:\/\/voxsahel.com\/wp-content\/uploads\/2025\/07\/IMG_1496-768x1024.jpeg\" alt=\"\" width=\"640\" height=\"853\" srcset=\"https:\/\/voxsahel.com\/wp-content\/uploads\/2025\/07\/IMG_1496-768x1024.jpeg 768w, https:\/\/voxsahel.com\/wp-content\/uploads\/2025\/07\/IMG_1496-225x300.jpeg 225w, https:\/\/voxsahel.com\/wp-content\/uploads\/2025\/07\/IMG_1496-1152x1536.jpeg 1152w, https:\/\/voxsahel.com\/wp-content\/uploads\/2025\/07\/IMG_1496-1080x1440.jpeg 1080w, https:\/\/voxsahel.com\/wp-content\/uploads\/2025\/07\/IMG_1496-610x813.jpeg 610w, https:\/\/voxsahel.com\/wp-content\/uploads\/2025\/07\/IMG_1496-450x600.jpeg 450w, https:\/\/voxsahel.com\/wp-content\/uploads\/2025\/07\/IMG_1496.jpeg 1536w\" sizes=\"(max-width: 640px) 100vw, 640px\" \/><\/p>\n<p class=\"s5\"><span class=\"s4\">Mais c\u2019est surtout son r\u00f4le de promoteur culturel qui fait de lui une figure inspirante. En organisant trois \u00e9ditions d\u2019un festival d\u00e9di\u00e9 \u00e0 la coiffure et \u00e0 l\u2019artisanat, Ibrahim milite pour une revalorisation des m\u00e9tiers manuels. \u00ab Mon p\u00e8re \u00e9tait instituteur, il m\u2019a transmis l\u2019amour de la transmission. Je veux \u00e9veiller la jeunesse et leur offrir une seconde chance. \u00bb<\/span><\/p>\n<p class=\"s5\"><span class=\"s4\">Panafricaniste convaincu, il r\u00eave d\u2019exporter son festival \u00e0 Ouagadougou. \u00ab Le Burkina m\u2019a accueilli, je me sens utile ici. \u00bb Il refuse de se laisser enfermer dans des fronti\u00e8res et veut d\u00e9montrer que la r\u00e9ussite est possible en Afrique.<\/span><\/p>\n<p><img loading=\"lazy\" decoding=\"async\" class=\"aligncenter size-large wp-image-2281\" src=\"https:\/\/voxsahel.com\/wp-content\/uploads\/2025\/07\/IMG_1495-768x1024.jpeg\" alt=\"\" width=\"640\" height=\"853\" srcset=\"https:\/\/voxsahel.com\/wp-content\/uploads\/2025\/07\/IMG_1495-768x1024.jpeg 768w, https:\/\/voxsahel.com\/wp-content\/uploads\/2025\/07\/IMG_1495-225x300.jpeg 225w, https:\/\/voxsahel.com\/wp-content\/uploads\/2025\/07\/IMG_1495-1152x1536.jpeg 1152w, https:\/\/voxsahel.com\/wp-content\/uploads\/2025\/07\/IMG_1495-1080x1440.jpeg 1080w, https:\/\/voxsahel.com\/wp-content\/uploads\/2025\/07\/IMG_1495-610x813.jpeg 610w, https:\/\/voxsahel.com\/wp-content\/uploads\/2025\/07\/IMG_1495-450x600.jpeg 450w, https:\/\/voxsahel.com\/wp-content\/uploads\/2025\/07\/IMG_1495.jpeg 1536w\" sizes=\"(max-width: 640px) 100vw, 640px\" \/><\/p>\n<p class=\"s5\"><span class=\"s4\">Ses projets \u00e0 court terme ? Revenir dans la s\u00e9lection nationale, relancer son festival, et pourquoi pas\u2026 coiffer un jour un pr\u00e9sident. \u00ab Tout est possible, m\u00eame en venant de la coiffure \u00bb, dit-il avec foi.<\/span><\/p>\n<p class=\"s5\"><span class=\"s4\">Son message \u00e0 la jeunesse ? <\/span><span class=\"s4\">\u00ab\u00a0<\/span><span class=\"s4\">Formez-vous, pr\u00e9parez-vous, ne r\u00eavez pas sans vous donner les moyens.<\/span><span class=\"s4\">\u00a0\u00bb<\/span><span class=\"s4\"> Pour lui, la vie est un champ \u00e0 cultiver : <\/span><span class=\"s4\">\u00ab\u00a0<\/span><span class=\"s4\">On r\u00e9colte ce qu\u2019on s\u00e8me.<\/span><span class=\"s4\">\u00a0\u00bb<\/span><\/p>\n<p class=\"s5\" style=\"text-align: right;\"><strong>Par Ibrahima Kaliloullah<\/strong><\/p>\n","protected":false},"excerpt":{"rendered":"<p>Coiffeur des stars, promoteur culturel et \u00e9g\u00e9rie de mode, Ibrahim Ciss\u00e9 incarne une nouvelle g\u00e9n\u00e9ration<\/p>\n","protected":false},"author":2,"featured_media":2278,"comment_status":"open","ping_status":"open","sticky":false,"template":"","format":"standard","meta":{"_et_pb_use_builder":"","_et_pb_old_content":"","_et_gb_content_width":"","footnotes":""},"categories":[13],"tags":[],"class_list":["post-2277","post","type-post","status-publish","format-standard","has-post-thumbnail","hentry","category-culture"],"yoast_head":"<!-- This site is optimized with the Yoast SEO plugin v27.5 - https:\/\/yoast.com\/product\/yoast-seo-wordpress\/ -->\n<title>Ibrahim Ciss\u00e9 : l\u2019artisan du style, entre ciseaux, ballon rond et podiums - Vox Sahel<\/title>\n<meta name=\"robots\" content=\"index, follow, max-snippet:-1, max-image-preview:large, max-video-preview:-1\" \/>\n<link rel=\"canonical\" href=\"https:\/\/voxsahel.com\/?p=2277\" \/>\n<meta property=\"og:locale\" content=\"fr_FR\" \/>\n<meta property=\"og:type\" content=\"article\" \/>\n<meta property=\"og:title\" content=\"Ibrahim Ciss\u00e9 : l\u2019artisan du style, entre ciseaux, ballon rond et podiums - Vox Sahel\" \/>\n<meta property=\"og:description\" content=\"Coiffeur des stars, promoteur culturel et \u00e9g\u00e9rie de mode, Ibrahim Ciss\u00e9 incarne une nouvelle g\u00e9n\u00e9ration\" \/>\n<meta property=\"og:url\" content=\"https:\/\/voxsahel.com\/?p=2277\" \/>\n<meta property=\"og:site_name\" content=\"Vox Sahel\" \/>\n<meta property=\"article:publisher\" content=\"https:\/\/www.facebook.com\/journal.voxsahel\" \/>\n<meta property=\"article:published_time\" content=\"2025-07-09T10:32:07+00:00\" \/>\n<meta property=\"article:modified_time\" content=\"2025-07-09T12:26:41+00:00\" \/>\n<meta property=\"og:image\" content=\"https:\/\/voxsahel.com\/wp-content\/uploads\/2025\/07\/IMG_1497.jpeg\" \/>\n\t<meta property=\"og:image:width\" content=\"1536\" \/>\n\t<meta property=\"og:image:height\" content=\"2048\" \/>\n\t<meta property=\"og:image:type\" content=\"image\/jpeg\" \/>\n<meta name=\"author\" content=\"Vox Sahel\" \/>\n<meta name=\"twitter:card\" content=\"summary_large_image\" \/>\n<meta name=\"twitter:label1\" content=\"\u00c9crit par\" \/>\n\t<meta name=\"twitter:data1\" content=\"Vox Sahel\" \/>\n\t<meta name=\"twitter:label2\" content=\"Dur\u00e9e de lecture estim\u00e9e\" \/>\n\t<meta name=\"twitter:data2\" content=\"3 minutes\" \/>\n<script type=\"application\/ld+json\" class=\"yoast-schema-graph\">{\"@context\":\"https:\\\/\\\/schema.org\",\"@graph\":[{\"@type\":\"Article\",\"@id\":\"https:\\\/\\\/voxsahel.com\\\/?p=2277#article\",\"isPartOf\":{\"@id\":\"https:\\\/\\\/voxsahel.com\\\/?p=2277\"},\"author\":{\"name\":\"Vox Sahel\",\"@id\":\"https:\\\/\\\/voxsahel.com\\\/#\\\/schema\\\/person\\\/b4043608248f8fa227cd760e7ff1e19e\"},\"headline\":\"Ibrahim Ciss\u00e9 : l\u2019artisan du style, entre ciseaux, ballon rond et podiums\",\"datePublished\":\"2025-07-09T10:32:07+00:00\",\"dateModified\":\"2025-07-09T12:26:41+00:00\",\"mainEntityOfPage\":{\"@id\":\"https:\\\/\\\/voxsahel.com\\\/?p=2277\"},\"wordCount\":458,\"commentCount\":0,\"publisher\":{\"@id\":\"https:\\\/\\\/voxsahel.com\\\/#organization\"},\"image\":{\"@id\":\"https:\\\/\\\/voxsahel.com\\\/?p=2277#primaryimage\"},\"thumbnailUrl\":\"https:\\\/\\\/voxsahel.com\\\/wp-content\\\/uploads\\\/2025\\\/07\\\/IMG_1497.jpeg\",\"articleSection\":[\"CULTURE\"],\"inLanguage\":\"fr-FR\",\"potentialAction\":[{\"@type\":\"CommentAction\",\"name\":\"Comment\",\"target\":[\"https:\\\/\\\/voxsahel.com\\\/?p=2277#respond\"]}]},{\"@type\":\"WebPage\",\"@id\":\"https:\\\/\\\/voxsahel.com\\\/?p=2277\",\"url\":\"https:\\\/\\\/voxsahel.com\\\/?p=2277\",\"name\":\"Ibrahim Ciss\u00e9 : l\u2019artisan du style, entre ciseaux, ballon rond et podiums - Vox Sahel\",\"isPartOf\":{\"@id\":\"https:\\\/\\\/voxsahel.com\\\/#website\"},\"primaryImageOfPage\":{\"@id\":\"https:\\\/\\\/voxsahel.com\\\/?p=2277#primaryimage\"},\"image\":{\"@id\":\"https:\\\/\\\/voxsahel.com\\\/?p=2277#primaryimage\"},\"thumbnailUrl\":\"https:\\\/\\\/voxsahel.com\\\/wp-content\\\/uploads\\\/2025\\\/07\\\/IMG_1497.jpeg\",\"datePublished\":\"2025-07-09T10:32:07+00:00\",\"dateModified\":\"2025-07-09T12:26:41+00:00\",\"breadcrumb\":{\"@id\":\"https:\\\/\\\/voxsahel.com\\\/?p=2277#breadcrumb\"},\"inLanguage\":\"fr-FR\",\"potentialAction\":[{\"@type\":\"ReadAction\",\"target\":[\"https:\\\/\\\/voxsahel.com\\\/?p=2277\"]}]},{\"@type\":\"ImageObject\",\"inLanguage\":\"fr-FR\",\"@id\":\"https:\\\/\\\/voxsahel.com\\\/?p=2277#primaryimage\",\"url\":\"https:\\\/\\\/voxsahel.com\\\/wp-content\\\/uploads\\\/2025\\\/07\\\/IMG_1497.jpeg\",\"contentUrl\":\"https:\\\/\\\/voxsahel.com\\\/wp-content\\\/uploads\\\/2025\\\/07\\\/IMG_1497.jpeg\",\"width\":1536,\"height\":2048},{\"@type\":\"BreadcrumbList\",\"@id\":\"https:\\\/\\\/voxsahel.com\\\/?p=2277#breadcrumb\",\"itemListElement\":[{\"@type\":\"ListItem\",\"position\":1,\"name\":\"Home\",\"item\":\"https:\\\/\\\/voxsahel.com\\\/\"},{\"@type\":\"ListItem\",\"position\":2,\"name\":\"Ibrahim Ciss\u00e9 : l\u2019artisan du style, entre ciseaux, ballon rond et podiums\"}]},{\"@type\":\"WebSite\",\"@id\":\"https:\\\/\\\/voxsahel.com\\\/#website\",\"url\":\"https:\\\/\\\/voxsahel.com\\\/\",\"name\":\"Vox Sahel\",\"description\":\"Informez-vous sur le Sahel en un clic\",\"publisher\":{\"@id\":\"https:\\\/\\\/voxsahel.com\\\/#organization\"},\"potentialAction\":[{\"@type\":\"SearchAction\",\"target\":{\"@type\":\"EntryPoint\",\"urlTemplate\":\"https:\\\/\\\/voxsahel.com\\\/?s={search_term_string}\"},\"query-input\":{\"@type\":\"PropertyValueSpecification\",\"valueRequired\":true,\"valueName\":\"search_term_string\"}}],\"inLanguage\":\"fr-FR\"},{\"@type\":\"Organization\",\"@id\":\"https:\\\/\\\/voxsahel.com\\\/#organization\",\"name\":\"Vox Sahel\",\"url\":\"https:\\\/\\\/voxsahel.com\\\/\",\"logo\":{\"@type\":\"ImageObject\",\"inLanguage\":\"fr-FR\",\"@id\":\"https:\\\/\\\/voxsahel.com\\\/#\\\/schema\\\/logo\\\/image\\\/\",\"url\":\"https:\\\/\\\/voxsahel.com\\\/wp-content\\\/uploads\\\/2024\\\/09\\\/Logo-Vox-Sahel.jpg\",\"contentUrl\":\"https:\\\/\\\/voxsahel.com\\\/wp-content\\\/uploads\\\/2024\\\/09\\\/Logo-Vox-Sahel.jpg\",\"width\":1181,\"height\":848,\"caption\":\"Vox Sahel\"},\"image\":{\"@id\":\"https:\\\/\\\/voxsahel.com\\\/#\\\/schema\\\/logo\\\/image\\\/\"},\"sameAs\":[\"https:\\\/\\\/www.facebook.com\\\/journal.voxsahel\"]},{\"@type\":\"Person\",\"@id\":\"https:\\\/\\\/voxsahel.com\\\/#\\\/schema\\\/person\\\/b4043608248f8fa227cd760e7ff1e19e\",\"name\":\"Vox Sahel\",\"image\":{\"@type\":\"ImageObject\",\"inLanguage\":\"fr-FR\",\"@id\":\"https:\\\/\\\/secure.gravatar.com\\\/avatar\\\/f70e7fa0cb9b29d4a7c5788d6eb2e9ab4d3135cbae1c9161810fdf77a8964699?s=96&d=mm&r=g\",\"url\":\"https:\\\/\\\/secure.gravatar.com\\\/avatar\\\/f70e7fa0cb9b29d4a7c5788d6eb2e9ab4d3135cbae1c9161810fdf77a8964699?s=96&d=mm&r=g\",\"contentUrl\":\"https:\\\/\\\/secure.gravatar.com\\\/avatar\\\/f70e7fa0cb9b29d4a7c5788d6eb2e9ab4d3135cbae1c9161810fdf77a8964699?s=96&d=mm&r=g\",\"caption\":\"Vox Sahel\"},\"sameAs\":[\"http:\\\/\\\/www.voxsahel.com\"],\"url\":\"https:\\\/\\\/voxsahel.com\\\/?author=2\"}]}<\/script>\n<!-- \/ Yoast SEO plugin. -->","yoast_head_json":{"title":"Ibrahim Ciss\u00e9 : l\u2019artisan du style, entre ciseaux, ballon rond et podiums - Vox Sahel","robots":{"index":"index","follow":"follow","max-snippet":"max-snippet:-1","max-image-preview":"max-image-preview:large","max-video-preview":"max-video-preview:-1"},"canonical":"https:\/\/voxsahel.com\/?p=2277","og_locale":"fr_FR","og_type":"article","og_title":"Ibrahim Ciss\u00e9 : l\u2019artisan du style, entre ciseaux, ballon rond et podiums - Vox Sahel","og_description":"Coiffeur des stars, promoteur culturel et \u00e9g\u00e9rie de mode, Ibrahim Ciss\u00e9 incarne une nouvelle g\u00e9n\u00e9ration","og_url":"https:\/\/voxsahel.com\/?p=2277","og_site_name":"Vox Sahel","article_publisher":"https:\/\/www.facebook.com\/journal.voxsahel","article_published_time":"2025-07-09T10:32:07+00:00","article_modified_time":"2025-07-09T12:26:41+00:00","og_image":[{"width":1536,"height":2048,"url":"https:\/\/voxsahel.com\/wp-content\/uploads\/2025\/07\/IMG_1497.jpeg","type":"image\/jpeg"}],"author":"Vox Sahel","twitter_card":"summary_large_image","twitter_misc":{"\u00c9crit par":"Vox Sahel","Dur\u00e9e de lecture estim\u00e9e":"3 minutes"},"schema":{"@context":"https:\/\/schema.org","@graph":[{"@type":"Article","@id":"https:\/\/voxsahel.com\/?p=2277#article","isPartOf":{"@id":"https:\/\/voxsahel.com\/?p=2277"},"author":{"name":"Vox Sahel","@id":"https:\/\/voxsahel.com\/#\/schema\/person\/b4043608248f8fa227cd760e7ff1e19e"},"headline":"Ibrahim Ciss\u00e9 : l\u2019artisan du style, entre ciseaux, ballon rond et podiums","datePublished":"2025-07-09T10:32:07+00:00","dateModified":"2025-07-09T12:26:41+00:00","mainEntityOfPage":{"@id":"https:\/\/voxsahel.com\/?p=2277"},"wordCount":458,"commentCount":0,"publisher":{"@id":"https:\/\/voxsahel.com\/#organization"},"image":{"@id":"https:\/\/voxsahel.com\/?p=2277#primaryimage"},"thumbnailUrl":"https:\/\/voxsahel.com\/wp-content\/uploads\/2025\/07\/IMG_1497.jpeg","articleSection":["CULTURE"],"inLanguage":"fr-FR","potentialAction":[{"@type":"CommentAction","name":"Comment","target":["https:\/\/voxsahel.com\/?p=2277#respond"]}]},{"@type":"WebPage","@id":"https:\/\/voxsahel.com\/?p=2277","url":"https:\/\/voxsahel.com\/?p=2277","name":"Ibrahim Ciss\u00e9 : l\u2019artisan du style, entre ciseaux, ballon rond et podiums - Vox Sahel","isPartOf":{"@id":"https:\/\/voxsahel.com\/#website"},"primaryImageOfPage":{"@id":"https:\/\/voxsahel.com\/?p=2277#primaryimage"},"image":{"@id":"https:\/\/voxsahel.com\/?p=2277#primaryimage"},"thumbnailUrl":"https:\/\/voxsahel.com\/wp-content\/uploads\/2025\/07\/IMG_1497.jpeg","datePublished":"2025-07-09T10:32:07+00:00","dateModified":"2025-07-09T12:26:41+00:00","breadcrumb":{"@id":"https:\/\/voxsahel.com\/?p=2277#breadcrumb"},"inLanguage":"fr-FR","potentialAction":[{"@type":"ReadAction","target":["https:\/\/voxsahel.com\/?p=2277"]}]},{"@type":"ImageObject","inLanguage":"fr-FR","@id":"https:\/\/voxsahel.com\/?p=2277#primaryimage","url":"https:\/\/voxsahel.com\/wp-content\/uploads\/2025\/07\/IMG_1497.jpeg","contentUrl":"https:\/\/voxsahel.com\/wp-content\/uploads\/2025\/07\/IMG_1497.jpeg","width":1536,"height":2048},{"@type":"BreadcrumbList","@id":"https:\/\/voxsahel.com\/?p=2277#breadcrumb","itemListElement":[{"@type":"ListItem","position":1,"name":"Home","item":"https:\/\/voxsahel.com\/"},{"@type":"ListItem","position":2,"name":"Ibrahim Ciss\u00e9 : l\u2019artisan du style, entre ciseaux, ballon rond et podiums"}]},{"@type":"WebSite","@id":"https:\/\/voxsahel.com\/#website","url":"https:\/\/voxsahel.com\/","name":"Vox Sahel","description":"Informez-vous sur le Sahel en un clic","publisher":{"@id":"https:\/\/voxsahel.com\/#organization"},"potentialAction":[{"@type":"SearchAction","target":{"@type":"EntryPoint","urlTemplate":"https:\/\/voxsahel.com\/?s={search_term_string}"},"query-input":{"@type":"PropertyValueSpecification","valueRequired":true,"valueName":"search_term_string"}}],"inLanguage":"fr-FR"},{"@type":"Organization","@id":"https:\/\/voxsahel.com\/#organization","name":"Vox Sahel","url":"https:\/\/voxsahel.com\/","logo":{"@type":"ImageObject","inLanguage":"fr-FR","@id":"https:\/\/voxsahel.com\/#\/schema\/logo\/image\/","url":"https:\/\/voxsahel.com\/wp-content\/uploads\/2024\/09\/Logo-Vox-Sahel.jpg","contentUrl":"https:\/\/voxsahel.com\/wp-content\/uploads\/2024\/09\/Logo-Vox-Sahel.jpg","width":1181,"height":848,"caption":"Vox Sahel"},"image":{"@id":"https:\/\/voxsahel.com\/#\/schema\/logo\/image\/"},"sameAs":["https:\/\/www.facebook.com\/journal.voxsahel"]},{"@type":"Person","@id":"https:\/\/voxsahel.com\/#\/schema\/person\/b4043608248f8fa227cd760e7ff1e19e","name":"Vox Sahel","image":{"@type":"ImageObject","inLanguage":"fr-FR","@id":"https:\/\/secure.gravatar.com\/avatar\/f70e7fa0cb9b29d4a7c5788d6eb2e9ab4d3135cbae1c9161810fdf77a8964699?s=96&d=mm&r=g","url":"https:\/\/secure.gravatar.com\/avatar\/f70e7fa0cb9b29d4a7c5788d6eb2e9ab4d3135cbae1c9161810fdf77a8964699?s=96&d=mm&r=g","contentUrl":"https:\/\/secure.gravatar.com\/avatar\/f70e7fa0cb9b29d4a7c5788d6eb2e9ab4d3135cbae1c9161810fdf77a8964699?s=96&d=mm&r=g","caption":"Vox Sahel"},"sameAs":["http:\/\/www.voxsahel.com"],"url":"https:\/\/voxsahel.com\/?author=2"}]}},"_links":{"self":[{"href":"https:\/\/voxsahel.com\/index.php?rest_route=\/wp\/v2\/posts\/2277","targetHints":{"allow":["GET"]}}],"collection":[{"href":"https:\/\/voxsahel.com\/index.php?rest_route=\/wp\/v2\/posts"}],"about":[{"href":"https:\/\/voxsahel.com\/index.php?rest_route=\/wp\/v2\/types\/post"}],"author":[{"embeddable":true,"href":"https:\/\/voxsahel.com\/index.php?rest_route=\/wp\/v2\/users\/2"}],"replies":[{"embeddable":true,"href":"https:\/\/voxsahel.com\/index.php?rest_route=%2Fwp%2Fv2%2Fcomments&post=2277"}],"version-history":[{"count":3,"href":"https:\/\/voxsahel.com\/index.php?rest_route=\/wp\/v2\/posts\/2277\/revisions"}],"predecessor-version":[{"id":2287,"href":"https:\/\/voxsahel.com\/index.php?rest_route=\/wp\/v2\/posts\/2277\/revisions\/2287"}],"wp:featuredmedia":[{"embeddable":true,"href":"https:\/\/voxsahel.com\/index.php?rest_route=\/wp\/v2\/media\/2278"}],"wp:attachment":[{"href":"https:\/\/voxsahel.com\/index.php?rest_route=%2Fwp%2Fv2%2Fmedia&parent=2277"}],"wp:term":[{"taxonomy":"category","embeddable":true,"href":"https:\/\/voxsahel.com\/index.php?rest_route=%2Fwp%2Fv2%2Fcategories&post=2277"},{"taxonomy":"post_tag","embeddable":true,"href":"https:\/\/voxsahel.com\/index.php?rest_route=%2Fwp%2Fv2%2Ftags&post=2277"}],"curies":[{"name":"wp","href":"https:\/\/api.w.org\/{rel}","templated":true}]}}