{"id":2273,"date":"2025-07-09T09:41:35","date_gmt":"2025-07-09T09:41:35","guid":{"rendered":"https:\/\/voxsahel.com\/?p=2273"},"modified":"2025-07-09T09:42:01","modified_gmt":"2025-07-09T09:42:01","slug":"mercato-mohamed-konate-retourne-a-akhmat-grozny-nasser-djiga-prete-aux-rangers","status":"publish","type":"post","link":"https:\/\/voxsahel.com\/?p=2273","title":{"rendered":"Mercato : Mohamed Konat\u00e9 retourne \u00e0 Akhmat Grozny, Nasser Djiga pr\u00eat\u00e9 aux Rangers"},"content":{"rendered":"<p class=\"p1\">Le mercato estival 2025 continue de r\u00e9server son lot de mouvements pour les internationaux burkinab\u00e8. Deux figures montantes du football national, Mohamed Konat\u00e9 et Nasser Djiga, viennent d\u2019officialiser de nouveaux d\u00e9fis dans leurs carri\u00e8res respectives.<\/p>\n<p class=\"p1\" style=\"text-align: center;\"><span class=\"s1\"><b>Mohamed Konat\u00e9 de retour en Russie<\/b><\/span><\/p>\n<p class=\"p1\"><span class=\"s2\">Un an seulement apr\u00e8s son arriv\u00e9e \u00e0 Al Riyadh en Arabie saoudite, Mohamed Konat\u00e9 fait ses valises. L\u2019attaquant burkinab\u00e8 retrouve un visage familier en s\u2019engageant pour trois saisons avec son ancien club, l\u2019Akhmat Grozny, en Russie.<\/span><\/p>\n<p class=\"p1\"><span class=\"s2\">Durant son passage \u00e0 Al Riyadh, l\u2019avant-centre de 26 ans a disput\u00e9 29 matchs, inscrivant 4 buts et d\u00e9livrant 2 passes d\u00e9cisives. Malgr\u00e9 un temps de jeu cons\u00e9quent, Konat\u00e9 a visiblement pr\u00e9f\u00e9r\u00e9 un retour dans un environnement qu\u2019il conna\u00eet bien, et o\u00f9 il esp\u00e8re relancer pleinement sa carri\u00e8re.<\/span><\/p>\n<p class=\"p1\"><span class=\"s1\"><b>Nasser Djiga pr\u00eat\u00e9 aux Rangers de Glasgow<\/b><\/span><\/p>\n<p class=\"p1\"><span class=\"s2\">Autre mouvement important : Nasser Djiga rejoint les Rangers de Glasgow. Comme annonc\u00e9 en exclusivit\u00e9 par Burkina 24, le d\u00e9fenseur central de 22 ans est pr\u00eat\u00e9 pour une saison par Wolverhampton, son club en Angleterre.<\/span><\/p>\n<p class=\"p1\"><span class=\"s2\">Arriv\u00e9 chez les Wolves en manque de rythme, Djiga n\u2019a disput\u00e9 que six matchs lors de sa premi\u00e8re saison. Ce pr\u00eat en \u00c9cosse appara\u00eet donc comme une opportunit\u00e9 id\u00e9ale pour engranger du temps de jeu et confirmer tout son potentiel. Le club \u00e9cossais, actuellement en pleine reconstruction, voit en lui un \u00e9l\u00e9ment cl\u00e9 de sa d\u00e9fense et envisage de l\u2019utiliser comme titulaire d\u00e8s le d\u00e9but de saison.<\/span><\/p>\n<p class=\"p1\"><span class=\"s2\">\u00c0 noter que l\u2019accord entre Wolverhampton et les Rangers ne comporte pas de clause d\u2019option d\u2019achat, preuve que les Anglais comptent encore sur le jeune Burkinab\u00e8 \u00e0 long terme.<\/span><\/p>\n<p style=\"text-align: right;\"><strong>Par Vox Sahel\u00a0<\/strong><\/p>\n","protected":false},"excerpt":{"rendered":"<p>Le mercato estival 2025 continue de r\u00e9server son lot de mouvements pour les internationaux burkinab\u00e8.<\/p>\n","protected":false},"author":2,"featured_media":2274,"comment_status":"open","ping_status":"open","sticky":false,"template":"","format":"standard","meta":{"_et_pb_use_builder":"","_et_pb_old_content":"","_et_gb_content_width":"","footnotes":""},"categories":[12],"tags":[18,35,834,591,392,34],"class_list":["post-2273","post","type-post","status-publish","format-standard","has-post-thumbnail","hentry","category-sports","tag-burkina-faso","tag-football","tag-mohamed-konate","tag-nasser-djiga","tag-russie","tag-sport"],"yoast_head":"<!-- This site is optimized with the Yoast SEO plugin v27.5 - https:\/\/yoast.com\/product\/yoast-seo-wordpress\/ -->\n<title>Mercato : Mohamed Konat\u00e9 retourne \u00e0 Akhmat Grozny, Nasser Djiga pr\u00eat\u00e9 aux Rangers - Vox Sahel<\/title>\n<meta name=\"robots\" content=\"index, follow, max-snippet:-1, max-image-preview:large, max-video-preview:-1\" \/>\n<link rel=\"canonical\" href=\"https:\/\/voxsahel.com\/?p=2273\" \/>\n<meta property=\"og:locale\" content=\"fr_FR\" \/>\n<meta property=\"og:type\" content=\"article\" \/>\n<meta property=\"og:title\" content=\"Mercato : Mohamed Konat\u00e9 retourne \u00e0 Akhmat Grozny, Nasser Djiga pr\u00eat\u00e9 aux Rangers - Vox Sahel\" \/>\n<meta property=\"og:description\" content=\"Le mercato estival 2025 continue de r\u00e9server son lot de mouvements pour les internationaux burkinab\u00e8.\" \/>\n<meta property=\"og:url\" content=\"https:\/\/voxsahel.com\/?p=2273\" \/>\n<meta property=\"og:site_name\" content=\"Vox Sahel\" \/>\n<meta property=\"article:publisher\" content=\"https:\/\/www.facebook.com\/journal.voxsahel\" \/>\n<meta property=\"article:published_time\" content=\"2025-07-09T09:41:35+00:00\" \/>\n<meta property=\"article:modified_time\" content=\"2025-07-09T09:42:01+00:00\" \/>\n<meta property=\"og:image\" content=\"https:\/\/voxsahel.com\/wp-content\/uploads\/2025\/07\/IMG_1469.jpeg\" \/>\n\t<meta property=\"og:image:width\" content=\"2048\" \/>\n\t<meta property=\"og:image:height\" content=\"2048\" \/>\n\t<meta property=\"og:image:type\" content=\"image\/jpeg\" \/>\n<meta name=\"author\" content=\"Vox Sahel\" \/>\n<meta name=\"twitter:card\" content=\"summary_large_image\" \/>\n<meta name=\"twitter:label1\" content=\"\u00c9crit par\" \/>\n\t<meta name=\"twitter:data1\" content=\"Vox Sahel\" \/>\n\t<meta name=\"twitter:label2\" content=\"Dur\u00e9e de lecture estim\u00e9e\" \/>\n\t<meta name=\"twitter:data2\" content=\"2 minutes\" \/>\n<script type=\"application\/ld+json\" class=\"yoast-schema-graph\">{\"@context\":\"https:\\\/\\\/schema.org\",\"@graph\":[{\"@type\":\"Article\",\"@id\":\"https:\\\/\\\/voxsahel.com\\\/?p=2273#article\",\"isPartOf\":{\"@id\":\"https:\\\/\\\/voxsahel.com\\\/?p=2273\"},\"author\":{\"name\":\"Vox Sahel\",\"@id\":\"https:\\\/\\\/voxsahel.com\\\/#\\\/schema\\\/person\\\/b4043608248f8fa227cd760e7ff1e19e\"},\"headline\":\"Mercato : Mohamed Konat\u00e9 retourne \u00e0 Akhmat Grozny, Nasser Djiga pr\u00eat\u00e9 aux Rangers\",\"datePublished\":\"2025-07-09T09:41:35+00:00\",\"dateModified\":\"2025-07-09T09:42:01+00:00\",\"mainEntityOfPage\":{\"@id\":\"https:\\\/\\\/voxsahel.com\\\/?p=2273\"},\"wordCount\":301,\"commentCount\":0,\"publisher\":{\"@id\":\"https:\\\/\\\/voxsahel.com\\\/#organization\"},\"image\":{\"@id\":\"https:\\\/\\\/voxsahel.com\\\/?p=2273#primaryimage\"},\"thumbnailUrl\":\"https:\\\/\\\/voxsahel.com\\\/wp-content\\\/uploads\\\/2025\\\/07\\\/IMG_1469.jpeg\",\"keywords\":[\"Burkina Faso\",\"Football\",\"Mohamed Konat\u00e9\",\"Nasser Djiga\",\"Russie\",\"Sport\"],\"articleSection\":[\"SPORTS\"],\"inLanguage\":\"fr-FR\",\"potentialAction\":[{\"@type\":\"CommentAction\",\"name\":\"Comment\",\"target\":[\"https:\\\/\\\/voxsahel.com\\\/?p=2273#respond\"]}]},{\"@type\":\"WebPage\",\"@id\":\"https:\\\/\\\/voxsahel.com\\\/?p=2273\",\"url\":\"https:\\\/\\\/voxsahel.com\\\/?p=2273\",\"name\":\"Mercato : Mohamed Konat\u00e9 retourne \u00e0 Akhmat Grozny, Nasser Djiga pr\u00eat\u00e9 aux Rangers - Vox Sahel\",\"isPartOf\":{\"@id\":\"https:\\\/\\\/voxsahel.com\\\/#website\"},\"primaryImageOfPage\":{\"@id\":\"https:\\\/\\\/voxsahel.com\\\/?p=2273#primaryimage\"},\"image\":{\"@id\":\"https:\\\/\\\/voxsahel.com\\\/?p=2273#primaryimage\"},\"thumbnailUrl\":\"https:\\\/\\\/voxsahel.com\\\/wp-content\\\/uploads\\\/2025\\\/07\\\/IMG_1469.jpeg\",\"datePublished\":\"2025-07-09T09:41:35+00:00\",\"dateModified\":\"2025-07-09T09:42:01+00:00\",\"breadcrumb\":{\"@id\":\"https:\\\/\\\/voxsahel.com\\\/?p=2273#breadcrumb\"},\"inLanguage\":\"fr-FR\",\"potentialAction\":[{\"@type\":\"ReadAction\",\"target\":[\"https:\\\/\\\/voxsahel.com\\\/?p=2273\"]}]},{\"@type\":\"ImageObject\",\"inLanguage\":\"fr-FR\",\"@id\":\"https:\\\/\\\/voxsahel.com\\\/?p=2273#primaryimage\",\"url\":\"https:\\\/\\\/voxsahel.com\\\/wp-content\\\/uploads\\\/2025\\\/07\\\/IMG_1469.jpeg\",\"contentUrl\":\"https:\\\/\\\/voxsahel.com\\\/wp-content\\\/uploads\\\/2025\\\/07\\\/IMG_1469.jpeg\",\"width\":2048,\"height\":2048},{\"@type\":\"BreadcrumbList\",\"@id\":\"https:\\\/\\\/voxsahel.com\\\/?p=2273#breadcrumb\",\"itemListElement\":[{\"@type\":\"ListItem\",\"position\":1,\"name\":\"Home\",\"item\":\"https:\\\/\\\/voxsahel.com\\\/\"},{\"@type\":\"ListItem\",\"position\":2,\"name\":\"Mercato : Mohamed Konat\u00e9 retourne \u00e0 Akhmat Grozny, Nasser Djiga pr\u00eat\u00e9 aux Rangers\"}]},{\"@type\":\"WebSite\",\"@id\":\"https:\\\/\\\/voxsahel.com\\\/#website\",\"url\":\"https:\\\/\\\/voxsahel.com\\\/\",\"name\":\"Vox Sahel\",\"description\":\"Informez-vous sur le Sahel en un clic\",\"publisher\":{\"@id\":\"https:\\\/\\\/voxsahel.com\\\/#organization\"},\"potentialAction\":[{\"@type\":\"SearchAction\",\"target\":{\"@type\":\"EntryPoint\",\"urlTemplate\":\"https:\\\/\\\/voxsahel.com\\\/?s={search_term_string}\"},\"query-input\":{\"@type\":\"PropertyValueSpecification\",\"valueRequired\":true,\"valueName\":\"search_term_string\"}}],\"inLanguage\":\"fr-FR\"},{\"@type\":\"Organization\",\"@id\":\"https:\\\/\\\/voxsahel.com\\\/#organization\",\"name\":\"Vox Sahel\",\"url\":\"https:\\\/\\\/voxsahel.com\\\/\",\"logo\":{\"@type\":\"ImageObject\",\"inLanguage\":\"fr-FR\",\"@id\":\"https:\\\/\\\/voxsahel.com\\\/#\\\/schema\\\/logo\\\/image\\\/\",\"url\":\"https:\\\/\\\/voxsahel.com\\\/wp-content\\\/uploads\\\/2024\\\/09\\\/Logo-Vox-Sahel.jpg\",\"contentUrl\":\"https:\\\/\\\/voxsahel.com\\\/wp-content\\\/uploads\\\/2024\\\/09\\\/Logo-Vox-Sahel.jpg\",\"width\":1181,\"height\":848,\"caption\":\"Vox Sahel\"},\"image\":{\"@id\":\"https:\\\/\\\/voxsahel.com\\\/#\\\/schema\\\/logo\\\/image\\\/\"},\"sameAs\":[\"https:\\\/\\\/www.facebook.com\\\/journal.voxsahel\"]},{\"@type\":\"Person\",\"@id\":\"https:\\\/\\\/voxsahel.com\\\/#\\\/schema\\\/person\\\/b4043608248f8fa227cd760e7ff1e19e\",\"name\":\"Vox Sahel\",\"image\":{\"@type\":\"ImageObject\",\"inLanguage\":\"fr-FR\",\"@id\":\"https:\\\/\\\/secure.gravatar.com\\\/avatar\\\/f70e7fa0cb9b29d4a7c5788d6eb2e9ab4d3135cbae1c9161810fdf77a8964699?s=96&d=mm&r=g\",\"url\":\"https:\\\/\\\/secure.gravatar.com\\\/avatar\\\/f70e7fa0cb9b29d4a7c5788d6eb2e9ab4d3135cbae1c9161810fdf77a8964699?s=96&d=mm&r=g\",\"contentUrl\":\"https:\\\/\\\/secure.gravatar.com\\\/avatar\\\/f70e7fa0cb9b29d4a7c5788d6eb2e9ab4d3135cbae1c9161810fdf77a8964699?s=96&d=mm&r=g\",\"caption\":\"Vox Sahel\"},\"sameAs\":[\"http:\\\/\\\/www.voxsahel.com\"],\"url\":\"https:\\\/\\\/voxsahel.com\\\/?author=2\"}]}<\/script>\n<!-- \/ Yoast SEO plugin. -->","yoast_head_json":{"title":"Mercato : Mohamed Konat\u00e9 retourne \u00e0 Akhmat Grozny, Nasser Djiga pr\u00eat\u00e9 aux Rangers - Vox Sahel","robots":{"index":"index","follow":"follow","max-snippet":"max-snippet:-1","max-image-preview":"max-image-preview:large","max-video-preview":"max-video-preview:-1"},"canonical":"https:\/\/voxsahel.com\/?p=2273","og_locale":"fr_FR","og_type":"article","og_title":"Mercato : Mohamed Konat\u00e9 retourne \u00e0 Akhmat Grozny, Nasser Djiga pr\u00eat\u00e9 aux Rangers - Vox Sahel","og_description":"Le mercato estival 2025 continue de r\u00e9server son lot de mouvements pour les internationaux burkinab\u00e8.","og_url":"https:\/\/voxsahel.com\/?p=2273","og_site_name":"Vox Sahel","article_publisher":"https:\/\/www.facebook.com\/journal.voxsahel","article_published_time":"2025-07-09T09:41:35+00:00","article_modified_time":"2025-07-09T09:42:01+00:00","og_image":[{"width":2048,"height":2048,"url":"https:\/\/voxsahel.com\/wp-content\/uploads\/2025\/07\/IMG_1469.jpeg","type":"image\/jpeg"}],"author":"Vox Sahel","twitter_card":"summary_large_image","twitter_misc":{"\u00c9crit par":"Vox Sahel","Dur\u00e9e de lecture estim\u00e9e":"2 minutes"},"schema":{"@context":"https:\/\/schema.org","@graph":[{"@type":"Article","@id":"https:\/\/voxsahel.com\/?p=2273#article","isPartOf":{"@id":"https:\/\/voxsahel.com\/?p=2273"},"author":{"name":"Vox Sahel","@id":"https:\/\/voxsahel.com\/#\/schema\/person\/b4043608248f8fa227cd760e7ff1e19e"},"headline":"Mercato : Mohamed Konat\u00e9 retourne \u00e0 Akhmat Grozny, Nasser Djiga pr\u00eat\u00e9 aux Rangers","datePublished":"2025-07-09T09:41:35+00:00","dateModified":"2025-07-09T09:42:01+00:00","mainEntityOfPage":{"@id":"https:\/\/voxsahel.com\/?p=2273"},"wordCount":301,"commentCount":0,"publisher":{"@id":"https:\/\/voxsahel.com\/#organization"},"image":{"@id":"https:\/\/voxsahel.com\/?p=2273#primaryimage"},"thumbnailUrl":"https:\/\/voxsahel.com\/wp-content\/uploads\/2025\/07\/IMG_1469.jpeg","keywords":["Burkina Faso","Football","Mohamed Konat\u00e9","Nasser Djiga","Russie","Sport"],"articleSection":["SPORTS"],"inLanguage":"fr-FR","potentialAction":[{"@type":"CommentAction","name":"Comment","target":["https:\/\/voxsahel.com\/?p=2273#respond"]}]},{"@type":"WebPage","@id":"https:\/\/voxsahel.com\/?p=2273","url":"https:\/\/voxsahel.com\/?p=2273","name":"Mercato : Mohamed Konat\u00e9 retourne \u00e0 Akhmat Grozny, Nasser Djiga pr\u00eat\u00e9 aux Rangers - Vox Sahel","isPartOf":{"@id":"https:\/\/voxsahel.com\/#website"},"primaryImageOfPage":{"@id":"https:\/\/voxsahel.com\/?p=2273#primaryimage"},"image":{"@id":"https:\/\/voxsahel.com\/?p=2273#primaryimage"},"thumbnailUrl":"https:\/\/voxsahel.com\/wp-content\/uploads\/2025\/07\/IMG_1469.jpeg","datePublished":"2025-07-09T09:41:35+00:00","dateModified":"2025-07-09T09:42:01+00:00","breadcrumb":{"@id":"https:\/\/voxsahel.com\/?p=2273#breadcrumb"},"inLanguage":"fr-FR","potentialAction":[{"@type":"ReadAction","target":["https:\/\/voxsahel.com\/?p=2273"]}]},{"@type":"ImageObject","inLanguage":"fr-FR","@id":"https:\/\/voxsahel.com\/?p=2273#primaryimage","url":"https:\/\/voxsahel.com\/wp-content\/uploads\/2025\/07\/IMG_1469.jpeg","contentUrl":"https:\/\/voxsahel.com\/wp-content\/uploads\/2025\/07\/IMG_1469.jpeg","width":2048,"height":2048},{"@type":"BreadcrumbList","@id":"https:\/\/voxsahel.com\/?p=2273#breadcrumb","itemListElement":[{"@type":"ListItem","position":1,"name":"Home","item":"https:\/\/voxsahel.com\/"},{"@type":"ListItem","position":2,"name":"Mercato : Mohamed Konat\u00e9 retourne \u00e0 Akhmat Grozny, Nasser Djiga pr\u00eat\u00e9 aux Rangers"}]},{"@type":"WebSite","@id":"https:\/\/voxsahel.com\/#website","url":"https:\/\/voxsahel.com\/","name":"Vox Sahel","description":"Informez-vous sur le Sahel en un clic","publisher":{"@id":"https:\/\/voxsahel.com\/#organization"},"potentialAction":[{"@type":"SearchAction","target":{"@type":"EntryPoint","urlTemplate":"https:\/\/voxsahel.com\/?s={search_term_string}"},"query-input":{"@type":"PropertyValueSpecification","valueRequired":true,"valueName":"search_term_string"}}],"inLanguage":"fr-FR"},{"@type":"Organization","@id":"https:\/\/voxsahel.com\/#organization","name":"Vox Sahel","url":"https:\/\/voxsahel.com\/","logo":{"@type":"ImageObject","inLanguage":"fr-FR","@id":"https:\/\/voxsahel.com\/#\/schema\/logo\/image\/","url":"https:\/\/voxsahel.com\/wp-content\/uploads\/2024\/09\/Logo-Vox-Sahel.jpg","contentUrl":"https:\/\/voxsahel.com\/wp-content\/uploads\/2024\/09\/Logo-Vox-Sahel.jpg","width":1181,"height":848,"caption":"Vox Sahel"},"image":{"@id":"https:\/\/voxsahel.com\/#\/schema\/logo\/image\/"},"sameAs":["https:\/\/www.facebook.com\/journal.voxsahel"]},{"@type":"Person","@id":"https:\/\/voxsahel.com\/#\/schema\/person\/b4043608248f8fa227cd760e7ff1e19e","name":"Vox Sahel","image":{"@type":"ImageObject","inLanguage":"fr-FR","@id":"https:\/\/secure.gravatar.com\/avatar\/f70e7fa0cb9b29d4a7c5788d6eb2e9ab4d3135cbae1c9161810fdf77a8964699?s=96&d=mm&r=g","url":"https:\/\/secure.gravatar.com\/avatar\/f70e7fa0cb9b29d4a7c5788d6eb2e9ab4d3135cbae1c9161810fdf77a8964699?s=96&d=mm&r=g","contentUrl":"https:\/\/secure.gravatar.com\/avatar\/f70e7fa0cb9b29d4a7c5788d6eb2e9ab4d3135cbae1c9161810fdf77a8964699?s=96&d=mm&r=g","caption":"Vox Sahel"},"sameAs":["http:\/\/www.voxsahel.com"],"url":"https:\/\/voxsahel.com\/?author=2"}]}},"_links":{"self":[{"href":"https:\/\/voxsahel.com\/index.php?rest_route=\/wp\/v2\/posts\/2273","targetHints":{"allow":["GET"]}}],"collection":[{"href":"https:\/\/voxsahel.com\/index.php?rest_route=\/wp\/v2\/posts"}],"about":[{"href":"https:\/\/voxsahel.com\/index.php?rest_route=\/wp\/v2\/types\/post"}],"author":[{"embeddable":true,"href":"https:\/\/voxsahel.com\/index.php?rest_route=\/wp\/v2\/users\/2"}],"replies":[{"embeddable":true,"href":"https:\/\/voxsahel.com\/index.php?rest_route=%2Fwp%2Fv2%2Fcomments&post=2273"}],"version-history":[{"count":1,"href":"https:\/\/voxsahel.com\/index.php?rest_route=\/wp\/v2\/posts\/2273\/revisions"}],"predecessor-version":[{"id":2275,"href":"https:\/\/voxsahel.com\/index.php?rest_route=\/wp\/v2\/posts\/2273\/revisions\/2275"}],"wp:featuredmedia":[{"embeddable":true,"href":"https:\/\/voxsahel.com\/index.php?rest_route=\/wp\/v2\/media\/2274"}],"wp:attachment":[{"href":"https:\/\/voxsahel.com\/index.php?rest_route=%2Fwp%2Fv2%2Fmedia&parent=2273"}],"wp:term":[{"taxonomy":"category","embeddable":true,"href":"https:\/\/voxsahel.com\/index.php?rest_route=%2Fwp%2Fv2%2Fcategories&post=2273"},{"taxonomy":"post_tag","embeddable":true,"href":"https:\/\/voxsahel.com\/index.php?rest_route=%2Fwp%2Fv2%2Ftags&post=2273"}],"curies":[{"name":"wp","href":"https:\/\/api.w.org\/{rel}","templated":true}]}}