{"id":2266,"date":"2025-07-07T18:13:56","date_gmt":"2025-07-07T18:13:56","guid":{"rendered":"https:\/\/voxsahel.com\/?p=2266"},"modified":"2025-07-07T18:13:56","modified_gmt":"2025-07-07T18:13:56","slug":"mobilisation-des-ressources-le-directeur-general-des-douanes-exhorte-a-lesprit-dequipe-pour-latteinte-des-objectifs-2025","status":"publish","type":"post","link":"https:\/\/voxsahel.com\/?p=2266","title":{"rendered":"Mobilisation des ressources : Le Directeur G\u00e9n\u00e9ral des Douanes exhorte \u00e0 l\u2019esprit d\u2019\u00e9quipe pour l\u2019atteinte des objectifs 2025"},"content":{"rendered":"<p class=\"p1\">Dans un contexte \u00e9conomique exigeant et face \u00e0 des objectifs de mobilisation de recettes toujours plus ambitieux, le Directeur G\u00e9n\u00e9ral des Douanes, l\u2019Inspecteur Divisionnaire Yves KAFANDO, a pr\u00e9sid\u00e9 ce lundi une importante r\u00e9union de travail avec les Directeurs R\u00e9gionaux et Chefs de Bureaux des Douanes.<\/p>\n<p class=\"p1\"><span class=\"s3\">Cette rencontre strat\u00e9gique s\u2019inscrit dans la dynamique de renforcement de la gouvernance douani\u00e8re et vise \u00e0 impulser une nouvelle \u00e9nergie autour des grandes orientations de la Direction G\u00e9n\u00e9rale des Douanes (DGD). Au c\u0153ur des \u00e9changes : l\u2019atteinte de l\u2019objectif national de recettes douani\u00e8res fix\u00e9 \u00e0 1 253 595 489 000 FCFA pour l\u2019ann\u00e9e 2025.<\/span><\/p>\n<p class=\"p1\"><span class=\"s3\">Dans son adresse, le Directeur G\u00e9n\u00e9ral a rappel\u00e9 l\u2019imp\u00e9ratif d\u2019un engagement collectif et d\u2019une rigueur sans faille dans l\u2019exercice des missions douani\u00e8res. Il a notamment insist\u00e9 sur le respect scrupuleux de la r\u00e9glementation en vigueur, la discipline professionnelle et, surtout, la promotion d\u2019un esprit d\u2019\u00e9quipe fort entre les diff\u00e9rents \u00e9chelons de l\u2019administration.<\/span><\/p>\n<blockquote>\n<p class=\"p1\"><span class=\"s3\"><em>\u00ab C\u2019est dans la coh\u00e9sion, la solidarit\u00e9 et la responsabilit\u00e9 que nous pourrons b\u00e2tir une douane performante, au service du d\u00e9veloppement national \u00bb<\/em>, a d\u00e9clar\u00e9 Yves KAFANDO, appelant chaque acteur \u00e0 jouer pleinement sa partition dans cette dynamique de performance.<\/span><\/p>\n<\/blockquote>\n<p class=\"p1\"><span class=\"s3\">Les responsables d\u00e9concentr\u00e9s, pour leur part, ont salu\u00e9 l\u2019initiative du Directeur G\u00e9n\u00e9ral, qu\u2019ils ont qualifi\u00e9e de rassembleuse et inspirante. Ils ont exprim\u00e9 leur adh\u00e9sion pleine et enti\u00e8re \u00e0 la vision strat\u00e9gique port\u00e9e par la DGD, tout en r\u00e9affirmant leur volont\u00e9 de travailler en synergie pour relever les d\u00e9fis communs.<\/span><\/p>\n<p class=\"p1\"><span class=\"s3\">Cette rencontre marque ainsi une \u00e9tape cl\u00e9 dans la volont\u00e9 des Douanes burkinab\u00e8 de construire une administration moderne, efficace et exemplaire, capable de r\u00e9pondre aux exigences \u00e9conomiques du moment et de contribuer significativement aux efforts de d\u00e9veloppement du pays.<\/span><\/p>\n<p class=\"p1\" style=\"text-align: right;\"><span class=\"s3\"><b>Par Vox Sahel <\/b><\/span><\/p>\n","protected":false},"excerpt":{"rendered":"<p>Dans un contexte \u00e9conomique exigeant et face \u00e0 des objectifs de mobilisation de recettes toujours<\/p>\n","protected":false},"author":2,"featured_media":2267,"comment_status":"open","ping_status":"open","sticky":false,"template":"","format":"standard","meta":{"_et_pb_use_builder":"","_et_pb_old_content":"","_et_gb_content_width":"","footnotes":""},"categories":[8],"tags":[18,746,142,146,370,310,678,823],"class_list":["post-2266","post","type-post","status-publish","format-standard","has-post-thumbnail","hentry","category-developpement","tag-burkina-faso","tag-direction-generale-des-douanes","tag-douane","tag-douanes-du-burkina-faso","tag-observatoire-pour-la-celerite-des-operations-douanieres-au-burkina-faso","tag-organisation-mondiale-des-douanes","tag-taxes-douanieres","tag-yves-kafando"],"yoast_head":"<!-- This site is optimized with the Yoast SEO plugin v27.5 - https:\/\/yoast.com\/product\/yoast-seo-wordpress\/ -->\n<title>Mobilisation des ressources : Le Directeur G\u00e9n\u00e9ral des Douanes exhorte \u00e0 l\u2019esprit d\u2019\u00e9quipe pour l\u2019atteinte des objectifs 2025 - Vox Sahel<\/title>\n<meta name=\"robots\" content=\"index, follow, max-snippet:-1, max-image-preview:large, max-video-preview:-1\" \/>\n<link rel=\"canonical\" href=\"https:\/\/voxsahel.com\/?p=2266\" \/>\n<meta property=\"og:locale\" content=\"fr_FR\" \/>\n<meta property=\"og:type\" content=\"article\" \/>\n<meta property=\"og:title\" content=\"Mobilisation des ressources : Le Directeur G\u00e9n\u00e9ral des Douanes exhorte \u00e0 l\u2019esprit d\u2019\u00e9quipe pour l\u2019atteinte des objectifs 2025 - Vox Sahel\" \/>\n<meta property=\"og:description\" content=\"Dans un contexte \u00e9conomique exigeant et face \u00e0 des objectifs de mobilisation de recettes toujours\" \/>\n<meta property=\"og:url\" content=\"https:\/\/voxsahel.com\/?p=2266\" \/>\n<meta property=\"og:site_name\" content=\"Vox Sahel\" \/>\n<meta property=\"article:publisher\" content=\"https:\/\/www.facebook.com\/journal.voxsahel\" \/>\n<meta property=\"article:published_time\" content=\"2025-07-07T18:13:56+00:00\" \/>\n<meta property=\"og:image\" content=\"https:\/\/voxsahel.com\/wp-content\/uploads\/2025\/07\/IMG_0940.jpeg\" \/>\n\t<meta property=\"og:image:width\" content=\"936\" \/>\n\t<meta property=\"og:image:height\" content=\"510\" \/>\n\t<meta property=\"og:image:type\" content=\"image\/jpeg\" \/>\n<meta name=\"author\" content=\"Vox Sahel\" \/>\n<meta name=\"twitter:card\" content=\"summary_large_image\" \/>\n<meta name=\"twitter:label1\" content=\"\u00c9crit par\" \/>\n\t<meta name=\"twitter:data1\" content=\"Vox Sahel\" \/>\n\t<meta name=\"twitter:label2\" content=\"Dur\u00e9e de lecture estim\u00e9e\" \/>\n\t<meta name=\"twitter:data2\" content=\"2 minutes\" \/>\n<script type=\"application\/ld+json\" class=\"yoast-schema-graph\">{\"@context\":\"https:\\\/\\\/schema.org\",\"@graph\":[{\"@type\":\"Article\",\"@id\":\"https:\\\/\\\/voxsahel.com\\\/?p=2266#article\",\"isPartOf\":{\"@id\":\"https:\\\/\\\/voxsahel.com\\\/?p=2266\"},\"author\":{\"name\":\"Vox Sahel\",\"@id\":\"https:\\\/\\\/voxsahel.com\\\/#\\\/schema\\\/person\\\/b4043608248f8fa227cd760e7ff1e19e\"},\"headline\":\"Mobilisation des ressources : Le Directeur G\u00e9n\u00e9ral des Douanes exhorte \u00e0 l\u2019esprit d\u2019\u00e9quipe pour l\u2019atteinte des objectifs 2025\",\"datePublished\":\"2025-07-07T18:13:56+00:00\",\"mainEntityOfPage\":{\"@id\":\"https:\\\/\\\/voxsahel.com\\\/?p=2266\"},\"wordCount\":338,\"commentCount\":0,\"publisher\":{\"@id\":\"https:\\\/\\\/voxsahel.com\\\/#organization\"},\"image\":{\"@id\":\"https:\\\/\\\/voxsahel.com\\\/?p=2266#primaryimage\"},\"thumbnailUrl\":\"https:\\\/\\\/voxsahel.com\\\/wp-content\\\/uploads\\\/2025\\\/07\\\/IMG_0940.jpeg\",\"keywords\":[\"Burkina Faso\",\"Direction g\u00e9n\u00e9rale des Douanes\",\"Douane\",\"Douanes du Burkina Faso\",\"Observatoire pour la c\u00e9l\u00e9rit\u00e9 des op\u00e9rations douani\u00e8res au Burkina Faso\",\"Organisation mondiale des Douanes\",\"Taxes douani\u00e8res\",\"Yves Kafando\"],\"articleSection\":[\"DEVELOPPEMENT\"],\"inLanguage\":\"fr-FR\",\"potentialAction\":[{\"@type\":\"CommentAction\",\"name\":\"Comment\",\"target\":[\"https:\\\/\\\/voxsahel.com\\\/?p=2266#respond\"]}]},{\"@type\":\"WebPage\",\"@id\":\"https:\\\/\\\/voxsahel.com\\\/?p=2266\",\"url\":\"https:\\\/\\\/voxsahel.com\\\/?p=2266\",\"name\":\"Mobilisation des ressources : Le Directeur G\u00e9n\u00e9ral des Douanes exhorte \u00e0 l\u2019esprit d\u2019\u00e9quipe pour l\u2019atteinte des objectifs 2025 - Vox Sahel\",\"isPartOf\":{\"@id\":\"https:\\\/\\\/voxsahel.com\\\/#website\"},\"primaryImageOfPage\":{\"@id\":\"https:\\\/\\\/voxsahel.com\\\/?p=2266#primaryimage\"},\"image\":{\"@id\":\"https:\\\/\\\/voxsahel.com\\\/?p=2266#primaryimage\"},\"thumbnailUrl\":\"https:\\\/\\\/voxsahel.com\\\/wp-content\\\/uploads\\\/2025\\\/07\\\/IMG_0940.jpeg\",\"datePublished\":\"2025-07-07T18:13:56+00:00\",\"breadcrumb\":{\"@id\":\"https:\\\/\\\/voxsahel.com\\\/?p=2266#breadcrumb\"},\"inLanguage\":\"fr-FR\",\"potentialAction\":[{\"@type\":\"ReadAction\",\"target\":[\"https:\\\/\\\/voxsahel.com\\\/?p=2266\"]}]},{\"@type\":\"ImageObject\",\"inLanguage\":\"fr-FR\",\"@id\":\"https:\\\/\\\/voxsahel.com\\\/?p=2266#primaryimage\",\"url\":\"https:\\\/\\\/voxsahel.com\\\/wp-content\\\/uploads\\\/2025\\\/07\\\/IMG_0940.jpeg\",\"contentUrl\":\"https:\\\/\\\/voxsahel.com\\\/wp-content\\\/uploads\\\/2025\\\/07\\\/IMG_0940.jpeg\",\"width\":936,\"height\":510},{\"@type\":\"BreadcrumbList\",\"@id\":\"https:\\\/\\\/voxsahel.com\\\/?p=2266#breadcrumb\",\"itemListElement\":[{\"@type\":\"ListItem\",\"position\":1,\"name\":\"Home\",\"item\":\"https:\\\/\\\/voxsahel.com\\\/\"},{\"@type\":\"ListItem\",\"position\":2,\"name\":\"Mobilisation des ressources : Le Directeur G\u00e9n\u00e9ral des Douanes exhorte \u00e0 l\u2019esprit d\u2019\u00e9quipe pour l\u2019atteinte des objectifs 2025\"}]},{\"@type\":\"WebSite\",\"@id\":\"https:\\\/\\\/voxsahel.com\\\/#website\",\"url\":\"https:\\\/\\\/voxsahel.com\\\/\",\"name\":\"Vox Sahel\",\"description\":\"Informez-vous sur le Sahel en un clic\",\"publisher\":{\"@id\":\"https:\\\/\\\/voxsahel.com\\\/#organization\"},\"potentialAction\":[{\"@type\":\"SearchAction\",\"target\":{\"@type\":\"EntryPoint\",\"urlTemplate\":\"https:\\\/\\\/voxsahel.com\\\/?s={search_term_string}\"},\"query-input\":{\"@type\":\"PropertyValueSpecification\",\"valueRequired\":true,\"valueName\":\"search_term_string\"}}],\"inLanguage\":\"fr-FR\"},{\"@type\":\"Organization\",\"@id\":\"https:\\\/\\\/voxsahel.com\\\/#organization\",\"name\":\"Vox Sahel\",\"url\":\"https:\\\/\\\/voxsahel.com\\\/\",\"logo\":{\"@type\":\"ImageObject\",\"inLanguage\":\"fr-FR\",\"@id\":\"https:\\\/\\\/voxsahel.com\\\/#\\\/schema\\\/logo\\\/image\\\/\",\"url\":\"https:\\\/\\\/voxsahel.com\\\/wp-content\\\/uploads\\\/2024\\\/09\\\/Logo-Vox-Sahel.jpg\",\"contentUrl\":\"https:\\\/\\\/voxsahel.com\\\/wp-content\\\/uploads\\\/2024\\\/09\\\/Logo-Vox-Sahel.jpg\",\"width\":1181,\"height\":848,\"caption\":\"Vox Sahel\"},\"image\":{\"@id\":\"https:\\\/\\\/voxsahel.com\\\/#\\\/schema\\\/logo\\\/image\\\/\"},\"sameAs\":[\"https:\\\/\\\/www.facebook.com\\\/journal.voxsahel\"]},{\"@type\":\"Person\",\"@id\":\"https:\\\/\\\/voxsahel.com\\\/#\\\/schema\\\/person\\\/b4043608248f8fa227cd760e7ff1e19e\",\"name\":\"Vox Sahel\",\"image\":{\"@type\":\"ImageObject\",\"inLanguage\":\"fr-FR\",\"@id\":\"https:\\\/\\\/secure.gravatar.com\\\/avatar\\\/f70e7fa0cb9b29d4a7c5788d6eb2e9ab4d3135cbae1c9161810fdf77a8964699?s=96&d=mm&r=g\",\"url\":\"https:\\\/\\\/secure.gravatar.com\\\/avatar\\\/f70e7fa0cb9b29d4a7c5788d6eb2e9ab4d3135cbae1c9161810fdf77a8964699?s=96&d=mm&r=g\",\"contentUrl\":\"https:\\\/\\\/secure.gravatar.com\\\/avatar\\\/f70e7fa0cb9b29d4a7c5788d6eb2e9ab4d3135cbae1c9161810fdf77a8964699?s=96&d=mm&r=g\",\"caption\":\"Vox Sahel\"},\"sameAs\":[\"http:\\\/\\\/www.voxsahel.com\"],\"url\":\"https:\\\/\\\/voxsahel.com\\\/?author=2\"}]}<\/script>\n<!-- \/ Yoast SEO plugin. -->","yoast_head_json":{"title":"Mobilisation des ressources : Le Directeur G\u00e9n\u00e9ral des Douanes exhorte \u00e0 l\u2019esprit d\u2019\u00e9quipe pour l\u2019atteinte des objectifs 2025 - Vox Sahel","robots":{"index":"index","follow":"follow","max-snippet":"max-snippet:-1","max-image-preview":"max-image-preview:large","max-video-preview":"max-video-preview:-1"},"canonical":"https:\/\/voxsahel.com\/?p=2266","og_locale":"fr_FR","og_type":"article","og_title":"Mobilisation des ressources : Le Directeur G\u00e9n\u00e9ral des Douanes exhorte \u00e0 l\u2019esprit d\u2019\u00e9quipe pour l\u2019atteinte des objectifs 2025 - Vox Sahel","og_description":"Dans un contexte \u00e9conomique exigeant et face \u00e0 des objectifs de mobilisation de recettes toujours","og_url":"https:\/\/voxsahel.com\/?p=2266","og_site_name":"Vox Sahel","article_publisher":"https:\/\/www.facebook.com\/journal.voxsahel","article_published_time":"2025-07-07T18:13:56+00:00","og_image":[{"width":936,"height":510,"url":"https:\/\/voxsahel.com\/wp-content\/uploads\/2025\/07\/IMG_0940.jpeg","type":"image\/jpeg"}],"author":"Vox Sahel","twitter_card":"summary_large_image","twitter_misc":{"\u00c9crit par":"Vox Sahel","Dur\u00e9e de lecture estim\u00e9e":"2 minutes"},"schema":{"@context":"https:\/\/schema.org","@graph":[{"@type":"Article","@id":"https:\/\/voxsahel.com\/?p=2266#article","isPartOf":{"@id":"https:\/\/voxsahel.com\/?p=2266"},"author":{"name":"Vox Sahel","@id":"https:\/\/voxsahel.com\/#\/schema\/person\/b4043608248f8fa227cd760e7ff1e19e"},"headline":"Mobilisation des ressources : Le Directeur G\u00e9n\u00e9ral des Douanes exhorte \u00e0 l\u2019esprit d\u2019\u00e9quipe pour l\u2019atteinte des objectifs 2025","datePublished":"2025-07-07T18:13:56+00:00","mainEntityOfPage":{"@id":"https:\/\/voxsahel.com\/?p=2266"},"wordCount":338,"commentCount":0,"publisher":{"@id":"https:\/\/voxsahel.com\/#organization"},"image":{"@id":"https:\/\/voxsahel.com\/?p=2266#primaryimage"},"thumbnailUrl":"https:\/\/voxsahel.com\/wp-content\/uploads\/2025\/07\/IMG_0940.jpeg","keywords":["Burkina Faso","Direction g\u00e9n\u00e9rale des Douanes","Douane","Douanes du Burkina Faso","Observatoire pour la c\u00e9l\u00e9rit\u00e9 des op\u00e9rations douani\u00e8res au Burkina Faso","Organisation mondiale des Douanes","Taxes douani\u00e8res","Yves Kafando"],"articleSection":["DEVELOPPEMENT"],"inLanguage":"fr-FR","potentialAction":[{"@type":"CommentAction","name":"Comment","target":["https:\/\/voxsahel.com\/?p=2266#respond"]}]},{"@type":"WebPage","@id":"https:\/\/voxsahel.com\/?p=2266","url":"https:\/\/voxsahel.com\/?p=2266","name":"Mobilisation des ressources : Le Directeur G\u00e9n\u00e9ral des Douanes exhorte \u00e0 l\u2019esprit d\u2019\u00e9quipe pour l\u2019atteinte des objectifs 2025 - Vox Sahel","isPartOf":{"@id":"https:\/\/voxsahel.com\/#website"},"primaryImageOfPage":{"@id":"https:\/\/voxsahel.com\/?p=2266#primaryimage"},"image":{"@id":"https:\/\/voxsahel.com\/?p=2266#primaryimage"},"thumbnailUrl":"https:\/\/voxsahel.com\/wp-content\/uploads\/2025\/07\/IMG_0940.jpeg","datePublished":"2025-07-07T18:13:56+00:00","breadcrumb":{"@id":"https:\/\/voxsahel.com\/?p=2266#breadcrumb"},"inLanguage":"fr-FR","potentialAction":[{"@type":"ReadAction","target":["https:\/\/voxsahel.com\/?p=2266"]}]},{"@type":"ImageObject","inLanguage":"fr-FR","@id":"https:\/\/voxsahel.com\/?p=2266#primaryimage","url":"https:\/\/voxsahel.com\/wp-content\/uploads\/2025\/07\/IMG_0940.jpeg","contentUrl":"https:\/\/voxsahel.com\/wp-content\/uploads\/2025\/07\/IMG_0940.jpeg","width":936,"height":510},{"@type":"BreadcrumbList","@id":"https:\/\/voxsahel.com\/?p=2266#breadcrumb","itemListElement":[{"@type":"ListItem","position":1,"name":"Home","item":"https:\/\/voxsahel.com\/"},{"@type":"ListItem","position":2,"name":"Mobilisation des ressources : Le Directeur G\u00e9n\u00e9ral des Douanes exhorte \u00e0 l\u2019esprit d\u2019\u00e9quipe pour l\u2019atteinte des objectifs 2025"}]},{"@type":"WebSite","@id":"https:\/\/voxsahel.com\/#website","url":"https:\/\/voxsahel.com\/","name":"Vox Sahel","description":"Informez-vous sur le Sahel en un clic","publisher":{"@id":"https:\/\/voxsahel.com\/#organization"},"potentialAction":[{"@type":"SearchAction","target":{"@type":"EntryPoint","urlTemplate":"https:\/\/voxsahel.com\/?s={search_term_string}"},"query-input":{"@type":"PropertyValueSpecification","valueRequired":true,"valueName":"search_term_string"}}],"inLanguage":"fr-FR"},{"@type":"Organization","@id":"https:\/\/voxsahel.com\/#organization","name":"Vox Sahel","url":"https:\/\/voxsahel.com\/","logo":{"@type":"ImageObject","inLanguage":"fr-FR","@id":"https:\/\/voxsahel.com\/#\/schema\/logo\/image\/","url":"https:\/\/voxsahel.com\/wp-content\/uploads\/2024\/09\/Logo-Vox-Sahel.jpg","contentUrl":"https:\/\/voxsahel.com\/wp-content\/uploads\/2024\/09\/Logo-Vox-Sahel.jpg","width":1181,"height":848,"caption":"Vox Sahel"},"image":{"@id":"https:\/\/voxsahel.com\/#\/schema\/logo\/image\/"},"sameAs":["https:\/\/www.facebook.com\/journal.voxsahel"]},{"@type":"Person","@id":"https:\/\/voxsahel.com\/#\/schema\/person\/b4043608248f8fa227cd760e7ff1e19e","name":"Vox Sahel","image":{"@type":"ImageObject","inLanguage":"fr-FR","@id":"https:\/\/secure.gravatar.com\/avatar\/f70e7fa0cb9b29d4a7c5788d6eb2e9ab4d3135cbae1c9161810fdf77a8964699?s=96&d=mm&r=g","url":"https:\/\/secure.gravatar.com\/avatar\/f70e7fa0cb9b29d4a7c5788d6eb2e9ab4d3135cbae1c9161810fdf77a8964699?s=96&d=mm&r=g","contentUrl":"https:\/\/secure.gravatar.com\/avatar\/f70e7fa0cb9b29d4a7c5788d6eb2e9ab4d3135cbae1c9161810fdf77a8964699?s=96&d=mm&r=g","caption":"Vox Sahel"},"sameAs":["http:\/\/www.voxsahel.com"],"url":"https:\/\/voxsahel.com\/?author=2"}]}},"_links":{"self":[{"href":"https:\/\/voxsahel.com\/index.php?rest_route=\/wp\/v2\/posts\/2266","targetHints":{"allow":["GET"]}}],"collection":[{"href":"https:\/\/voxsahel.com\/index.php?rest_route=\/wp\/v2\/posts"}],"about":[{"href":"https:\/\/voxsahel.com\/index.php?rest_route=\/wp\/v2\/types\/post"}],"author":[{"embeddable":true,"href":"https:\/\/voxsahel.com\/index.php?rest_route=\/wp\/v2\/users\/2"}],"replies":[{"embeddable":true,"href":"https:\/\/voxsahel.com\/index.php?rest_route=%2Fwp%2Fv2%2Fcomments&post=2266"}],"version-history":[{"count":1,"href":"https:\/\/voxsahel.com\/index.php?rest_route=\/wp\/v2\/posts\/2266\/revisions"}],"predecessor-version":[{"id":2268,"href":"https:\/\/voxsahel.com\/index.php?rest_route=\/wp\/v2\/posts\/2266\/revisions\/2268"}],"wp:featuredmedia":[{"embeddable":true,"href":"https:\/\/voxsahel.com\/index.php?rest_route=\/wp\/v2\/media\/2267"}],"wp:attachment":[{"href":"https:\/\/voxsahel.com\/index.php?rest_route=%2Fwp%2Fv2%2Fmedia&parent=2266"}],"wp:term":[{"taxonomy":"category","embeddable":true,"href":"https:\/\/voxsahel.com\/index.php?rest_route=%2Fwp%2Fv2%2Fcategories&post=2266"},{"taxonomy":"post_tag","embeddable":true,"href":"https:\/\/voxsahel.com\/index.php?rest_route=%2Fwp%2Fv2%2Ftags&post=2266"}],"curies":[{"name":"wp","href":"https:\/\/api.w.org\/{rel}","templated":true}]}}