{"id":2263,"date":"2025-07-06T18:24:08","date_gmt":"2025-07-06T18:24:08","guid":{"rendered":"https:\/\/voxsahel.com\/?p=2263"},"modified":"2025-07-06T18:24:08","modified_gmt":"2025-07-06T18:24:08","slug":"edito-redecoupage-du-territoire-national-un-pas-decisif-vers-lauthenticite-et-la-souverainete-territoriale","status":"publish","type":"post","link":"https:\/\/voxsahel.com\/?p=2263","title":{"rendered":"EDITO | Red\u00e9coupage du territoire national : Un pas d\u00e9cisif vers l\u2019authenticit\u00e9 et la souverainet\u00e9 territoriale"},"content":{"rendered":"<p class=\"p1\">En d\u00e9cidant d\u2019une r\u00e9organisation profonde de la carte administrative du Burkina Faso, le gouvernement vient d\u2019op\u00e9rer un tournant strat\u00e9gique et symbolique fort dans l\u2019histoire de notre pays. Le passage de 13 \u00e0 17 r\u00e9gions et de 45 \u00e0 47 provinces n\u2019est pas qu\u2019un simple acte administratif. Il s\u2019agit d\u2019une refondation r\u00e9fl\u00e9chie, enracin\u00e9e dans la vision du chef de l\u2019Etat, le Capitaine Ibrahim Traor\u00e9, de b\u00e2tir un Burkina souverain, authentique et mieux prot\u00e9g\u00e9.<\/p>\n<p class=\"p1\"><span class=\"s1\">Ce red\u00e9coupage territorial, qui prend en compte des imp\u00e9ratifs de s\u00e9curit\u00e9 et de proximit\u00e9 administrative, vient r\u00e9pondre \u00e0 une exigence vitale : offrir aux populations un \u00c9tat plus proche, plus \u00e0 l\u2019\u00e9coute et plus capable d\u2019agir efficacement. En faisant de la d\u00e9fense strat\u00e9gique un crit\u00e8re central dans la cr\u00e9ation des nouvelles entit\u00e9s, le gouvernement montre qu\u2019il est \u00e0 l\u2019\u00e9coute des r\u00e9alit\u00e9s du terrain. <\/span><\/p>\n<p class=\"p1\"><span class=\"s1\">La cr\u00e9ation des r\u00e9gions du Soum, de la Sirba, de la Tapoa et du Sourou, de m\u00eame que des nouvelles provinces du Dyamongou et de Karo-Peli, permet un maillage plus fin du territoire pour une meilleure gouvernance et une r\u00e9ponse cibl\u00e9e aux d\u00e9fis locaux.<br \/>\n<\/span><\/p>\n<p class=\"p1\"><span class=\"s1\">Mais au-del\u00e0 de la dimension s\u00e9curitaire, c\u2019est un profond retour \u00e0 nos racines culturelles qui s\u2019op\u00e8re. En donnant \u00e0 chaque r\u00e9gion un nom en langue nationale, le Burkina Faso affirme hautement sa volont\u00e9 de se r\u00e9approprier son identit\u00e9, de c\u00e9l\u00e9brer sa diversit\u00e9 linguistique et de valoriser ses valeurs endog\u00e8nes. <\/span><\/p>\n<p class=\"p1\"><span class=\"s1\">Bankui, Goulmou, Liptako, Kossin, Djelgodji\u2026 chaque nom sonne d\u00e9sormais comme un hommage vibrant \u00e0 l\u2019histoire, \u00e0 la culture et aux peuples qui font la richesse de notre pays. Ce choix politique courageux et symbolique n\u2019est pas sans cons\u00e9quence. Il exigera des efforts d\u2019adaptation, une p\u00e9dagogie accrue et une transition bien accompagn\u00e9e. Mais il constitue surtout une avanc\u00e9e majeure vers la souverainet\u00e9 culturelle et administrative du Burkina Faso.<\/span><\/p>\n<p class=\"p1\"><span class=\"s1\">Oui, ce pays change. Il se r\u00e9forme. Il s\u2019affirme. Et ce nouveau d\u00e9coupage administratif en est une preuve \u00e9clatante. Il appartient maintenant aux populations, aux collectivit\u00e9s locales, aux leaders communautaires et aux institutions d\u2019embrasser cette nouvelle \u00e8re avec engagement et responsabilit\u00e9. <\/span><\/p>\n<p class=\"p1\" style=\"text-align: left;\"><span class=\"s1\">Le Burkina Faso vient de graver dans sa g\u00e9ographie une empreinte de souverainet\u00e9 et d\u2019authenticit\u00e9. Il faut saluer cette vision audacieuse. Elle est porteuse d\u2019espoir, de coh\u00e9sion et de renouveau.<\/span><\/p>\n<p class=\"p1\" style=\"text-align: right;\"><span class=\"s1\"><b>La R\u00e9daction<\/b><\/span><\/p>\n","protected":false},"excerpt":{"rendered":"<p>En d\u00e9cidant d\u2019une r\u00e9organisation profonde de la carte administrative du Burkina Faso, le gouvernement vient<\/p>\n","protected":false},"author":2,"featured_media":2264,"comment_status":"open","ping_status":"open","sticky":false,"template":"","format":"standard","meta":{"_et_pb_use_builder":"","_et_pb_old_content":"","_et_gb_content_width":"","footnotes":""},"categories":[6],"tags":[18],"class_list":["post-2263","post","type-post","status-publish","format-standard","has-post-thumbnail","hentry","category-politique","tag-burkina-faso"],"yoast_head":"<!-- This site is optimized with the Yoast SEO plugin v27.5 - https:\/\/yoast.com\/product\/yoast-seo-wordpress\/ -->\n<title>EDITO | Red\u00e9coupage du territoire national : Un pas d\u00e9cisif vers l\u2019authenticit\u00e9 et la souverainet\u00e9 territoriale - Vox Sahel<\/title>\n<meta name=\"robots\" content=\"index, follow, max-snippet:-1, max-image-preview:large, max-video-preview:-1\" \/>\n<link rel=\"canonical\" href=\"https:\/\/voxsahel.com\/?p=2263\" \/>\n<meta property=\"og:locale\" content=\"fr_FR\" \/>\n<meta property=\"og:type\" content=\"article\" \/>\n<meta property=\"og:title\" content=\"EDITO | Red\u00e9coupage du territoire national : Un pas d\u00e9cisif vers l\u2019authenticit\u00e9 et la souverainet\u00e9 territoriale - Vox Sahel\" \/>\n<meta property=\"og:description\" content=\"En d\u00e9cidant d\u2019une r\u00e9organisation profonde de la carte administrative du Burkina Faso, le gouvernement vient\" \/>\n<meta property=\"og:url\" content=\"https:\/\/voxsahel.com\/?p=2263\" \/>\n<meta property=\"og:site_name\" content=\"Vox Sahel\" \/>\n<meta property=\"article:publisher\" content=\"https:\/\/www.facebook.com\/journal.voxsahel\" \/>\n<meta property=\"article:published_time\" content=\"2025-07-06T18:24:08+00:00\" \/>\n<meta property=\"og:image\" content=\"https:\/\/voxsahel.com\/wp-content\/uploads\/2025\/07\/IMG_0723.jpeg\" \/>\n\t<meta property=\"og:image:width\" content=\"1480\" \/>\n\t<meta property=\"og:image:height\" content=\"1080\" \/>\n\t<meta property=\"og:image:type\" content=\"image\/jpeg\" \/>\n<meta name=\"author\" content=\"Vox Sahel\" \/>\n<meta name=\"twitter:card\" content=\"summary_large_image\" \/>\n<meta name=\"twitter:label1\" content=\"\u00c9crit par\" \/>\n\t<meta name=\"twitter:data1\" content=\"Vox Sahel\" \/>\n\t<meta name=\"twitter:label2\" content=\"Dur\u00e9e de lecture estim\u00e9e\" \/>\n\t<meta name=\"twitter:data2\" content=\"3 minutes\" \/>\n<script type=\"application\/ld+json\" class=\"yoast-schema-graph\">{\"@context\":\"https:\\\/\\\/schema.org\",\"@graph\":[{\"@type\":\"Article\",\"@id\":\"https:\\\/\\\/voxsahel.com\\\/?p=2263#article\",\"isPartOf\":{\"@id\":\"https:\\\/\\\/voxsahel.com\\\/?p=2263\"},\"author\":{\"name\":\"Vox Sahel\",\"@id\":\"https:\\\/\\\/voxsahel.com\\\/#\\\/schema\\\/person\\\/b4043608248f8fa227cd760e7ff1e19e\"},\"headline\":\"EDITO | Red\u00e9coupage du territoire national : Un pas d\u00e9cisif vers l\u2019authenticit\u00e9 et la souverainet\u00e9 territoriale\",\"datePublished\":\"2025-07-06T18:24:08+00:00\",\"mainEntityOfPage\":{\"@id\":\"https:\\\/\\\/voxsahel.com\\\/?p=2263\"},\"wordCount\":437,\"commentCount\":0,\"publisher\":{\"@id\":\"https:\\\/\\\/voxsahel.com\\\/#organization\"},\"image\":{\"@id\":\"https:\\\/\\\/voxsahel.com\\\/?p=2263#primaryimage\"},\"thumbnailUrl\":\"https:\\\/\\\/voxsahel.com\\\/wp-content\\\/uploads\\\/2025\\\/07\\\/IMG_0723.jpeg\",\"keywords\":[\"Burkina Faso\"],\"articleSection\":[\"POLITIQUE\"],\"inLanguage\":\"fr-FR\",\"potentialAction\":[{\"@type\":\"CommentAction\",\"name\":\"Comment\",\"target\":[\"https:\\\/\\\/voxsahel.com\\\/?p=2263#respond\"]}]},{\"@type\":\"WebPage\",\"@id\":\"https:\\\/\\\/voxsahel.com\\\/?p=2263\",\"url\":\"https:\\\/\\\/voxsahel.com\\\/?p=2263\",\"name\":\"EDITO | Red\u00e9coupage du territoire national : Un pas d\u00e9cisif vers l\u2019authenticit\u00e9 et la souverainet\u00e9 territoriale - Vox Sahel\",\"isPartOf\":{\"@id\":\"https:\\\/\\\/voxsahel.com\\\/#website\"},\"primaryImageOfPage\":{\"@id\":\"https:\\\/\\\/voxsahel.com\\\/?p=2263#primaryimage\"},\"image\":{\"@id\":\"https:\\\/\\\/voxsahel.com\\\/?p=2263#primaryimage\"},\"thumbnailUrl\":\"https:\\\/\\\/voxsahel.com\\\/wp-content\\\/uploads\\\/2025\\\/07\\\/IMG_0723.jpeg\",\"datePublished\":\"2025-07-06T18:24:08+00:00\",\"breadcrumb\":{\"@id\":\"https:\\\/\\\/voxsahel.com\\\/?p=2263#breadcrumb\"},\"inLanguage\":\"fr-FR\",\"potentialAction\":[{\"@type\":\"ReadAction\",\"target\":[\"https:\\\/\\\/voxsahel.com\\\/?p=2263\"]}]},{\"@type\":\"ImageObject\",\"inLanguage\":\"fr-FR\",\"@id\":\"https:\\\/\\\/voxsahel.com\\\/?p=2263#primaryimage\",\"url\":\"https:\\\/\\\/voxsahel.com\\\/wp-content\\\/uploads\\\/2025\\\/07\\\/IMG_0723.jpeg\",\"contentUrl\":\"https:\\\/\\\/voxsahel.com\\\/wp-content\\\/uploads\\\/2025\\\/07\\\/IMG_0723.jpeg\",\"width\":1480,\"height\":1080},{\"@type\":\"BreadcrumbList\",\"@id\":\"https:\\\/\\\/voxsahel.com\\\/?p=2263#breadcrumb\",\"itemListElement\":[{\"@type\":\"ListItem\",\"position\":1,\"name\":\"Home\",\"item\":\"https:\\\/\\\/voxsahel.com\\\/\"},{\"@type\":\"ListItem\",\"position\":2,\"name\":\"EDITO | Red\u00e9coupage du territoire national : Un pas d\u00e9cisif vers l\u2019authenticit\u00e9 et la souverainet\u00e9 territoriale\"}]},{\"@type\":\"WebSite\",\"@id\":\"https:\\\/\\\/voxsahel.com\\\/#website\",\"url\":\"https:\\\/\\\/voxsahel.com\\\/\",\"name\":\"Vox Sahel\",\"description\":\"Informez-vous sur le Sahel en un clic\",\"publisher\":{\"@id\":\"https:\\\/\\\/voxsahel.com\\\/#organization\"},\"potentialAction\":[{\"@type\":\"SearchAction\",\"target\":{\"@type\":\"EntryPoint\",\"urlTemplate\":\"https:\\\/\\\/voxsahel.com\\\/?s={search_term_string}\"},\"query-input\":{\"@type\":\"PropertyValueSpecification\",\"valueRequired\":true,\"valueName\":\"search_term_string\"}}],\"inLanguage\":\"fr-FR\"},{\"@type\":\"Organization\",\"@id\":\"https:\\\/\\\/voxsahel.com\\\/#organization\",\"name\":\"Vox Sahel\",\"url\":\"https:\\\/\\\/voxsahel.com\\\/\",\"logo\":{\"@type\":\"ImageObject\",\"inLanguage\":\"fr-FR\",\"@id\":\"https:\\\/\\\/voxsahel.com\\\/#\\\/schema\\\/logo\\\/image\\\/\",\"url\":\"https:\\\/\\\/voxsahel.com\\\/wp-content\\\/uploads\\\/2024\\\/09\\\/Logo-Vox-Sahel.jpg\",\"contentUrl\":\"https:\\\/\\\/voxsahel.com\\\/wp-content\\\/uploads\\\/2024\\\/09\\\/Logo-Vox-Sahel.jpg\",\"width\":1181,\"height\":848,\"caption\":\"Vox Sahel\"},\"image\":{\"@id\":\"https:\\\/\\\/voxsahel.com\\\/#\\\/schema\\\/logo\\\/image\\\/\"},\"sameAs\":[\"https:\\\/\\\/www.facebook.com\\\/journal.voxsahel\"]},{\"@type\":\"Person\",\"@id\":\"https:\\\/\\\/voxsahel.com\\\/#\\\/schema\\\/person\\\/b4043608248f8fa227cd760e7ff1e19e\",\"name\":\"Vox Sahel\",\"image\":{\"@type\":\"ImageObject\",\"inLanguage\":\"fr-FR\",\"@id\":\"https:\\\/\\\/secure.gravatar.com\\\/avatar\\\/f70e7fa0cb9b29d4a7c5788d6eb2e9ab4d3135cbae1c9161810fdf77a8964699?s=96&d=mm&r=g\",\"url\":\"https:\\\/\\\/secure.gravatar.com\\\/avatar\\\/f70e7fa0cb9b29d4a7c5788d6eb2e9ab4d3135cbae1c9161810fdf77a8964699?s=96&d=mm&r=g\",\"contentUrl\":\"https:\\\/\\\/secure.gravatar.com\\\/avatar\\\/f70e7fa0cb9b29d4a7c5788d6eb2e9ab4d3135cbae1c9161810fdf77a8964699?s=96&d=mm&r=g\",\"caption\":\"Vox Sahel\"},\"sameAs\":[\"http:\\\/\\\/www.voxsahel.com\"],\"url\":\"https:\\\/\\\/voxsahel.com\\\/?author=2\"}]}<\/script>\n<!-- \/ Yoast SEO plugin. -->","yoast_head_json":{"title":"EDITO | Red\u00e9coupage du territoire national : Un pas d\u00e9cisif vers l\u2019authenticit\u00e9 et la souverainet\u00e9 territoriale - Vox Sahel","robots":{"index":"index","follow":"follow","max-snippet":"max-snippet:-1","max-image-preview":"max-image-preview:large","max-video-preview":"max-video-preview:-1"},"canonical":"https:\/\/voxsahel.com\/?p=2263","og_locale":"fr_FR","og_type":"article","og_title":"EDITO | Red\u00e9coupage du territoire national : Un pas d\u00e9cisif vers l\u2019authenticit\u00e9 et la souverainet\u00e9 territoriale - Vox Sahel","og_description":"En d\u00e9cidant d\u2019une r\u00e9organisation profonde de la carte administrative du Burkina Faso, le gouvernement vient","og_url":"https:\/\/voxsahel.com\/?p=2263","og_site_name":"Vox Sahel","article_publisher":"https:\/\/www.facebook.com\/journal.voxsahel","article_published_time":"2025-07-06T18:24:08+00:00","og_image":[{"width":1480,"height":1080,"url":"https:\/\/voxsahel.com\/wp-content\/uploads\/2025\/07\/IMG_0723.jpeg","type":"image\/jpeg"}],"author":"Vox Sahel","twitter_card":"summary_large_image","twitter_misc":{"\u00c9crit par":"Vox Sahel","Dur\u00e9e de lecture estim\u00e9e":"3 minutes"},"schema":{"@context":"https:\/\/schema.org","@graph":[{"@type":"Article","@id":"https:\/\/voxsahel.com\/?p=2263#article","isPartOf":{"@id":"https:\/\/voxsahel.com\/?p=2263"},"author":{"name":"Vox Sahel","@id":"https:\/\/voxsahel.com\/#\/schema\/person\/b4043608248f8fa227cd760e7ff1e19e"},"headline":"EDITO | Red\u00e9coupage du territoire national : Un pas d\u00e9cisif vers l\u2019authenticit\u00e9 et la souverainet\u00e9 territoriale","datePublished":"2025-07-06T18:24:08+00:00","mainEntityOfPage":{"@id":"https:\/\/voxsahel.com\/?p=2263"},"wordCount":437,"commentCount":0,"publisher":{"@id":"https:\/\/voxsahel.com\/#organization"},"image":{"@id":"https:\/\/voxsahel.com\/?p=2263#primaryimage"},"thumbnailUrl":"https:\/\/voxsahel.com\/wp-content\/uploads\/2025\/07\/IMG_0723.jpeg","keywords":["Burkina Faso"],"articleSection":["POLITIQUE"],"inLanguage":"fr-FR","potentialAction":[{"@type":"CommentAction","name":"Comment","target":["https:\/\/voxsahel.com\/?p=2263#respond"]}]},{"@type":"WebPage","@id":"https:\/\/voxsahel.com\/?p=2263","url":"https:\/\/voxsahel.com\/?p=2263","name":"EDITO | Red\u00e9coupage du territoire national : Un pas d\u00e9cisif vers l\u2019authenticit\u00e9 et la souverainet\u00e9 territoriale - Vox Sahel","isPartOf":{"@id":"https:\/\/voxsahel.com\/#website"},"primaryImageOfPage":{"@id":"https:\/\/voxsahel.com\/?p=2263#primaryimage"},"image":{"@id":"https:\/\/voxsahel.com\/?p=2263#primaryimage"},"thumbnailUrl":"https:\/\/voxsahel.com\/wp-content\/uploads\/2025\/07\/IMG_0723.jpeg","datePublished":"2025-07-06T18:24:08+00:00","breadcrumb":{"@id":"https:\/\/voxsahel.com\/?p=2263#breadcrumb"},"inLanguage":"fr-FR","potentialAction":[{"@type":"ReadAction","target":["https:\/\/voxsahel.com\/?p=2263"]}]},{"@type":"ImageObject","inLanguage":"fr-FR","@id":"https:\/\/voxsahel.com\/?p=2263#primaryimage","url":"https:\/\/voxsahel.com\/wp-content\/uploads\/2025\/07\/IMG_0723.jpeg","contentUrl":"https:\/\/voxsahel.com\/wp-content\/uploads\/2025\/07\/IMG_0723.jpeg","width":1480,"height":1080},{"@type":"BreadcrumbList","@id":"https:\/\/voxsahel.com\/?p=2263#breadcrumb","itemListElement":[{"@type":"ListItem","position":1,"name":"Home","item":"https:\/\/voxsahel.com\/"},{"@type":"ListItem","position":2,"name":"EDITO | Red\u00e9coupage du territoire national : Un pas d\u00e9cisif vers l\u2019authenticit\u00e9 et la souverainet\u00e9 territoriale"}]},{"@type":"WebSite","@id":"https:\/\/voxsahel.com\/#website","url":"https:\/\/voxsahel.com\/","name":"Vox Sahel","description":"Informez-vous sur le Sahel en un clic","publisher":{"@id":"https:\/\/voxsahel.com\/#organization"},"potentialAction":[{"@type":"SearchAction","target":{"@type":"EntryPoint","urlTemplate":"https:\/\/voxsahel.com\/?s={search_term_string}"},"query-input":{"@type":"PropertyValueSpecification","valueRequired":true,"valueName":"search_term_string"}}],"inLanguage":"fr-FR"},{"@type":"Organization","@id":"https:\/\/voxsahel.com\/#organization","name":"Vox Sahel","url":"https:\/\/voxsahel.com\/","logo":{"@type":"ImageObject","inLanguage":"fr-FR","@id":"https:\/\/voxsahel.com\/#\/schema\/logo\/image\/","url":"https:\/\/voxsahel.com\/wp-content\/uploads\/2024\/09\/Logo-Vox-Sahel.jpg","contentUrl":"https:\/\/voxsahel.com\/wp-content\/uploads\/2024\/09\/Logo-Vox-Sahel.jpg","width":1181,"height":848,"caption":"Vox Sahel"},"image":{"@id":"https:\/\/voxsahel.com\/#\/schema\/logo\/image\/"},"sameAs":["https:\/\/www.facebook.com\/journal.voxsahel"]},{"@type":"Person","@id":"https:\/\/voxsahel.com\/#\/schema\/person\/b4043608248f8fa227cd760e7ff1e19e","name":"Vox Sahel","image":{"@type":"ImageObject","inLanguage":"fr-FR","@id":"https:\/\/secure.gravatar.com\/avatar\/f70e7fa0cb9b29d4a7c5788d6eb2e9ab4d3135cbae1c9161810fdf77a8964699?s=96&d=mm&r=g","url":"https:\/\/secure.gravatar.com\/avatar\/f70e7fa0cb9b29d4a7c5788d6eb2e9ab4d3135cbae1c9161810fdf77a8964699?s=96&d=mm&r=g","contentUrl":"https:\/\/secure.gravatar.com\/avatar\/f70e7fa0cb9b29d4a7c5788d6eb2e9ab4d3135cbae1c9161810fdf77a8964699?s=96&d=mm&r=g","caption":"Vox Sahel"},"sameAs":["http:\/\/www.voxsahel.com"],"url":"https:\/\/voxsahel.com\/?author=2"}]}},"_links":{"self":[{"href":"https:\/\/voxsahel.com\/index.php?rest_route=\/wp\/v2\/posts\/2263","targetHints":{"allow":["GET"]}}],"collection":[{"href":"https:\/\/voxsahel.com\/index.php?rest_route=\/wp\/v2\/posts"}],"about":[{"href":"https:\/\/voxsahel.com\/index.php?rest_route=\/wp\/v2\/types\/post"}],"author":[{"embeddable":true,"href":"https:\/\/voxsahel.com\/index.php?rest_route=\/wp\/v2\/users\/2"}],"replies":[{"embeddable":true,"href":"https:\/\/voxsahel.com\/index.php?rest_route=%2Fwp%2Fv2%2Fcomments&post=2263"}],"version-history":[{"count":1,"href":"https:\/\/voxsahel.com\/index.php?rest_route=\/wp\/v2\/posts\/2263\/revisions"}],"predecessor-version":[{"id":2265,"href":"https:\/\/voxsahel.com\/index.php?rest_route=\/wp\/v2\/posts\/2263\/revisions\/2265"}],"wp:featuredmedia":[{"embeddable":true,"href":"https:\/\/voxsahel.com\/index.php?rest_route=\/wp\/v2\/media\/2264"}],"wp:attachment":[{"href":"https:\/\/voxsahel.com\/index.php?rest_route=%2Fwp%2Fv2%2Fmedia&parent=2263"}],"wp:term":[{"taxonomy":"category","embeddable":true,"href":"https:\/\/voxsahel.com\/index.php?rest_route=%2Fwp%2Fv2%2Fcategories&post=2263"},{"taxonomy":"post_tag","embeddable":true,"href":"https:\/\/voxsahel.com\/index.php?rest_route=%2Fwp%2Fv2%2Ftags&post=2263"}],"curies":[{"name":"wp","href":"https:\/\/api.w.org\/{rel}","templated":true}]}}