{"id":2259,"date":"2025-07-06T00:25:05","date_gmt":"2025-07-06T00:25:05","guid":{"rendered":"https:\/\/voxsahel.com\/?p=2259"},"modified":"2025-07-06T00:25:05","modified_gmt":"2025-07-06T00:25:05","slug":"portrait-aguibou-bougobali-sanou-le-griot-du-corps-et-de-lesprit","status":"publish","type":"post","link":"https:\/\/voxsahel.com\/?p=2259","title":{"rendered":"Portrait | Aguibou Bougobali Sanou : Le Griot du Corps et de l\u2019Esprit"},"content":{"rendered":"<p class=\"p1\"><span class=\"s2\">Danseur, chor\u00e9graphe, conteur, musicien, enseignant et passeur de cultures : Aguibou Bougobali Sanou incarne l\u2019artiste total, enracin\u00e9 dans les traditions de son Burkina Faso natal tout en rayonnant \u00e0 l\u2019international. \u00c0 la crois\u00e9e des chemins entre l\u2019Afrique, l\u2019Am\u00e9rique, l\u2019Asie et l\u2019Europe, il construit une \u0153uvre profond\u00e9ment ancr\u00e9e dans l\u2019humain, le mouvement et la transmission.<\/span><\/p>\n<p class=\"p1\"><span class=\"s2\">Professeur adjoint au D\u00e9partement des \u00e9tudes de th\u00e9\u00e2tre, de danse et de performance du Grinnell College (\u00c9tats-Unis) et titulaire d\u2019un Ph.D. en danse \u00e0 la Texas Woman\u2019s University, Sanou conjugue rigueur universitaire et cr\u00e9ativit\u00e9 artistique. Son parcours est jalonn\u00e9 de formations aupr\u00e8s de grands noms de la sc\u00e8ne chor\u00e9graphique mondiale tels que Salia Sanou, Carolyn Carlson, Thierry De Mey, R\u00e9gine Chopinot ou encore Luca Fusi GM.<\/span><\/p>\n<p class=\"p1\"><span class=\"s2\">Sp\u00e9cialiste des danses traditionnelles mandingues d\u2019Afrique de l\u2019Ouest et de la capoeira br\u00e9silienne, il d\u00e9veloppe une \u00e9criture chor\u00e9graphique unique, m\u00ealant danses sacr\u00e9es et profanes, r\u00e9cits ancestraux et formes contemporaines. Cette hybridation singuli\u00e8re trouve \u00e9cho dans son projet de \u00ab\u00a0d\u00e9claration th\u00e9\u00e2trale\u00a0\u00bb, fruit de ses collaborations avec des metteurs en sc\u00e8ne europ\u00e9ens de renom.<\/span><\/p>\n<p class=\"p1\"><span class=\"s2\">Laur\u00e9at de nombreuses distinctions, m\u00e9daille de bronze aux Jeux de la Francophonie 2013 \u00e0 Nice, 2e prix du SNC 2012, Delphic Laurel Award en Cor\u00e9e du Sud en 2009; Aguibou Bougobali Sanou est \u00e9galement demi-finaliste d\u2019<\/span><span class=\"s1\">Africa\u2019s Got Talent<\/span><span class=\"s2\"> en 2016. La m\u00eame ann\u00e9e, il \u00e9labore un programme de danse traditionnelle et contemporaine africaine, salu\u00e9 pour sa richesse p\u00e9dagogique.<\/span><\/p>\n<p class=\"p1\"><span class=\"s2\">P\u00e9dagogue engag\u00e9, il a b\u00e9n\u00e9fici\u00e9 d\u2019une prestigieuse <\/span><span class=\"s1\">bourse Fulbright<\/span><span class=\"s2\"> en 2018-2019 et enseign\u00e9 au Naugatuck Valley Community College dans le Connecticut, o\u00f9 il a transmis \u00ab\u00a0l\u2019histoire et l\u2019appr\u00e9ciation de la danse mondiale\u00a0\u00bb. Son expertise l\u2019a conduit \u00e0 se produire et enseigner \u00e0 travers le monde : Mexique, Inde, Isra\u00ebl, Indon\u00e9sie, Maroc, France, Cor\u00e9e du Sud, \u00c9tats-Unis\u2026<\/span><\/p>\n<p class=\"p1\"><span class=\"s2\">Mais c\u2019est aussi au Burkina Faso qu\u2019il d\u00e9ploie une \u00e9nergie remarquable. Directeur d\u2019un festival de danse, il initie des projets de r\u00e9insertion par l\u2019art dans les prisons, alliant cr\u00e9ation et justice sociale. Aujourd\u2019hui, il porte un nouveau projet ambitieux : <\/span><span class=\"s1\">un espace artistique qui fait dialoguer art, \u00e9levage et agriculture<\/span><span class=\"s2\">, r\u00e9affirmant son attachement \u00e0 la terre et aux r\u00e9alit\u00e9s rurales.<\/span><\/p>\n<p class=\"p1\"><span class=\"s2\">Aguibou Bougobali Sanou danse les traditions, sculpte les m\u00e9moires, transmet les h\u00e9ritages. Avec lui, chaque geste est porteur de sens, chaque mot devient mouvement. Une voix puissante au service d\u2019une Afrique qui cr\u00e9e, se renouvelle et inspire.\u00a0<\/span><\/p>\n<p class=\"p1\" style=\"text-align: right;\"><span class=\"s2\"><b>Par Vox Sahel <\/b><\/span><\/p>\n","protected":false},"excerpt":{"rendered":"<p>Danseur, chor\u00e9graphe, conteur, musicien, enseignant et passeur de cultures : Aguibou Bougobali Sanou incarne l\u2019artiste<\/p>\n","protected":false},"author":2,"featured_media":2261,"comment_status":"open","ping_status":"open","sticky":false,"template":"","format":"standard","meta":{"_et_pb_use_builder":"","_et_pb_old_content":"","_et_gb_content_width":"","footnotes":""},"categories":[13],"tags":[18,65,833,772],"class_list":["post-2259","post","type-post","status-publish","format-standard","has-post-thumbnail","hentry","category-culture","tag-burkina-faso","tag-culture","tag-danse","tag-institut-africain-des-industries-culturelles"],"yoast_head":"<!-- This site is optimized with the Yoast SEO plugin v27.5 - https:\/\/yoast.com\/product\/yoast-seo-wordpress\/ -->\n<title>Portrait | Aguibou Bougobali Sanou : Le Griot du Corps et de l\u2019Esprit - Vox Sahel<\/title>\n<meta name=\"robots\" content=\"index, follow, max-snippet:-1, max-image-preview:large, max-video-preview:-1\" \/>\n<link rel=\"canonical\" href=\"https:\/\/voxsahel.com\/?p=2259\" \/>\n<meta property=\"og:locale\" content=\"fr_FR\" \/>\n<meta property=\"og:type\" content=\"article\" \/>\n<meta property=\"og:title\" content=\"Portrait | Aguibou Bougobali Sanou : Le Griot du Corps et de l\u2019Esprit - Vox Sahel\" \/>\n<meta property=\"og:description\" content=\"Danseur, chor\u00e9graphe, conteur, musicien, enseignant et passeur de cultures : Aguibou Bougobali Sanou incarne l\u2019artiste\" \/>\n<meta property=\"og:url\" content=\"https:\/\/voxsahel.com\/?p=2259\" \/>\n<meta property=\"og:site_name\" content=\"Vox Sahel\" \/>\n<meta property=\"article:publisher\" content=\"https:\/\/www.facebook.com\/journal.voxsahel\" \/>\n<meta property=\"article:published_time\" content=\"2025-07-06T00:25:05+00:00\" \/>\n<meta property=\"og:image\" content=\"https:\/\/voxsahel.com\/wp-content\/uploads\/2025\/07\/IMG_0696.jpeg\" \/>\n\t<meta property=\"og:image:width\" content=\"2048\" \/>\n\t<meta property=\"og:image:height\" content=\"1364\" \/>\n\t<meta property=\"og:image:type\" content=\"image\/jpeg\" \/>\n<meta name=\"author\" content=\"Vox Sahel\" \/>\n<meta name=\"twitter:card\" content=\"summary_large_image\" \/>\n<meta name=\"twitter:label1\" content=\"\u00c9crit par\" \/>\n\t<meta name=\"twitter:data1\" content=\"Vox Sahel\" \/>\n\t<meta name=\"twitter:label2\" content=\"Dur\u00e9e de lecture estim\u00e9e\" \/>\n\t<meta name=\"twitter:data2\" content=\"3 minutes\" \/>\n<script type=\"application\/ld+json\" class=\"yoast-schema-graph\">{\"@context\":\"https:\\\/\\\/schema.org\",\"@graph\":[{\"@type\":\"Article\",\"@id\":\"https:\\\/\\\/voxsahel.com\\\/?p=2259#article\",\"isPartOf\":{\"@id\":\"https:\\\/\\\/voxsahel.com\\\/?p=2259\"},\"author\":{\"name\":\"Vox Sahel\",\"@id\":\"https:\\\/\\\/voxsahel.com\\\/#\\\/schema\\\/person\\\/b4043608248f8fa227cd760e7ff1e19e\"},\"headline\":\"Portrait | Aguibou Bougobali Sanou : Le Griot du Corps et de l\u2019Esprit\",\"datePublished\":\"2025-07-06T00:25:05+00:00\",\"mainEntityOfPage\":{\"@id\":\"https:\\\/\\\/voxsahel.com\\\/?p=2259\"},\"wordCount\":454,\"commentCount\":0,\"publisher\":{\"@id\":\"https:\\\/\\\/voxsahel.com\\\/#organization\"},\"image\":{\"@id\":\"https:\\\/\\\/voxsahel.com\\\/?p=2259#primaryimage\"},\"thumbnailUrl\":\"https:\\\/\\\/voxsahel.com\\\/wp-content\\\/uploads\\\/2025\\\/07\\\/IMG_0696.jpeg\",\"keywords\":[\"Burkina Faso\",\"Culture\",\"Danse\",\"Institut Africain des Industries Culturelles\"],\"articleSection\":[\"CULTURE\"],\"inLanguage\":\"fr-FR\",\"potentialAction\":[{\"@type\":\"CommentAction\",\"name\":\"Comment\",\"target\":[\"https:\\\/\\\/voxsahel.com\\\/?p=2259#respond\"]}]},{\"@type\":\"WebPage\",\"@id\":\"https:\\\/\\\/voxsahel.com\\\/?p=2259\",\"url\":\"https:\\\/\\\/voxsahel.com\\\/?p=2259\",\"name\":\"Portrait | Aguibou Bougobali Sanou : Le Griot du Corps et de l\u2019Esprit - Vox Sahel\",\"isPartOf\":{\"@id\":\"https:\\\/\\\/voxsahel.com\\\/#website\"},\"primaryImageOfPage\":{\"@id\":\"https:\\\/\\\/voxsahel.com\\\/?p=2259#primaryimage\"},\"image\":{\"@id\":\"https:\\\/\\\/voxsahel.com\\\/?p=2259#primaryimage\"},\"thumbnailUrl\":\"https:\\\/\\\/voxsahel.com\\\/wp-content\\\/uploads\\\/2025\\\/07\\\/IMG_0696.jpeg\",\"datePublished\":\"2025-07-06T00:25:05+00:00\",\"breadcrumb\":{\"@id\":\"https:\\\/\\\/voxsahel.com\\\/?p=2259#breadcrumb\"},\"inLanguage\":\"fr-FR\",\"potentialAction\":[{\"@type\":\"ReadAction\",\"target\":[\"https:\\\/\\\/voxsahel.com\\\/?p=2259\"]}]},{\"@type\":\"ImageObject\",\"inLanguage\":\"fr-FR\",\"@id\":\"https:\\\/\\\/voxsahel.com\\\/?p=2259#primaryimage\",\"url\":\"https:\\\/\\\/voxsahel.com\\\/wp-content\\\/uploads\\\/2025\\\/07\\\/IMG_0696.jpeg\",\"contentUrl\":\"https:\\\/\\\/voxsahel.com\\\/wp-content\\\/uploads\\\/2025\\\/07\\\/IMG_0696.jpeg\",\"width\":2048,\"height\":1364},{\"@type\":\"BreadcrumbList\",\"@id\":\"https:\\\/\\\/voxsahel.com\\\/?p=2259#breadcrumb\",\"itemListElement\":[{\"@type\":\"ListItem\",\"position\":1,\"name\":\"Home\",\"item\":\"https:\\\/\\\/voxsahel.com\\\/\"},{\"@type\":\"ListItem\",\"position\":2,\"name\":\"Portrait | Aguibou Bougobali Sanou : Le Griot du Corps et de l\u2019Esprit\"}]},{\"@type\":\"WebSite\",\"@id\":\"https:\\\/\\\/voxsahel.com\\\/#website\",\"url\":\"https:\\\/\\\/voxsahel.com\\\/\",\"name\":\"Vox Sahel\",\"description\":\"Informez-vous sur le Sahel en un clic\",\"publisher\":{\"@id\":\"https:\\\/\\\/voxsahel.com\\\/#organization\"},\"potentialAction\":[{\"@type\":\"SearchAction\",\"target\":{\"@type\":\"EntryPoint\",\"urlTemplate\":\"https:\\\/\\\/voxsahel.com\\\/?s={search_term_string}\"},\"query-input\":{\"@type\":\"PropertyValueSpecification\",\"valueRequired\":true,\"valueName\":\"search_term_string\"}}],\"inLanguage\":\"fr-FR\"},{\"@type\":\"Organization\",\"@id\":\"https:\\\/\\\/voxsahel.com\\\/#organization\",\"name\":\"Vox Sahel\",\"url\":\"https:\\\/\\\/voxsahel.com\\\/\",\"logo\":{\"@type\":\"ImageObject\",\"inLanguage\":\"fr-FR\",\"@id\":\"https:\\\/\\\/voxsahel.com\\\/#\\\/schema\\\/logo\\\/image\\\/\",\"url\":\"https:\\\/\\\/voxsahel.com\\\/wp-content\\\/uploads\\\/2024\\\/09\\\/Logo-Vox-Sahel.jpg\",\"contentUrl\":\"https:\\\/\\\/voxsahel.com\\\/wp-content\\\/uploads\\\/2024\\\/09\\\/Logo-Vox-Sahel.jpg\",\"width\":1181,\"height\":848,\"caption\":\"Vox Sahel\"},\"image\":{\"@id\":\"https:\\\/\\\/voxsahel.com\\\/#\\\/schema\\\/logo\\\/image\\\/\"},\"sameAs\":[\"https:\\\/\\\/www.facebook.com\\\/journal.voxsahel\"]},{\"@type\":\"Person\",\"@id\":\"https:\\\/\\\/voxsahel.com\\\/#\\\/schema\\\/person\\\/b4043608248f8fa227cd760e7ff1e19e\",\"name\":\"Vox Sahel\",\"image\":{\"@type\":\"ImageObject\",\"inLanguage\":\"fr-FR\",\"@id\":\"https:\\\/\\\/secure.gravatar.com\\\/avatar\\\/f70e7fa0cb9b29d4a7c5788d6eb2e9ab4d3135cbae1c9161810fdf77a8964699?s=96&d=mm&r=g\",\"url\":\"https:\\\/\\\/secure.gravatar.com\\\/avatar\\\/f70e7fa0cb9b29d4a7c5788d6eb2e9ab4d3135cbae1c9161810fdf77a8964699?s=96&d=mm&r=g\",\"contentUrl\":\"https:\\\/\\\/secure.gravatar.com\\\/avatar\\\/f70e7fa0cb9b29d4a7c5788d6eb2e9ab4d3135cbae1c9161810fdf77a8964699?s=96&d=mm&r=g\",\"caption\":\"Vox Sahel\"},\"sameAs\":[\"http:\\\/\\\/www.voxsahel.com\"],\"url\":\"https:\\\/\\\/voxsahel.com\\\/?author=2\"}]}<\/script>\n<!-- \/ Yoast SEO plugin. -->","yoast_head_json":{"title":"Portrait | Aguibou Bougobali Sanou : Le Griot du Corps et de l\u2019Esprit - Vox Sahel","robots":{"index":"index","follow":"follow","max-snippet":"max-snippet:-1","max-image-preview":"max-image-preview:large","max-video-preview":"max-video-preview:-1"},"canonical":"https:\/\/voxsahel.com\/?p=2259","og_locale":"fr_FR","og_type":"article","og_title":"Portrait | Aguibou Bougobali Sanou : Le Griot du Corps et de l\u2019Esprit - Vox Sahel","og_description":"Danseur, chor\u00e9graphe, conteur, musicien, enseignant et passeur de cultures : Aguibou Bougobali Sanou incarne l\u2019artiste","og_url":"https:\/\/voxsahel.com\/?p=2259","og_site_name":"Vox Sahel","article_publisher":"https:\/\/www.facebook.com\/journal.voxsahel","article_published_time":"2025-07-06T00:25:05+00:00","og_image":[{"width":2048,"height":1364,"url":"https:\/\/voxsahel.com\/wp-content\/uploads\/2025\/07\/IMG_0696.jpeg","type":"image\/jpeg"}],"author":"Vox Sahel","twitter_card":"summary_large_image","twitter_misc":{"\u00c9crit par":"Vox Sahel","Dur\u00e9e de lecture estim\u00e9e":"3 minutes"},"schema":{"@context":"https:\/\/schema.org","@graph":[{"@type":"Article","@id":"https:\/\/voxsahel.com\/?p=2259#article","isPartOf":{"@id":"https:\/\/voxsahel.com\/?p=2259"},"author":{"name":"Vox Sahel","@id":"https:\/\/voxsahel.com\/#\/schema\/person\/b4043608248f8fa227cd760e7ff1e19e"},"headline":"Portrait | Aguibou Bougobali Sanou : Le Griot du Corps et de l\u2019Esprit","datePublished":"2025-07-06T00:25:05+00:00","mainEntityOfPage":{"@id":"https:\/\/voxsahel.com\/?p=2259"},"wordCount":454,"commentCount":0,"publisher":{"@id":"https:\/\/voxsahel.com\/#organization"},"image":{"@id":"https:\/\/voxsahel.com\/?p=2259#primaryimage"},"thumbnailUrl":"https:\/\/voxsahel.com\/wp-content\/uploads\/2025\/07\/IMG_0696.jpeg","keywords":["Burkina Faso","Culture","Danse","Institut Africain des Industries Culturelles"],"articleSection":["CULTURE"],"inLanguage":"fr-FR","potentialAction":[{"@type":"CommentAction","name":"Comment","target":["https:\/\/voxsahel.com\/?p=2259#respond"]}]},{"@type":"WebPage","@id":"https:\/\/voxsahel.com\/?p=2259","url":"https:\/\/voxsahel.com\/?p=2259","name":"Portrait | Aguibou Bougobali Sanou : Le Griot du Corps et de l\u2019Esprit - Vox Sahel","isPartOf":{"@id":"https:\/\/voxsahel.com\/#website"},"primaryImageOfPage":{"@id":"https:\/\/voxsahel.com\/?p=2259#primaryimage"},"image":{"@id":"https:\/\/voxsahel.com\/?p=2259#primaryimage"},"thumbnailUrl":"https:\/\/voxsahel.com\/wp-content\/uploads\/2025\/07\/IMG_0696.jpeg","datePublished":"2025-07-06T00:25:05+00:00","breadcrumb":{"@id":"https:\/\/voxsahel.com\/?p=2259#breadcrumb"},"inLanguage":"fr-FR","potentialAction":[{"@type":"ReadAction","target":["https:\/\/voxsahel.com\/?p=2259"]}]},{"@type":"ImageObject","inLanguage":"fr-FR","@id":"https:\/\/voxsahel.com\/?p=2259#primaryimage","url":"https:\/\/voxsahel.com\/wp-content\/uploads\/2025\/07\/IMG_0696.jpeg","contentUrl":"https:\/\/voxsahel.com\/wp-content\/uploads\/2025\/07\/IMG_0696.jpeg","width":2048,"height":1364},{"@type":"BreadcrumbList","@id":"https:\/\/voxsahel.com\/?p=2259#breadcrumb","itemListElement":[{"@type":"ListItem","position":1,"name":"Home","item":"https:\/\/voxsahel.com\/"},{"@type":"ListItem","position":2,"name":"Portrait | Aguibou Bougobali Sanou : Le Griot du Corps et de l\u2019Esprit"}]},{"@type":"WebSite","@id":"https:\/\/voxsahel.com\/#website","url":"https:\/\/voxsahel.com\/","name":"Vox Sahel","description":"Informez-vous sur le Sahel en un clic","publisher":{"@id":"https:\/\/voxsahel.com\/#organization"},"potentialAction":[{"@type":"SearchAction","target":{"@type":"EntryPoint","urlTemplate":"https:\/\/voxsahel.com\/?s={search_term_string}"},"query-input":{"@type":"PropertyValueSpecification","valueRequired":true,"valueName":"search_term_string"}}],"inLanguage":"fr-FR"},{"@type":"Organization","@id":"https:\/\/voxsahel.com\/#organization","name":"Vox Sahel","url":"https:\/\/voxsahel.com\/","logo":{"@type":"ImageObject","inLanguage":"fr-FR","@id":"https:\/\/voxsahel.com\/#\/schema\/logo\/image\/","url":"https:\/\/voxsahel.com\/wp-content\/uploads\/2024\/09\/Logo-Vox-Sahel.jpg","contentUrl":"https:\/\/voxsahel.com\/wp-content\/uploads\/2024\/09\/Logo-Vox-Sahel.jpg","width":1181,"height":848,"caption":"Vox Sahel"},"image":{"@id":"https:\/\/voxsahel.com\/#\/schema\/logo\/image\/"},"sameAs":["https:\/\/www.facebook.com\/journal.voxsahel"]},{"@type":"Person","@id":"https:\/\/voxsahel.com\/#\/schema\/person\/b4043608248f8fa227cd760e7ff1e19e","name":"Vox Sahel","image":{"@type":"ImageObject","inLanguage":"fr-FR","@id":"https:\/\/secure.gravatar.com\/avatar\/f70e7fa0cb9b29d4a7c5788d6eb2e9ab4d3135cbae1c9161810fdf77a8964699?s=96&d=mm&r=g","url":"https:\/\/secure.gravatar.com\/avatar\/f70e7fa0cb9b29d4a7c5788d6eb2e9ab4d3135cbae1c9161810fdf77a8964699?s=96&d=mm&r=g","contentUrl":"https:\/\/secure.gravatar.com\/avatar\/f70e7fa0cb9b29d4a7c5788d6eb2e9ab4d3135cbae1c9161810fdf77a8964699?s=96&d=mm&r=g","caption":"Vox Sahel"},"sameAs":["http:\/\/www.voxsahel.com"],"url":"https:\/\/voxsahel.com\/?author=2"}]}},"_links":{"self":[{"href":"https:\/\/voxsahel.com\/index.php?rest_route=\/wp\/v2\/posts\/2259","targetHints":{"allow":["GET"]}}],"collection":[{"href":"https:\/\/voxsahel.com\/index.php?rest_route=\/wp\/v2\/posts"}],"about":[{"href":"https:\/\/voxsahel.com\/index.php?rest_route=\/wp\/v2\/types\/post"}],"author":[{"embeddable":true,"href":"https:\/\/voxsahel.com\/index.php?rest_route=\/wp\/v2\/users\/2"}],"replies":[{"embeddable":true,"href":"https:\/\/voxsahel.com\/index.php?rest_route=%2Fwp%2Fv2%2Fcomments&post=2259"}],"version-history":[{"count":1,"href":"https:\/\/voxsahel.com\/index.php?rest_route=\/wp\/v2\/posts\/2259\/revisions"}],"predecessor-version":[{"id":2262,"href":"https:\/\/voxsahel.com\/index.php?rest_route=\/wp\/v2\/posts\/2259\/revisions\/2262"}],"wp:featuredmedia":[{"embeddable":true,"href":"https:\/\/voxsahel.com\/index.php?rest_route=\/wp\/v2\/media\/2261"}],"wp:attachment":[{"href":"https:\/\/voxsahel.com\/index.php?rest_route=%2Fwp%2Fv2%2Fmedia&parent=2259"}],"wp:term":[{"taxonomy":"category","embeddable":true,"href":"https:\/\/voxsahel.com\/index.php?rest_route=%2Fwp%2Fv2%2Fcategories&post=2259"},{"taxonomy":"post_tag","embeddable":true,"href":"https:\/\/voxsahel.com\/index.php?rest_route=%2Fwp%2Fv2%2Ftags&post=2259"}],"curies":[{"name":"wp","href":"https:\/\/api.w.org\/{rel}","templated":true}]}}