{"id":2256,"date":"2025-07-05T20:06:52","date_gmt":"2025-07-05T20:06:52","guid":{"rendered":"https:\/\/voxsahel.com\/?p=2256"},"modified":"2025-07-05T20:06:52","modified_gmt":"2025-07-05T20:06:52","slug":"garango-mobilisation-citoyenne-en-soutien-a-la-revolution-progressiste-et-populaire-au-burkina-faso","status":"publish","type":"post","link":"https:\/\/voxsahel.com\/?p=2256","title":{"rendered":"Garango : Mobilisation citoyenne en soutien \u00e0 la R\u00e9volution progressiste et populaire au Burkina Faso"},"content":{"rendered":"<p class=\"p1\"><span class=\"s2\">La ville de Garango, dans la r\u00e9gion du Centre-Est, a connu une effervescence particuli\u00e8re ce samedi <\/span><span class=\"s1\">5 juillet 2025,<\/span><span class=\"s2\"> \u00e0 l\u2019occasion d\u2019une marche citoyenne initi\u00e9e par la Coordination communale des associations de veille citoyenne (CCAVC). L\u2019activit\u00e9, suivie d\u2019un meeting populaire, a r\u00e9uni plusieurs centaines de personnes venues t\u00e9moigner leur soutien aux actions du gouvernement actuel et \u00e0 la R\u00e9volution progressiste et populaire en cours au Burkina Faso.<\/span><\/p>\n<p class=\"p1\"><span class=\"s2\">D\u00e8s les premi\u00e8res heures de la matin\u00e9e, les manifestants, partis du rond-point central de la ville, ont d\u00e9fil\u00e9 dans les art\u00e8res principales, brandissant pancartes et banderoles. Parmi les messages scand\u00e9s ou affich\u00e9s, on pouvait lire : \u00ab La patrie ou la mort, nous vaincrons ! \u00bb, \u00ab Soutien total aux FDS et VDP \u00bb, ou encore \u00ab Un peuple engag\u00e9 pour une Nation libre et souveraine \u00bb.<\/span><\/p>\n<p class=\"p1\"><span class=\"s2\">Le cort\u00e8ge s\u2019est dirig\u00e9 vers la place publique de Garango, o\u00f9 un meeting citoyen s\u2019est tenu en pr\u00e9sence de responsables d\u2019associations, de leaders communautaires et de nombreux habitants. Dans leurs diff\u00e9rentes prises de parole, les organisateurs ont mis en avant les progr\u00e8s r\u00e9alis\u00e9s par les autorit\u00e9s de transition, notamment dans les domaines de la s\u00e9curit\u00e9, du d\u00e9veloppement local et de la restauration de l\u2019autorit\u00e9 de l\u2019\u00c9tat.<\/span><\/p>\n<blockquote>\n<p class=\"p1\"><span class=\"s2\"><em>\u00ab Nous sommes ici pour r\u00e9affirmer notre soutien ferme et constant aux actions salvatrices du gouvernement de transition. C\u2019est notre devoir de citoyens engag\u00e9s de rester mobilis\u00e9s aux c\u00f4t\u00e9s de ceux qui luttent pour lib\u00e9rer notre pays \u00bb<\/em>, a d\u00e9clar\u00e9 le porte-parole de la CCAVC devant une foule attentive.<\/span><\/p>\n<\/blockquote>\n<p class=\"p1\"><span class=\"s2\">Les orateurs ont \u00e9galement salu\u00e9 l\u2019engagement des Forces de D\u00e9fense et de S\u00e9curit\u00e9 (FDS) ainsi que celui des Volontaires pour la D\u00e9fense de la Patrie (VDP), qualifi\u00e9s de \u00ab h\u00e9ros du quotidien \u00bb pour leur d\u00e9vouement dans la lutte contre l\u2019ins\u00e9curit\u00e9.<\/span><\/p>\n<p class=\"p3\" style=\"text-align: center;\"><strong><span class=\"s3\">Une mobilisation pacifique et symbolique<\/span><\/strong><\/p>\n<p class=\"p1\"><span class=\"s2\">L\u2019\u00e9v\u00e9nement s\u2019est d\u00e9roul\u00e9 dans une ambiance calme et empreinte de responsabilit\u00e9. Selon les organisateurs, cette initiative citoyenne traduit l\u2019adh\u00e9sion populaire aux id\u00e9aux de souverainet\u00e9, de dignit\u00e9 nationale et de refondation port\u00e9e par le pays.<\/span><\/p>\n<blockquote>\n<p class=\"p1\"><span class=\"s2\"><em>\u00ab \u00c0 Garango comme ailleurs, le peuple reste debout, vigilant et solidaire. Nous sommes engag\u00e9s dans cette marche historique vers un Burkina Faso libre, s\u00e9curis\u00e9 et souverain \u00bb<\/em>, a soulign\u00e9 un leader communautaire.<\/span><\/p>\n<\/blockquote>\n<p class=\"p1\"><span class=\"s2\">Cette mobilisation vient renforcer la dynamique nationale de soutien populaire aux actions des autorit\u00e9s de la transition. Elle illustre \u00e9galement l\u2019enracinement progressif de l\u2019esprit de r\u00e9volution et d\u2019engagement citoyen, notamment dans les communes rurales.<\/span><\/p>\n","protected":false},"excerpt":{"rendered":"<p>La ville de Garango, dans la r\u00e9gion du Centre-Est, a connu une effervescence particuli\u00e8re ce<\/p>\n","protected":false},"author":2,"featured_media":2257,"comment_status":"open","ping_status":"open","sticky":false,"template":"","format":"standard","meta":{"_et_pb_use_builder":"","_et_pb_old_content":"","_et_gb_content_width":"","footnotes":""},"categories":[5],"tags":[18,832,64,44,479],"class_list":["post-2256","post","type-post","status-publish","format-standard","has-post-thumbnail","hentry","category-societe","tag-burkina-faso","tag-garango","tag-organisation-de-la-societe-civile","tag-osc","tag-societe"],"yoast_head":"<!-- This site is optimized with the Yoast SEO plugin v27.5 - https:\/\/yoast.com\/product\/yoast-seo-wordpress\/ -->\n<title>Garango : Mobilisation citoyenne en soutien \u00e0 la R\u00e9volution progressiste et populaire au Burkina Faso - Vox Sahel<\/title>\n<meta name=\"robots\" content=\"index, follow, max-snippet:-1, max-image-preview:large, max-video-preview:-1\" \/>\n<link rel=\"canonical\" href=\"https:\/\/voxsahel.com\/?p=2256\" \/>\n<meta property=\"og:locale\" content=\"fr_FR\" \/>\n<meta property=\"og:type\" content=\"article\" \/>\n<meta property=\"og:title\" content=\"Garango : Mobilisation citoyenne en soutien \u00e0 la R\u00e9volution progressiste et populaire au Burkina Faso - Vox Sahel\" \/>\n<meta property=\"og:description\" content=\"La ville de Garango, dans la r\u00e9gion du Centre-Est, a connu une effervescence particuli\u00e8re ce\" \/>\n<meta property=\"og:url\" content=\"https:\/\/voxsahel.com\/?p=2256\" \/>\n<meta property=\"og:site_name\" content=\"Vox Sahel\" \/>\n<meta property=\"article:publisher\" content=\"https:\/\/www.facebook.com\/journal.voxsahel\" \/>\n<meta property=\"article:published_time\" content=\"2025-07-05T20:06:52+00:00\" \/>\n<meta property=\"og:image\" content=\"https:\/\/voxsahel.com\/wp-content\/uploads\/2025\/07\/IMG_0660.jpeg\" \/>\n\t<meta property=\"og:image:width\" content=\"2000\" \/>\n\t<meta property=\"og:image:height\" content=\"907\" \/>\n\t<meta property=\"og:image:type\" content=\"image\/jpeg\" \/>\n<meta name=\"author\" content=\"Vox Sahel\" \/>\n<meta name=\"twitter:card\" content=\"summary_large_image\" \/>\n<meta name=\"twitter:label1\" content=\"\u00c9crit par\" \/>\n\t<meta name=\"twitter:data1\" content=\"Vox Sahel\" \/>\n\t<meta name=\"twitter:label2\" content=\"Dur\u00e9e de lecture estim\u00e9e\" \/>\n\t<meta name=\"twitter:data2\" content=\"2 minutes\" \/>\n<script type=\"application\/ld+json\" class=\"yoast-schema-graph\">{\"@context\":\"https:\\\/\\\/schema.org\",\"@graph\":[{\"@type\":\"Article\",\"@id\":\"https:\\\/\\\/voxsahel.com\\\/?p=2256#article\",\"isPartOf\":{\"@id\":\"https:\\\/\\\/voxsahel.com\\\/?p=2256\"},\"author\":{\"name\":\"Vox Sahel\",\"@id\":\"https:\\\/\\\/voxsahel.com\\\/#\\\/schema\\\/person\\\/b4043608248f8fa227cd760e7ff1e19e\"},\"headline\":\"Garango : Mobilisation citoyenne en soutien \u00e0 la R\u00e9volution progressiste et populaire au Burkina Faso\",\"datePublished\":\"2025-07-05T20:06:52+00:00\",\"mainEntityOfPage\":{\"@id\":\"https:\\\/\\\/voxsahel.com\\\/?p=2256\"},\"wordCount\":454,\"commentCount\":0,\"publisher\":{\"@id\":\"https:\\\/\\\/voxsahel.com\\\/#organization\"},\"image\":{\"@id\":\"https:\\\/\\\/voxsahel.com\\\/?p=2256#primaryimage\"},\"thumbnailUrl\":\"https:\\\/\\\/voxsahel.com\\\/wp-content\\\/uploads\\\/2025\\\/07\\\/IMG_0660.jpeg\",\"keywords\":[\"Burkina Faso\",\"Garango\",\"Organisation de la Soci\u00e9t\u00e9 Civile\",\"OSC\",\"Soci\u00e9t\u00e9\"],\"articleSection\":[\"SOCIETE\"],\"inLanguage\":\"fr-FR\",\"potentialAction\":[{\"@type\":\"CommentAction\",\"name\":\"Comment\",\"target\":[\"https:\\\/\\\/voxsahel.com\\\/?p=2256#respond\"]}]},{\"@type\":\"WebPage\",\"@id\":\"https:\\\/\\\/voxsahel.com\\\/?p=2256\",\"url\":\"https:\\\/\\\/voxsahel.com\\\/?p=2256\",\"name\":\"Garango : Mobilisation citoyenne en soutien \u00e0 la R\u00e9volution progressiste et populaire au Burkina Faso - Vox Sahel\",\"isPartOf\":{\"@id\":\"https:\\\/\\\/voxsahel.com\\\/#website\"},\"primaryImageOfPage\":{\"@id\":\"https:\\\/\\\/voxsahel.com\\\/?p=2256#primaryimage\"},\"image\":{\"@id\":\"https:\\\/\\\/voxsahel.com\\\/?p=2256#primaryimage\"},\"thumbnailUrl\":\"https:\\\/\\\/voxsahel.com\\\/wp-content\\\/uploads\\\/2025\\\/07\\\/IMG_0660.jpeg\",\"datePublished\":\"2025-07-05T20:06:52+00:00\",\"breadcrumb\":{\"@id\":\"https:\\\/\\\/voxsahel.com\\\/?p=2256#breadcrumb\"},\"inLanguage\":\"fr-FR\",\"potentialAction\":[{\"@type\":\"ReadAction\",\"target\":[\"https:\\\/\\\/voxsahel.com\\\/?p=2256\"]}]},{\"@type\":\"ImageObject\",\"inLanguage\":\"fr-FR\",\"@id\":\"https:\\\/\\\/voxsahel.com\\\/?p=2256#primaryimage\",\"url\":\"https:\\\/\\\/voxsahel.com\\\/wp-content\\\/uploads\\\/2025\\\/07\\\/IMG_0660.jpeg\",\"contentUrl\":\"https:\\\/\\\/voxsahel.com\\\/wp-content\\\/uploads\\\/2025\\\/07\\\/IMG_0660.jpeg\",\"width\":2000,\"height\":907},{\"@type\":\"BreadcrumbList\",\"@id\":\"https:\\\/\\\/voxsahel.com\\\/?p=2256#breadcrumb\",\"itemListElement\":[{\"@type\":\"ListItem\",\"position\":1,\"name\":\"Home\",\"item\":\"https:\\\/\\\/voxsahel.com\\\/\"},{\"@type\":\"ListItem\",\"position\":2,\"name\":\"Garango : Mobilisation citoyenne en soutien \u00e0 la R\u00e9volution progressiste et populaire au Burkina Faso\"}]},{\"@type\":\"WebSite\",\"@id\":\"https:\\\/\\\/voxsahel.com\\\/#website\",\"url\":\"https:\\\/\\\/voxsahel.com\\\/\",\"name\":\"Vox Sahel\",\"description\":\"Informez-vous sur le Sahel en un clic\",\"publisher\":{\"@id\":\"https:\\\/\\\/voxsahel.com\\\/#organization\"},\"potentialAction\":[{\"@type\":\"SearchAction\",\"target\":{\"@type\":\"EntryPoint\",\"urlTemplate\":\"https:\\\/\\\/voxsahel.com\\\/?s={search_term_string}\"},\"query-input\":{\"@type\":\"PropertyValueSpecification\",\"valueRequired\":true,\"valueName\":\"search_term_string\"}}],\"inLanguage\":\"fr-FR\"},{\"@type\":\"Organization\",\"@id\":\"https:\\\/\\\/voxsahel.com\\\/#organization\",\"name\":\"Vox Sahel\",\"url\":\"https:\\\/\\\/voxsahel.com\\\/\",\"logo\":{\"@type\":\"ImageObject\",\"inLanguage\":\"fr-FR\",\"@id\":\"https:\\\/\\\/voxsahel.com\\\/#\\\/schema\\\/logo\\\/image\\\/\",\"url\":\"https:\\\/\\\/voxsahel.com\\\/wp-content\\\/uploads\\\/2024\\\/09\\\/Logo-Vox-Sahel.jpg\",\"contentUrl\":\"https:\\\/\\\/voxsahel.com\\\/wp-content\\\/uploads\\\/2024\\\/09\\\/Logo-Vox-Sahel.jpg\",\"width\":1181,\"height\":848,\"caption\":\"Vox Sahel\"},\"image\":{\"@id\":\"https:\\\/\\\/voxsahel.com\\\/#\\\/schema\\\/logo\\\/image\\\/\"},\"sameAs\":[\"https:\\\/\\\/www.facebook.com\\\/journal.voxsahel\"]},{\"@type\":\"Person\",\"@id\":\"https:\\\/\\\/voxsahel.com\\\/#\\\/schema\\\/person\\\/b4043608248f8fa227cd760e7ff1e19e\",\"name\":\"Vox Sahel\",\"image\":{\"@type\":\"ImageObject\",\"inLanguage\":\"fr-FR\",\"@id\":\"https:\\\/\\\/secure.gravatar.com\\\/avatar\\\/f70e7fa0cb9b29d4a7c5788d6eb2e9ab4d3135cbae1c9161810fdf77a8964699?s=96&d=mm&r=g\",\"url\":\"https:\\\/\\\/secure.gravatar.com\\\/avatar\\\/f70e7fa0cb9b29d4a7c5788d6eb2e9ab4d3135cbae1c9161810fdf77a8964699?s=96&d=mm&r=g\",\"contentUrl\":\"https:\\\/\\\/secure.gravatar.com\\\/avatar\\\/f70e7fa0cb9b29d4a7c5788d6eb2e9ab4d3135cbae1c9161810fdf77a8964699?s=96&d=mm&r=g\",\"caption\":\"Vox Sahel\"},\"sameAs\":[\"http:\\\/\\\/www.voxsahel.com\"],\"url\":\"https:\\\/\\\/voxsahel.com\\\/?author=2\"}]}<\/script>\n<!-- \/ Yoast SEO plugin. -->","yoast_head_json":{"title":"Garango : Mobilisation citoyenne en soutien \u00e0 la R\u00e9volution progressiste et populaire au Burkina Faso - Vox Sahel","robots":{"index":"index","follow":"follow","max-snippet":"max-snippet:-1","max-image-preview":"max-image-preview:large","max-video-preview":"max-video-preview:-1"},"canonical":"https:\/\/voxsahel.com\/?p=2256","og_locale":"fr_FR","og_type":"article","og_title":"Garango : Mobilisation citoyenne en soutien \u00e0 la R\u00e9volution progressiste et populaire au Burkina Faso - Vox Sahel","og_description":"La ville de Garango, dans la r\u00e9gion du Centre-Est, a connu une effervescence particuli\u00e8re ce","og_url":"https:\/\/voxsahel.com\/?p=2256","og_site_name":"Vox Sahel","article_publisher":"https:\/\/www.facebook.com\/journal.voxsahel","article_published_time":"2025-07-05T20:06:52+00:00","og_image":[{"width":2000,"height":907,"url":"https:\/\/voxsahel.com\/wp-content\/uploads\/2025\/07\/IMG_0660.jpeg","type":"image\/jpeg"}],"author":"Vox Sahel","twitter_card":"summary_large_image","twitter_misc":{"\u00c9crit par":"Vox Sahel","Dur\u00e9e de lecture estim\u00e9e":"2 minutes"},"schema":{"@context":"https:\/\/schema.org","@graph":[{"@type":"Article","@id":"https:\/\/voxsahel.com\/?p=2256#article","isPartOf":{"@id":"https:\/\/voxsahel.com\/?p=2256"},"author":{"name":"Vox Sahel","@id":"https:\/\/voxsahel.com\/#\/schema\/person\/b4043608248f8fa227cd760e7ff1e19e"},"headline":"Garango : Mobilisation citoyenne en soutien \u00e0 la R\u00e9volution progressiste et populaire au Burkina Faso","datePublished":"2025-07-05T20:06:52+00:00","mainEntityOfPage":{"@id":"https:\/\/voxsahel.com\/?p=2256"},"wordCount":454,"commentCount":0,"publisher":{"@id":"https:\/\/voxsahel.com\/#organization"},"image":{"@id":"https:\/\/voxsahel.com\/?p=2256#primaryimage"},"thumbnailUrl":"https:\/\/voxsahel.com\/wp-content\/uploads\/2025\/07\/IMG_0660.jpeg","keywords":["Burkina Faso","Garango","Organisation de la Soci\u00e9t\u00e9 Civile","OSC","Soci\u00e9t\u00e9"],"articleSection":["SOCIETE"],"inLanguage":"fr-FR","potentialAction":[{"@type":"CommentAction","name":"Comment","target":["https:\/\/voxsahel.com\/?p=2256#respond"]}]},{"@type":"WebPage","@id":"https:\/\/voxsahel.com\/?p=2256","url":"https:\/\/voxsahel.com\/?p=2256","name":"Garango : Mobilisation citoyenne en soutien \u00e0 la R\u00e9volution progressiste et populaire au Burkina Faso - Vox Sahel","isPartOf":{"@id":"https:\/\/voxsahel.com\/#website"},"primaryImageOfPage":{"@id":"https:\/\/voxsahel.com\/?p=2256#primaryimage"},"image":{"@id":"https:\/\/voxsahel.com\/?p=2256#primaryimage"},"thumbnailUrl":"https:\/\/voxsahel.com\/wp-content\/uploads\/2025\/07\/IMG_0660.jpeg","datePublished":"2025-07-05T20:06:52+00:00","breadcrumb":{"@id":"https:\/\/voxsahel.com\/?p=2256#breadcrumb"},"inLanguage":"fr-FR","potentialAction":[{"@type":"ReadAction","target":["https:\/\/voxsahel.com\/?p=2256"]}]},{"@type":"ImageObject","inLanguage":"fr-FR","@id":"https:\/\/voxsahel.com\/?p=2256#primaryimage","url":"https:\/\/voxsahel.com\/wp-content\/uploads\/2025\/07\/IMG_0660.jpeg","contentUrl":"https:\/\/voxsahel.com\/wp-content\/uploads\/2025\/07\/IMG_0660.jpeg","width":2000,"height":907},{"@type":"BreadcrumbList","@id":"https:\/\/voxsahel.com\/?p=2256#breadcrumb","itemListElement":[{"@type":"ListItem","position":1,"name":"Home","item":"https:\/\/voxsahel.com\/"},{"@type":"ListItem","position":2,"name":"Garango : Mobilisation citoyenne en soutien \u00e0 la R\u00e9volution progressiste et populaire au Burkina Faso"}]},{"@type":"WebSite","@id":"https:\/\/voxsahel.com\/#website","url":"https:\/\/voxsahel.com\/","name":"Vox Sahel","description":"Informez-vous sur le Sahel en un clic","publisher":{"@id":"https:\/\/voxsahel.com\/#organization"},"potentialAction":[{"@type":"SearchAction","target":{"@type":"EntryPoint","urlTemplate":"https:\/\/voxsahel.com\/?s={search_term_string}"},"query-input":{"@type":"PropertyValueSpecification","valueRequired":true,"valueName":"search_term_string"}}],"inLanguage":"fr-FR"},{"@type":"Organization","@id":"https:\/\/voxsahel.com\/#organization","name":"Vox Sahel","url":"https:\/\/voxsahel.com\/","logo":{"@type":"ImageObject","inLanguage":"fr-FR","@id":"https:\/\/voxsahel.com\/#\/schema\/logo\/image\/","url":"https:\/\/voxsahel.com\/wp-content\/uploads\/2024\/09\/Logo-Vox-Sahel.jpg","contentUrl":"https:\/\/voxsahel.com\/wp-content\/uploads\/2024\/09\/Logo-Vox-Sahel.jpg","width":1181,"height":848,"caption":"Vox Sahel"},"image":{"@id":"https:\/\/voxsahel.com\/#\/schema\/logo\/image\/"},"sameAs":["https:\/\/www.facebook.com\/journal.voxsahel"]},{"@type":"Person","@id":"https:\/\/voxsahel.com\/#\/schema\/person\/b4043608248f8fa227cd760e7ff1e19e","name":"Vox Sahel","image":{"@type":"ImageObject","inLanguage":"fr-FR","@id":"https:\/\/secure.gravatar.com\/avatar\/f70e7fa0cb9b29d4a7c5788d6eb2e9ab4d3135cbae1c9161810fdf77a8964699?s=96&d=mm&r=g","url":"https:\/\/secure.gravatar.com\/avatar\/f70e7fa0cb9b29d4a7c5788d6eb2e9ab4d3135cbae1c9161810fdf77a8964699?s=96&d=mm&r=g","contentUrl":"https:\/\/secure.gravatar.com\/avatar\/f70e7fa0cb9b29d4a7c5788d6eb2e9ab4d3135cbae1c9161810fdf77a8964699?s=96&d=mm&r=g","caption":"Vox Sahel"},"sameAs":["http:\/\/www.voxsahel.com"],"url":"https:\/\/voxsahel.com\/?author=2"}]}},"_links":{"self":[{"href":"https:\/\/voxsahel.com\/index.php?rest_route=\/wp\/v2\/posts\/2256","targetHints":{"allow":["GET"]}}],"collection":[{"href":"https:\/\/voxsahel.com\/index.php?rest_route=\/wp\/v2\/posts"}],"about":[{"href":"https:\/\/voxsahel.com\/index.php?rest_route=\/wp\/v2\/types\/post"}],"author":[{"embeddable":true,"href":"https:\/\/voxsahel.com\/index.php?rest_route=\/wp\/v2\/users\/2"}],"replies":[{"embeddable":true,"href":"https:\/\/voxsahel.com\/index.php?rest_route=%2Fwp%2Fv2%2Fcomments&post=2256"}],"version-history":[{"count":1,"href":"https:\/\/voxsahel.com\/index.php?rest_route=\/wp\/v2\/posts\/2256\/revisions"}],"predecessor-version":[{"id":2258,"href":"https:\/\/voxsahel.com\/index.php?rest_route=\/wp\/v2\/posts\/2256\/revisions\/2258"}],"wp:featuredmedia":[{"embeddable":true,"href":"https:\/\/voxsahel.com\/index.php?rest_route=\/wp\/v2\/media\/2257"}],"wp:attachment":[{"href":"https:\/\/voxsahel.com\/index.php?rest_route=%2Fwp%2Fv2%2Fmedia&parent=2256"}],"wp:term":[{"taxonomy":"category","embeddable":true,"href":"https:\/\/voxsahel.com\/index.php?rest_route=%2Fwp%2Fv2%2Fcategories&post=2256"},{"taxonomy":"post_tag","embeddable":true,"href":"https:\/\/voxsahel.com\/index.php?rest_route=%2Fwp%2Fv2%2Ftags&post=2256"}],"curies":[{"name":"wp","href":"https:\/\/api.w.org\/{rel}","templated":true}]}}