{"id":2247,"date":"2025-07-04T20:02:37","date_gmt":"2025-07-04T20:02:37","guid":{"rendered":"https:\/\/voxsahel.com\/?p=2247"},"modified":"2025-07-04T20:02:37","modified_gmt":"2025-07-04T20:02:37","slug":"burkina-faso-cimaf-fait-don-de-1-000-tonnes-de-ciment-au-ministere-de-laction-humanitaire","status":"publish","type":"post","link":"https:\/\/voxsahel.com\/?p=2247","title":{"rendered":"Burkina Faso : CIMAF fait don de 1 000 tonnes de ciment au minist\u00e8re de l\u2019Action humanitaire"},"content":{"rendered":"<p class=\"p1\"><span class=\"s2\">Dans un contexte national marqu\u00e9 par une crise humanitaire et s\u00e9curitaire persistante, l\u2019entreprise CIMAF Burkina Faso a pos\u00e9 un acte fort de solidarit\u00e9 en offrant <\/span><span class=\"s1\">1 000 tonnes de ciment<\/span><span class=\"s2\">, d\u2019une valeur estim\u00e9e \u00e0 <\/span><span class=\"s1\">100 millions de francs CFA<\/span><span class=\"s2\">, au minist\u00e8re de l\u2019Action humanitaire et de la Solidarit\u00e9 nationale.<\/span><\/p>\n<p class=\"p1\" style=\"text-align: left;\"><span class=\"s2\">La c\u00e9r\u00e9monie de remise officielle s\u2019est tenue ce vendredi<\/span><span class=\"s1\"> 04 juillet 2025<\/span><span class=\"s2\">, \u00e0 <\/span><span class=\"s1\">Ouagadougou, <\/span><span class=\"s2\">en pr\u00e9sence de <\/span><span class=\"s1\">Madame Passowend\u00e9 P\u00e9lagie Kabor\u00e9<\/span><span class=\"s2\">, ministre en charge de l\u2019Action humanitaire, qui a salu\u00e9 ce geste comme \u00e9tant \u00ab <\/span><span class=\"s1\">hautement louable<\/span><span class=\"s2\"> \u00bb et pleinement inscrit dans l\u2019esprit de l\u2019appel \u00e0 la solidarit\u00e9 nationale lanc\u00e9 par le Pr\u00e9sident du Faso, <\/span><span class=\"s1\">Capitaine Ibrahim Traor\u00e9<\/span><span class=\"s2\">.<\/span><\/p>\n<blockquote>\n<p class=\"p1\" style=\"text-align: left;\"><em><span class=\"s2\">\u00ab Ce don s\u2019inscrit dans le cadre de la r\u00e9ponse \u00e0 l\u2019appel lanc\u00e9 par le camarade Pr\u00e9sident, pour que des \u00e9lans de solidarit\u00e9 soient manifest\u00e9s en faveur des personnes vuln\u00e9rables, en particulier les d\u00e9plac\u00e9s internes. Ce ciment viendra renforcer nos capacit\u00e9s pour la r\u00e9alisation de mille logements sociaux en cours dans plusieurs r\u00e9gions \u00bb, a d\u00e9clar\u00e9 la ministre.<\/span><\/em><\/p>\n<\/blockquote>\n<p class=\"p1\"><span class=\"s2\">Le don vise \u00e0 appuyer les efforts du gouvernement dans la prise en charge des personnes d\u00e9plac\u00e9es internes, particuli\u00e8rement touch\u00e9es par la crise s\u00e9curitaire. Il contribuera \u00e0 la <\/span><span class=\"s1\">construction de logements sociaux<\/span><span class=\"s2\">, afin de favoriser le retour progressif des d\u00e9plac\u00e9s dans leurs localit\u00e9s d\u2019origine.<\/span><\/p>\n<p class=\"p1\"><span class=\"s2\">CIMAF Burkina Faso \u00e9tait repr\u00e9sent\u00e9e par son Directeur G\u00e9n\u00e9ral, <\/span><span class=\"s1\">M. Ismaayl Hammi<\/span><span class=\"s2\">, accompagn\u00e9 du Directeur Marketing et Commercial, <\/span><span class=\"s1\">M. Claude Kompaor\u00e9<\/span><span class=\"s2\">, et du Responsable Marketing et relations publiques, <\/span><span class=\"s1\">M. Mohamed Kon\u00e9<\/span><span class=\"s2\">.<\/span><\/p>\n<blockquote>\n<p class=\"p1\"><span class=\"s2\"><em>\u00ab Nous avons d\u00e9j\u00e0 livr\u00e9 500 tonnes sur les 1 000 pr\u00e9vues. Ce geste, bien que modeste au regard des d\u00e9fis du pays, t\u00e9moigne de notre engagement en faveur de la solidarit\u00e9 nationale \u00bb<\/em>, a indiqu\u00e9 M. Hammi.<\/span><\/p>\n<\/blockquote>\n<p class=\"p1\"><span class=\"s2\">Par cet acte, <\/span><span class=\"s1\">CIMAF Burkina Faso illustre pleinement les principes de la responsabilit\u00e9 soci\u00e9tale des entreprises (RSE)<\/span><span class=\"s2\">. Au-del\u00e0 de ses objectifs \u00e9conomiques, elle se positionne comme un acteur de la reconstruction nationale et du renforcement de la coh\u00e9sion sociale.<\/span><\/p>\n<p class=\"p1\"><span class=\"s2\">Dans une p\u00e9riode o\u00f9 <\/span><span class=\"s1\">l\u2019unit\u00e9 nationale et la mobilisation de tous les secteurs<\/span><span class=\"s2\">sont indispensables, ce geste est un <\/span><span class=\"s1\">exemple \u00e0 suivre<\/span><span class=\"s2\"> pour l\u2019ensemble du tissu \u00e9conomique burkinab\u00e8. Il d\u00e9montre que chaque entreprise peut, \u00e0 son niveau, apporter une contribution significative pour soutenir les plus vuln\u00e9rables.<\/span><\/p>\n<p class=\"p1\"><span class=\"s2\">En conjuguant <\/span><span class=\"s1\">performance \u00e9conomique<\/span><span class=\"s2\"> et <\/span><span class=\"s1\">devoir citoyen<\/span><span class=\"s2\">, CIMAF montre que la solidarit\u00e9 peut se traduire en <\/span><span class=\"s1\">actions concr\u00e8tes, porteuses d\u2019espoir et de dignit\u00e9<\/span><span class=\"s2\"> pour les populations affect\u00e9es.<\/span><\/p>\n","protected":false},"excerpt":{"rendered":"<p>Dans un contexte national marqu\u00e9 par une crise humanitaire et s\u00e9curitaire persistante, l\u2019entreprise CIMAF Burkina<\/p>\n","protected":false},"author":2,"featured_media":2248,"comment_status":"open","ping_status":"open","sticky":false,"template":"","format":"standard","meta":{"_et_pb_use_builder":"","_et_pb_old_content":"","_et_gb_content_width":"","footnotes":""},"categories":[5],"tags":[424,18,824],"class_list":["post-2247","post","type-post","status-publish","format-standard","has-post-thumbnail","hentry","category-societe","tag-actions-humanitaires","tag-burkina-faso","tag-cimaf"],"yoast_head":"<!-- This site is optimized with the Yoast SEO plugin v27.5 - https:\/\/yoast.com\/product\/yoast-seo-wordpress\/ -->\n<title>Burkina Faso : CIMAF fait don de 1 000 tonnes de ciment au minist\u00e8re de l\u2019Action humanitaire - Vox Sahel<\/title>\n<meta name=\"robots\" content=\"index, follow, max-snippet:-1, max-image-preview:large, max-video-preview:-1\" \/>\n<link rel=\"canonical\" href=\"https:\/\/voxsahel.com\/?p=2247\" \/>\n<meta property=\"og:locale\" content=\"fr_FR\" \/>\n<meta property=\"og:type\" content=\"article\" \/>\n<meta property=\"og:title\" content=\"Burkina Faso : CIMAF fait don de 1 000 tonnes de ciment au minist\u00e8re de l\u2019Action humanitaire - Vox Sahel\" \/>\n<meta property=\"og:description\" content=\"Dans un contexte national marqu\u00e9 par une crise humanitaire et s\u00e9curitaire persistante, l\u2019entreprise CIMAF Burkina\" \/>\n<meta property=\"og:url\" content=\"https:\/\/voxsahel.com\/?p=2247\" \/>\n<meta property=\"og:site_name\" content=\"Vox Sahel\" \/>\n<meta property=\"article:publisher\" content=\"https:\/\/www.facebook.com\/journal.voxsahel\" \/>\n<meta property=\"article:published_time\" content=\"2025-07-04T20:02:37+00:00\" \/>\n<meta property=\"og:image\" content=\"https:\/\/voxsahel.com\/wp-content\/uploads\/2025\/07\/IMG_0326.jpeg\" \/>\n\t<meta property=\"og:image:width\" content=\"1080\" \/>\n\t<meta property=\"og:image:height\" content=\"810\" \/>\n\t<meta property=\"og:image:type\" content=\"image\/jpeg\" \/>\n<meta name=\"author\" content=\"Vox Sahel\" \/>\n<meta name=\"twitter:card\" content=\"summary_large_image\" \/>\n<meta name=\"twitter:label1\" content=\"\u00c9crit par\" \/>\n\t<meta name=\"twitter:data1\" content=\"Vox Sahel\" \/>\n\t<meta name=\"twitter:label2\" content=\"Dur\u00e9e de lecture estim\u00e9e\" \/>\n\t<meta name=\"twitter:data2\" content=\"2 minutes\" \/>\n<script type=\"application\/ld+json\" class=\"yoast-schema-graph\">{\"@context\":\"https:\\\/\\\/schema.org\",\"@graph\":[{\"@type\":\"Article\",\"@id\":\"https:\\\/\\\/voxsahel.com\\\/?p=2247#article\",\"isPartOf\":{\"@id\":\"https:\\\/\\\/voxsahel.com\\\/?p=2247\"},\"author\":{\"name\":\"Vox Sahel\",\"@id\":\"https:\\\/\\\/voxsahel.com\\\/#\\\/schema\\\/person\\\/b4043608248f8fa227cd760e7ff1e19e\"},\"headline\":\"Burkina Faso : CIMAF fait don de 1 000 tonnes de ciment au minist\u00e8re de l\u2019Action humanitaire\",\"datePublished\":\"2025-07-04T20:02:37+00:00\",\"mainEntityOfPage\":{\"@id\":\"https:\\\/\\\/voxsahel.com\\\/?p=2247\"},\"wordCount\":438,\"commentCount\":0,\"publisher\":{\"@id\":\"https:\\\/\\\/voxsahel.com\\\/#organization\"},\"image\":{\"@id\":\"https:\\\/\\\/voxsahel.com\\\/?p=2247#primaryimage\"},\"thumbnailUrl\":\"https:\\\/\\\/voxsahel.com\\\/wp-content\\\/uploads\\\/2025\\\/07\\\/IMG_0326.jpeg\",\"keywords\":[\"Actions humanitaires\",\"Burkina Faso\",\"CIMAF\"],\"articleSection\":[\"SOCIETE\"],\"inLanguage\":\"fr-FR\",\"potentialAction\":[{\"@type\":\"CommentAction\",\"name\":\"Comment\",\"target\":[\"https:\\\/\\\/voxsahel.com\\\/?p=2247#respond\"]}]},{\"@type\":\"WebPage\",\"@id\":\"https:\\\/\\\/voxsahel.com\\\/?p=2247\",\"url\":\"https:\\\/\\\/voxsahel.com\\\/?p=2247\",\"name\":\"Burkina Faso : CIMAF fait don de 1 000 tonnes de ciment au minist\u00e8re de l\u2019Action humanitaire - Vox Sahel\",\"isPartOf\":{\"@id\":\"https:\\\/\\\/voxsahel.com\\\/#website\"},\"primaryImageOfPage\":{\"@id\":\"https:\\\/\\\/voxsahel.com\\\/?p=2247#primaryimage\"},\"image\":{\"@id\":\"https:\\\/\\\/voxsahel.com\\\/?p=2247#primaryimage\"},\"thumbnailUrl\":\"https:\\\/\\\/voxsahel.com\\\/wp-content\\\/uploads\\\/2025\\\/07\\\/IMG_0326.jpeg\",\"datePublished\":\"2025-07-04T20:02:37+00:00\",\"breadcrumb\":{\"@id\":\"https:\\\/\\\/voxsahel.com\\\/?p=2247#breadcrumb\"},\"inLanguage\":\"fr-FR\",\"potentialAction\":[{\"@type\":\"ReadAction\",\"target\":[\"https:\\\/\\\/voxsahel.com\\\/?p=2247\"]}]},{\"@type\":\"ImageObject\",\"inLanguage\":\"fr-FR\",\"@id\":\"https:\\\/\\\/voxsahel.com\\\/?p=2247#primaryimage\",\"url\":\"https:\\\/\\\/voxsahel.com\\\/wp-content\\\/uploads\\\/2025\\\/07\\\/IMG_0326.jpeg\",\"contentUrl\":\"https:\\\/\\\/voxsahel.com\\\/wp-content\\\/uploads\\\/2025\\\/07\\\/IMG_0326.jpeg\",\"width\":1080,\"height\":810},{\"@type\":\"BreadcrumbList\",\"@id\":\"https:\\\/\\\/voxsahel.com\\\/?p=2247#breadcrumb\",\"itemListElement\":[{\"@type\":\"ListItem\",\"position\":1,\"name\":\"Home\",\"item\":\"https:\\\/\\\/voxsahel.com\\\/\"},{\"@type\":\"ListItem\",\"position\":2,\"name\":\"Burkina Faso : CIMAF fait don de 1 000 tonnes de ciment au minist\u00e8re de l\u2019Action humanitaire\"}]},{\"@type\":\"WebSite\",\"@id\":\"https:\\\/\\\/voxsahel.com\\\/#website\",\"url\":\"https:\\\/\\\/voxsahel.com\\\/\",\"name\":\"Vox Sahel\",\"description\":\"Informez-vous sur le Sahel en un clic\",\"publisher\":{\"@id\":\"https:\\\/\\\/voxsahel.com\\\/#organization\"},\"potentialAction\":[{\"@type\":\"SearchAction\",\"target\":{\"@type\":\"EntryPoint\",\"urlTemplate\":\"https:\\\/\\\/voxsahel.com\\\/?s={search_term_string}\"},\"query-input\":{\"@type\":\"PropertyValueSpecification\",\"valueRequired\":true,\"valueName\":\"search_term_string\"}}],\"inLanguage\":\"fr-FR\"},{\"@type\":\"Organization\",\"@id\":\"https:\\\/\\\/voxsahel.com\\\/#organization\",\"name\":\"Vox Sahel\",\"url\":\"https:\\\/\\\/voxsahel.com\\\/\",\"logo\":{\"@type\":\"ImageObject\",\"inLanguage\":\"fr-FR\",\"@id\":\"https:\\\/\\\/voxsahel.com\\\/#\\\/schema\\\/logo\\\/image\\\/\",\"url\":\"https:\\\/\\\/voxsahel.com\\\/wp-content\\\/uploads\\\/2024\\\/09\\\/Logo-Vox-Sahel.jpg\",\"contentUrl\":\"https:\\\/\\\/voxsahel.com\\\/wp-content\\\/uploads\\\/2024\\\/09\\\/Logo-Vox-Sahel.jpg\",\"width\":1181,\"height\":848,\"caption\":\"Vox Sahel\"},\"image\":{\"@id\":\"https:\\\/\\\/voxsahel.com\\\/#\\\/schema\\\/logo\\\/image\\\/\"},\"sameAs\":[\"https:\\\/\\\/www.facebook.com\\\/journal.voxsahel\"]},{\"@type\":\"Person\",\"@id\":\"https:\\\/\\\/voxsahel.com\\\/#\\\/schema\\\/person\\\/b4043608248f8fa227cd760e7ff1e19e\",\"name\":\"Vox Sahel\",\"image\":{\"@type\":\"ImageObject\",\"inLanguage\":\"fr-FR\",\"@id\":\"https:\\\/\\\/secure.gravatar.com\\\/avatar\\\/f70e7fa0cb9b29d4a7c5788d6eb2e9ab4d3135cbae1c9161810fdf77a8964699?s=96&d=mm&r=g\",\"url\":\"https:\\\/\\\/secure.gravatar.com\\\/avatar\\\/f70e7fa0cb9b29d4a7c5788d6eb2e9ab4d3135cbae1c9161810fdf77a8964699?s=96&d=mm&r=g\",\"contentUrl\":\"https:\\\/\\\/secure.gravatar.com\\\/avatar\\\/f70e7fa0cb9b29d4a7c5788d6eb2e9ab4d3135cbae1c9161810fdf77a8964699?s=96&d=mm&r=g\",\"caption\":\"Vox Sahel\"},\"sameAs\":[\"http:\\\/\\\/www.voxsahel.com\"],\"url\":\"https:\\\/\\\/voxsahel.com\\\/?author=2\"}]}<\/script>\n<!-- \/ Yoast SEO plugin. -->","yoast_head_json":{"title":"Burkina Faso : CIMAF fait don de 1 000 tonnes de ciment au minist\u00e8re de l\u2019Action humanitaire - Vox Sahel","robots":{"index":"index","follow":"follow","max-snippet":"max-snippet:-1","max-image-preview":"max-image-preview:large","max-video-preview":"max-video-preview:-1"},"canonical":"https:\/\/voxsahel.com\/?p=2247","og_locale":"fr_FR","og_type":"article","og_title":"Burkina Faso : CIMAF fait don de 1 000 tonnes de ciment au minist\u00e8re de l\u2019Action humanitaire - Vox Sahel","og_description":"Dans un contexte national marqu\u00e9 par une crise humanitaire et s\u00e9curitaire persistante, l\u2019entreprise CIMAF Burkina","og_url":"https:\/\/voxsahel.com\/?p=2247","og_site_name":"Vox Sahel","article_publisher":"https:\/\/www.facebook.com\/journal.voxsahel","article_published_time":"2025-07-04T20:02:37+00:00","og_image":[{"width":1080,"height":810,"url":"https:\/\/voxsahel.com\/wp-content\/uploads\/2025\/07\/IMG_0326.jpeg","type":"image\/jpeg"}],"author":"Vox Sahel","twitter_card":"summary_large_image","twitter_misc":{"\u00c9crit par":"Vox Sahel","Dur\u00e9e de lecture estim\u00e9e":"2 minutes"},"schema":{"@context":"https:\/\/schema.org","@graph":[{"@type":"Article","@id":"https:\/\/voxsahel.com\/?p=2247#article","isPartOf":{"@id":"https:\/\/voxsahel.com\/?p=2247"},"author":{"name":"Vox Sahel","@id":"https:\/\/voxsahel.com\/#\/schema\/person\/b4043608248f8fa227cd760e7ff1e19e"},"headline":"Burkina Faso : CIMAF fait don de 1 000 tonnes de ciment au minist\u00e8re de l\u2019Action humanitaire","datePublished":"2025-07-04T20:02:37+00:00","mainEntityOfPage":{"@id":"https:\/\/voxsahel.com\/?p=2247"},"wordCount":438,"commentCount":0,"publisher":{"@id":"https:\/\/voxsahel.com\/#organization"},"image":{"@id":"https:\/\/voxsahel.com\/?p=2247#primaryimage"},"thumbnailUrl":"https:\/\/voxsahel.com\/wp-content\/uploads\/2025\/07\/IMG_0326.jpeg","keywords":["Actions humanitaires","Burkina Faso","CIMAF"],"articleSection":["SOCIETE"],"inLanguage":"fr-FR","potentialAction":[{"@type":"CommentAction","name":"Comment","target":["https:\/\/voxsahel.com\/?p=2247#respond"]}]},{"@type":"WebPage","@id":"https:\/\/voxsahel.com\/?p=2247","url":"https:\/\/voxsahel.com\/?p=2247","name":"Burkina Faso : CIMAF fait don de 1 000 tonnes de ciment au minist\u00e8re de l\u2019Action humanitaire - Vox Sahel","isPartOf":{"@id":"https:\/\/voxsahel.com\/#website"},"primaryImageOfPage":{"@id":"https:\/\/voxsahel.com\/?p=2247#primaryimage"},"image":{"@id":"https:\/\/voxsahel.com\/?p=2247#primaryimage"},"thumbnailUrl":"https:\/\/voxsahel.com\/wp-content\/uploads\/2025\/07\/IMG_0326.jpeg","datePublished":"2025-07-04T20:02:37+00:00","breadcrumb":{"@id":"https:\/\/voxsahel.com\/?p=2247#breadcrumb"},"inLanguage":"fr-FR","potentialAction":[{"@type":"ReadAction","target":["https:\/\/voxsahel.com\/?p=2247"]}]},{"@type":"ImageObject","inLanguage":"fr-FR","@id":"https:\/\/voxsahel.com\/?p=2247#primaryimage","url":"https:\/\/voxsahel.com\/wp-content\/uploads\/2025\/07\/IMG_0326.jpeg","contentUrl":"https:\/\/voxsahel.com\/wp-content\/uploads\/2025\/07\/IMG_0326.jpeg","width":1080,"height":810},{"@type":"BreadcrumbList","@id":"https:\/\/voxsahel.com\/?p=2247#breadcrumb","itemListElement":[{"@type":"ListItem","position":1,"name":"Home","item":"https:\/\/voxsahel.com\/"},{"@type":"ListItem","position":2,"name":"Burkina Faso : CIMAF fait don de 1 000 tonnes de ciment au minist\u00e8re de l\u2019Action humanitaire"}]},{"@type":"WebSite","@id":"https:\/\/voxsahel.com\/#website","url":"https:\/\/voxsahel.com\/","name":"Vox Sahel","description":"Informez-vous sur le Sahel en un clic","publisher":{"@id":"https:\/\/voxsahel.com\/#organization"},"potentialAction":[{"@type":"SearchAction","target":{"@type":"EntryPoint","urlTemplate":"https:\/\/voxsahel.com\/?s={search_term_string}"},"query-input":{"@type":"PropertyValueSpecification","valueRequired":true,"valueName":"search_term_string"}}],"inLanguage":"fr-FR"},{"@type":"Organization","@id":"https:\/\/voxsahel.com\/#organization","name":"Vox Sahel","url":"https:\/\/voxsahel.com\/","logo":{"@type":"ImageObject","inLanguage":"fr-FR","@id":"https:\/\/voxsahel.com\/#\/schema\/logo\/image\/","url":"https:\/\/voxsahel.com\/wp-content\/uploads\/2024\/09\/Logo-Vox-Sahel.jpg","contentUrl":"https:\/\/voxsahel.com\/wp-content\/uploads\/2024\/09\/Logo-Vox-Sahel.jpg","width":1181,"height":848,"caption":"Vox Sahel"},"image":{"@id":"https:\/\/voxsahel.com\/#\/schema\/logo\/image\/"},"sameAs":["https:\/\/www.facebook.com\/journal.voxsahel"]},{"@type":"Person","@id":"https:\/\/voxsahel.com\/#\/schema\/person\/b4043608248f8fa227cd760e7ff1e19e","name":"Vox Sahel","image":{"@type":"ImageObject","inLanguage":"fr-FR","@id":"https:\/\/secure.gravatar.com\/avatar\/f70e7fa0cb9b29d4a7c5788d6eb2e9ab4d3135cbae1c9161810fdf77a8964699?s=96&d=mm&r=g","url":"https:\/\/secure.gravatar.com\/avatar\/f70e7fa0cb9b29d4a7c5788d6eb2e9ab4d3135cbae1c9161810fdf77a8964699?s=96&d=mm&r=g","contentUrl":"https:\/\/secure.gravatar.com\/avatar\/f70e7fa0cb9b29d4a7c5788d6eb2e9ab4d3135cbae1c9161810fdf77a8964699?s=96&d=mm&r=g","caption":"Vox Sahel"},"sameAs":["http:\/\/www.voxsahel.com"],"url":"https:\/\/voxsahel.com\/?author=2"}]}},"_links":{"self":[{"href":"https:\/\/voxsahel.com\/index.php?rest_route=\/wp\/v2\/posts\/2247","targetHints":{"allow":["GET"]}}],"collection":[{"href":"https:\/\/voxsahel.com\/index.php?rest_route=\/wp\/v2\/posts"}],"about":[{"href":"https:\/\/voxsahel.com\/index.php?rest_route=\/wp\/v2\/types\/post"}],"author":[{"embeddable":true,"href":"https:\/\/voxsahel.com\/index.php?rest_route=\/wp\/v2\/users\/2"}],"replies":[{"embeddable":true,"href":"https:\/\/voxsahel.com\/index.php?rest_route=%2Fwp%2Fv2%2Fcomments&post=2247"}],"version-history":[{"count":1,"href":"https:\/\/voxsahel.com\/index.php?rest_route=\/wp\/v2\/posts\/2247\/revisions"}],"predecessor-version":[{"id":2249,"href":"https:\/\/voxsahel.com\/index.php?rest_route=\/wp\/v2\/posts\/2247\/revisions\/2249"}],"wp:featuredmedia":[{"embeddable":true,"href":"https:\/\/voxsahel.com\/index.php?rest_route=\/wp\/v2\/media\/2248"}],"wp:attachment":[{"href":"https:\/\/voxsahel.com\/index.php?rest_route=%2Fwp%2Fv2%2Fmedia&parent=2247"}],"wp:term":[{"taxonomy":"category","embeddable":true,"href":"https:\/\/voxsahel.com\/index.php?rest_route=%2Fwp%2Fv2%2Fcategories&post=2247"},{"taxonomy":"post_tag","embeddable":true,"href":"https:\/\/voxsahel.com\/index.php?rest_route=%2Fwp%2Fv2%2Ftags&post=2247"}],"curies":[{"name":"wp","href":"https:\/\/api.w.org\/{rel}","templated":true}]}}