{"id":2244,"date":"2025-07-04T18:05:43","date_gmt":"2025-07-04T18:05:43","guid":{"rendered":"https:\/\/voxsahel.com\/?p=2244"},"modified":"2025-07-04T18:05:43","modified_gmt":"2025-07-04T18:05:43","slug":"burkina-faso-plus-de-101-milliards-f-cfa-mobilises-au-30-juin-2025-dans-le-cadre-du-fonds-de-soutien-patriotique","status":"publish","type":"post","link":"https:\/\/voxsahel.com\/?p=2244","title":{"rendered":"Burkina Faso : Plus de 101 milliards F\u202fCFA mobilis\u00e9s au 30 juin 2025 dans le cadre du Fonds de soutien patriotique"},"content":{"rendered":"<p>Le Premier ministre Rimtalba Jean Emmanuel Ou\u00e9draogo, pr\u00e9sident du Conseil d\u2019Orientation du Fonds de soutien patriotique (FSP), a pr\u00e9sid\u00e9 ce vendredi 4 juillet 2025, \u00e0 Ouagadougou, les travaux de la deuxi\u00e8me session ordinaire de l\u2019ann\u00e9e 2025, \u00e0 Ouagadougou. Cette rencontre a permis aux membres du Conseil d\u2019examiner le deuxi\u00e8me rapport de gestion du Fonds et d\u2019adopter le projet d\u2019allocation des ressources au profit des b\u00e9n\u00e9ficiaires.<\/p>\n<p>Dans son discours d\u2019ouverture, le Chef du Gouvernement a salu\u00e9 l\u2019engagement patriotique des Burkinab\u00e8, soulignant le caract\u00e8re collectif et solidaire du Fonds de soutien patriotique, qu\u2019il a qualifi\u00e9 de \u00ab v\u00e9ritable levier de r\u00e9silience nationale \u00bb.<\/p>\n<blockquote><p><em>\u00ab Ce Fonds est le fruit de notre mobilisation collective. Il est l\u2019expression \u00e9clatante de notre unit\u00e9 dans la lutte pour la paix et la souverainet\u00e9 \u00bb<\/em>, a-t-il affirm\u00e9.<\/p><\/blockquote>\n<p>Le Premier ministre a \u00e9galement rendu un hommage appuy\u00e9 aux forces combattantes, saluant leur courage et leur d\u00e9vouement au service de la Nation. Une minute de silence a \u00e9t\u00e9 observ\u00e9e en m\u00e9moire des victimes du terrorisme, en signe de reconnaissance et de respect.<\/p>\n<p>\u00c0 la date du 30 juin 2025, plus de 101 milliards de F CFA ont \u00e9t\u00e9 collect\u00e9s dans le cadre du FSP, rapprochant le pays de l\u2019objectif annuel de 150 milliards de F CFA. Le Premier ministre a salu\u00e9 cette performance remarquable, obtenue malgr\u00e9 un contexte \u00e9conomique difficile, et a f\u00e9licit\u00e9 l\u2019ensemble des acteurs impliqu\u00e9s, y compris la diaspora burkinab\u00e8.<\/p>\n<p>Il a \u00e9galement insist\u00e9 sur la n\u00e9cessit\u00e9 de maintenir une mobilisation constante, d\u2019assurer une gestion rigoureuse des fonds et de renforcer la coordination des actions, face aux d\u00e9fis persistants, notamment la menace terroriste et les besoins humanitaires croissants des personnes d\u00e9plac\u00e9es internes.<\/p>\n<p>Au terme des \u00e9changes, le Premier ministre a salu\u00e9 la qualit\u00e9 des recommandations formul\u00e9es et a appel\u00e9 \u00e0 leur mise en \u0153uvre diligente, dans un esprit d\u2019efficacit\u00e9 et de responsabilit\u00e9 partag\u00e9e.<\/p>\n<blockquote><p>\u00ab Il est plus que jamais essentiel de maintenir le cap, d\u2019intensifier nos efforts et de renforcer notre organisation \u00bb, a-t-il exhort\u00e9.<\/p><\/blockquote>\n<p>R\u00e9affirmant l\u2019importance de la coh\u00e9sion nationale, de l\u2019\u00e9coute mutuelle et de la solidarit\u00e9, le Chef du Gouvernement a conclu ses propos par un message d\u2019unit\u00e9 : \u00ab La victoire est \u00e0 notre port\u00e9e si nous restons unis et constamment engag\u00e9s dans cette lutte pour un Burkina Faso fier et prosp\u00e8re. \u00bb<\/p>\n<p>La session s\u2019est achev\u00e9e sur une note de d\u00e9termination renouvel\u00e9e, avec une volont\u00e9 affirm\u00e9e de poursuivre les efforts de s\u00e9curisation, de reconstruction et de soutien aux populations affect\u00e9es. La prochaine session du Conseil d\u2019Orientation du FSP est pr\u00e9vue pour septembre 2025.\u00a0\u00bb, produire un titre pour cet article de presse en mettant l\u2019accent sur le montant mobilis\u00e9<\/p>\n<p style=\"text-align: right;\"><strong>Par Vox Sahel<\/strong><\/p>\n","protected":false},"excerpt":{"rendered":"<p>Le Premier ministre Rimtalba Jean Emmanuel Ou\u00e9draogo, pr\u00e9sident du Conseil d\u2019Orientation du Fonds de soutien<\/p>\n","protected":false},"author":2,"featured_media":2245,"comment_status":"open","ping_status":"open","sticky":false,"template":"","format":"standard","meta":{"_et_pb_use_builder":"","_et_pb_old_content":"","_et_gb_content_width":"","footnotes":""},"categories":[6],"tags":[18,671,491],"class_list":["post-2244","post","type-post","status-publish","format-standard","has-post-thumbnail","hentry","category-politique","tag-burkina-faso","tag-fonds-de-soutien-patriotique","tag-rimtalba-jean-emmanuel-ouedraogo"],"yoast_head":"<!-- This site is optimized with the Yoast SEO plugin v27.5 - https:\/\/yoast.com\/product\/yoast-seo-wordpress\/ -->\n<title>Burkina Faso : Plus de 101 milliards F\u202fCFA mobilis\u00e9s au 30 juin 2025 dans le cadre du Fonds de soutien patriotique - Vox Sahel<\/title>\n<meta name=\"robots\" content=\"index, follow, max-snippet:-1, max-image-preview:large, max-video-preview:-1\" \/>\n<link rel=\"canonical\" href=\"https:\/\/voxsahel.com\/?p=2244\" \/>\n<meta property=\"og:locale\" content=\"fr_FR\" \/>\n<meta property=\"og:type\" content=\"article\" \/>\n<meta property=\"og:title\" content=\"Burkina Faso : Plus de 101 milliards F\u202fCFA mobilis\u00e9s au 30 juin 2025 dans le cadre du Fonds de soutien patriotique - Vox Sahel\" \/>\n<meta property=\"og:description\" content=\"Le Premier ministre Rimtalba Jean Emmanuel Ou\u00e9draogo, pr\u00e9sident du Conseil d\u2019Orientation du Fonds de soutien\" \/>\n<meta property=\"og:url\" content=\"https:\/\/voxsahel.com\/?p=2244\" \/>\n<meta property=\"og:site_name\" content=\"Vox Sahel\" \/>\n<meta property=\"article:publisher\" content=\"https:\/\/www.facebook.com\/journal.voxsahel\" \/>\n<meta property=\"article:published_time\" content=\"2025-07-04T18:05:43+00:00\" \/>\n<meta property=\"og:image\" content=\"https:\/\/voxsahel.com\/wp-content\/uploads\/2025\/07\/514929627_1191056769720838_640504650851561622_n.jpg\" \/>\n\t<meta property=\"og:image:width\" content=\"1440\" \/>\n\t<meta property=\"og:image:height\" content=\"900\" \/>\n\t<meta property=\"og:image:type\" content=\"image\/jpeg\" \/>\n<meta name=\"author\" content=\"Vox Sahel\" \/>\n<meta name=\"twitter:card\" content=\"summary_large_image\" \/>\n<meta name=\"twitter:label1\" content=\"\u00c9crit par\" \/>\n\t<meta name=\"twitter:data1\" content=\"Vox Sahel\" \/>\n\t<meta name=\"twitter:label2\" content=\"Dur\u00e9e de lecture estim\u00e9e\" \/>\n\t<meta name=\"twitter:data2\" content=\"3 minutes\" \/>\n<script type=\"application\/ld+json\" class=\"yoast-schema-graph\">{\"@context\":\"https:\\\/\\\/schema.org\",\"@graph\":[{\"@type\":\"Article\",\"@id\":\"https:\\\/\\\/voxsahel.com\\\/?p=2244#article\",\"isPartOf\":{\"@id\":\"https:\\\/\\\/voxsahel.com\\\/?p=2244\"},\"author\":{\"name\":\"Vox Sahel\",\"@id\":\"https:\\\/\\\/voxsahel.com\\\/#\\\/schema\\\/person\\\/b4043608248f8fa227cd760e7ff1e19e\"},\"headline\":\"Burkina Faso : Plus de 101 milliards F\u202fCFA mobilis\u00e9s au 30 juin 2025 dans le cadre du Fonds de soutien patriotique\",\"datePublished\":\"2025-07-04T18:05:43+00:00\",\"mainEntityOfPage\":{\"@id\":\"https:\\\/\\\/voxsahel.com\\\/?p=2244\"},\"wordCount\":490,\"commentCount\":0,\"publisher\":{\"@id\":\"https:\\\/\\\/voxsahel.com\\\/#organization\"},\"image\":{\"@id\":\"https:\\\/\\\/voxsahel.com\\\/?p=2244#primaryimage\"},\"thumbnailUrl\":\"https:\\\/\\\/voxsahel.com\\\/wp-content\\\/uploads\\\/2025\\\/07\\\/514929627_1191056769720838_640504650851561622_n.jpg\",\"keywords\":[\"Burkina Faso\",\"Fonds de soutien Patriotique\",\"Rimtalba Jean Emmanuel Ou\u00e9draogo\"],\"articleSection\":[\"POLITIQUE\"],\"inLanguage\":\"fr-FR\",\"potentialAction\":[{\"@type\":\"CommentAction\",\"name\":\"Comment\",\"target\":[\"https:\\\/\\\/voxsahel.com\\\/?p=2244#respond\"]}]},{\"@type\":\"WebPage\",\"@id\":\"https:\\\/\\\/voxsahel.com\\\/?p=2244\",\"url\":\"https:\\\/\\\/voxsahel.com\\\/?p=2244\",\"name\":\"Burkina Faso : Plus de 101 milliards F\u202fCFA mobilis\u00e9s au 30 juin 2025 dans le cadre du Fonds de soutien patriotique - Vox Sahel\",\"isPartOf\":{\"@id\":\"https:\\\/\\\/voxsahel.com\\\/#website\"},\"primaryImageOfPage\":{\"@id\":\"https:\\\/\\\/voxsahel.com\\\/?p=2244#primaryimage\"},\"image\":{\"@id\":\"https:\\\/\\\/voxsahel.com\\\/?p=2244#primaryimage\"},\"thumbnailUrl\":\"https:\\\/\\\/voxsahel.com\\\/wp-content\\\/uploads\\\/2025\\\/07\\\/514929627_1191056769720838_640504650851561622_n.jpg\",\"datePublished\":\"2025-07-04T18:05:43+00:00\",\"breadcrumb\":{\"@id\":\"https:\\\/\\\/voxsahel.com\\\/?p=2244#breadcrumb\"},\"inLanguage\":\"fr-FR\",\"potentialAction\":[{\"@type\":\"ReadAction\",\"target\":[\"https:\\\/\\\/voxsahel.com\\\/?p=2244\"]}]},{\"@type\":\"ImageObject\",\"inLanguage\":\"fr-FR\",\"@id\":\"https:\\\/\\\/voxsahel.com\\\/?p=2244#primaryimage\",\"url\":\"https:\\\/\\\/voxsahel.com\\\/wp-content\\\/uploads\\\/2025\\\/07\\\/514929627_1191056769720838_640504650851561622_n.jpg\",\"contentUrl\":\"https:\\\/\\\/voxsahel.com\\\/wp-content\\\/uploads\\\/2025\\\/07\\\/514929627_1191056769720838_640504650851561622_n.jpg\",\"width\":1440,\"height\":900},{\"@type\":\"BreadcrumbList\",\"@id\":\"https:\\\/\\\/voxsahel.com\\\/?p=2244#breadcrumb\",\"itemListElement\":[{\"@type\":\"ListItem\",\"position\":1,\"name\":\"Home\",\"item\":\"https:\\\/\\\/voxsahel.com\\\/\"},{\"@type\":\"ListItem\",\"position\":2,\"name\":\"Burkina Faso : Plus de 101 milliards F\u202fCFA mobilis\u00e9s au 30 juin 2025 dans le cadre du Fonds de soutien patriotique\"}]},{\"@type\":\"WebSite\",\"@id\":\"https:\\\/\\\/voxsahel.com\\\/#website\",\"url\":\"https:\\\/\\\/voxsahel.com\\\/\",\"name\":\"Vox Sahel\",\"description\":\"Informez-vous sur le Sahel en un clic\",\"publisher\":{\"@id\":\"https:\\\/\\\/voxsahel.com\\\/#organization\"},\"potentialAction\":[{\"@type\":\"SearchAction\",\"target\":{\"@type\":\"EntryPoint\",\"urlTemplate\":\"https:\\\/\\\/voxsahel.com\\\/?s={search_term_string}\"},\"query-input\":{\"@type\":\"PropertyValueSpecification\",\"valueRequired\":true,\"valueName\":\"search_term_string\"}}],\"inLanguage\":\"fr-FR\"},{\"@type\":\"Organization\",\"@id\":\"https:\\\/\\\/voxsahel.com\\\/#organization\",\"name\":\"Vox Sahel\",\"url\":\"https:\\\/\\\/voxsahel.com\\\/\",\"logo\":{\"@type\":\"ImageObject\",\"inLanguage\":\"fr-FR\",\"@id\":\"https:\\\/\\\/voxsahel.com\\\/#\\\/schema\\\/logo\\\/image\\\/\",\"url\":\"https:\\\/\\\/voxsahel.com\\\/wp-content\\\/uploads\\\/2024\\\/09\\\/Logo-Vox-Sahel.jpg\",\"contentUrl\":\"https:\\\/\\\/voxsahel.com\\\/wp-content\\\/uploads\\\/2024\\\/09\\\/Logo-Vox-Sahel.jpg\",\"width\":1181,\"height\":848,\"caption\":\"Vox Sahel\"},\"image\":{\"@id\":\"https:\\\/\\\/voxsahel.com\\\/#\\\/schema\\\/logo\\\/image\\\/\"},\"sameAs\":[\"https:\\\/\\\/www.facebook.com\\\/journal.voxsahel\"]},{\"@type\":\"Person\",\"@id\":\"https:\\\/\\\/voxsahel.com\\\/#\\\/schema\\\/person\\\/b4043608248f8fa227cd760e7ff1e19e\",\"name\":\"Vox Sahel\",\"image\":{\"@type\":\"ImageObject\",\"inLanguage\":\"fr-FR\",\"@id\":\"https:\\\/\\\/secure.gravatar.com\\\/avatar\\\/f70e7fa0cb9b29d4a7c5788d6eb2e9ab4d3135cbae1c9161810fdf77a8964699?s=96&d=mm&r=g\",\"url\":\"https:\\\/\\\/secure.gravatar.com\\\/avatar\\\/f70e7fa0cb9b29d4a7c5788d6eb2e9ab4d3135cbae1c9161810fdf77a8964699?s=96&d=mm&r=g\",\"contentUrl\":\"https:\\\/\\\/secure.gravatar.com\\\/avatar\\\/f70e7fa0cb9b29d4a7c5788d6eb2e9ab4d3135cbae1c9161810fdf77a8964699?s=96&d=mm&r=g\",\"caption\":\"Vox Sahel\"},\"sameAs\":[\"http:\\\/\\\/www.voxsahel.com\"],\"url\":\"https:\\\/\\\/voxsahel.com\\\/?author=2\"}]}<\/script>\n<!-- \/ Yoast SEO plugin. -->","yoast_head_json":{"title":"Burkina Faso : Plus de 101 milliards F\u202fCFA mobilis\u00e9s au 30 juin 2025 dans le cadre du Fonds de soutien patriotique - Vox Sahel","robots":{"index":"index","follow":"follow","max-snippet":"max-snippet:-1","max-image-preview":"max-image-preview:large","max-video-preview":"max-video-preview:-1"},"canonical":"https:\/\/voxsahel.com\/?p=2244","og_locale":"fr_FR","og_type":"article","og_title":"Burkina Faso : Plus de 101 milliards F\u202fCFA mobilis\u00e9s au 30 juin 2025 dans le cadre du Fonds de soutien patriotique - Vox Sahel","og_description":"Le Premier ministre Rimtalba Jean Emmanuel Ou\u00e9draogo, pr\u00e9sident du Conseil d\u2019Orientation du Fonds de soutien","og_url":"https:\/\/voxsahel.com\/?p=2244","og_site_name":"Vox Sahel","article_publisher":"https:\/\/www.facebook.com\/journal.voxsahel","article_published_time":"2025-07-04T18:05:43+00:00","og_image":[{"width":1440,"height":900,"url":"https:\/\/voxsahel.com\/wp-content\/uploads\/2025\/07\/514929627_1191056769720838_640504650851561622_n.jpg","type":"image\/jpeg"}],"author":"Vox Sahel","twitter_card":"summary_large_image","twitter_misc":{"\u00c9crit par":"Vox Sahel","Dur\u00e9e de lecture estim\u00e9e":"3 minutes"},"schema":{"@context":"https:\/\/schema.org","@graph":[{"@type":"Article","@id":"https:\/\/voxsahel.com\/?p=2244#article","isPartOf":{"@id":"https:\/\/voxsahel.com\/?p=2244"},"author":{"name":"Vox Sahel","@id":"https:\/\/voxsahel.com\/#\/schema\/person\/b4043608248f8fa227cd760e7ff1e19e"},"headline":"Burkina Faso : Plus de 101 milliards F\u202fCFA mobilis\u00e9s au 30 juin 2025 dans le cadre du Fonds de soutien patriotique","datePublished":"2025-07-04T18:05:43+00:00","mainEntityOfPage":{"@id":"https:\/\/voxsahel.com\/?p=2244"},"wordCount":490,"commentCount":0,"publisher":{"@id":"https:\/\/voxsahel.com\/#organization"},"image":{"@id":"https:\/\/voxsahel.com\/?p=2244#primaryimage"},"thumbnailUrl":"https:\/\/voxsahel.com\/wp-content\/uploads\/2025\/07\/514929627_1191056769720838_640504650851561622_n.jpg","keywords":["Burkina Faso","Fonds de soutien Patriotique","Rimtalba Jean Emmanuel Ou\u00e9draogo"],"articleSection":["POLITIQUE"],"inLanguage":"fr-FR","potentialAction":[{"@type":"CommentAction","name":"Comment","target":["https:\/\/voxsahel.com\/?p=2244#respond"]}]},{"@type":"WebPage","@id":"https:\/\/voxsahel.com\/?p=2244","url":"https:\/\/voxsahel.com\/?p=2244","name":"Burkina Faso : Plus de 101 milliards F\u202fCFA mobilis\u00e9s au 30 juin 2025 dans le cadre du Fonds de soutien patriotique - Vox Sahel","isPartOf":{"@id":"https:\/\/voxsahel.com\/#website"},"primaryImageOfPage":{"@id":"https:\/\/voxsahel.com\/?p=2244#primaryimage"},"image":{"@id":"https:\/\/voxsahel.com\/?p=2244#primaryimage"},"thumbnailUrl":"https:\/\/voxsahel.com\/wp-content\/uploads\/2025\/07\/514929627_1191056769720838_640504650851561622_n.jpg","datePublished":"2025-07-04T18:05:43+00:00","breadcrumb":{"@id":"https:\/\/voxsahel.com\/?p=2244#breadcrumb"},"inLanguage":"fr-FR","potentialAction":[{"@type":"ReadAction","target":["https:\/\/voxsahel.com\/?p=2244"]}]},{"@type":"ImageObject","inLanguage":"fr-FR","@id":"https:\/\/voxsahel.com\/?p=2244#primaryimage","url":"https:\/\/voxsahel.com\/wp-content\/uploads\/2025\/07\/514929627_1191056769720838_640504650851561622_n.jpg","contentUrl":"https:\/\/voxsahel.com\/wp-content\/uploads\/2025\/07\/514929627_1191056769720838_640504650851561622_n.jpg","width":1440,"height":900},{"@type":"BreadcrumbList","@id":"https:\/\/voxsahel.com\/?p=2244#breadcrumb","itemListElement":[{"@type":"ListItem","position":1,"name":"Home","item":"https:\/\/voxsahel.com\/"},{"@type":"ListItem","position":2,"name":"Burkina Faso : Plus de 101 milliards F\u202fCFA mobilis\u00e9s au 30 juin 2025 dans le cadre du Fonds de soutien patriotique"}]},{"@type":"WebSite","@id":"https:\/\/voxsahel.com\/#website","url":"https:\/\/voxsahel.com\/","name":"Vox Sahel","description":"Informez-vous sur le Sahel en un clic","publisher":{"@id":"https:\/\/voxsahel.com\/#organization"},"potentialAction":[{"@type":"SearchAction","target":{"@type":"EntryPoint","urlTemplate":"https:\/\/voxsahel.com\/?s={search_term_string}"},"query-input":{"@type":"PropertyValueSpecification","valueRequired":true,"valueName":"search_term_string"}}],"inLanguage":"fr-FR"},{"@type":"Organization","@id":"https:\/\/voxsahel.com\/#organization","name":"Vox Sahel","url":"https:\/\/voxsahel.com\/","logo":{"@type":"ImageObject","inLanguage":"fr-FR","@id":"https:\/\/voxsahel.com\/#\/schema\/logo\/image\/","url":"https:\/\/voxsahel.com\/wp-content\/uploads\/2024\/09\/Logo-Vox-Sahel.jpg","contentUrl":"https:\/\/voxsahel.com\/wp-content\/uploads\/2024\/09\/Logo-Vox-Sahel.jpg","width":1181,"height":848,"caption":"Vox Sahel"},"image":{"@id":"https:\/\/voxsahel.com\/#\/schema\/logo\/image\/"},"sameAs":["https:\/\/www.facebook.com\/journal.voxsahel"]},{"@type":"Person","@id":"https:\/\/voxsahel.com\/#\/schema\/person\/b4043608248f8fa227cd760e7ff1e19e","name":"Vox Sahel","image":{"@type":"ImageObject","inLanguage":"fr-FR","@id":"https:\/\/secure.gravatar.com\/avatar\/f70e7fa0cb9b29d4a7c5788d6eb2e9ab4d3135cbae1c9161810fdf77a8964699?s=96&d=mm&r=g","url":"https:\/\/secure.gravatar.com\/avatar\/f70e7fa0cb9b29d4a7c5788d6eb2e9ab4d3135cbae1c9161810fdf77a8964699?s=96&d=mm&r=g","contentUrl":"https:\/\/secure.gravatar.com\/avatar\/f70e7fa0cb9b29d4a7c5788d6eb2e9ab4d3135cbae1c9161810fdf77a8964699?s=96&d=mm&r=g","caption":"Vox Sahel"},"sameAs":["http:\/\/www.voxsahel.com"],"url":"https:\/\/voxsahel.com\/?author=2"}]}},"_links":{"self":[{"href":"https:\/\/voxsahel.com\/index.php?rest_route=\/wp\/v2\/posts\/2244","targetHints":{"allow":["GET"]}}],"collection":[{"href":"https:\/\/voxsahel.com\/index.php?rest_route=\/wp\/v2\/posts"}],"about":[{"href":"https:\/\/voxsahel.com\/index.php?rest_route=\/wp\/v2\/types\/post"}],"author":[{"embeddable":true,"href":"https:\/\/voxsahel.com\/index.php?rest_route=\/wp\/v2\/users\/2"}],"replies":[{"embeddable":true,"href":"https:\/\/voxsahel.com\/index.php?rest_route=%2Fwp%2Fv2%2Fcomments&post=2244"}],"version-history":[{"count":1,"href":"https:\/\/voxsahel.com\/index.php?rest_route=\/wp\/v2\/posts\/2244\/revisions"}],"predecessor-version":[{"id":2246,"href":"https:\/\/voxsahel.com\/index.php?rest_route=\/wp\/v2\/posts\/2244\/revisions\/2246"}],"wp:featuredmedia":[{"embeddable":true,"href":"https:\/\/voxsahel.com\/index.php?rest_route=\/wp\/v2\/media\/2245"}],"wp:attachment":[{"href":"https:\/\/voxsahel.com\/index.php?rest_route=%2Fwp%2Fv2%2Fmedia&parent=2244"}],"wp:term":[{"taxonomy":"category","embeddable":true,"href":"https:\/\/voxsahel.com\/index.php?rest_route=%2Fwp%2Fv2%2Fcategories&post=2244"},{"taxonomy":"post_tag","embeddable":true,"href":"https:\/\/voxsahel.com\/index.php?rest_route=%2Fwp%2Fv2%2Ftags&post=2244"}],"curies":[{"name":"wp","href":"https:\/\/api.w.org\/{rel}","templated":true}]}}