{"id":2238,"date":"2025-07-02T17:55:48","date_gmt":"2025-07-02T17:55:48","guid":{"rendered":"https:\/\/voxsahel.com\/?p=2238"},"modified":"2025-07-02T17:55:48","modified_gmt":"2025-07-02T17:55:48","slug":"burkina-faso-le-pays-compte-desormais-17-regions-et-47-provinces","status":"publish","type":"post","link":"https:\/\/voxsahel.com\/?p=2238","title":{"rendered":"Burkina Faso : Le pays compte d\u00e9sormais 17 r\u00e9gions et 47 provinces"},"content":{"rendered":"<p class=\"p1\"><span class=\"s2\">Le Burkina Faso a proc\u00e9d\u00e9 \u00e0 une nouvelle r\u00e9organisation administrative de son territoire, portant d\u00e9sormais \u00e0 17 le nombre de r\u00e9gions et \u00e0 47 celui des provinces, a appris l\u2019AIB de source officielle.<\/span><\/p>\n<p class=\"p1\"><span class=\"s2\">Selon les autorit\u00e9s, deux nouvelles provinces ont \u00e9t\u00e9 cr\u00e9\u00e9es : la province du Dyamongou, dont le chef-lieu est Kantchari, et celle de Karo-Peli, avec pour chef-lieu Arbinda.<\/span><\/p>\n<p class=\"p1\"><span class=\"s2\">Quatre nouvelles r\u00e9gions viennent \u00e9galement s\u2019ajouter \u00e0 la carte administrative du pays. Il s\u2019agit de :<\/span><\/p>\n<ul class=\"ul1\">\n<li class=\"li1\"><span class=\"s2\">la r\u00e9gion du Soum avec pour chef-lieu Djibo,<\/span><\/li>\n<li class=\"li1\"><span class=\"s2\">la r\u00e9gion de la Sirba, dont le chef-lieu est Bogand\u00e9,<\/span><\/li>\n<li class=\"li1\"><span class=\"s2\">la r\u00e9gion de la Tapoa, avec Diapaga comme chef-lieu,<\/span><\/li>\n<li class=\"li1\"><span class=\"s2\">et la r\u00e9gion du Sourou, dont le chef-lieu est Tougan.<\/span><\/li>\n<\/ul>\n<p class=\"p1\"><span class=\"s2\">Par ailleurs, certaines d\u00e9nominations ont \u00e9t\u00e9 modifi\u00e9es. Ainsi, les provinces du Sanmatenga et de l\u2019Oubritenga deviennent respectivement le <\/span><span class=\"s1\">Sandbondtenga<\/span><span class=\"s2\"> et le <\/span><span class=\"s1\">Bassitenga<\/span><span class=\"s2\">. La province du Soum est d\u00e9sormais appel\u00e9e <\/span><span class=\"s1\">Djelgodji<\/span><span class=\"s2\">, tandis que la Kossi prend le nom de <\/span><span class=\"s1\">Kossin<\/span><span class=\"s2\">.<\/span><\/p>\n<p class=\"p1\"><span class=\"s2\">Cette r\u00e9forme vise \u00e0 mieux adapter l\u2019organisation territoriale aux r\u00e9alit\u00e9s locales, en vue d\u2019une administration plus proche des populations et d\u2019une gouvernance territoriale renforc\u00e9e.<\/span><\/p>\n<p class=\"p1\"><span class=\"s2\">D\u00e9sormais les 17 r\u00e9gions portent les toponymes suivants : Bankui (D\u00e9dougou), Dj\u00f4r\u00f4 (Gaoua), Goulmou (Fada N\u2019Gourma), Guiriko (Bobo-Dioulasso), Kadiogo (Ouagadougou), Kuils\u00e9 (Kaya), Liptako (Dori), Nando (Koudougou), Nakamb\u00e9 (Tenkodogo), Nazinon (Manga), Oubri (Ziniar\u00e9), Sirba (Bogand\u00e9), Soum (Djibo), Tannounyan (Banfora), Tapoa (Diapaga) Sourou (Tougan) et Yaadga (Ouahigouya). <\/span><\/p>\n","protected":false},"excerpt":{"rendered":"<p>Le Burkina Faso a proc\u00e9d\u00e9 \u00e0 une nouvelle r\u00e9organisation administrative de son territoire, portant d\u00e9sormais<\/p>\n","protected":false},"author":2,"featured_media":2239,"comment_status":"open","ping_status":"open","sticky":false,"template":"","format":"standard","meta":{"_et_pb_use_builder":"","_et_pb_old_content":"","_et_gb_content_width":"","footnotes":""},"categories":[6],"tags":[18],"class_list":["post-2238","post","type-post","status-publish","format-standard","has-post-thumbnail","hentry","category-politique","tag-burkina-faso"],"yoast_head":"<!-- This site is optimized with the Yoast SEO plugin v27.5 - https:\/\/yoast.com\/product\/yoast-seo-wordpress\/ -->\n<title>Burkina Faso : Le pays compte d\u00e9sormais 17 r\u00e9gions et 47 provinces - Vox Sahel<\/title>\n<meta name=\"robots\" content=\"index, follow, max-snippet:-1, max-image-preview:large, max-video-preview:-1\" \/>\n<link rel=\"canonical\" href=\"https:\/\/voxsahel.com\/?p=2238\" \/>\n<meta property=\"og:locale\" content=\"fr_FR\" \/>\n<meta property=\"og:type\" content=\"article\" \/>\n<meta property=\"og:title\" content=\"Burkina Faso : Le pays compte d\u00e9sormais 17 r\u00e9gions et 47 provinces - Vox Sahel\" \/>\n<meta property=\"og:description\" content=\"Le Burkina Faso a proc\u00e9d\u00e9 \u00e0 une nouvelle r\u00e9organisation administrative de son territoire, portant d\u00e9sormais\" \/>\n<meta property=\"og:url\" content=\"https:\/\/voxsahel.com\/?p=2238\" \/>\n<meta property=\"og:site_name\" content=\"Vox Sahel\" \/>\n<meta property=\"article:publisher\" content=\"https:\/\/www.facebook.com\/journal.voxsahel\" \/>\n<meta property=\"article:published_time\" content=\"2025-07-02T17:55:48+00:00\" \/>\n<meta property=\"og:image\" content=\"https:\/\/voxsahel.com\/wp-content\/uploads\/2025\/07\/IMG_0015-1024x784.png\" \/>\n\t<meta property=\"og:image:width\" content=\"1024\" \/>\n\t<meta property=\"og:image:height\" content=\"784\" \/>\n\t<meta property=\"og:image:type\" content=\"image\/png\" \/>\n<meta name=\"author\" content=\"Vox Sahel\" \/>\n<meta name=\"twitter:card\" content=\"summary_large_image\" \/>\n<meta name=\"twitter:label1\" content=\"\u00c9crit par\" \/>\n\t<meta name=\"twitter:data1\" content=\"Vox Sahel\" \/>\n\t<meta name=\"twitter:label2\" content=\"Dur\u00e9e de lecture estim\u00e9e\" \/>\n\t<meta name=\"twitter:data2\" content=\"2 minutes\" \/>\n<script type=\"application\/ld+json\" class=\"yoast-schema-graph\">{\"@context\":\"https:\\\/\\\/schema.org\",\"@graph\":[{\"@type\":\"Article\",\"@id\":\"https:\\\/\\\/voxsahel.com\\\/?p=2238#article\",\"isPartOf\":{\"@id\":\"https:\\\/\\\/voxsahel.com\\\/?p=2238\"},\"author\":{\"name\":\"Vox Sahel\",\"@id\":\"https:\\\/\\\/voxsahel.com\\\/#\\\/schema\\\/person\\\/b4043608248f8fa227cd760e7ff1e19e\"},\"headline\":\"Burkina Faso : Le pays compte d\u00e9sormais 17 r\u00e9gions et 47 provinces\",\"datePublished\":\"2025-07-02T17:55:48+00:00\",\"mainEntityOfPage\":{\"@id\":\"https:\\\/\\\/voxsahel.com\\\/?p=2238\"},\"wordCount\":252,\"commentCount\":0,\"publisher\":{\"@id\":\"https:\\\/\\\/voxsahel.com\\\/#organization\"},\"image\":{\"@id\":\"https:\\\/\\\/voxsahel.com\\\/?p=2238#primaryimage\"},\"thumbnailUrl\":\"https:\\\/\\\/voxsahel.com\\\/wp-content\\\/uploads\\\/2025\\\/07\\\/IMG_0015-scaled.png\",\"keywords\":[\"Burkina Faso\"],\"articleSection\":[\"POLITIQUE\"],\"inLanguage\":\"fr-FR\",\"potentialAction\":[{\"@type\":\"CommentAction\",\"name\":\"Comment\",\"target\":[\"https:\\\/\\\/voxsahel.com\\\/?p=2238#respond\"]}]},{\"@type\":\"WebPage\",\"@id\":\"https:\\\/\\\/voxsahel.com\\\/?p=2238\",\"url\":\"https:\\\/\\\/voxsahel.com\\\/?p=2238\",\"name\":\"Burkina Faso : Le pays compte d\u00e9sormais 17 r\u00e9gions et 47 provinces - Vox Sahel\",\"isPartOf\":{\"@id\":\"https:\\\/\\\/voxsahel.com\\\/#website\"},\"primaryImageOfPage\":{\"@id\":\"https:\\\/\\\/voxsahel.com\\\/?p=2238#primaryimage\"},\"image\":{\"@id\":\"https:\\\/\\\/voxsahel.com\\\/?p=2238#primaryimage\"},\"thumbnailUrl\":\"https:\\\/\\\/voxsahel.com\\\/wp-content\\\/uploads\\\/2025\\\/07\\\/IMG_0015-scaled.png\",\"datePublished\":\"2025-07-02T17:55:48+00:00\",\"breadcrumb\":{\"@id\":\"https:\\\/\\\/voxsahel.com\\\/?p=2238#breadcrumb\"},\"inLanguage\":\"fr-FR\",\"potentialAction\":[{\"@type\":\"ReadAction\",\"target\":[\"https:\\\/\\\/voxsahel.com\\\/?p=2238\"]}]},{\"@type\":\"ImageObject\",\"inLanguage\":\"fr-FR\",\"@id\":\"https:\\\/\\\/voxsahel.com\\\/?p=2238#primaryimage\",\"url\":\"https:\\\/\\\/voxsahel.com\\\/wp-content\\\/uploads\\\/2025\\\/07\\\/IMG_0015-scaled.png\",\"contentUrl\":\"https:\\\/\\\/voxsahel.com\\\/wp-content\\\/uploads\\\/2025\\\/07\\\/IMG_0015-scaled.png\",\"width\":2560,\"height\":1960},{\"@type\":\"BreadcrumbList\",\"@id\":\"https:\\\/\\\/voxsahel.com\\\/?p=2238#breadcrumb\",\"itemListElement\":[{\"@type\":\"ListItem\",\"position\":1,\"name\":\"Home\",\"item\":\"https:\\\/\\\/voxsahel.com\\\/\"},{\"@type\":\"ListItem\",\"position\":2,\"name\":\"Burkina Faso : Le pays compte d\u00e9sormais 17 r\u00e9gions et 47 provinces\"}]},{\"@type\":\"WebSite\",\"@id\":\"https:\\\/\\\/voxsahel.com\\\/#website\",\"url\":\"https:\\\/\\\/voxsahel.com\\\/\",\"name\":\"Vox Sahel\",\"description\":\"Informez-vous sur le Sahel en un clic\",\"publisher\":{\"@id\":\"https:\\\/\\\/voxsahel.com\\\/#organization\"},\"potentialAction\":[{\"@type\":\"SearchAction\",\"target\":{\"@type\":\"EntryPoint\",\"urlTemplate\":\"https:\\\/\\\/voxsahel.com\\\/?s={search_term_string}\"},\"query-input\":{\"@type\":\"PropertyValueSpecification\",\"valueRequired\":true,\"valueName\":\"search_term_string\"}}],\"inLanguage\":\"fr-FR\"},{\"@type\":\"Organization\",\"@id\":\"https:\\\/\\\/voxsahel.com\\\/#organization\",\"name\":\"Vox Sahel\",\"url\":\"https:\\\/\\\/voxsahel.com\\\/\",\"logo\":{\"@type\":\"ImageObject\",\"inLanguage\":\"fr-FR\",\"@id\":\"https:\\\/\\\/voxsahel.com\\\/#\\\/schema\\\/logo\\\/image\\\/\",\"url\":\"https:\\\/\\\/voxsahel.com\\\/wp-content\\\/uploads\\\/2024\\\/09\\\/Logo-Vox-Sahel.jpg\",\"contentUrl\":\"https:\\\/\\\/voxsahel.com\\\/wp-content\\\/uploads\\\/2024\\\/09\\\/Logo-Vox-Sahel.jpg\",\"width\":1181,\"height\":848,\"caption\":\"Vox Sahel\"},\"image\":{\"@id\":\"https:\\\/\\\/voxsahel.com\\\/#\\\/schema\\\/logo\\\/image\\\/\"},\"sameAs\":[\"https:\\\/\\\/www.facebook.com\\\/journal.voxsahel\"]},{\"@type\":\"Person\",\"@id\":\"https:\\\/\\\/voxsahel.com\\\/#\\\/schema\\\/person\\\/b4043608248f8fa227cd760e7ff1e19e\",\"name\":\"Vox Sahel\",\"image\":{\"@type\":\"ImageObject\",\"inLanguage\":\"fr-FR\",\"@id\":\"https:\\\/\\\/secure.gravatar.com\\\/avatar\\\/f70e7fa0cb9b29d4a7c5788d6eb2e9ab4d3135cbae1c9161810fdf77a8964699?s=96&d=mm&r=g\",\"url\":\"https:\\\/\\\/secure.gravatar.com\\\/avatar\\\/f70e7fa0cb9b29d4a7c5788d6eb2e9ab4d3135cbae1c9161810fdf77a8964699?s=96&d=mm&r=g\",\"contentUrl\":\"https:\\\/\\\/secure.gravatar.com\\\/avatar\\\/f70e7fa0cb9b29d4a7c5788d6eb2e9ab4d3135cbae1c9161810fdf77a8964699?s=96&d=mm&r=g\",\"caption\":\"Vox Sahel\"},\"sameAs\":[\"http:\\\/\\\/www.voxsahel.com\"],\"url\":\"https:\\\/\\\/voxsahel.com\\\/?author=2\"}]}<\/script>\n<!-- \/ Yoast SEO plugin. -->","yoast_head_json":{"title":"Burkina Faso : Le pays compte d\u00e9sormais 17 r\u00e9gions et 47 provinces - Vox Sahel","robots":{"index":"index","follow":"follow","max-snippet":"max-snippet:-1","max-image-preview":"max-image-preview:large","max-video-preview":"max-video-preview:-1"},"canonical":"https:\/\/voxsahel.com\/?p=2238","og_locale":"fr_FR","og_type":"article","og_title":"Burkina Faso : Le pays compte d\u00e9sormais 17 r\u00e9gions et 47 provinces - Vox Sahel","og_description":"Le Burkina Faso a proc\u00e9d\u00e9 \u00e0 une nouvelle r\u00e9organisation administrative de son territoire, portant d\u00e9sormais","og_url":"https:\/\/voxsahel.com\/?p=2238","og_site_name":"Vox Sahel","article_publisher":"https:\/\/www.facebook.com\/journal.voxsahel","article_published_time":"2025-07-02T17:55:48+00:00","og_image":[{"width":1024,"height":784,"url":"https:\/\/voxsahel.com\/wp-content\/uploads\/2025\/07\/IMG_0015-1024x784.png","type":"image\/png"}],"author":"Vox Sahel","twitter_card":"summary_large_image","twitter_misc":{"\u00c9crit par":"Vox Sahel","Dur\u00e9e de lecture estim\u00e9e":"2 minutes"},"schema":{"@context":"https:\/\/schema.org","@graph":[{"@type":"Article","@id":"https:\/\/voxsahel.com\/?p=2238#article","isPartOf":{"@id":"https:\/\/voxsahel.com\/?p=2238"},"author":{"name":"Vox Sahel","@id":"https:\/\/voxsahel.com\/#\/schema\/person\/b4043608248f8fa227cd760e7ff1e19e"},"headline":"Burkina Faso : Le pays compte d\u00e9sormais 17 r\u00e9gions et 47 provinces","datePublished":"2025-07-02T17:55:48+00:00","mainEntityOfPage":{"@id":"https:\/\/voxsahel.com\/?p=2238"},"wordCount":252,"commentCount":0,"publisher":{"@id":"https:\/\/voxsahel.com\/#organization"},"image":{"@id":"https:\/\/voxsahel.com\/?p=2238#primaryimage"},"thumbnailUrl":"https:\/\/voxsahel.com\/wp-content\/uploads\/2025\/07\/IMG_0015-scaled.png","keywords":["Burkina Faso"],"articleSection":["POLITIQUE"],"inLanguage":"fr-FR","potentialAction":[{"@type":"CommentAction","name":"Comment","target":["https:\/\/voxsahel.com\/?p=2238#respond"]}]},{"@type":"WebPage","@id":"https:\/\/voxsahel.com\/?p=2238","url":"https:\/\/voxsahel.com\/?p=2238","name":"Burkina Faso : Le pays compte d\u00e9sormais 17 r\u00e9gions et 47 provinces - Vox Sahel","isPartOf":{"@id":"https:\/\/voxsahel.com\/#website"},"primaryImageOfPage":{"@id":"https:\/\/voxsahel.com\/?p=2238#primaryimage"},"image":{"@id":"https:\/\/voxsahel.com\/?p=2238#primaryimage"},"thumbnailUrl":"https:\/\/voxsahel.com\/wp-content\/uploads\/2025\/07\/IMG_0015-scaled.png","datePublished":"2025-07-02T17:55:48+00:00","breadcrumb":{"@id":"https:\/\/voxsahel.com\/?p=2238#breadcrumb"},"inLanguage":"fr-FR","potentialAction":[{"@type":"ReadAction","target":["https:\/\/voxsahel.com\/?p=2238"]}]},{"@type":"ImageObject","inLanguage":"fr-FR","@id":"https:\/\/voxsahel.com\/?p=2238#primaryimage","url":"https:\/\/voxsahel.com\/wp-content\/uploads\/2025\/07\/IMG_0015-scaled.png","contentUrl":"https:\/\/voxsahel.com\/wp-content\/uploads\/2025\/07\/IMG_0015-scaled.png","width":2560,"height":1960},{"@type":"BreadcrumbList","@id":"https:\/\/voxsahel.com\/?p=2238#breadcrumb","itemListElement":[{"@type":"ListItem","position":1,"name":"Home","item":"https:\/\/voxsahel.com\/"},{"@type":"ListItem","position":2,"name":"Burkina Faso : Le pays compte d\u00e9sormais 17 r\u00e9gions et 47 provinces"}]},{"@type":"WebSite","@id":"https:\/\/voxsahel.com\/#website","url":"https:\/\/voxsahel.com\/","name":"Vox Sahel","description":"Informez-vous sur le Sahel en un clic","publisher":{"@id":"https:\/\/voxsahel.com\/#organization"},"potentialAction":[{"@type":"SearchAction","target":{"@type":"EntryPoint","urlTemplate":"https:\/\/voxsahel.com\/?s={search_term_string}"},"query-input":{"@type":"PropertyValueSpecification","valueRequired":true,"valueName":"search_term_string"}}],"inLanguage":"fr-FR"},{"@type":"Organization","@id":"https:\/\/voxsahel.com\/#organization","name":"Vox Sahel","url":"https:\/\/voxsahel.com\/","logo":{"@type":"ImageObject","inLanguage":"fr-FR","@id":"https:\/\/voxsahel.com\/#\/schema\/logo\/image\/","url":"https:\/\/voxsahel.com\/wp-content\/uploads\/2024\/09\/Logo-Vox-Sahel.jpg","contentUrl":"https:\/\/voxsahel.com\/wp-content\/uploads\/2024\/09\/Logo-Vox-Sahel.jpg","width":1181,"height":848,"caption":"Vox Sahel"},"image":{"@id":"https:\/\/voxsahel.com\/#\/schema\/logo\/image\/"},"sameAs":["https:\/\/www.facebook.com\/journal.voxsahel"]},{"@type":"Person","@id":"https:\/\/voxsahel.com\/#\/schema\/person\/b4043608248f8fa227cd760e7ff1e19e","name":"Vox Sahel","image":{"@type":"ImageObject","inLanguage":"fr-FR","@id":"https:\/\/secure.gravatar.com\/avatar\/f70e7fa0cb9b29d4a7c5788d6eb2e9ab4d3135cbae1c9161810fdf77a8964699?s=96&d=mm&r=g","url":"https:\/\/secure.gravatar.com\/avatar\/f70e7fa0cb9b29d4a7c5788d6eb2e9ab4d3135cbae1c9161810fdf77a8964699?s=96&d=mm&r=g","contentUrl":"https:\/\/secure.gravatar.com\/avatar\/f70e7fa0cb9b29d4a7c5788d6eb2e9ab4d3135cbae1c9161810fdf77a8964699?s=96&d=mm&r=g","caption":"Vox Sahel"},"sameAs":["http:\/\/www.voxsahel.com"],"url":"https:\/\/voxsahel.com\/?author=2"}]}},"_links":{"self":[{"href":"https:\/\/voxsahel.com\/index.php?rest_route=\/wp\/v2\/posts\/2238","targetHints":{"allow":["GET"]}}],"collection":[{"href":"https:\/\/voxsahel.com\/index.php?rest_route=\/wp\/v2\/posts"}],"about":[{"href":"https:\/\/voxsahel.com\/index.php?rest_route=\/wp\/v2\/types\/post"}],"author":[{"embeddable":true,"href":"https:\/\/voxsahel.com\/index.php?rest_route=\/wp\/v2\/users\/2"}],"replies":[{"embeddable":true,"href":"https:\/\/voxsahel.com\/index.php?rest_route=%2Fwp%2Fv2%2Fcomments&post=2238"}],"version-history":[{"count":1,"href":"https:\/\/voxsahel.com\/index.php?rest_route=\/wp\/v2\/posts\/2238\/revisions"}],"predecessor-version":[{"id":2240,"href":"https:\/\/voxsahel.com\/index.php?rest_route=\/wp\/v2\/posts\/2238\/revisions\/2240"}],"wp:featuredmedia":[{"embeddable":true,"href":"https:\/\/voxsahel.com\/index.php?rest_route=\/wp\/v2\/media\/2239"}],"wp:attachment":[{"href":"https:\/\/voxsahel.com\/index.php?rest_route=%2Fwp%2Fv2%2Fmedia&parent=2238"}],"wp:term":[{"taxonomy":"category","embeddable":true,"href":"https:\/\/voxsahel.com\/index.php?rest_route=%2Fwp%2Fv2%2Fcategories&post=2238"},{"taxonomy":"post_tag","embeddable":true,"href":"https:\/\/voxsahel.com\/index.php?rest_route=%2Fwp%2Fv2%2Ftags&post=2238"}],"curies":[{"name":"wp","href":"https:\/\/api.w.org\/{rel}","templated":true}]}}