{"id":2233,"date":"2025-07-02T17:32:22","date_gmt":"2025-07-02T17:32:22","guid":{"rendered":"https:\/\/voxsahel.com\/?p=2233"},"modified":"2025-07-02T17:32:22","modified_gmt":"2025-07-02T17:32:22","slug":"burkina-faso-la-direction-generale-des-douanes-et-le-synatrad-amorcent-une-collaboration-constructive","status":"publish","type":"post","link":"https:\/\/voxsahel.com\/?p=2233","title":{"rendered":"Burkina Faso : La Direction g\u00e9n\u00e9rale des Douanes et le SYNATRAD amorcent une collaboration constructive"},"content":{"rendered":"<p>Le Directeur G\u00e9n\u00e9ral des Douanes, l\u2019Inspecteur Divisionnaire Yves KAFANDO, a re\u00e7u en audience une importante d\u00e9l\u00e9gation du Syndicat National des Travailleurs de l&rsquo;Administration des Douanes (SYNATRAD), conduite par son Secr\u00e9taire G\u00e9n\u00e9ral, l\u2019Inspecteur Principal des Douanes Blaise NEBIE. Cette rencontre s\u2019inscrit dans le cadre des premi\u00e8res prises de contact du nouveau Directeur G\u00e9n\u00e9ral avec les partenaires sociaux.<\/p>\n<p>Dans une atmosph\u00e8re empreinte de courtoisie et d\u2019ouverture, le Directeur G\u00e9n\u00e9ral a souhait\u00e9 la bienvenue aux repr\u00e9sentants syndicaux, tout en r\u00e9affirmant sa volont\u00e9 de b\u00e2tir une relation de confiance, constructive et apais\u00e9e avec les organisations syndicales. Il a exprim\u00e9 son souhait de voir le SYNATRAD jouer un r\u00f4le actif dans la dynamique de consolidation des acquis, de promotion de l\u2019\u00e9thique professionnelle, et de respect scrupuleux de la r\u00e9glementation en vigueur.<\/p>\n<p><img loading=\"lazy\" decoding=\"async\" class=\"aligncenter size-large wp-image-2235\" src=\"https:\/\/voxsahel.com\/wp-content\/uploads\/2025\/07\/515574418_1158729809628663_1238730105703190538_n-1-1024x768.jpg\" alt=\"\" width=\"640\" height=\"480\" srcset=\"https:\/\/voxsahel.com\/wp-content\/uploads\/2025\/07\/515574418_1158729809628663_1238730105703190538_n-1-1024x768.jpg 1024w, https:\/\/voxsahel.com\/wp-content\/uploads\/2025\/07\/515574418_1158729809628663_1238730105703190538_n-1-300x225.jpg 300w, https:\/\/voxsahel.com\/wp-content\/uploads\/2025\/07\/515574418_1158729809628663_1238730105703190538_n-1-768x576.jpg 768w, https:\/\/voxsahel.com\/wp-content\/uploads\/2025\/07\/515574418_1158729809628663_1238730105703190538_n-1-1536x1152.jpg 1536w, https:\/\/voxsahel.com\/wp-content\/uploads\/2025\/07\/515574418_1158729809628663_1238730105703190538_n-1-510x382.jpg 510w, https:\/\/voxsahel.com\/wp-content\/uploads\/2025\/07\/515574418_1158729809628663_1238730105703190538_n-1-1080x810.jpg 1080w, https:\/\/voxsahel.com\/wp-content\/uploads\/2025\/07\/515574418_1158729809628663_1238730105703190538_n-1-610x458.jpg 610w, https:\/\/voxsahel.com\/wp-content\/uploads\/2025\/07\/515574418_1158729809628663_1238730105703190538_n-1-720x540.jpg 720w, https:\/\/voxsahel.com\/wp-content\/uploads\/2025\/07\/515574418_1158729809628663_1238730105703190538_n-1.jpg 2048w\" sizes=\"(max-width: 640px) 100vw, 640px\" \/><\/p>\n<p>Le Directeur G\u00e9n\u00e9ral a \u00e9galement invit\u00e9 le syndicat \u00e0 renforcer ses actions en mati\u00e8re de sensibilisation et de formation continue de ses militants, gages d\u2019un engagement durable au service de l\u2019Administration douani\u00e8re.<\/p>\n<p>En r\u00e9ponse, le Secr\u00e9taire G\u00e9n\u00e9ral du SYNATRAD, Blaise NEBIE, a salu\u00e9 la d\u00e9marche d\u2019ouverture du nouveau Directeur G\u00e9n\u00e9ral, lui adressant au nom de l\u2019ensemble des travailleurs ses vives f\u00e9licitations pour sa nomination. Il a exprim\u00e9 ses v\u0153ux de plein succ\u00e8s dans la conduite de sa mission, tout en rappelant les efforts d\u00e9j\u00e0 entrepris par le syndicat \u00e0 travers des campagnes de sensibilisation et des sessions de formation portant sur l\u2019\u00e9thique et la d\u00e9ontologie dans les diff\u00e9rents offices douaniers.<\/p>\n<p><img loading=\"lazy\" decoding=\"async\" class=\"aligncenter size-large wp-image-2236\" src=\"https:\/\/voxsahel.com\/wp-content\/uploads\/2025\/07\/515303789_1158729876295323_8624823326215769463_n-1024x768.jpg\" alt=\"\" width=\"640\" height=\"480\" srcset=\"https:\/\/voxsahel.com\/wp-content\/uploads\/2025\/07\/515303789_1158729876295323_8624823326215769463_n-1024x768.jpg 1024w, https:\/\/voxsahel.com\/wp-content\/uploads\/2025\/07\/515303789_1158729876295323_8624823326215769463_n-300x225.jpg 300w, https:\/\/voxsahel.com\/wp-content\/uploads\/2025\/07\/515303789_1158729876295323_8624823326215769463_n-768x576.jpg 768w, https:\/\/voxsahel.com\/wp-content\/uploads\/2025\/07\/515303789_1158729876295323_8624823326215769463_n-1536x1152.jpg 1536w, https:\/\/voxsahel.com\/wp-content\/uploads\/2025\/07\/515303789_1158729876295323_8624823326215769463_n-510x382.jpg 510w, https:\/\/voxsahel.com\/wp-content\/uploads\/2025\/07\/515303789_1158729876295323_8624823326215769463_n-1080x810.jpg 1080w, https:\/\/voxsahel.com\/wp-content\/uploads\/2025\/07\/515303789_1158729876295323_8624823326215769463_n-610x458.jpg 610w, https:\/\/voxsahel.com\/wp-content\/uploads\/2025\/07\/515303789_1158729876295323_8624823326215769463_n-720x540.jpg 720w, https:\/\/voxsahel.com\/wp-content\/uploads\/2025\/07\/515303789_1158729876295323_8624823326215769463_n.jpg 2048w\" sizes=\"(max-width: 640px) 100vw, 640px\" \/><\/p>\n<p>Le SG du SYNATRAD a \u00e9galement profit\u00e9 de l\u2019occasion pour soumettre \u00e0 l\u2019attention du Directeur G\u00e9n\u00e9ral un certain nombre de pr\u00e9occupations exprim\u00e9es par les agents. \u00c0 cela, le DG Yves KAFANDO a marqu\u00e9 son \u00e9coute attentive, assurant le syndicat de sa disponibilit\u00e9 \u00e0 examiner les diff\u00e9rents points \u00e9voqu\u00e9s, dans un esprit de dialogue social fond\u00e9 sur le respect mutuel.<\/p>\n<p>Cette audience marque ainsi le d\u00e9but d\u2019un partenariat prometteur entre la Direction G\u00e9n\u00e9rale des Douanes et le SYNATRAD, avec pour objectif commun l\u2019am\u00e9lioration continue des conditions de travail et la performance de l\u2019Administration douani\u00e8re.<\/p>\n<p style=\"text-align: right;\"><strong>Par Vox Sahel<\/strong><\/p>\n","protected":false},"excerpt":{"rendered":"<p>Le Directeur G\u00e9n\u00e9ral des Douanes, l\u2019Inspecteur Divisionnaire Yves KAFANDO, a re\u00e7u en audience une importante<\/p>\n","protected":false},"author":2,"featured_media":2234,"comment_status":"open","ping_status":"open","sticky":false,"template":"","format":"standard","meta":{"_et_pb_use_builder":"","_et_pb_old_content":"","_et_gb_content_width":"","footnotes":""},"categories":[8],"tags":[822,18,746,142,146,370,821],"class_list":["post-2233","post","type-post","status-publish","format-standard","has-post-thumbnail","hentry","category-developpement","tag-blaise-nebie","tag-burkina-faso","tag-direction-generale-des-douanes","tag-douane","tag-douanes-du-burkina-faso","tag-observatoire-pour-la-celerite-des-operations-douanieres-au-burkina-faso","tag-synatrad"],"yoast_head":"<!-- This site is optimized with the Yoast SEO plugin v27.5 - https:\/\/yoast.com\/product\/yoast-seo-wordpress\/ -->\n<title>Burkina Faso : La Direction g\u00e9n\u00e9rale des Douanes et le SYNATRAD amorcent une collaboration constructive - Vox Sahel<\/title>\n<meta name=\"robots\" content=\"index, follow, max-snippet:-1, max-image-preview:large, max-video-preview:-1\" \/>\n<link rel=\"canonical\" href=\"https:\/\/voxsahel.com\/?p=2233\" \/>\n<meta property=\"og:locale\" content=\"fr_FR\" \/>\n<meta property=\"og:type\" content=\"article\" \/>\n<meta property=\"og:title\" content=\"Burkina Faso : La Direction g\u00e9n\u00e9rale des Douanes et le SYNATRAD amorcent une collaboration constructive - Vox Sahel\" \/>\n<meta property=\"og:description\" content=\"Le Directeur G\u00e9n\u00e9ral des Douanes, l\u2019Inspecteur Divisionnaire Yves KAFANDO, a re\u00e7u en audience une importante\" \/>\n<meta property=\"og:url\" content=\"https:\/\/voxsahel.com\/?p=2233\" \/>\n<meta property=\"og:site_name\" content=\"Vox Sahel\" \/>\n<meta property=\"article:publisher\" content=\"https:\/\/www.facebook.com\/journal.voxsahel\" \/>\n<meta property=\"article:published_time\" content=\"2025-07-02T17:32:22+00:00\" \/>\n<meta property=\"og:image\" content=\"https:\/\/voxsahel.com\/wp-content\/uploads\/2025\/07\/515574418_1158729809628663_1238730105703190538_n.jpg\" \/>\n\t<meta property=\"og:image:width\" content=\"2048\" \/>\n\t<meta property=\"og:image:height\" content=\"1536\" \/>\n\t<meta property=\"og:image:type\" content=\"image\/jpeg\" \/>\n<meta name=\"author\" content=\"Vox Sahel\" \/>\n<meta name=\"twitter:card\" content=\"summary_large_image\" \/>\n<meta name=\"twitter:label1\" content=\"\u00c9crit par\" \/>\n\t<meta name=\"twitter:data1\" content=\"Vox Sahel\" \/>\n\t<meta name=\"twitter:label2\" content=\"Dur\u00e9e de lecture estim\u00e9e\" \/>\n\t<meta name=\"twitter:data2\" content=\"3 minutes\" \/>\n<script type=\"application\/ld+json\" class=\"yoast-schema-graph\">{\"@context\":\"https:\\\/\\\/schema.org\",\"@graph\":[{\"@type\":\"Article\",\"@id\":\"https:\\\/\\\/voxsahel.com\\\/?p=2233#article\",\"isPartOf\":{\"@id\":\"https:\\\/\\\/voxsahel.com\\\/?p=2233\"},\"author\":{\"name\":\"Vox Sahel\",\"@id\":\"https:\\\/\\\/voxsahel.com\\\/#\\\/schema\\\/person\\\/b4043608248f8fa227cd760e7ff1e19e\"},\"headline\":\"Burkina Faso : La Direction g\u00e9n\u00e9rale des Douanes et le SYNATRAD amorcent une collaboration constructive\",\"datePublished\":\"2025-07-02T17:32:22+00:00\",\"mainEntityOfPage\":{\"@id\":\"https:\\\/\\\/voxsahel.com\\\/?p=2233\"},\"wordCount\":407,\"commentCount\":0,\"publisher\":{\"@id\":\"https:\\\/\\\/voxsahel.com\\\/#organization\"},\"image\":{\"@id\":\"https:\\\/\\\/voxsahel.com\\\/?p=2233#primaryimage\"},\"thumbnailUrl\":\"https:\\\/\\\/voxsahel.com\\\/wp-content\\\/uploads\\\/2025\\\/07\\\/515574418_1158729809628663_1238730105703190538_n.jpg\",\"keywords\":[\"Blaise NEBIE\",\"Burkina Faso\",\"Direction g\u00e9n\u00e9rale des Douanes\",\"Douane\",\"Douanes du Burkina Faso\",\"Observatoire pour la c\u00e9l\u00e9rit\u00e9 des op\u00e9rations douani\u00e8res au Burkina Faso\",\"SYNATRAD\"],\"articleSection\":[\"DEVELOPPEMENT\"],\"inLanguage\":\"fr-FR\",\"potentialAction\":[{\"@type\":\"CommentAction\",\"name\":\"Comment\",\"target\":[\"https:\\\/\\\/voxsahel.com\\\/?p=2233#respond\"]}]},{\"@type\":\"WebPage\",\"@id\":\"https:\\\/\\\/voxsahel.com\\\/?p=2233\",\"url\":\"https:\\\/\\\/voxsahel.com\\\/?p=2233\",\"name\":\"Burkina Faso : La Direction g\u00e9n\u00e9rale des Douanes et le SYNATRAD amorcent une collaboration constructive - Vox Sahel\",\"isPartOf\":{\"@id\":\"https:\\\/\\\/voxsahel.com\\\/#website\"},\"primaryImageOfPage\":{\"@id\":\"https:\\\/\\\/voxsahel.com\\\/?p=2233#primaryimage\"},\"image\":{\"@id\":\"https:\\\/\\\/voxsahel.com\\\/?p=2233#primaryimage\"},\"thumbnailUrl\":\"https:\\\/\\\/voxsahel.com\\\/wp-content\\\/uploads\\\/2025\\\/07\\\/515574418_1158729809628663_1238730105703190538_n.jpg\",\"datePublished\":\"2025-07-02T17:32:22+00:00\",\"breadcrumb\":{\"@id\":\"https:\\\/\\\/voxsahel.com\\\/?p=2233#breadcrumb\"},\"inLanguage\":\"fr-FR\",\"potentialAction\":[{\"@type\":\"ReadAction\",\"target\":[\"https:\\\/\\\/voxsahel.com\\\/?p=2233\"]}]},{\"@type\":\"ImageObject\",\"inLanguage\":\"fr-FR\",\"@id\":\"https:\\\/\\\/voxsahel.com\\\/?p=2233#primaryimage\",\"url\":\"https:\\\/\\\/voxsahel.com\\\/wp-content\\\/uploads\\\/2025\\\/07\\\/515574418_1158729809628663_1238730105703190538_n.jpg\",\"contentUrl\":\"https:\\\/\\\/voxsahel.com\\\/wp-content\\\/uploads\\\/2025\\\/07\\\/515574418_1158729809628663_1238730105703190538_n.jpg\",\"width\":2048,\"height\":1536},{\"@type\":\"BreadcrumbList\",\"@id\":\"https:\\\/\\\/voxsahel.com\\\/?p=2233#breadcrumb\",\"itemListElement\":[{\"@type\":\"ListItem\",\"position\":1,\"name\":\"Home\",\"item\":\"https:\\\/\\\/voxsahel.com\\\/\"},{\"@type\":\"ListItem\",\"position\":2,\"name\":\"Burkina Faso : La Direction g\u00e9n\u00e9rale des Douanes et le SYNATRAD amorcent une collaboration constructive\"}]},{\"@type\":\"WebSite\",\"@id\":\"https:\\\/\\\/voxsahel.com\\\/#website\",\"url\":\"https:\\\/\\\/voxsahel.com\\\/\",\"name\":\"Vox Sahel\",\"description\":\"Informez-vous sur le Sahel en un clic\",\"publisher\":{\"@id\":\"https:\\\/\\\/voxsahel.com\\\/#organization\"},\"potentialAction\":[{\"@type\":\"SearchAction\",\"target\":{\"@type\":\"EntryPoint\",\"urlTemplate\":\"https:\\\/\\\/voxsahel.com\\\/?s={search_term_string}\"},\"query-input\":{\"@type\":\"PropertyValueSpecification\",\"valueRequired\":true,\"valueName\":\"search_term_string\"}}],\"inLanguage\":\"fr-FR\"},{\"@type\":\"Organization\",\"@id\":\"https:\\\/\\\/voxsahel.com\\\/#organization\",\"name\":\"Vox Sahel\",\"url\":\"https:\\\/\\\/voxsahel.com\\\/\",\"logo\":{\"@type\":\"ImageObject\",\"inLanguage\":\"fr-FR\",\"@id\":\"https:\\\/\\\/voxsahel.com\\\/#\\\/schema\\\/logo\\\/image\\\/\",\"url\":\"https:\\\/\\\/voxsahel.com\\\/wp-content\\\/uploads\\\/2024\\\/09\\\/Logo-Vox-Sahel.jpg\",\"contentUrl\":\"https:\\\/\\\/voxsahel.com\\\/wp-content\\\/uploads\\\/2024\\\/09\\\/Logo-Vox-Sahel.jpg\",\"width\":1181,\"height\":848,\"caption\":\"Vox Sahel\"},\"image\":{\"@id\":\"https:\\\/\\\/voxsahel.com\\\/#\\\/schema\\\/logo\\\/image\\\/\"},\"sameAs\":[\"https:\\\/\\\/www.facebook.com\\\/journal.voxsahel\"]},{\"@type\":\"Person\",\"@id\":\"https:\\\/\\\/voxsahel.com\\\/#\\\/schema\\\/person\\\/b4043608248f8fa227cd760e7ff1e19e\",\"name\":\"Vox Sahel\",\"image\":{\"@type\":\"ImageObject\",\"inLanguage\":\"fr-FR\",\"@id\":\"https:\\\/\\\/secure.gravatar.com\\\/avatar\\\/f70e7fa0cb9b29d4a7c5788d6eb2e9ab4d3135cbae1c9161810fdf77a8964699?s=96&d=mm&r=g\",\"url\":\"https:\\\/\\\/secure.gravatar.com\\\/avatar\\\/f70e7fa0cb9b29d4a7c5788d6eb2e9ab4d3135cbae1c9161810fdf77a8964699?s=96&d=mm&r=g\",\"contentUrl\":\"https:\\\/\\\/secure.gravatar.com\\\/avatar\\\/f70e7fa0cb9b29d4a7c5788d6eb2e9ab4d3135cbae1c9161810fdf77a8964699?s=96&d=mm&r=g\",\"caption\":\"Vox Sahel\"},\"sameAs\":[\"http:\\\/\\\/www.voxsahel.com\"],\"url\":\"https:\\\/\\\/voxsahel.com\\\/?author=2\"}]}<\/script>\n<!-- \/ Yoast SEO plugin. -->","yoast_head_json":{"title":"Burkina Faso : La Direction g\u00e9n\u00e9rale des Douanes et le SYNATRAD amorcent une collaboration constructive - Vox Sahel","robots":{"index":"index","follow":"follow","max-snippet":"max-snippet:-1","max-image-preview":"max-image-preview:large","max-video-preview":"max-video-preview:-1"},"canonical":"https:\/\/voxsahel.com\/?p=2233","og_locale":"fr_FR","og_type":"article","og_title":"Burkina Faso : La Direction g\u00e9n\u00e9rale des Douanes et le SYNATRAD amorcent une collaboration constructive - Vox Sahel","og_description":"Le Directeur G\u00e9n\u00e9ral des Douanes, l\u2019Inspecteur Divisionnaire Yves KAFANDO, a re\u00e7u en audience une importante","og_url":"https:\/\/voxsahel.com\/?p=2233","og_site_name":"Vox Sahel","article_publisher":"https:\/\/www.facebook.com\/journal.voxsahel","article_published_time":"2025-07-02T17:32:22+00:00","og_image":[{"width":2048,"height":1536,"url":"https:\/\/voxsahel.com\/wp-content\/uploads\/2025\/07\/515574418_1158729809628663_1238730105703190538_n.jpg","type":"image\/jpeg"}],"author":"Vox Sahel","twitter_card":"summary_large_image","twitter_misc":{"\u00c9crit par":"Vox Sahel","Dur\u00e9e de lecture estim\u00e9e":"3 minutes"},"schema":{"@context":"https:\/\/schema.org","@graph":[{"@type":"Article","@id":"https:\/\/voxsahel.com\/?p=2233#article","isPartOf":{"@id":"https:\/\/voxsahel.com\/?p=2233"},"author":{"name":"Vox Sahel","@id":"https:\/\/voxsahel.com\/#\/schema\/person\/b4043608248f8fa227cd760e7ff1e19e"},"headline":"Burkina Faso : La Direction g\u00e9n\u00e9rale des Douanes et le SYNATRAD amorcent une collaboration constructive","datePublished":"2025-07-02T17:32:22+00:00","mainEntityOfPage":{"@id":"https:\/\/voxsahel.com\/?p=2233"},"wordCount":407,"commentCount":0,"publisher":{"@id":"https:\/\/voxsahel.com\/#organization"},"image":{"@id":"https:\/\/voxsahel.com\/?p=2233#primaryimage"},"thumbnailUrl":"https:\/\/voxsahel.com\/wp-content\/uploads\/2025\/07\/515574418_1158729809628663_1238730105703190538_n.jpg","keywords":["Blaise NEBIE","Burkina Faso","Direction g\u00e9n\u00e9rale des Douanes","Douane","Douanes du Burkina Faso","Observatoire pour la c\u00e9l\u00e9rit\u00e9 des op\u00e9rations douani\u00e8res au Burkina Faso","SYNATRAD"],"articleSection":["DEVELOPPEMENT"],"inLanguage":"fr-FR","potentialAction":[{"@type":"CommentAction","name":"Comment","target":["https:\/\/voxsahel.com\/?p=2233#respond"]}]},{"@type":"WebPage","@id":"https:\/\/voxsahel.com\/?p=2233","url":"https:\/\/voxsahel.com\/?p=2233","name":"Burkina Faso : La Direction g\u00e9n\u00e9rale des Douanes et le SYNATRAD amorcent une collaboration constructive - Vox Sahel","isPartOf":{"@id":"https:\/\/voxsahel.com\/#website"},"primaryImageOfPage":{"@id":"https:\/\/voxsahel.com\/?p=2233#primaryimage"},"image":{"@id":"https:\/\/voxsahel.com\/?p=2233#primaryimage"},"thumbnailUrl":"https:\/\/voxsahel.com\/wp-content\/uploads\/2025\/07\/515574418_1158729809628663_1238730105703190538_n.jpg","datePublished":"2025-07-02T17:32:22+00:00","breadcrumb":{"@id":"https:\/\/voxsahel.com\/?p=2233#breadcrumb"},"inLanguage":"fr-FR","potentialAction":[{"@type":"ReadAction","target":["https:\/\/voxsahel.com\/?p=2233"]}]},{"@type":"ImageObject","inLanguage":"fr-FR","@id":"https:\/\/voxsahel.com\/?p=2233#primaryimage","url":"https:\/\/voxsahel.com\/wp-content\/uploads\/2025\/07\/515574418_1158729809628663_1238730105703190538_n.jpg","contentUrl":"https:\/\/voxsahel.com\/wp-content\/uploads\/2025\/07\/515574418_1158729809628663_1238730105703190538_n.jpg","width":2048,"height":1536},{"@type":"BreadcrumbList","@id":"https:\/\/voxsahel.com\/?p=2233#breadcrumb","itemListElement":[{"@type":"ListItem","position":1,"name":"Home","item":"https:\/\/voxsahel.com\/"},{"@type":"ListItem","position":2,"name":"Burkina Faso : La Direction g\u00e9n\u00e9rale des Douanes et le SYNATRAD amorcent une collaboration constructive"}]},{"@type":"WebSite","@id":"https:\/\/voxsahel.com\/#website","url":"https:\/\/voxsahel.com\/","name":"Vox Sahel","description":"Informez-vous sur le Sahel en un clic","publisher":{"@id":"https:\/\/voxsahel.com\/#organization"},"potentialAction":[{"@type":"SearchAction","target":{"@type":"EntryPoint","urlTemplate":"https:\/\/voxsahel.com\/?s={search_term_string}"},"query-input":{"@type":"PropertyValueSpecification","valueRequired":true,"valueName":"search_term_string"}}],"inLanguage":"fr-FR"},{"@type":"Organization","@id":"https:\/\/voxsahel.com\/#organization","name":"Vox Sahel","url":"https:\/\/voxsahel.com\/","logo":{"@type":"ImageObject","inLanguage":"fr-FR","@id":"https:\/\/voxsahel.com\/#\/schema\/logo\/image\/","url":"https:\/\/voxsahel.com\/wp-content\/uploads\/2024\/09\/Logo-Vox-Sahel.jpg","contentUrl":"https:\/\/voxsahel.com\/wp-content\/uploads\/2024\/09\/Logo-Vox-Sahel.jpg","width":1181,"height":848,"caption":"Vox Sahel"},"image":{"@id":"https:\/\/voxsahel.com\/#\/schema\/logo\/image\/"},"sameAs":["https:\/\/www.facebook.com\/journal.voxsahel"]},{"@type":"Person","@id":"https:\/\/voxsahel.com\/#\/schema\/person\/b4043608248f8fa227cd760e7ff1e19e","name":"Vox Sahel","image":{"@type":"ImageObject","inLanguage":"fr-FR","@id":"https:\/\/secure.gravatar.com\/avatar\/f70e7fa0cb9b29d4a7c5788d6eb2e9ab4d3135cbae1c9161810fdf77a8964699?s=96&d=mm&r=g","url":"https:\/\/secure.gravatar.com\/avatar\/f70e7fa0cb9b29d4a7c5788d6eb2e9ab4d3135cbae1c9161810fdf77a8964699?s=96&d=mm&r=g","contentUrl":"https:\/\/secure.gravatar.com\/avatar\/f70e7fa0cb9b29d4a7c5788d6eb2e9ab4d3135cbae1c9161810fdf77a8964699?s=96&d=mm&r=g","caption":"Vox Sahel"},"sameAs":["http:\/\/www.voxsahel.com"],"url":"https:\/\/voxsahel.com\/?author=2"}]}},"_links":{"self":[{"href":"https:\/\/voxsahel.com\/index.php?rest_route=\/wp\/v2\/posts\/2233","targetHints":{"allow":["GET"]}}],"collection":[{"href":"https:\/\/voxsahel.com\/index.php?rest_route=\/wp\/v2\/posts"}],"about":[{"href":"https:\/\/voxsahel.com\/index.php?rest_route=\/wp\/v2\/types\/post"}],"author":[{"embeddable":true,"href":"https:\/\/voxsahel.com\/index.php?rest_route=\/wp\/v2\/users\/2"}],"replies":[{"embeddable":true,"href":"https:\/\/voxsahel.com\/index.php?rest_route=%2Fwp%2Fv2%2Fcomments&post=2233"}],"version-history":[{"count":1,"href":"https:\/\/voxsahel.com\/index.php?rest_route=\/wp\/v2\/posts\/2233\/revisions"}],"predecessor-version":[{"id":2237,"href":"https:\/\/voxsahel.com\/index.php?rest_route=\/wp\/v2\/posts\/2233\/revisions\/2237"}],"wp:featuredmedia":[{"embeddable":true,"href":"https:\/\/voxsahel.com\/index.php?rest_route=\/wp\/v2\/media\/2234"}],"wp:attachment":[{"href":"https:\/\/voxsahel.com\/index.php?rest_route=%2Fwp%2Fv2%2Fmedia&parent=2233"}],"wp:term":[{"taxonomy":"category","embeddable":true,"href":"https:\/\/voxsahel.com\/index.php?rest_route=%2Fwp%2Fv2%2Fcategories&post=2233"},{"taxonomy":"post_tag","embeddable":true,"href":"https:\/\/voxsahel.com\/index.php?rest_route=%2Fwp%2Fv2%2Ftags&post=2233"}],"curies":[{"name":"wp","href":"https:\/\/api.w.org\/{rel}","templated":true}]}}