{"id":2225,"date":"2025-07-01T22:25:58","date_gmt":"2025-07-01T22:25:58","guid":{"rendered":"https:\/\/voxsahel.com\/?p=2225"},"modified":"2025-07-01T22:25:58","modified_gmt":"2025-07-01T22:25:58","slug":"burkina-faso-le-stade-du-4-aout-de-nouveau-homologue-par-la-caf","status":"publish","type":"post","link":"https:\/\/voxsahel.com\/?p=2225","title":{"rendered":"Burkina Faso : Le stade du 4 Ao\u00fbt de nouveau homologu\u00e9 par la CAF"},"content":{"rendered":"<p class=\"p2\"><span class=\"s1\">Bonne nouvelle pour les amoureux du ballon rond au Burkina Faso. Apr\u00e8s plus de quatre ans d\u2019inactivit\u00e9 sur la sc\u00e8ne internationale, le mythique <\/span><span class=\"s2\">stade du 4 Ao\u00fbt<\/span><span class=\"s1\">de Ouagadougou a \u00e9t\u00e9 officiellement <\/span><span class=\"s2\">homologu\u00e9<\/span><span class=\"s1\"> par la <\/span><span class=\"s2\">Conf\u00e9d\u00e9ration africaine de football (CAF)<\/span><span class=\"s1\">, a appris l\u2019<\/span><span class=\"s2\">Agence d\u2019Information du Burkina (AIB)<\/span><span class=\"s1\"> de sources proches du dossier.<\/span><\/p>\n<p class=\"p2\"><span class=\"s1\">Cette d\u00e9cision, annonc\u00e9e ce mardi, marque la fin d\u2019une longue p\u00e9riode de mise \u00e0 l\u2019\u00e9cart entam\u00e9e en <\/span><span class=\"s2\">mars 2021<\/span><span class=\"s1\">, lorsque l\u2019infrastructure avait \u00e9t\u00e9 suspendue pour <\/span><span class=\"s2\">non-conformit\u00e9 aux normes en vigueur<\/span><span class=\"s1\"> exig\u00e9es par l\u2019instance continentale. Une lev\u00e9e exceptionnelle de la sanction avait permis aux <\/span><span class=\"s2\">\u00c9talons<\/span><span class=\"s1\"> de recevoir le <\/span><span class=\"s2\">Soudan du Sud<\/span><span class=\"s1\"> le 29 mars 2021, en match retour des \u00e9liminatoires de la CAN, remport\u00e9 1-0 par le Burkina Faso. Mais depuis cette date, <\/span><span class=\"s2\">l\u2019\u00e9quipe nationale disputait tous ses matchs \u00e0 domicile \u00e0 l\u2019ext\u00e9rieur du pays<\/span><span class=\"s1\">, faute de stade homologu\u00e9.<\/span><\/p>\n<p class=\"p2\"><span class=\"s1\">Cette situation, qui privait les supporteurs burkinab\u00e8 de communion avec leurs h\u00e9ros \u00e0 domicile, avait suscit\u00e9 de nombreuses pr\u00e9occupations au sein de l\u2019opinion publique. Conscients des enjeux sportifs et symboliques li\u00e9s \u00e0 cette infrastructure, <\/span><span class=\"s2\">le Pr\u00e9sident du Faso, le Capitaine Ibrahim Traor\u00e9<\/span><span class=\"s1\">, et <\/span><span class=\"s2\">son gouvernement<\/span><span class=\"s1\"> ont entrepris des <\/span><span class=\"s2\">efforts importants pour r\u00e9habiliter le stade<\/span><span class=\"s1\">, notamment en d\u00e9bloquant les financements n\u00e9cessaires \u00e0 la modernisation des installations.<\/span><\/p>\n<p class=\"p2\"><span class=\"s1\">Les travaux de r\u00e9habilitation ont concern\u00e9, entre autres, <\/span><span class=\"s2\">la pelouse, l\u2019\u00e9clairage, les vestiaires, la tribune de presse, les \u00e9quipements de s\u00e9curit\u00e9 et les acc\u00e8s pour le public<\/span><span class=\"s1\">, afin de r\u00e9pondre aux standards internationaux exig\u00e9s par la CAF.<\/span><\/p>\n<p class=\"p2\"><span class=\"s1\">Avec cette homologation, <\/span><span class=\"s2\">les \u00c9talons pourront d\u00e9sormais recevoir \u00e0 domicile<\/span><span class=\"s1\">leurs adversaires dans les prochaines \u00e9ch\u00e9ances sportives, notamment les qualifications pour la <\/span><span class=\"s2\">CAN 2025<\/span><span class=\"s1\"> et les <\/span><span class=\"s2\">\u00e9liminatoires de la Coupe du Monde<\/span><span class=\"s1\">.<\/span><\/p>\n","protected":false},"excerpt":{"rendered":"<p>Bonne nouvelle pour les amoureux du ballon rond au Burkina Faso. Apr\u00e8s plus de quatre<\/p>\n","protected":false},"author":2,"featured_media":2226,"comment_status":"open","ping_status":"open","sticky":false,"template":"","format":"standard","meta":{"_et_pb_use_builder":"","_et_pb_old_content":"","_et_gb_content_width":"","footnotes":""},"categories":[12],"tags":[18,660,40,35,34],"class_list":["post-2225","post","type-post","status-publish","format-standard","has-post-thumbnail","hentry","category-sports","tag-burkina-faso","tag-confederation-africaine-de-football","tag-federation-burkinabe-de-football","tag-football","tag-sport"],"yoast_head":"<!-- This site is optimized with the Yoast SEO plugin v27.5 - https:\/\/yoast.com\/product\/yoast-seo-wordpress\/ -->\n<title>Burkina Faso : Le stade du 4 Ao\u00fbt de nouveau homologu\u00e9 par la CAF - Vox Sahel<\/title>\n<meta name=\"robots\" content=\"index, follow, max-snippet:-1, max-image-preview:large, max-video-preview:-1\" \/>\n<link rel=\"canonical\" href=\"https:\/\/voxsahel.com\/?p=2225\" \/>\n<meta property=\"og:locale\" content=\"fr_FR\" \/>\n<meta property=\"og:type\" content=\"article\" \/>\n<meta property=\"og:title\" content=\"Burkina Faso : Le stade du 4 Ao\u00fbt de nouveau homologu\u00e9 par la CAF - Vox Sahel\" \/>\n<meta property=\"og:description\" content=\"Bonne nouvelle pour les amoureux du ballon rond au Burkina Faso. Apr\u00e8s plus de quatre\" \/>\n<meta property=\"og:url\" content=\"https:\/\/voxsahel.com\/?p=2225\" \/>\n<meta property=\"og:site_name\" content=\"Vox Sahel\" \/>\n<meta property=\"article:publisher\" content=\"https:\/\/www.facebook.com\/journal.voxsahel\" \/>\n<meta property=\"article:published_time\" content=\"2025-07-01T22:25:58+00:00\" \/>\n<meta property=\"og:image\" content=\"https:\/\/voxsahel.com\/wp-content\/uploads\/2025\/07\/IMG_9803.jpeg\" \/>\n\t<meta property=\"og:image:width\" content=\"1080\" \/>\n\t<meta property=\"og:image:height\" content=\"720\" \/>\n\t<meta property=\"og:image:type\" content=\"image\/jpeg\" \/>\n<meta name=\"author\" content=\"Vox Sahel\" \/>\n<meta name=\"twitter:card\" content=\"summary_large_image\" \/>\n<meta name=\"twitter:label1\" content=\"\u00c9crit par\" \/>\n\t<meta name=\"twitter:data1\" content=\"Vox Sahel\" \/>\n\t<meta name=\"twitter:label2\" content=\"Dur\u00e9e de lecture estim\u00e9e\" \/>\n\t<meta name=\"twitter:data2\" content=\"2 minutes\" \/>\n<script type=\"application\/ld+json\" class=\"yoast-schema-graph\">{\"@context\":\"https:\\\/\\\/schema.org\",\"@graph\":[{\"@type\":\"Article\",\"@id\":\"https:\\\/\\\/voxsahel.com\\\/?p=2225#article\",\"isPartOf\":{\"@id\":\"https:\\\/\\\/voxsahel.com\\\/?p=2225\"},\"author\":{\"name\":\"Vox Sahel\",\"@id\":\"https:\\\/\\\/voxsahel.com\\\/#\\\/schema\\\/person\\\/b4043608248f8fa227cd760e7ff1e19e\"},\"headline\":\"Burkina Faso : Le stade du 4 Ao\u00fbt de nouveau homologu\u00e9 par la CAF\",\"datePublished\":\"2025-07-01T22:25:58+00:00\",\"mainEntityOfPage\":{\"@id\":\"https:\\\/\\\/voxsahel.com\\\/?p=2225\"},\"wordCount\":312,\"commentCount\":0,\"publisher\":{\"@id\":\"https:\\\/\\\/voxsahel.com\\\/#organization\"},\"image\":{\"@id\":\"https:\\\/\\\/voxsahel.com\\\/?p=2225#primaryimage\"},\"thumbnailUrl\":\"https:\\\/\\\/voxsahel.com\\\/wp-content\\\/uploads\\\/2025\\\/07\\\/IMG_9803.jpeg\",\"keywords\":[\"Burkina Faso\",\"Conf\u00e9d\u00e9ration Africaine de Football\",\"F\u00e9d\u00e9ration Burkinab\u00e8 de Football\",\"Football\",\"Sport\"],\"articleSection\":[\"SPORTS\"],\"inLanguage\":\"fr-FR\",\"potentialAction\":[{\"@type\":\"CommentAction\",\"name\":\"Comment\",\"target\":[\"https:\\\/\\\/voxsahel.com\\\/?p=2225#respond\"]}]},{\"@type\":\"WebPage\",\"@id\":\"https:\\\/\\\/voxsahel.com\\\/?p=2225\",\"url\":\"https:\\\/\\\/voxsahel.com\\\/?p=2225\",\"name\":\"Burkina Faso : Le stade du 4 Ao\u00fbt de nouveau homologu\u00e9 par la CAF - Vox Sahel\",\"isPartOf\":{\"@id\":\"https:\\\/\\\/voxsahel.com\\\/#website\"},\"primaryImageOfPage\":{\"@id\":\"https:\\\/\\\/voxsahel.com\\\/?p=2225#primaryimage\"},\"image\":{\"@id\":\"https:\\\/\\\/voxsahel.com\\\/?p=2225#primaryimage\"},\"thumbnailUrl\":\"https:\\\/\\\/voxsahel.com\\\/wp-content\\\/uploads\\\/2025\\\/07\\\/IMG_9803.jpeg\",\"datePublished\":\"2025-07-01T22:25:58+00:00\",\"breadcrumb\":{\"@id\":\"https:\\\/\\\/voxsahel.com\\\/?p=2225#breadcrumb\"},\"inLanguage\":\"fr-FR\",\"potentialAction\":[{\"@type\":\"ReadAction\",\"target\":[\"https:\\\/\\\/voxsahel.com\\\/?p=2225\"]}]},{\"@type\":\"ImageObject\",\"inLanguage\":\"fr-FR\",\"@id\":\"https:\\\/\\\/voxsahel.com\\\/?p=2225#primaryimage\",\"url\":\"https:\\\/\\\/voxsahel.com\\\/wp-content\\\/uploads\\\/2025\\\/07\\\/IMG_9803.jpeg\",\"contentUrl\":\"https:\\\/\\\/voxsahel.com\\\/wp-content\\\/uploads\\\/2025\\\/07\\\/IMG_9803.jpeg\",\"width\":1080,\"height\":720},{\"@type\":\"BreadcrumbList\",\"@id\":\"https:\\\/\\\/voxsahel.com\\\/?p=2225#breadcrumb\",\"itemListElement\":[{\"@type\":\"ListItem\",\"position\":1,\"name\":\"Home\",\"item\":\"https:\\\/\\\/voxsahel.com\\\/\"},{\"@type\":\"ListItem\",\"position\":2,\"name\":\"Burkina Faso : Le stade du 4 Ao\u00fbt de nouveau homologu\u00e9 par la CAF\"}]},{\"@type\":\"WebSite\",\"@id\":\"https:\\\/\\\/voxsahel.com\\\/#website\",\"url\":\"https:\\\/\\\/voxsahel.com\\\/\",\"name\":\"Vox Sahel\",\"description\":\"Informez-vous sur le Sahel en un clic\",\"publisher\":{\"@id\":\"https:\\\/\\\/voxsahel.com\\\/#organization\"},\"potentialAction\":[{\"@type\":\"SearchAction\",\"target\":{\"@type\":\"EntryPoint\",\"urlTemplate\":\"https:\\\/\\\/voxsahel.com\\\/?s={search_term_string}\"},\"query-input\":{\"@type\":\"PropertyValueSpecification\",\"valueRequired\":true,\"valueName\":\"search_term_string\"}}],\"inLanguage\":\"fr-FR\"},{\"@type\":\"Organization\",\"@id\":\"https:\\\/\\\/voxsahel.com\\\/#organization\",\"name\":\"Vox Sahel\",\"url\":\"https:\\\/\\\/voxsahel.com\\\/\",\"logo\":{\"@type\":\"ImageObject\",\"inLanguage\":\"fr-FR\",\"@id\":\"https:\\\/\\\/voxsahel.com\\\/#\\\/schema\\\/logo\\\/image\\\/\",\"url\":\"https:\\\/\\\/voxsahel.com\\\/wp-content\\\/uploads\\\/2024\\\/09\\\/Logo-Vox-Sahel.jpg\",\"contentUrl\":\"https:\\\/\\\/voxsahel.com\\\/wp-content\\\/uploads\\\/2024\\\/09\\\/Logo-Vox-Sahel.jpg\",\"width\":1181,\"height\":848,\"caption\":\"Vox Sahel\"},\"image\":{\"@id\":\"https:\\\/\\\/voxsahel.com\\\/#\\\/schema\\\/logo\\\/image\\\/\"},\"sameAs\":[\"https:\\\/\\\/www.facebook.com\\\/journal.voxsahel\"]},{\"@type\":\"Person\",\"@id\":\"https:\\\/\\\/voxsahel.com\\\/#\\\/schema\\\/person\\\/b4043608248f8fa227cd760e7ff1e19e\",\"name\":\"Vox Sahel\",\"image\":{\"@type\":\"ImageObject\",\"inLanguage\":\"fr-FR\",\"@id\":\"https:\\\/\\\/secure.gravatar.com\\\/avatar\\\/f70e7fa0cb9b29d4a7c5788d6eb2e9ab4d3135cbae1c9161810fdf77a8964699?s=96&d=mm&r=g\",\"url\":\"https:\\\/\\\/secure.gravatar.com\\\/avatar\\\/f70e7fa0cb9b29d4a7c5788d6eb2e9ab4d3135cbae1c9161810fdf77a8964699?s=96&d=mm&r=g\",\"contentUrl\":\"https:\\\/\\\/secure.gravatar.com\\\/avatar\\\/f70e7fa0cb9b29d4a7c5788d6eb2e9ab4d3135cbae1c9161810fdf77a8964699?s=96&d=mm&r=g\",\"caption\":\"Vox Sahel\"},\"sameAs\":[\"http:\\\/\\\/www.voxsahel.com\"],\"url\":\"https:\\\/\\\/voxsahel.com\\\/?author=2\"}]}<\/script>\n<!-- \/ Yoast SEO plugin. -->","yoast_head_json":{"title":"Burkina Faso : Le stade du 4 Ao\u00fbt de nouveau homologu\u00e9 par la CAF - Vox Sahel","robots":{"index":"index","follow":"follow","max-snippet":"max-snippet:-1","max-image-preview":"max-image-preview:large","max-video-preview":"max-video-preview:-1"},"canonical":"https:\/\/voxsahel.com\/?p=2225","og_locale":"fr_FR","og_type":"article","og_title":"Burkina Faso : Le stade du 4 Ao\u00fbt de nouveau homologu\u00e9 par la CAF - Vox Sahel","og_description":"Bonne nouvelle pour les amoureux du ballon rond au Burkina Faso. Apr\u00e8s plus de quatre","og_url":"https:\/\/voxsahel.com\/?p=2225","og_site_name":"Vox Sahel","article_publisher":"https:\/\/www.facebook.com\/journal.voxsahel","article_published_time":"2025-07-01T22:25:58+00:00","og_image":[{"width":1080,"height":720,"url":"https:\/\/voxsahel.com\/wp-content\/uploads\/2025\/07\/IMG_9803.jpeg","type":"image\/jpeg"}],"author":"Vox Sahel","twitter_card":"summary_large_image","twitter_misc":{"\u00c9crit par":"Vox Sahel","Dur\u00e9e de lecture estim\u00e9e":"2 minutes"},"schema":{"@context":"https:\/\/schema.org","@graph":[{"@type":"Article","@id":"https:\/\/voxsahel.com\/?p=2225#article","isPartOf":{"@id":"https:\/\/voxsahel.com\/?p=2225"},"author":{"name":"Vox Sahel","@id":"https:\/\/voxsahel.com\/#\/schema\/person\/b4043608248f8fa227cd760e7ff1e19e"},"headline":"Burkina Faso : Le stade du 4 Ao\u00fbt de nouveau homologu\u00e9 par la CAF","datePublished":"2025-07-01T22:25:58+00:00","mainEntityOfPage":{"@id":"https:\/\/voxsahel.com\/?p=2225"},"wordCount":312,"commentCount":0,"publisher":{"@id":"https:\/\/voxsahel.com\/#organization"},"image":{"@id":"https:\/\/voxsahel.com\/?p=2225#primaryimage"},"thumbnailUrl":"https:\/\/voxsahel.com\/wp-content\/uploads\/2025\/07\/IMG_9803.jpeg","keywords":["Burkina Faso","Conf\u00e9d\u00e9ration Africaine de Football","F\u00e9d\u00e9ration Burkinab\u00e8 de Football","Football","Sport"],"articleSection":["SPORTS"],"inLanguage":"fr-FR","potentialAction":[{"@type":"CommentAction","name":"Comment","target":["https:\/\/voxsahel.com\/?p=2225#respond"]}]},{"@type":"WebPage","@id":"https:\/\/voxsahel.com\/?p=2225","url":"https:\/\/voxsahel.com\/?p=2225","name":"Burkina Faso : Le stade du 4 Ao\u00fbt de nouveau homologu\u00e9 par la CAF - Vox Sahel","isPartOf":{"@id":"https:\/\/voxsahel.com\/#website"},"primaryImageOfPage":{"@id":"https:\/\/voxsahel.com\/?p=2225#primaryimage"},"image":{"@id":"https:\/\/voxsahel.com\/?p=2225#primaryimage"},"thumbnailUrl":"https:\/\/voxsahel.com\/wp-content\/uploads\/2025\/07\/IMG_9803.jpeg","datePublished":"2025-07-01T22:25:58+00:00","breadcrumb":{"@id":"https:\/\/voxsahel.com\/?p=2225#breadcrumb"},"inLanguage":"fr-FR","potentialAction":[{"@type":"ReadAction","target":["https:\/\/voxsahel.com\/?p=2225"]}]},{"@type":"ImageObject","inLanguage":"fr-FR","@id":"https:\/\/voxsahel.com\/?p=2225#primaryimage","url":"https:\/\/voxsahel.com\/wp-content\/uploads\/2025\/07\/IMG_9803.jpeg","contentUrl":"https:\/\/voxsahel.com\/wp-content\/uploads\/2025\/07\/IMG_9803.jpeg","width":1080,"height":720},{"@type":"BreadcrumbList","@id":"https:\/\/voxsahel.com\/?p=2225#breadcrumb","itemListElement":[{"@type":"ListItem","position":1,"name":"Home","item":"https:\/\/voxsahel.com\/"},{"@type":"ListItem","position":2,"name":"Burkina Faso : Le stade du 4 Ao\u00fbt de nouveau homologu\u00e9 par la CAF"}]},{"@type":"WebSite","@id":"https:\/\/voxsahel.com\/#website","url":"https:\/\/voxsahel.com\/","name":"Vox Sahel","description":"Informez-vous sur le Sahel en un clic","publisher":{"@id":"https:\/\/voxsahel.com\/#organization"},"potentialAction":[{"@type":"SearchAction","target":{"@type":"EntryPoint","urlTemplate":"https:\/\/voxsahel.com\/?s={search_term_string}"},"query-input":{"@type":"PropertyValueSpecification","valueRequired":true,"valueName":"search_term_string"}}],"inLanguage":"fr-FR"},{"@type":"Organization","@id":"https:\/\/voxsahel.com\/#organization","name":"Vox Sahel","url":"https:\/\/voxsahel.com\/","logo":{"@type":"ImageObject","inLanguage":"fr-FR","@id":"https:\/\/voxsahel.com\/#\/schema\/logo\/image\/","url":"https:\/\/voxsahel.com\/wp-content\/uploads\/2024\/09\/Logo-Vox-Sahel.jpg","contentUrl":"https:\/\/voxsahel.com\/wp-content\/uploads\/2024\/09\/Logo-Vox-Sahel.jpg","width":1181,"height":848,"caption":"Vox Sahel"},"image":{"@id":"https:\/\/voxsahel.com\/#\/schema\/logo\/image\/"},"sameAs":["https:\/\/www.facebook.com\/journal.voxsahel"]},{"@type":"Person","@id":"https:\/\/voxsahel.com\/#\/schema\/person\/b4043608248f8fa227cd760e7ff1e19e","name":"Vox Sahel","image":{"@type":"ImageObject","inLanguage":"fr-FR","@id":"https:\/\/secure.gravatar.com\/avatar\/f70e7fa0cb9b29d4a7c5788d6eb2e9ab4d3135cbae1c9161810fdf77a8964699?s=96&d=mm&r=g","url":"https:\/\/secure.gravatar.com\/avatar\/f70e7fa0cb9b29d4a7c5788d6eb2e9ab4d3135cbae1c9161810fdf77a8964699?s=96&d=mm&r=g","contentUrl":"https:\/\/secure.gravatar.com\/avatar\/f70e7fa0cb9b29d4a7c5788d6eb2e9ab4d3135cbae1c9161810fdf77a8964699?s=96&d=mm&r=g","caption":"Vox Sahel"},"sameAs":["http:\/\/www.voxsahel.com"],"url":"https:\/\/voxsahel.com\/?author=2"}]}},"_links":{"self":[{"href":"https:\/\/voxsahel.com\/index.php?rest_route=\/wp\/v2\/posts\/2225","targetHints":{"allow":["GET"]}}],"collection":[{"href":"https:\/\/voxsahel.com\/index.php?rest_route=\/wp\/v2\/posts"}],"about":[{"href":"https:\/\/voxsahel.com\/index.php?rest_route=\/wp\/v2\/types\/post"}],"author":[{"embeddable":true,"href":"https:\/\/voxsahel.com\/index.php?rest_route=\/wp\/v2\/users\/2"}],"replies":[{"embeddable":true,"href":"https:\/\/voxsahel.com\/index.php?rest_route=%2Fwp%2Fv2%2Fcomments&post=2225"}],"version-history":[{"count":1,"href":"https:\/\/voxsahel.com\/index.php?rest_route=\/wp\/v2\/posts\/2225\/revisions"}],"predecessor-version":[{"id":2227,"href":"https:\/\/voxsahel.com\/index.php?rest_route=\/wp\/v2\/posts\/2225\/revisions\/2227"}],"wp:featuredmedia":[{"embeddable":true,"href":"https:\/\/voxsahel.com\/index.php?rest_route=\/wp\/v2\/media\/2226"}],"wp:attachment":[{"href":"https:\/\/voxsahel.com\/index.php?rest_route=%2Fwp%2Fv2%2Fmedia&parent=2225"}],"wp:term":[{"taxonomy":"category","embeddable":true,"href":"https:\/\/voxsahel.com\/index.php?rest_route=%2Fwp%2Fv2%2Fcategories&post=2225"},{"taxonomy":"post_tag","embeddable":true,"href":"https:\/\/voxsahel.com\/index.php?rest_route=%2Fwp%2Fv2%2Ftags&post=2225"}],"curies":[{"name":"wp","href":"https:\/\/api.w.org\/{rel}","templated":true}]}}