{"id":2211,"date":"2025-06-28T15:49:13","date_gmt":"2025-06-28T15:49:13","guid":{"rendered":"https:\/\/voxsahel.com\/?p=2211"},"modified":"2025-06-28T15:49:13","modified_gmt":"2025-06-28T15:49:13","slug":"promotion-de-la-cohesion-sociale-lafep-mobilise-les-forces-vives-pour-une-unite-nationale-fondee-sur-le-patriotisme-et-la-solidarite","status":"publish","type":"post","link":"https:\/\/voxsahel.com\/?p=2211","title":{"rendered":"Promotion de la coh\u00e9sion sociale: L\u2019AFEP mobilise les forces vives pour une unit\u00e9 nationale fond\u00e9e sur le patriotisme et la solidarit\u00e9"},"content":{"rendered":"<p><strong>L\u2019Alliance des Femmes Engag\u00e9es pour la Patrie (AFEP) a donn\u00e9 le coup d\u2019envoi, ce 28 juin \u00e0 Ouagadougou, d\u2019une s\u00e9rie de conf\u00e9rences publiques autour du th\u00e8me : \u00ab Renforcer la coh\u00e9sion sociale par le patriotisme et l\u2019int\u00e9r\u00eat sup\u00e9rieur de la nation : le Burkina Faso d\u2019abord \u00bb. Cette initiative, port\u00e9e par des femmes engag\u00e9es, vise \u00e0 rassembler les diff\u00e9rentes composantes de la soci\u00e9t\u00e9 burkinab\u00e8 pour promouvoir la paix, la solidarit\u00e9 et l\u2019unit\u00e9 nationale, dans un contexte marqu\u00e9 par de profondes tensions s\u00e9curitaires.<\/strong><\/p>\n<p>La c\u00e9r\u00e9monie inaugurale s\u2019est tenue en pr\u00e9sence du conseiller technique Dramane Konat\u00e9, repr\u00e9sentant le ministre de la Communication, de la Culture, des Arts et du Tourisme, Pingwend\u00e9 Gilbert Ou\u00e9draogo, plac\u00e9 comme patron de l\u2019\u00e9v\u00e9nement. Autour de la table, plusieurs figures de proue : le Razan Naaba, parrain de la conf\u00e9rence, les d\u00e9put\u00e9s Ousmane Diallo et Abdoul Sourgou, co-parrain et invit\u00e9 d\u2019honneur respectivement, ainsi que le conf\u00e9rencier principal, le docteur Hamadoun Dicko.<\/p>\n<figure id=\"attachment_2212\" aria-describedby=\"caption-attachment-2212\" style=\"width: 640px\" class=\"wp-caption aligncenter\"><img loading=\"lazy\" decoding=\"async\" class=\"size-large wp-image-2212\" src=\"https:\/\/voxsahel.com\/wp-content\/uploads\/2025\/06\/WhatsApp-Image-2025-06-28-at-15.26.44-1-678x1024.jpeg\" alt=\"A\u00efssata Ilboudo\/Ciss\u00e9, pr\u00e9sidente de l\u2019AFEP, a appel\u00e9 \u00e0 la paix et au rejet des divisions\" width=\"640\" height=\"967\" srcset=\"https:\/\/voxsahel.com\/wp-content\/uploads\/2025\/06\/WhatsApp-Image-2025-06-28-at-15.26.44-1-678x1024.jpeg 678w, https:\/\/voxsahel.com\/wp-content\/uploads\/2025\/06\/WhatsApp-Image-2025-06-28-at-15.26.44-1-199x300.jpeg 199w, https:\/\/voxsahel.com\/wp-content\/uploads\/2025\/06\/WhatsApp-Image-2025-06-28-at-15.26.44-1-610x921.jpeg 610w, https:\/\/voxsahel.com\/wp-content\/uploads\/2025\/06\/WhatsApp-Image-2025-06-28-at-15.26.44-1.jpeg 715w\" sizes=\"(max-width: 640px) 100vw, 640px\" \/><figcaption id=\"caption-attachment-2212\" class=\"wp-caption-text\"><strong>A\u00efssata Ilboudo\/Ciss\u00e9, pr\u00e9sidente de l\u2019AFEP, a appel\u00e9 \u00e0 la paix et au rejet des divisions<\/strong><\/figcaption><\/figure>\n<p>Dans son discours d\u2019ouverture, la pr\u00e9sidente de l\u2019AFEP, A\u00efssata Ilboudo\/Ciss\u00e9, a salu\u00e9 l\u2019engagement des forces combattantes \u0153uvrant pour la restauration de la paix et de la s\u00e9curit\u00e9. Elle a insist\u00e9 sur la n\u00e9cessit\u00e9 de placer la coh\u00e9sion sociale au-dessus des diff\u00e9rences individuelles. Selon elle, chaque citoyen, quel que soit son \u00e2ge ou son statut, doit \u00eatre porteur d\u2019un message de paix et de patriotisme. Elle a d\u00e9nonc\u00e9 les discours de haine, les manipulations id\u00e9ologiques ou religieuses visant les jeunes, tout en appelant \u00e0 un retour \u00e0 la raison et \u00e0 l\u2019unit\u00e9 nationale. Reprenant les propos du pr\u00e9sident du Faso, elle a soulign\u00e9 que les forces de d\u00e9fense et de s\u00e9curit\u00e9 restent ouvertes \u00e0 tous ceux qui souhaitent r\u00e9int\u00e9grer le processus de paix.<\/p>\n<figure id=\"attachment_2213\" aria-describedby=\"caption-attachment-2213\" style=\"width: 640px\" class=\"wp-caption aligncenter\"><img loading=\"lazy\" decoding=\"async\" class=\"size-large wp-image-2213\" src=\"https:\/\/voxsahel.com\/wp-content\/uploads\/2025\/06\/WhatsApp-Image-2025-06-28-at-15.26.45-678x1024.jpeg\" alt=\"Le docteur Hamadoun Dicko a exhort\u00e9 les Burkinab\u00e8 \u00e0 faire de l\u2019int\u00e9r\u00eat national une priorit\u00e9 absolue\" width=\"640\" height=\"967\" srcset=\"https:\/\/voxsahel.com\/wp-content\/uploads\/2025\/06\/WhatsApp-Image-2025-06-28-at-15.26.45-678x1024.jpeg 678w, https:\/\/voxsahel.com\/wp-content\/uploads\/2025\/06\/WhatsApp-Image-2025-06-28-at-15.26.45-199x300.jpeg 199w, https:\/\/voxsahel.com\/wp-content\/uploads\/2025\/06\/WhatsApp-Image-2025-06-28-at-15.26.45-610x921.jpeg 610w, https:\/\/voxsahel.com\/wp-content\/uploads\/2025\/06\/WhatsApp-Image-2025-06-28-at-15.26.45.jpeg 715w\" sizes=\"(max-width: 640px) 100vw, 640px\" \/><figcaption id=\"caption-attachment-2213\" class=\"wp-caption-text\"><strong>Le docteur Hamadoun Dicko a exhort\u00e9 les Burkinab\u00e8 \u00e0 faire de l\u2019int\u00e9r\u00eat national une priorit\u00e9 absolue<\/strong><\/figcaption><\/figure>\n<p>Le docteur Hamadoun Dicko, quant \u00e0 lui, a recentr\u00e9 le d\u00e9bat sur l\u2019urgence de faire du Burkina Faso la priorit\u00e9 de chaque citoyen. Il a insist\u00e9 sur l\u2019importance de l\u2019amour de soi, de la connaissance mutuelle et du respect r\u00e9ciproque comme fondements d\u2019une soci\u00e9t\u00e9 unie. \u00ab Chacun a ses priorit\u00e9s, mais aujourd\u2019hui, le Burkina Faso a besoin que chacun le mette \u00e0 la t\u00eate de toutes les priorit\u00e9s \u00bb, a-t-il d\u00e9clar\u00e9 avec force. De son c\u00f4t\u00e9, Dramane Konat\u00e9 a salu\u00e9 la d\u00e9marche inclusive de l\u2019AFEP. Il a rappel\u00e9 les efforts constants du gouvernement en faveur d\u2019une paix durable, d\u2019un d\u00e9veloppement \u00e9quitable et d\u2019une coh\u00e9sion renforc\u00e9e. Pour lui, l\u2019unit\u00e9 nationale doit \u00eatre un engagement partag\u00e9 par tous : femmes, hommes, jeunes, anciens, paysans ou citadins. L\u2019int\u00e9r\u00eat sup\u00e9rieur de la nation, a-t-il martel\u00e9, doit toujours pr\u00e9valoir sur les int\u00e9r\u00eats particuliers.<\/p>\n<figure id=\"attachment_2214\" aria-describedby=\"caption-attachment-2214\" style=\"width: 640px\" class=\"wp-caption aligncenter\"><img loading=\"lazy\" decoding=\"async\" class=\"size-large wp-image-2214\" src=\"https:\/\/voxsahel.com\/wp-content\/uploads\/2025\/06\/WhatsApp-Image-2025-06-28-at-15.26.44-1024x678.jpeg\" alt=\"Dramane Konat\u00e9, repr\u00e9sentant du ministre en charge de la communication, a salu\u00e9 l\u2019engagement citoyen de l\u2019initiative\" width=\"640\" height=\"424\" srcset=\"https:\/\/voxsahel.com\/wp-content\/uploads\/2025\/06\/WhatsApp-Image-2025-06-28-at-15.26.44-1024x678.jpeg 1024w, https:\/\/voxsahel.com\/wp-content\/uploads\/2025\/06\/WhatsApp-Image-2025-06-28-at-15.26.44-300x199.jpeg 300w, https:\/\/voxsahel.com\/wp-content\/uploads\/2025\/06\/WhatsApp-Image-2025-06-28-at-15.26.44-768x508.jpeg 768w, https:\/\/voxsahel.com\/wp-content\/uploads\/2025\/06\/WhatsApp-Image-2025-06-28-at-15.26.44-610x404.jpeg 610w, https:\/\/voxsahel.com\/wp-content\/uploads\/2025\/06\/WhatsApp-Image-2025-06-28-at-15.26.44.jpeg 1080w\" sizes=\"(max-width: 640px) 100vw, 640px\" \/><figcaption id=\"caption-attachment-2214\" class=\"wp-caption-text\"><strong>Dramane Konat\u00e9, repr\u00e9sentant du ministre en charge de la communication, a salu\u00e9 l\u2019engagement citoyen de l\u2019initiative<\/strong><\/figcaption><\/figure>\n<p>Le Razan Naaba, en sa qualit\u00e9 de parrain, a mis en exergue le r\u00f4le cl\u00e9 des autorit\u00e9s coutumi\u00e8res dans la pr\u00e9servation du vivre-ensemble. Selon lui, la l\u00e9gitimit\u00e9 d\u2019un chef traditionnel repose sur le lien social qu\u2019il entretient avec sa communaut\u00e9, un lien fond\u00e9 sur la paix, l\u2019unit\u00e9 et la concorde. Il a exprim\u00e9 son soutien total \u00e0 l\u2019AFEP pour cette initiative mobilisatrice qui incarne un esprit de dialogue et de responsabilit\u00e9 partag\u00e9e. La conf\u00e9rence a \u00e9galement \u00e9t\u00e9 l\u2019occasion de revisiter un pan important de l\u2019histoire nationale : la reconstitution de la Haute-Volta le 4 septembre 1974, apr\u00e8s sa dissolution en 1932. Cet \u00e9pisode de l\u2019histoire, symbole de r\u00e9silience collective et de solidarit\u00e9 intercommunautaire, a \u00e9t\u00e9 pr\u00e9sent\u00e9 comme un mod\u00e8le inspirant pour le Burkina Faso d\u2019aujourd\u2019hui, engag\u00e9 dans une lutte contre la division et l\u2019ins\u00e9curit\u00e9.<\/p>\n<p>A\u00efssata Ilboudo\/Ciss\u00e9 a \u00e9galement alert\u00e9 contre les campagnes de d\u00e9sinformation qui minent la coh\u00e9sion nationale. Elle a d\u00e9nonc\u00e9 les tentatives de d\u00e9moralisation des forces arm\u00e9es, les rumeurs visant \u00e0 semer la m\u00e9fiance envers les institutions et les incitations aux clivages communautaires. Elle a appel\u00e9 \u00e0 une mobilisation g\u00e9n\u00e9rale autour d\u2019une communication responsable, d\u2019un patriotisme sinc\u00e8re et d\u2019un engagement citoyen renouvel\u00e9.<\/p>\n<figure id=\"attachment_2215\" aria-describedby=\"caption-attachment-2215\" style=\"width: 640px\" class=\"wp-caption aligncenter\"><img loading=\"lazy\" decoding=\"async\" class=\"size-large wp-image-2215\" src=\"https:\/\/voxsahel.com\/wp-content\/uploads\/2025\/06\/WhatsApp-Image-2025-06-28-at-15.26.45-1-678x1024.jpeg\" alt=\"Le Razan Naaba a appel\u00e9 les chefs coutumiers \u00e0 jouer leurs partitions pour le retour de la paix \" width=\"640\" height=\"967\" srcset=\"https:\/\/voxsahel.com\/wp-content\/uploads\/2025\/06\/WhatsApp-Image-2025-06-28-at-15.26.45-1-678x1024.jpeg 678w, https:\/\/voxsahel.com\/wp-content\/uploads\/2025\/06\/WhatsApp-Image-2025-06-28-at-15.26.45-1-199x300.jpeg 199w, https:\/\/voxsahel.com\/wp-content\/uploads\/2025\/06\/WhatsApp-Image-2025-06-28-at-15.26.45-1-610x921.jpeg 610w, https:\/\/voxsahel.com\/wp-content\/uploads\/2025\/06\/WhatsApp-Image-2025-06-28-at-15.26.45-1.jpeg 715w\" sizes=\"(max-width: 640px) 100vw, 640px\" \/><figcaption id=\"caption-attachment-2215\" class=\"wp-caption-text\"><strong>Le Razan Naaba a appel\u00e9 les chefs coutumiers \u00e0 jouer leurs partitions pour le retour de la paix<\/strong><\/figcaption><\/figure>\n<p>En s\u2019appuyant \u00e0 nouveau sur les propos du pr\u00e9sident du Faso, elle a soulign\u00e9 que la coh\u00e9sion sociale est indissociable de la justice et de la solidarit\u00e9. \u00ab La coh\u00e9sion sociale dont nous parlons ne peut advenir que lorsque les gens mangent \u00e0 leur faim d\u2019abord. C\u2019est dans la lutte qu\u2019il y a coh\u00e9sion. Acceptez de lutter \u00bb, a-t-elle rappel\u00e9, soulignant que l\u2019unit\u00e9 nationale ne peut s\u2019ancrer durablement que dans une dynamique collective de justice et de d\u00e9veloppement partag\u00e9.<\/p>\n<p>Ce lancement marque le d\u00e9but d\u2019un programme itin\u00e9rant que l\u2019AFEP compte d\u00e9rouler dans plusieurs localit\u00e9s du pays tout au long de l\u2019ann\u00e9e 2025. L\u2019objectif est clair : semer partout les graines de la paix, de la fraternit\u00e9 et du patriotisme, en s\u2019appuyant sur les valeurs historiques, culturelles et morales qui unissent le peuple burkinab\u00e8.<\/p>\n<p style=\"text-align: right;\"><strong>Par Amir BAKO<\/strong><\/p>\n","protected":false},"excerpt":{"rendered":"<p>L\u2019Alliance des Femmes Engag\u00e9es pour la Patrie (AFEP) a donn\u00e9 le coup d\u2019envoi, ce 28<\/p>\n","protected":false},"author":2,"featured_media":2216,"comment_status":"open","ping_status":"open","sticky":false,"template":"","format":"standard","meta":{"_et_pb_use_builder":"","_et_pb_old_content":"","_et_gb_content_width":"","footnotes":""},"categories":[5],"tags":[18,819,65,64,479,45,818],"class_list":["post-2211","post","type-post","status-publish","format-standard","has-post-thumbnail","hentry","category-societe","tag-burkina-faso","tag-cohesion-sociale","tag-culture","tag-organisation-de-la-societe-civile","tag-societe","tag-societe-civile","tag-tolerance"],"yoast_head":"<!-- This site is optimized with the Yoast SEO plugin v27.5 - https:\/\/yoast.com\/product\/yoast-seo-wordpress\/ -->\n<title>Promotion de la coh\u00e9sion sociale: L\u2019AFEP mobilise les forces vives pour une unit\u00e9 nationale fond\u00e9e sur le patriotisme et la solidarit\u00e9 - Vox Sahel<\/title>\n<meta name=\"robots\" content=\"index, follow, max-snippet:-1, max-image-preview:large, max-video-preview:-1\" \/>\n<link rel=\"canonical\" href=\"https:\/\/voxsahel.com\/?p=2211\" \/>\n<meta property=\"og:locale\" content=\"fr_FR\" \/>\n<meta property=\"og:type\" content=\"article\" \/>\n<meta property=\"og:title\" content=\"Promotion de la coh\u00e9sion sociale: L\u2019AFEP mobilise les forces vives pour une unit\u00e9 nationale fond\u00e9e sur le patriotisme et la solidarit\u00e9 - Vox Sahel\" \/>\n<meta property=\"og:description\" content=\"L\u2019Alliance des Femmes Engag\u00e9es pour la Patrie (AFEP) a donn\u00e9 le coup d\u2019envoi, ce 28\" \/>\n<meta property=\"og:url\" content=\"https:\/\/voxsahel.com\/?p=2211\" \/>\n<meta property=\"og:site_name\" content=\"Vox Sahel\" \/>\n<meta property=\"article:publisher\" content=\"https:\/\/www.facebook.com\/journal.voxsahel\" \/>\n<meta property=\"article:published_time\" content=\"2025-06-28T15:49:13+00:00\" \/>\n<meta property=\"og:image\" content=\"https:\/\/voxsahel.com\/wp-content\/uploads\/2025\/06\/WhatsApp-Image-2025-06-28-at-15.47.26.jpeg\" \/>\n\t<meta property=\"og:image:width\" content=\"1080\" \/>\n\t<meta property=\"og:image:height\" content=\"715\" \/>\n\t<meta property=\"og:image:type\" content=\"image\/jpeg\" \/>\n<meta name=\"author\" content=\"Vox Sahel\" \/>\n<meta name=\"twitter:card\" content=\"summary_large_image\" \/>\n<meta name=\"twitter:label1\" content=\"\u00c9crit par\" \/>\n\t<meta name=\"twitter:data1\" content=\"Vox Sahel\" \/>\n\t<meta name=\"twitter:label2\" content=\"Dur\u00e9e de lecture estim\u00e9e\" \/>\n\t<meta name=\"twitter:data2\" content=\"6 minutes\" \/>\n<script type=\"application\/ld+json\" class=\"yoast-schema-graph\">{\"@context\":\"https:\\\/\\\/schema.org\",\"@graph\":[{\"@type\":\"Article\",\"@id\":\"https:\\\/\\\/voxsahel.com\\\/?p=2211#article\",\"isPartOf\":{\"@id\":\"https:\\\/\\\/voxsahel.com\\\/?p=2211\"},\"author\":{\"name\":\"Vox Sahel\",\"@id\":\"https:\\\/\\\/voxsahel.com\\\/#\\\/schema\\\/person\\\/b4043608248f8fa227cd760e7ff1e19e\"},\"headline\":\"Promotion de la coh\u00e9sion sociale: L\u2019AFEP mobilise les forces vives pour une unit\u00e9 nationale fond\u00e9e sur le patriotisme et la solidarit\u00e9\",\"datePublished\":\"2025-06-28T15:49:13+00:00\",\"mainEntityOfPage\":{\"@id\":\"https:\\\/\\\/voxsahel.com\\\/?p=2211\"},\"wordCount\":974,\"commentCount\":0,\"publisher\":{\"@id\":\"https:\\\/\\\/voxsahel.com\\\/#organization\"},\"image\":{\"@id\":\"https:\\\/\\\/voxsahel.com\\\/?p=2211#primaryimage\"},\"thumbnailUrl\":\"https:\\\/\\\/voxsahel.com\\\/wp-content\\\/uploads\\\/2025\\\/06\\\/WhatsApp-Image-2025-06-28-at-15.47.26.jpeg\",\"keywords\":[\"Burkina Faso\",\"Coh\u00e9sion sociale\",\"Culture\",\"Organisation de la Soci\u00e9t\u00e9 Civile\",\"Soci\u00e9t\u00e9\",\"Soci\u00e9t\u00e9 Civile\",\"Tol\u00e9rance\"],\"articleSection\":[\"SOCIETE\"],\"inLanguage\":\"fr-FR\",\"potentialAction\":[{\"@type\":\"CommentAction\",\"name\":\"Comment\",\"target\":[\"https:\\\/\\\/voxsahel.com\\\/?p=2211#respond\"]}]},{\"@type\":\"WebPage\",\"@id\":\"https:\\\/\\\/voxsahel.com\\\/?p=2211\",\"url\":\"https:\\\/\\\/voxsahel.com\\\/?p=2211\",\"name\":\"Promotion de la coh\u00e9sion sociale: L\u2019AFEP mobilise les forces vives pour une unit\u00e9 nationale fond\u00e9e sur le patriotisme et la solidarit\u00e9 - Vox Sahel\",\"isPartOf\":{\"@id\":\"https:\\\/\\\/voxsahel.com\\\/#website\"},\"primaryImageOfPage\":{\"@id\":\"https:\\\/\\\/voxsahel.com\\\/?p=2211#primaryimage\"},\"image\":{\"@id\":\"https:\\\/\\\/voxsahel.com\\\/?p=2211#primaryimage\"},\"thumbnailUrl\":\"https:\\\/\\\/voxsahel.com\\\/wp-content\\\/uploads\\\/2025\\\/06\\\/WhatsApp-Image-2025-06-28-at-15.47.26.jpeg\",\"datePublished\":\"2025-06-28T15:49:13+00:00\",\"breadcrumb\":{\"@id\":\"https:\\\/\\\/voxsahel.com\\\/?p=2211#breadcrumb\"},\"inLanguage\":\"fr-FR\",\"potentialAction\":[{\"@type\":\"ReadAction\",\"target\":[\"https:\\\/\\\/voxsahel.com\\\/?p=2211\"]}]},{\"@type\":\"ImageObject\",\"inLanguage\":\"fr-FR\",\"@id\":\"https:\\\/\\\/voxsahel.com\\\/?p=2211#primaryimage\",\"url\":\"https:\\\/\\\/voxsahel.com\\\/wp-content\\\/uploads\\\/2025\\\/06\\\/WhatsApp-Image-2025-06-28-at-15.47.26.jpeg\",\"contentUrl\":\"https:\\\/\\\/voxsahel.com\\\/wp-content\\\/uploads\\\/2025\\\/06\\\/WhatsApp-Image-2025-06-28-at-15.47.26.jpeg\",\"width\":1080,\"height\":715,\"caption\":\"L\u2019assistance mobilis\u00e9e lors de la conf\u00e9rence publique de l\u2019AFEP\"},{\"@type\":\"BreadcrumbList\",\"@id\":\"https:\\\/\\\/voxsahel.com\\\/?p=2211#breadcrumb\",\"itemListElement\":[{\"@type\":\"ListItem\",\"position\":1,\"name\":\"Home\",\"item\":\"https:\\\/\\\/voxsahel.com\\\/\"},{\"@type\":\"ListItem\",\"position\":2,\"name\":\"Promotion de la coh\u00e9sion sociale: L\u2019AFEP mobilise les forces vives pour une unit\u00e9 nationale fond\u00e9e sur le patriotisme et la solidarit\u00e9\"}]},{\"@type\":\"WebSite\",\"@id\":\"https:\\\/\\\/voxsahel.com\\\/#website\",\"url\":\"https:\\\/\\\/voxsahel.com\\\/\",\"name\":\"Vox Sahel\",\"description\":\"Informez-vous sur le Sahel en un clic\",\"publisher\":{\"@id\":\"https:\\\/\\\/voxsahel.com\\\/#organization\"},\"potentialAction\":[{\"@type\":\"SearchAction\",\"target\":{\"@type\":\"EntryPoint\",\"urlTemplate\":\"https:\\\/\\\/voxsahel.com\\\/?s={search_term_string}\"},\"query-input\":{\"@type\":\"PropertyValueSpecification\",\"valueRequired\":true,\"valueName\":\"search_term_string\"}}],\"inLanguage\":\"fr-FR\"},{\"@type\":\"Organization\",\"@id\":\"https:\\\/\\\/voxsahel.com\\\/#organization\",\"name\":\"Vox Sahel\",\"url\":\"https:\\\/\\\/voxsahel.com\\\/\",\"logo\":{\"@type\":\"ImageObject\",\"inLanguage\":\"fr-FR\",\"@id\":\"https:\\\/\\\/voxsahel.com\\\/#\\\/schema\\\/logo\\\/image\\\/\",\"url\":\"https:\\\/\\\/voxsahel.com\\\/wp-content\\\/uploads\\\/2024\\\/09\\\/Logo-Vox-Sahel.jpg\",\"contentUrl\":\"https:\\\/\\\/voxsahel.com\\\/wp-content\\\/uploads\\\/2024\\\/09\\\/Logo-Vox-Sahel.jpg\",\"width\":1181,\"height\":848,\"caption\":\"Vox Sahel\"},\"image\":{\"@id\":\"https:\\\/\\\/voxsahel.com\\\/#\\\/schema\\\/logo\\\/image\\\/\"},\"sameAs\":[\"https:\\\/\\\/www.facebook.com\\\/journal.voxsahel\"]},{\"@type\":\"Person\",\"@id\":\"https:\\\/\\\/voxsahel.com\\\/#\\\/schema\\\/person\\\/b4043608248f8fa227cd760e7ff1e19e\",\"name\":\"Vox Sahel\",\"image\":{\"@type\":\"ImageObject\",\"inLanguage\":\"fr-FR\",\"@id\":\"https:\\\/\\\/secure.gravatar.com\\\/avatar\\\/f70e7fa0cb9b29d4a7c5788d6eb2e9ab4d3135cbae1c9161810fdf77a8964699?s=96&d=mm&r=g\",\"url\":\"https:\\\/\\\/secure.gravatar.com\\\/avatar\\\/f70e7fa0cb9b29d4a7c5788d6eb2e9ab4d3135cbae1c9161810fdf77a8964699?s=96&d=mm&r=g\",\"contentUrl\":\"https:\\\/\\\/secure.gravatar.com\\\/avatar\\\/f70e7fa0cb9b29d4a7c5788d6eb2e9ab4d3135cbae1c9161810fdf77a8964699?s=96&d=mm&r=g\",\"caption\":\"Vox Sahel\"},\"sameAs\":[\"http:\\\/\\\/www.voxsahel.com\"],\"url\":\"https:\\\/\\\/voxsahel.com\\\/?author=2\"}]}<\/script>\n<!-- \/ Yoast SEO plugin. -->","yoast_head_json":{"title":"Promotion de la coh\u00e9sion sociale: L\u2019AFEP mobilise les forces vives pour une unit\u00e9 nationale fond\u00e9e sur le patriotisme et la solidarit\u00e9 - Vox Sahel","robots":{"index":"index","follow":"follow","max-snippet":"max-snippet:-1","max-image-preview":"max-image-preview:large","max-video-preview":"max-video-preview:-1"},"canonical":"https:\/\/voxsahel.com\/?p=2211","og_locale":"fr_FR","og_type":"article","og_title":"Promotion de la coh\u00e9sion sociale: L\u2019AFEP mobilise les forces vives pour une unit\u00e9 nationale fond\u00e9e sur le patriotisme et la solidarit\u00e9 - Vox Sahel","og_description":"L\u2019Alliance des Femmes Engag\u00e9es pour la Patrie (AFEP) a donn\u00e9 le coup d\u2019envoi, ce 28","og_url":"https:\/\/voxsahel.com\/?p=2211","og_site_name":"Vox Sahel","article_publisher":"https:\/\/www.facebook.com\/journal.voxsahel","article_published_time":"2025-06-28T15:49:13+00:00","og_image":[{"width":1080,"height":715,"url":"https:\/\/voxsahel.com\/wp-content\/uploads\/2025\/06\/WhatsApp-Image-2025-06-28-at-15.47.26.jpeg","type":"image\/jpeg"}],"author":"Vox Sahel","twitter_card":"summary_large_image","twitter_misc":{"\u00c9crit par":"Vox Sahel","Dur\u00e9e de lecture estim\u00e9e":"6 minutes"},"schema":{"@context":"https:\/\/schema.org","@graph":[{"@type":"Article","@id":"https:\/\/voxsahel.com\/?p=2211#article","isPartOf":{"@id":"https:\/\/voxsahel.com\/?p=2211"},"author":{"name":"Vox Sahel","@id":"https:\/\/voxsahel.com\/#\/schema\/person\/b4043608248f8fa227cd760e7ff1e19e"},"headline":"Promotion de la coh\u00e9sion sociale: L\u2019AFEP mobilise les forces vives pour une unit\u00e9 nationale fond\u00e9e sur le patriotisme et la solidarit\u00e9","datePublished":"2025-06-28T15:49:13+00:00","mainEntityOfPage":{"@id":"https:\/\/voxsahel.com\/?p=2211"},"wordCount":974,"commentCount":0,"publisher":{"@id":"https:\/\/voxsahel.com\/#organization"},"image":{"@id":"https:\/\/voxsahel.com\/?p=2211#primaryimage"},"thumbnailUrl":"https:\/\/voxsahel.com\/wp-content\/uploads\/2025\/06\/WhatsApp-Image-2025-06-28-at-15.47.26.jpeg","keywords":["Burkina Faso","Coh\u00e9sion sociale","Culture","Organisation de la Soci\u00e9t\u00e9 Civile","Soci\u00e9t\u00e9","Soci\u00e9t\u00e9 Civile","Tol\u00e9rance"],"articleSection":["SOCIETE"],"inLanguage":"fr-FR","potentialAction":[{"@type":"CommentAction","name":"Comment","target":["https:\/\/voxsahel.com\/?p=2211#respond"]}]},{"@type":"WebPage","@id":"https:\/\/voxsahel.com\/?p=2211","url":"https:\/\/voxsahel.com\/?p=2211","name":"Promotion de la coh\u00e9sion sociale: L\u2019AFEP mobilise les forces vives pour une unit\u00e9 nationale fond\u00e9e sur le patriotisme et la solidarit\u00e9 - Vox Sahel","isPartOf":{"@id":"https:\/\/voxsahel.com\/#website"},"primaryImageOfPage":{"@id":"https:\/\/voxsahel.com\/?p=2211#primaryimage"},"image":{"@id":"https:\/\/voxsahel.com\/?p=2211#primaryimage"},"thumbnailUrl":"https:\/\/voxsahel.com\/wp-content\/uploads\/2025\/06\/WhatsApp-Image-2025-06-28-at-15.47.26.jpeg","datePublished":"2025-06-28T15:49:13+00:00","breadcrumb":{"@id":"https:\/\/voxsahel.com\/?p=2211#breadcrumb"},"inLanguage":"fr-FR","potentialAction":[{"@type":"ReadAction","target":["https:\/\/voxsahel.com\/?p=2211"]}]},{"@type":"ImageObject","inLanguage":"fr-FR","@id":"https:\/\/voxsahel.com\/?p=2211#primaryimage","url":"https:\/\/voxsahel.com\/wp-content\/uploads\/2025\/06\/WhatsApp-Image-2025-06-28-at-15.47.26.jpeg","contentUrl":"https:\/\/voxsahel.com\/wp-content\/uploads\/2025\/06\/WhatsApp-Image-2025-06-28-at-15.47.26.jpeg","width":1080,"height":715,"caption":"L\u2019assistance mobilis\u00e9e lors de la conf\u00e9rence publique de l\u2019AFEP"},{"@type":"BreadcrumbList","@id":"https:\/\/voxsahel.com\/?p=2211#breadcrumb","itemListElement":[{"@type":"ListItem","position":1,"name":"Home","item":"https:\/\/voxsahel.com\/"},{"@type":"ListItem","position":2,"name":"Promotion de la coh\u00e9sion sociale: L\u2019AFEP mobilise les forces vives pour une unit\u00e9 nationale fond\u00e9e sur le patriotisme et la solidarit\u00e9"}]},{"@type":"WebSite","@id":"https:\/\/voxsahel.com\/#website","url":"https:\/\/voxsahel.com\/","name":"Vox Sahel","description":"Informez-vous sur le Sahel en un clic","publisher":{"@id":"https:\/\/voxsahel.com\/#organization"},"potentialAction":[{"@type":"SearchAction","target":{"@type":"EntryPoint","urlTemplate":"https:\/\/voxsahel.com\/?s={search_term_string}"},"query-input":{"@type":"PropertyValueSpecification","valueRequired":true,"valueName":"search_term_string"}}],"inLanguage":"fr-FR"},{"@type":"Organization","@id":"https:\/\/voxsahel.com\/#organization","name":"Vox Sahel","url":"https:\/\/voxsahel.com\/","logo":{"@type":"ImageObject","inLanguage":"fr-FR","@id":"https:\/\/voxsahel.com\/#\/schema\/logo\/image\/","url":"https:\/\/voxsahel.com\/wp-content\/uploads\/2024\/09\/Logo-Vox-Sahel.jpg","contentUrl":"https:\/\/voxsahel.com\/wp-content\/uploads\/2024\/09\/Logo-Vox-Sahel.jpg","width":1181,"height":848,"caption":"Vox Sahel"},"image":{"@id":"https:\/\/voxsahel.com\/#\/schema\/logo\/image\/"},"sameAs":["https:\/\/www.facebook.com\/journal.voxsahel"]},{"@type":"Person","@id":"https:\/\/voxsahel.com\/#\/schema\/person\/b4043608248f8fa227cd760e7ff1e19e","name":"Vox Sahel","image":{"@type":"ImageObject","inLanguage":"fr-FR","@id":"https:\/\/secure.gravatar.com\/avatar\/f70e7fa0cb9b29d4a7c5788d6eb2e9ab4d3135cbae1c9161810fdf77a8964699?s=96&d=mm&r=g","url":"https:\/\/secure.gravatar.com\/avatar\/f70e7fa0cb9b29d4a7c5788d6eb2e9ab4d3135cbae1c9161810fdf77a8964699?s=96&d=mm&r=g","contentUrl":"https:\/\/secure.gravatar.com\/avatar\/f70e7fa0cb9b29d4a7c5788d6eb2e9ab4d3135cbae1c9161810fdf77a8964699?s=96&d=mm&r=g","caption":"Vox Sahel"},"sameAs":["http:\/\/www.voxsahel.com"],"url":"https:\/\/voxsahel.com\/?author=2"}]}},"_links":{"self":[{"href":"https:\/\/voxsahel.com\/index.php?rest_route=\/wp\/v2\/posts\/2211","targetHints":{"allow":["GET"]}}],"collection":[{"href":"https:\/\/voxsahel.com\/index.php?rest_route=\/wp\/v2\/posts"}],"about":[{"href":"https:\/\/voxsahel.com\/index.php?rest_route=\/wp\/v2\/types\/post"}],"author":[{"embeddable":true,"href":"https:\/\/voxsahel.com\/index.php?rest_route=\/wp\/v2\/users\/2"}],"replies":[{"embeddable":true,"href":"https:\/\/voxsahel.com\/index.php?rest_route=%2Fwp%2Fv2%2Fcomments&post=2211"}],"version-history":[{"count":1,"href":"https:\/\/voxsahel.com\/index.php?rest_route=\/wp\/v2\/posts\/2211\/revisions"}],"predecessor-version":[{"id":2217,"href":"https:\/\/voxsahel.com\/index.php?rest_route=\/wp\/v2\/posts\/2211\/revisions\/2217"}],"wp:featuredmedia":[{"embeddable":true,"href":"https:\/\/voxsahel.com\/index.php?rest_route=\/wp\/v2\/media\/2216"}],"wp:attachment":[{"href":"https:\/\/voxsahel.com\/index.php?rest_route=%2Fwp%2Fv2%2Fmedia&parent=2211"}],"wp:term":[{"taxonomy":"category","embeddable":true,"href":"https:\/\/voxsahel.com\/index.php?rest_route=%2Fwp%2Fv2%2Fcategories&post=2211"},{"taxonomy":"post_tag","embeddable":true,"href":"https:\/\/voxsahel.com\/index.php?rest_route=%2Fwp%2Fv2%2Ftags&post=2211"}],"curies":[{"name":"wp","href":"https:\/\/api.w.org\/{rel}","templated":true}]}}