{"id":221,"date":"2024-09-17T00:19:03","date_gmt":"2024-09-17T00:19:03","guid":{"rendered":"https:\/\/voxsahel.com\/?p=221"},"modified":"2024-09-17T00:22:45","modified_gmt":"2024-09-17T00:22:45","slug":"221","status":"publish","type":"post","link":"https:\/\/voxsahel.com\/?p=221","title":{"rendered":"Burkina Faso : Le CBA mise sur l&rsquo;ananas pour renforcer la fili\u00e8re anacarde"},"content":{"rendered":"<p>Le <span style=\"color: #008000;\"><strong>Conseil Burkinab\u00e8 de l&rsquo;Anacarde<\/strong><\/span> (CBA) a organis\u00e9, les 11 et 12 septembre 2024 \u00e0 Bobo-Dioulasso, une formation destin\u00e9e \u00e0 renforcer les comp\u00e9tences techniques de son personnel en mati\u00e8re de culture d&rsquo;ananas. Cet \u00e9v\u00e9nement, pr\u00e9sid\u00e9 par le Directeur G\u00e9n\u00e9ral du CBA, Ou\u00e9mihie Cl\u00e9ment Attiou, s&rsquo;inscrit dans une d\u00e9marche strat\u00e9gique visant \u00e0 introduire l&rsquo;ananas comme culture intercalaire dans les plantations d&rsquo;anacardiers.<\/p>\n<p>Lors de son discours d&rsquo;ouverture, le DG du CBA a mis en lumi\u00e8re l&rsquo;importance de cette initiative. \u00ab L&rsquo;introduction de l&rsquo;ananas dans les vergers permettra non seulement d&rsquo;am\u00e9liorer les rendements, mais aussi de diversifier les revenus des producteurs \u00bb, a-t-il affirm\u00e9. Il a \u00e9galement exhort\u00e9 les participants \u00e0 suivre attentivement les enseignements dispens\u00e9s afin de maximiser les opportunit\u00e9s \u00e9conomiques offertes par cette innovation agricole.<\/p>\n<p style=\"text-align: center;\"><strong>L&rsquo;ananas : Un choix strat\u00e9gique<\/strong><\/p>\n<p>Le choix de l&rsquo;ananas comme culture intercalaire n&rsquo;est pas anodin. En effet, cette culture repr\u00e9sente une solution innovante pour une meilleure exploitation des terres tout en offrant de nouvelles sources de revenus aux producteurs. Dans un contexte o\u00f9 l&rsquo;optimisation des ressources fonci\u00e8res est cruciale, l&rsquo;ananas contribue \u00e0 une gestion plus efficace des plantations d&rsquo;anacardiers.<\/p>\n<p>La formation, m\u00ealant th\u00e9orie et pratique, a permis aux participants d&rsquo;acqu\u00e9rir des connaissances approfondies sur les meilleures pratiques de culture de l&rsquo;ananas. De la pr\u00e9paration du sol \u00e0 la lutte contre les nuisibles, toutes les \u00e9tapes essentielles ont \u00e9t\u00e9 couvertes pour garantir le succ\u00e8s de cette culture dans les vergers burkinab\u00e8.<\/p>\n<p style=\"text-align: center;\"><strong>Vers une agriculture innovante et durable<\/strong><\/p>\n<p>Cette initiative fait partie int\u00e9grante de la mission du CBA, qui vise \u00e0 am\u00e9liorer la rentabilit\u00e9 des vergers tout en surmontant les d\u00e9fis structurels de la fili\u00e8re anacarde. La formation marque \u00e9galement le d\u00e9but d&rsquo;un processus plus large : la prochaine phase portera sur les techniques d&rsquo;entretien des plantations d&rsquo;ananas.<\/p>\n<p>\u00c0 terme, le CBA et la Direction R\u00e9gionale de l&rsquo;Agriculture et des Ressources Halieutiques (DRARAH) ont r\u00e9alis\u00e9 d&rsquo;\u00e9tablir un mod\u00e8le de plantation de cinq hectares d&rsquo;ananas. Cette \u00e9tape repr\u00e9sente un tournant vers une agriculture plus durable et rentable au Burkina Faso, offrant ainsi des perspectives \u00e9conomiques prometteuses pour les producteurs et pour la fili\u00e8re anacarde dans son ensemble.<\/p>\n<p>En conclusion, cette formation refl\u00e8te la volont\u00e9 du CBA de promouvoir une agriculture diversifi\u00e9e et innovante, capable de r\u00e9pondre aux besoins actuels et futurs des producteurs burkinab\u00e9s, tout en contribuant \u00e0 la croissance \u00e9conomique du secteur agricole.<\/p>\n<p style=\"text-align: right;\"><strong>Par Vox Sahel<\/strong><\/p>\n","protected":false},"excerpt":{"rendered":"<p>Le Conseil Burkinab\u00e8 de l&rsquo;Anacarde (CBA) a organis\u00e9, les 11 et 12 septembre 2024 \u00e0<\/p>\n","protected":false},"author":2,"featured_media":222,"comment_status":"open","ping_status":"open","sticky":false,"template":"","format":"standard","meta":{"_et_pb_use_builder":"","_et_pb_old_content":"","_et_gb_content_width":"","footnotes":""},"categories":[8],"tags":[81,112,115,18,113,111,114],"class_list":["post-221","post","type-post","status-publish","format-standard","has-post-thumbnail","hentry","category-developpement","tag-agriculture","tag-anacarde","tag-ananas-burkina","tag-burkina-faso","tag-cba","tag-conseil-burkinabe-de-lanacarde","tag-ferme-djoda"],"yoast_head":"<!-- This site is optimized with the Yoast SEO plugin v27.5 - https:\/\/yoast.com\/product\/yoast-seo-wordpress\/ -->\n<title>Burkina Faso : Le CBA mise sur l&#039;ananas pour renforcer la fili\u00e8re anacarde - Vox Sahel<\/title>\n<meta name=\"robots\" content=\"index, follow, max-snippet:-1, max-image-preview:large, max-video-preview:-1\" \/>\n<link rel=\"canonical\" href=\"https:\/\/voxsahel.com\/?p=221\" \/>\n<meta property=\"og:locale\" content=\"fr_FR\" \/>\n<meta property=\"og:type\" content=\"article\" \/>\n<meta property=\"og:title\" content=\"Burkina Faso : Le CBA mise sur l&#039;ananas pour renforcer la fili\u00e8re anacarde - Vox Sahel\" \/>\n<meta property=\"og:description\" content=\"Le Conseil Burkinab\u00e8 de l&rsquo;Anacarde (CBA) a organis\u00e9, les 11 et 12 septembre 2024 \u00e0\" \/>\n<meta property=\"og:url\" content=\"https:\/\/voxsahel.com\/?p=221\" \/>\n<meta property=\"og:site_name\" content=\"Vox Sahel\" \/>\n<meta property=\"article:publisher\" content=\"https:\/\/www.facebook.com\/journal.voxsahel\" \/>\n<meta property=\"article:published_time\" content=\"2024-09-17T00:19:03+00:00\" \/>\n<meta property=\"article:modified_time\" content=\"2024-09-17T00:22:45+00:00\" \/>\n<meta property=\"og:image\" content=\"https:\/\/voxsahel.com\/wp-content\/uploads\/2024\/09\/460001816_526848196398168_5045618080332061303_n.jpg\" \/>\n\t<meta property=\"og:image:width\" content=\"940\" \/>\n\t<meta property=\"og:image:height\" content=\"788\" \/>\n\t<meta property=\"og:image:type\" content=\"image\/jpeg\" \/>\n<meta name=\"author\" content=\"Vox Sahel\" \/>\n<meta name=\"twitter:card\" content=\"summary_large_image\" \/>\n<meta name=\"twitter:label1\" content=\"\u00c9crit par\" \/>\n\t<meta name=\"twitter:data1\" content=\"Vox Sahel\" \/>\n\t<meta name=\"twitter:label2\" content=\"Dur\u00e9e de lecture estim\u00e9e\" \/>\n\t<meta name=\"twitter:data2\" content=\"3 minutes\" \/>\n<script type=\"application\/ld+json\" class=\"yoast-schema-graph\">{\"@context\":\"https:\\\/\\\/schema.org\",\"@graph\":[{\"@type\":\"Article\",\"@id\":\"https:\\\/\\\/voxsahel.com\\\/?p=221#article\",\"isPartOf\":{\"@id\":\"https:\\\/\\\/voxsahel.com\\\/?p=221\"},\"author\":{\"name\":\"Vox Sahel\",\"@id\":\"https:\\\/\\\/voxsahel.com\\\/#\\\/schema\\\/person\\\/b4043608248f8fa227cd760e7ff1e19e\"},\"headline\":\"Burkina Faso : Le CBA mise sur l&rsquo;ananas pour renforcer la fili\u00e8re anacarde\",\"datePublished\":\"2024-09-17T00:19:03+00:00\",\"dateModified\":\"2024-09-17T00:22:45+00:00\",\"mainEntityOfPage\":{\"@id\":\"https:\\\/\\\/voxsahel.com\\\/?p=221\"},\"wordCount\":447,\"commentCount\":0,\"publisher\":{\"@id\":\"https:\\\/\\\/voxsahel.com\\\/#organization\"},\"image\":{\"@id\":\"https:\\\/\\\/voxsahel.com\\\/?p=221#primaryimage\"},\"thumbnailUrl\":\"https:\\\/\\\/voxsahel.com\\\/wp-content\\\/uploads\\\/2024\\\/09\\\/460001816_526848196398168_5045618080332061303_n.jpg\",\"keywords\":[\"Agriculture\",\"Anacarde\",\"Ananas Burkina\",\"Burkina Faso\",\"CBA\",\"Conseil Burkinab\u00e8 de l'Anacarde\",\"Ferme Djoda\"],\"articleSection\":[\"DEVELOPPEMENT\"],\"inLanguage\":\"fr-FR\",\"potentialAction\":[{\"@type\":\"CommentAction\",\"name\":\"Comment\",\"target\":[\"https:\\\/\\\/voxsahel.com\\\/?p=221#respond\"]}]},{\"@type\":\"WebPage\",\"@id\":\"https:\\\/\\\/voxsahel.com\\\/?p=221\",\"url\":\"https:\\\/\\\/voxsahel.com\\\/?p=221\",\"name\":\"Burkina Faso : Le CBA mise sur l'ananas pour renforcer la fili\u00e8re anacarde - Vox Sahel\",\"isPartOf\":{\"@id\":\"https:\\\/\\\/voxsahel.com\\\/#website\"},\"primaryImageOfPage\":{\"@id\":\"https:\\\/\\\/voxsahel.com\\\/?p=221#primaryimage\"},\"image\":{\"@id\":\"https:\\\/\\\/voxsahel.com\\\/?p=221#primaryimage\"},\"thumbnailUrl\":\"https:\\\/\\\/voxsahel.com\\\/wp-content\\\/uploads\\\/2024\\\/09\\\/460001816_526848196398168_5045618080332061303_n.jpg\",\"datePublished\":\"2024-09-17T00:19:03+00:00\",\"dateModified\":\"2024-09-17T00:22:45+00:00\",\"breadcrumb\":{\"@id\":\"https:\\\/\\\/voxsahel.com\\\/?p=221#breadcrumb\"},\"inLanguage\":\"fr-FR\",\"potentialAction\":[{\"@type\":\"ReadAction\",\"target\":[\"https:\\\/\\\/voxsahel.com\\\/?p=221\"]}]},{\"@type\":\"ImageObject\",\"inLanguage\":\"fr-FR\",\"@id\":\"https:\\\/\\\/voxsahel.com\\\/?p=221#primaryimage\",\"url\":\"https:\\\/\\\/voxsahel.com\\\/wp-content\\\/uploads\\\/2024\\\/09\\\/460001816_526848196398168_5045618080332061303_n.jpg\",\"contentUrl\":\"https:\\\/\\\/voxsahel.com\\\/wp-content\\\/uploads\\\/2024\\\/09\\\/460001816_526848196398168_5045618080332061303_n.jpg\",\"width\":940,\"height\":788},{\"@type\":\"BreadcrumbList\",\"@id\":\"https:\\\/\\\/voxsahel.com\\\/?p=221#breadcrumb\",\"itemListElement\":[{\"@type\":\"ListItem\",\"position\":1,\"name\":\"Home\",\"item\":\"https:\\\/\\\/voxsahel.com\\\/\"},{\"@type\":\"ListItem\",\"position\":2,\"name\":\"Burkina Faso : Le CBA mise sur l&rsquo;ananas pour renforcer la fili\u00e8re anacarde\"}]},{\"@type\":\"WebSite\",\"@id\":\"https:\\\/\\\/voxsahel.com\\\/#website\",\"url\":\"https:\\\/\\\/voxsahel.com\\\/\",\"name\":\"Vox Sahel\",\"description\":\"Informez-vous sur le Sahel en un clic\",\"publisher\":{\"@id\":\"https:\\\/\\\/voxsahel.com\\\/#organization\"},\"potentialAction\":[{\"@type\":\"SearchAction\",\"target\":{\"@type\":\"EntryPoint\",\"urlTemplate\":\"https:\\\/\\\/voxsahel.com\\\/?s={search_term_string}\"},\"query-input\":{\"@type\":\"PropertyValueSpecification\",\"valueRequired\":true,\"valueName\":\"search_term_string\"}}],\"inLanguage\":\"fr-FR\"},{\"@type\":\"Organization\",\"@id\":\"https:\\\/\\\/voxsahel.com\\\/#organization\",\"name\":\"Vox Sahel\",\"url\":\"https:\\\/\\\/voxsahel.com\\\/\",\"logo\":{\"@type\":\"ImageObject\",\"inLanguage\":\"fr-FR\",\"@id\":\"https:\\\/\\\/voxsahel.com\\\/#\\\/schema\\\/logo\\\/image\\\/\",\"url\":\"https:\\\/\\\/voxsahel.com\\\/wp-content\\\/uploads\\\/2024\\\/09\\\/Logo-Vox-Sahel.jpg\",\"contentUrl\":\"https:\\\/\\\/voxsahel.com\\\/wp-content\\\/uploads\\\/2024\\\/09\\\/Logo-Vox-Sahel.jpg\",\"width\":1181,\"height\":848,\"caption\":\"Vox Sahel\"},\"image\":{\"@id\":\"https:\\\/\\\/voxsahel.com\\\/#\\\/schema\\\/logo\\\/image\\\/\"},\"sameAs\":[\"https:\\\/\\\/www.facebook.com\\\/journal.voxsahel\"]},{\"@type\":\"Person\",\"@id\":\"https:\\\/\\\/voxsahel.com\\\/#\\\/schema\\\/person\\\/b4043608248f8fa227cd760e7ff1e19e\",\"name\":\"Vox Sahel\",\"image\":{\"@type\":\"ImageObject\",\"inLanguage\":\"fr-FR\",\"@id\":\"https:\\\/\\\/secure.gravatar.com\\\/avatar\\\/f70e7fa0cb9b29d4a7c5788d6eb2e9ab4d3135cbae1c9161810fdf77a8964699?s=96&d=mm&r=g\",\"url\":\"https:\\\/\\\/secure.gravatar.com\\\/avatar\\\/f70e7fa0cb9b29d4a7c5788d6eb2e9ab4d3135cbae1c9161810fdf77a8964699?s=96&d=mm&r=g\",\"contentUrl\":\"https:\\\/\\\/secure.gravatar.com\\\/avatar\\\/f70e7fa0cb9b29d4a7c5788d6eb2e9ab4d3135cbae1c9161810fdf77a8964699?s=96&d=mm&r=g\",\"caption\":\"Vox Sahel\"},\"sameAs\":[\"http:\\\/\\\/www.voxsahel.com\"],\"url\":\"https:\\\/\\\/voxsahel.com\\\/?author=2\"}]}<\/script>\n<!-- \/ Yoast SEO plugin. -->","yoast_head_json":{"title":"Burkina Faso : Le CBA mise sur l'ananas pour renforcer la fili\u00e8re anacarde - Vox Sahel","robots":{"index":"index","follow":"follow","max-snippet":"max-snippet:-1","max-image-preview":"max-image-preview:large","max-video-preview":"max-video-preview:-1"},"canonical":"https:\/\/voxsahel.com\/?p=221","og_locale":"fr_FR","og_type":"article","og_title":"Burkina Faso : Le CBA mise sur l'ananas pour renforcer la fili\u00e8re anacarde - Vox Sahel","og_description":"Le Conseil Burkinab\u00e8 de l&rsquo;Anacarde (CBA) a organis\u00e9, les 11 et 12 septembre 2024 \u00e0","og_url":"https:\/\/voxsahel.com\/?p=221","og_site_name":"Vox Sahel","article_publisher":"https:\/\/www.facebook.com\/journal.voxsahel","article_published_time":"2024-09-17T00:19:03+00:00","article_modified_time":"2024-09-17T00:22:45+00:00","og_image":[{"width":940,"height":788,"url":"https:\/\/voxsahel.com\/wp-content\/uploads\/2024\/09\/460001816_526848196398168_5045618080332061303_n.jpg","type":"image\/jpeg"}],"author":"Vox Sahel","twitter_card":"summary_large_image","twitter_misc":{"\u00c9crit par":"Vox Sahel","Dur\u00e9e de lecture estim\u00e9e":"3 minutes"},"schema":{"@context":"https:\/\/schema.org","@graph":[{"@type":"Article","@id":"https:\/\/voxsahel.com\/?p=221#article","isPartOf":{"@id":"https:\/\/voxsahel.com\/?p=221"},"author":{"name":"Vox Sahel","@id":"https:\/\/voxsahel.com\/#\/schema\/person\/b4043608248f8fa227cd760e7ff1e19e"},"headline":"Burkina Faso : Le CBA mise sur l&rsquo;ananas pour renforcer la fili\u00e8re anacarde","datePublished":"2024-09-17T00:19:03+00:00","dateModified":"2024-09-17T00:22:45+00:00","mainEntityOfPage":{"@id":"https:\/\/voxsahel.com\/?p=221"},"wordCount":447,"commentCount":0,"publisher":{"@id":"https:\/\/voxsahel.com\/#organization"},"image":{"@id":"https:\/\/voxsahel.com\/?p=221#primaryimage"},"thumbnailUrl":"https:\/\/voxsahel.com\/wp-content\/uploads\/2024\/09\/460001816_526848196398168_5045618080332061303_n.jpg","keywords":["Agriculture","Anacarde","Ananas Burkina","Burkina Faso","CBA","Conseil Burkinab\u00e8 de l'Anacarde","Ferme Djoda"],"articleSection":["DEVELOPPEMENT"],"inLanguage":"fr-FR","potentialAction":[{"@type":"CommentAction","name":"Comment","target":["https:\/\/voxsahel.com\/?p=221#respond"]}]},{"@type":"WebPage","@id":"https:\/\/voxsahel.com\/?p=221","url":"https:\/\/voxsahel.com\/?p=221","name":"Burkina Faso : Le CBA mise sur l'ananas pour renforcer la fili\u00e8re anacarde - Vox Sahel","isPartOf":{"@id":"https:\/\/voxsahel.com\/#website"},"primaryImageOfPage":{"@id":"https:\/\/voxsahel.com\/?p=221#primaryimage"},"image":{"@id":"https:\/\/voxsahel.com\/?p=221#primaryimage"},"thumbnailUrl":"https:\/\/voxsahel.com\/wp-content\/uploads\/2024\/09\/460001816_526848196398168_5045618080332061303_n.jpg","datePublished":"2024-09-17T00:19:03+00:00","dateModified":"2024-09-17T00:22:45+00:00","breadcrumb":{"@id":"https:\/\/voxsahel.com\/?p=221#breadcrumb"},"inLanguage":"fr-FR","potentialAction":[{"@type":"ReadAction","target":["https:\/\/voxsahel.com\/?p=221"]}]},{"@type":"ImageObject","inLanguage":"fr-FR","@id":"https:\/\/voxsahel.com\/?p=221#primaryimage","url":"https:\/\/voxsahel.com\/wp-content\/uploads\/2024\/09\/460001816_526848196398168_5045618080332061303_n.jpg","contentUrl":"https:\/\/voxsahel.com\/wp-content\/uploads\/2024\/09\/460001816_526848196398168_5045618080332061303_n.jpg","width":940,"height":788},{"@type":"BreadcrumbList","@id":"https:\/\/voxsahel.com\/?p=221#breadcrumb","itemListElement":[{"@type":"ListItem","position":1,"name":"Home","item":"https:\/\/voxsahel.com\/"},{"@type":"ListItem","position":2,"name":"Burkina Faso : Le CBA mise sur l&rsquo;ananas pour renforcer la fili\u00e8re anacarde"}]},{"@type":"WebSite","@id":"https:\/\/voxsahel.com\/#website","url":"https:\/\/voxsahel.com\/","name":"Vox Sahel","description":"Informez-vous sur le Sahel en un clic","publisher":{"@id":"https:\/\/voxsahel.com\/#organization"},"potentialAction":[{"@type":"SearchAction","target":{"@type":"EntryPoint","urlTemplate":"https:\/\/voxsahel.com\/?s={search_term_string}"},"query-input":{"@type":"PropertyValueSpecification","valueRequired":true,"valueName":"search_term_string"}}],"inLanguage":"fr-FR"},{"@type":"Organization","@id":"https:\/\/voxsahel.com\/#organization","name":"Vox Sahel","url":"https:\/\/voxsahel.com\/","logo":{"@type":"ImageObject","inLanguage":"fr-FR","@id":"https:\/\/voxsahel.com\/#\/schema\/logo\/image\/","url":"https:\/\/voxsahel.com\/wp-content\/uploads\/2024\/09\/Logo-Vox-Sahel.jpg","contentUrl":"https:\/\/voxsahel.com\/wp-content\/uploads\/2024\/09\/Logo-Vox-Sahel.jpg","width":1181,"height":848,"caption":"Vox Sahel"},"image":{"@id":"https:\/\/voxsahel.com\/#\/schema\/logo\/image\/"},"sameAs":["https:\/\/www.facebook.com\/journal.voxsahel"]},{"@type":"Person","@id":"https:\/\/voxsahel.com\/#\/schema\/person\/b4043608248f8fa227cd760e7ff1e19e","name":"Vox Sahel","image":{"@type":"ImageObject","inLanguage":"fr-FR","@id":"https:\/\/secure.gravatar.com\/avatar\/f70e7fa0cb9b29d4a7c5788d6eb2e9ab4d3135cbae1c9161810fdf77a8964699?s=96&d=mm&r=g","url":"https:\/\/secure.gravatar.com\/avatar\/f70e7fa0cb9b29d4a7c5788d6eb2e9ab4d3135cbae1c9161810fdf77a8964699?s=96&d=mm&r=g","contentUrl":"https:\/\/secure.gravatar.com\/avatar\/f70e7fa0cb9b29d4a7c5788d6eb2e9ab4d3135cbae1c9161810fdf77a8964699?s=96&d=mm&r=g","caption":"Vox Sahel"},"sameAs":["http:\/\/www.voxsahel.com"],"url":"https:\/\/voxsahel.com\/?author=2"}]}},"_links":{"self":[{"href":"https:\/\/voxsahel.com\/index.php?rest_route=\/wp\/v2\/posts\/221","targetHints":{"allow":["GET"]}}],"collection":[{"href":"https:\/\/voxsahel.com\/index.php?rest_route=\/wp\/v2\/posts"}],"about":[{"href":"https:\/\/voxsahel.com\/index.php?rest_route=\/wp\/v2\/types\/post"}],"author":[{"embeddable":true,"href":"https:\/\/voxsahel.com\/index.php?rest_route=\/wp\/v2\/users\/2"}],"replies":[{"embeddable":true,"href":"https:\/\/voxsahel.com\/index.php?rest_route=%2Fwp%2Fv2%2Fcomments&post=221"}],"version-history":[{"count":4,"href":"https:\/\/voxsahel.com\/index.php?rest_route=\/wp\/v2\/posts\/221\/revisions"}],"predecessor-version":[{"id":226,"href":"https:\/\/voxsahel.com\/index.php?rest_route=\/wp\/v2\/posts\/221\/revisions\/226"}],"wp:featuredmedia":[{"embeddable":true,"href":"https:\/\/voxsahel.com\/index.php?rest_route=\/wp\/v2\/media\/222"}],"wp:attachment":[{"href":"https:\/\/voxsahel.com\/index.php?rest_route=%2Fwp%2Fv2%2Fmedia&parent=221"}],"wp:term":[{"taxonomy":"category","embeddable":true,"href":"https:\/\/voxsahel.com\/index.php?rest_route=%2Fwp%2Fv2%2Fcategories&post=221"},{"taxonomy":"post_tag","embeddable":true,"href":"https:\/\/voxsahel.com\/index.php?rest_route=%2Fwp%2Fv2%2Ftags&post=221"}],"curies":[{"name":"wp","href":"https:\/\/api.w.org\/{rel}","templated":true}]}}