{"id":2197,"date":"2025-06-27T09:24:04","date_gmt":"2025-06-27T09:24:04","guid":{"rendered":"https:\/\/voxsahel.com\/?p=2197"},"modified":"2025-06-27T09:28:01","modified_gmt":"2025-06-27T09:28:01","slug":"conflit-foncier-a-ouidtenga-des-habitants-contre-la-pose-de-balises-sur-leurs-terrains","status":"publish","type":"post","link":"https:\/\/voxsahel.com\/?p=2197","title":{"rendered":"Conflit foncier \u00e0 Ouidtenga: Des habitants contre la pose de balises sur leurs terrains"},"content":{"rendered":"<p><strong>A Ouidtenga, dans l\u2019arrondissement 11 de Ouagadougou, des habitants sont descendus dans la rue le 26 juin 2025 pour protester contre la pose de rep\u00e8res sur leurs terrains. A l\u2019origine de cette col\u00e8re, une op\u00e9ration jug\u00e9e opaque selon eux \u00a0et men\u00e9e avec le soutien de la Compagnie r\u00e9publicaine de s\u00e9curit\u00e9 (CRS).<\/strong><\/p>\n<p>Depuis plusieurs jours, des agents accompagn\u00e9s de forces de s\u00e9curit\u00e9 posent des balises sur des parcelles habit\u00e9es ou en construction, provoquant m\u00e9fiance et tension. Les \u00e9quipes affirment agir au nom de l\u2019\u00c9tat, mais les habitants, surpris par leur pr\u00e9sence et d\u00e9plorant l&rsquo;absence d\u2019information pr\u00e9alable, exigent la pr\u00e9sentation de documents officiels avant toute continuation.<\/p>\n<p>Tentant de calmer les protestataires, un agent de police s\u2019est adress\u00e9 \u00e0 la foule : \u00ab Nous sommes envoy\u00e9s par l\u2019\u00c9tat et non par une soci\u00e9t\u00e9 immobili\u00e8re \u00bb, a-t-il assur\u00e9. Il a \u00e9voqu\u00e9 un arr\u00eat\u00e9 pris en Conseil des ministres pour justifier l\u2019op\u00e9ration, affirmant que l\u2019\u00c9tat veut d\u00e9limiter la zone afin de mettre fin aux conflits et assurer le bonheur de tous . Mais ces explications orales n\u2019ont pas suffi \u00e0 apaiser les tensions. Les habitants, visiblement \u00e9branl\u00e9s, ont exig\u00e9 la preuve de ces affirmations. Devant leur insistance, les agents ont promis de revenir le lendemain pour poursuivre les travaux, une annonce qui n\u2019a fait qu\u2019attiser la col\u00e8re.<\/p>\n<figure id=\"attachment_2198\" aria-describedby=\"caption-attachment-2198\" style=\"width: 640px\" class=\"wp-caption aligncenter\"><img loading=\"lazy\" decoding=\"async\" class=\"wp-image-2198 size-large\" src=\"https:\/\/voxsahel.com\/wp-content\/uploads\/2025\/06\/c7540168-b08e-4c07-95d1-f0123f1e594c-1024x770.jpg\" alt=\"Des habitants s'opposent \u00e0 toute d\u00e9limitation de leurs terrains sans documents officiels\" width=\"640\" height=\"481\" srcset=\"https:\/\/voxsahel.com\/wp-content\/uploads\/2025\/06\/c7540168-b08e-4c07-95d1-f0123f1e594c-1024x770.jpg 1024w, https:\/\/voxsahel.com\/wp-content\/uploads\/2025\/06\/c7540168-b08e-4c07-95d1-f0123f1e594c-300x226.jpg 300w, https:\/\/voxsahel.com\/wp-content\/uploads\/2025\/06\/c7540168-b08e-4c07-95d1-f0123f1e594c-768x578.jpg 768w, https:\/\/voxsahel.com\/wp-content\/uploads\/2025\/06\/c7540168-b08e-4c07-95d1-f0123f1e594c-510x382.jpg 510w, https:\/\/voxsahel.com\/wp-content\/uploads\/2025\/06\/c7540168-b08e-4c07-95d1-f0123f1e594c-1080x813.jpg 1080w, https:\/\/voxsahel.com\/wp-content\/uploads\/2025\/06\/c7540168-b08e-4c07-95d1-f0123f1e594c-610x459.jpg 610w, https:\/\/voxsahel.com\/wp-content\/uploads\/2025\/06\/c7540168-b08e-4c07-95d1-f0123f1e594c-720x540.jpg 720w, https:\/\/voxsahel.com\/wp-content\/uploads\/2025\/06\/c7540168-b08e-4c07-95d1-f0123f1e594c.jpg 1280w\" sizes=\"(max-width: 640px) 100vw, 640px\" \/><figcaption id=\"caption-attachment-2198\" class=\"wp-caption-text\"><strong>Des habitants s&rsquo;opposent \u00e0 toute d\u00e9limitation de leurs terrains sans documents officiels<\/strong><\/figcaption><\/figure>\n<p>Ali Assali, r\u00e9sident de Ouidtenga, a exprim\u00e9 les frustrations partag\u00e9es par de nombreux riverains. \u00ab On leur a demand\u00e9 s\u2019ils avaient un ordre de mission ou un extrait du Conseil des ministres, mais ils n\u2019en ont pr\u00e9sent\u00e9 aucun \u00bb, a-t-il d\u00e9clar\u00e9. Il a rappel\u00e9 que plusieurs familles ont l\u00e9galement acquis leurs terrains aupr\u00e8s de soci\u00e9t\u00e9s immobili\u00e8res comme NIPAB, MIC et ZAGRACH, et y ont construit ou entam\u00e9 des chantiers.<\/p>\n<p>\u00ab On ne comprend pas pourquoi ils viennent placer des balises sans consulter les habitants ni les soci\u00e9t\u00e9s concern\u00e9es \u00bb, a-t-il d\u00e9nonc\u00e9. Il a \u00e9galement soulign\u00e9 que les agents \u00e9voquent un projet de mat\u00e9rialisation de titre foncier sur 666 hectares, une zone actuellement au c\u0153ur d\u2019un litige judiciaire. Selon lui, l\u2019an pass\u00e9 d\u00e9j\u00e0, ces m\u00eames agents avaient impos\u00e9 un moratoire d\u2019un mois sur les constructions. Aujourd\u2019hui, il s\u2019\u00e9tonne que les repr\u00e9sentants des soci\u00e9t\u00e9s immobili\u00e8res, autrefois associ\u00e9s aux discussions, soient d\u00e9sormais \u00e9cart\u00e9s. \u00ab Aujourd\u2019hui, on les met \u00e0 l\u2019\u00e9cart et on dit que c\u2019est l\u2019\u00c9tat qui veut s\u2019approprier la terre \u00bb, a-t-il regrett\u00e9.<\/p>\n<p>Ali Assali insiste toutefois sur son attachement \u00e0 la politique actuelle : \u00ab Nous sommes pour la politique du gouvernement actuel. Nous sommes pour, parce qu\u2019on constate qu\u2019il y a des changements \u00bb, a-t-il affirm\u00e9. Mais pour lui, cela ne doit pas se faire au d\u00e9triment de la paix sociale : \u00ab S\u2019il n\u2019y a pas coh\u00e9sion sociale, s\u2019il n\u2019y a pas la qui\u00e9tude, \u00e7a ne peut pas avancer \u00bb, a-t-il averti. Il consid\u00e8re que l\u2019administration du capitaine Ibrahim Traor\u00e9 agit de fa\u00e7on responsable, mais que \u00ab le minimum serait de pr\u00e9senter des documents de l\u2019acte pos\u00e9 \u00bb. Il conclut : \u00ab La population est inqui\u00e8te, pourtant, ils sont en train d\u2019\u0153uvrer pour qu\u2019il y ait la qui\u00e9tude au sein de la population. Toutes ces personnes qui ont achet\u00e9 des parcelles ici, c\u2019est pour \u00eatre paisibles avec leurs enfants. \u00bb.<\/p>\n<p>M\u00eame son de cloche chez Seydou Compaor\u00e9, un autre r\u00e9sident. Il raconte que le 23 juin, des policiers ont encercl\u00e9 des concessions avec des piquets sans aucune information pr\u00e9alable. \u00ab Nous vivons ici depuis des ann\u00e9es. Nous avions le droit de savoir ce qui se passe \u00bb, a-t-il martel\u00e9.<\/p>\n<figure id=\"attachment_2199\" aria-describedby=\"caption-attachment-2199\" style=\"width: 640px\" class=\"wp-caption aligncenter\"><img loading=\"lazy\" decoding=\"async\" class=\"size-large wp-image-2199\" src=\"https:\/\/voxsahel.com\/wp-content\/uploads\/2025\/06\/0613f32a-bca1-4476-aaed-39c73aa06bc1-770x1024.jpg\" alt=\"Seydou Compaor\u00e9 affirme que cette situation cache des non-dits\" width=\"640\" height=\"851\" srcset=\"https:\/\/voxsahel.com\/wp-content\/uploads\/2025\/06\/0613f32a-bca1-4476-aaed-39c73aa06bc1-770x1024.jpg 770w, https:\/\/voxsahel.com\/wp-content\/uploads\/2025\/06\/0613f32a-bca1-4476-aaed-39c73aa06bc1-226x300.jpg 226w, https:\/\/voxsahel.com\/wp-content\/uploads\/2025\/06\/0613f32a-bca1-4476-aaed-39c73aa06bc1-768x1021.jpg 768w, https:\/\/voxsahel.com\/wp-content\/uploads\/2025\/06\/0613f32a-bca1-4476-aaed-39c73aa06bc1-610x811.jpg 610w, https:\/\/voxsahel.com\/wp-content\/uploads\/2025\/06\/0613f32a-bca1-4476-aaed-39c73aa06bc1.jpg 963w\" sizes=\"(max-width: 640px) 100vw, 640px\" \/><figcaption id=\"caption-attachment-2199\" class=\"wp-caption-text\"><strong>Seydou Compaor\u00e9 affirme que cette situation cache des non-dits<\/strong><\/figcaption><\/figure>\n<p>Ayant exig\u00e9 des preuves, il dit n\u2019avoir re\u00e7u que des r\u00e9ponses orales \u00e9voquant un ordre du pr\u00e9sident du Faso et du ministre de l\u2019Urbanisme. Pour lui, cela est inacceptable: \u00ab On ne peut pas encercler les gens sans explication ni document. S\u2019il y a un ordre du pr\u00e9sident, qu\u2019on nous le prouve. Sinon, nous ne coop\u00e9rerons pas. \u00bb<\/p>\n<p>Il accuse en outre la soci\u00e9t\u00e9 immobili\u00e8re IMMOREX d\u2019\u00eatre impliqu\u00e9e dans cette affaire, affirmant avoir vu le fils du propri\u00e9taire sur les lieux. Les habitants restent fermes que si cette op\u00e9ration rel\u00e8ve r\u00e9ellement d\u2019une d\u00e9cision de l\u2019\u00c9tat, elle doit \u00eatre document\u00e9e, transparente et communiqu\u00e9e publiquement. Faute de quoi, ils continueront \u00e0 s\u2019opposer \u00e0 la pose des balises. Contact\u00e9 par t\u00e9l\u00e9phone, le directeur de la communication et des relations presse du minist\u00e8re en charge de l\u2019Urbanisme a promis revenir aux journalistes pour plus d&rsquo;\u00e9claircissements.<\/p>\n<p style=\"text-align: right;\"><strong>Par Amir BAKO<\/strong><\/p>\n","protected":false},"excerpt":{"rendered":"<p>A Ouidtenga, dans l\u2019arrondissement 11 de Ouagadougou, des habitants sont descendus dans la rue le<\/p>\n","protected":false},"author":2,"featured_media":2203,"comment_status":"open","ping_status":"open","sticky":false,"template":"","format":"standard","meta":{"_et_pb_use_builder":"","_et_pb_old_content":"","_et_gb_content_width":"","footnotes":""},"categories":[10],"tags":[],"class_list":["post-2197","post","type-post","status-publish","format-standard","has-post-thumbnail","hentry","category-foncier"],"yoast_head":"<!-- This site is optimized with the Yoast SEO plugin v27.5 - https:\/\/yoast.com\/product\/yoast-seo-wordpress\/ -->\n<title>Conflit foncier \u00e0 Ouidtenga: Des habitants contre la pose de balises sur leurs terrains - Vox Sahel<\/title>\n<meta name=\"robots\" content=\"index, follow, max-snippet:-1, max-image-preview:large, max-video-preview:-1\" \/>\n<link rel=\"canonical\" href=\"https:\/\/voxsahel.com\/?p=2197\" \/>\n<meta property=\"og:locale\" content=\"fr_FR\" \/>\n<meta property=\"og:type\" content=\"article\" \/>\n<meta property=\"og:title\" content=\"Conflit foncier \u00e0 Ouidtenga: Des habitants contre la pose de balises sur leurs terrains - Vox Sahel\" \/>\n<meta property=\"og:description\" content=\"A Ouidtenga, dans l\u2019arrondissement 11 de Ouagadougou, des habitants sont descendus dans la rue le\" \/>\n<meta property=\"og:url\" content=\"https:\/\/voxsahel.com\/?p=2197\" \/>\n<meta property=\"og:site_name\" content=\"Vox Sahel\" \/>\n<meta property=\"article:publisher\" content=\"https:\/\/www.facebook.com\/journal.voxsahel\" \/>\n<meta property=\"article:published_time\" content=\"2025-06-27T09:24:04+00:00\" \/>\n<meta property=\"article:modified_time\" content=\"2025-06-27T09:28:01+00:00\" \/>\n<meta property=\"og:image\" content=\"https:\/\/voxsahel.com\/wp-content\/uploads\/2025\/06\/cc505638-d901-4ca9-8e62-e6c6451f423d.jpg\" \/>\n\t<meta property=\"og:image:width\" content=\"1020\" \/>\n\t<meta property=\"og:image:height\" content=\"768\" \/>\n\t<meta property=\"og:image:type\" content=\"image\/jpeg\" \/>\n<meta name=\"author\" content=\"Vox Sahel\" \/>\n<meta name=\"twitter:card\" content=\"summary_large_image\" \/>\n<meta name=\"twitter:label1\" content=\"\u00c9crit par\" \/>\n\t<meta name=\"twitter:data1\" content=\"Vox Sahel\" \/>\n\t<meta name=\"twitter:label2\" content=\"Dur\u00e9e de lecture estim\u00e9e\" \/>\n\t<meta name=\"twitter:data2\" content=\"5 minutes\" \/>\n<script type=\"application\/ld+json\" class=\"yoast-schema-graph\">{\"@context\":\"https:\\\/\\\/schema.org\",\"@graph\":[{\"@type\":\"Article\",\"@id\":\"https:\\\/\\\/voxsahel.com\\\/?p=2197#article\",\"isPartOf\":{\"@id\":\"https:\\\/\\\/voxsahel.com\\\/?p=2197\"},\"author\":{\"name\":\"Vox Sahel\",\"@id\":\"https:\\\/\\\/voxsahel.com\\\/#\\\/schema\\\/person\\\/b4043608248f8fa227cd760e7ff1e19e\"},\"headline\":\"Conflit foncier \u00e0 Ouidtenga: Des habitants contre la pose de balises sur leurs terrains\",\"datePublished\":\"2025-06-27T09:24:04+00:00\",\"dateModified\":\"2025-06-27T09:28:01+00:00\",\"mainEntityOfPage\":{\"@id\":\"https:\\\/\\\/voxsahel.com\\\/?p=2197\"},\"wordCount\":851,\"commentCount\":0,\"publisher\":{\"@id\":\"https:\\\/\\\/voxsahel.com\\\/#organization\"},\"image\":{\"@id\":\"https:\\\/\\\/voxsahel.com\\\/?p=2197#primaryimage\"},\"thumbnailUrl\":\"https:\\\/\\\/voxsahel.com\\\/wp-content\\\/uploads\\\/2025\\\/06\\\/cc505638-d901-4ca9-8e62-e6c6451f423d.jpg\",\"articleSection\":[\"FONCIER\"],\"inLanguage\":\"fr-FR\",\"potentialAction\":[{\"@type\":\"CommentAction\",\"name\":\"Comment\",\"target\":[\"https:\\\/\\\/voxsahel.com\\\/?p=2197#respond\"]}]},{\"@type\":\"WebPage\",\"@id\":\"https:\\\/\\\/voxsahel.com\\\/?p=2197\",\"url\":\"https:\\\/\\\/voxsahel.com\\\/?p=2197\",\"name\":\"Conflit foncier \u00e0 Ouidtenga: Des habitants contre la pose de balises sur leurs terrains - Vox Sahel\",\"isPartOf\":{\"@id\":\"https:\\\/\\\/voxsahel.com\\\/#website\"},\"primaryImageOfPage\":{\"@id\":\"https:\\\/\\\/voxsahel.com\\\/?p=2197#primaryimage\"},\"image\":{\"@id\":\"https:\\\/\\\/voxsahel.com\\\/?p=2197#primaryimage\"},\"thumbnailUrl\":\"https:\\\/\\\/voxsahel.com\\\/wp-content\\\/uploads\\\/2025\\\/06\\\/cc505638-d901-4ca9-8e62-e6c6451f423d.jpg\",\"datePublished\":\"2025-06-27T09:24:04+00:00\",\"dateModified\":\"2025-06-27T09:28:01+00:00\",\"breadcrumb\":{\"@id\":\"https:\\\/\\\/voxsahel.com\\\/?p=2197#breadcrumb\"},\"inLanguage\":\"fr-FR\",\"potentialAction\":[{\"@type\":\"ReadAction\",\"target\":[\"https:\\\/\\\/voxsahel.com\\\/?p=2197\"]}]},{\"@type\":\"ImageObject\",\"inLanguage\":\"fr-FR\",\"@id\":\"https:\\\/\\\/voxsahel.com\\\/?p=2197#primaryimage\",\"url\":\"https:\\\/\\\/voxsahel.com\\\/wp-content\\\/uploads\\\/2025\\\/06\\\/cc505638-d901-4ca9-8e62-e6c6451f423d.jpg\",\"contentUrl\":\"https:\\\/\\\/voxsahel.com\\\/wp-content\\\/uploads\\\/2025\\\/06\\\/cc505638-d901-4ca9-8e62-e6c6451f423d.jpg\",\"width\":1020,\"height\":768},{\"@type\":\"BreadcrumbList\",\"@id\":\"https:\\\/\\\/voxsahel.com\\\/?p=2197#breadcrumb\",\"itemListElement\":[{\"@type\":\"ListItem\",\"position\":1,\"name\":\"Home\",\"item\":\"https:\\\/\\\/voxsahel.com\\\/\"},{\"@type\":\"ListItem\",\"position\":2,\"name\":\"Conflit foncier \u00e0 Ouidtenga: Des habitants contre la pose de balises sur leurs terrains\"}]},{\"@type\":\"WebSite\",\"@id\":\"https:\\\/\\\/voxsahel.com\\\/#website\",\"url\":\"https:\\\/\\\/voxsahel.com\\\/\",\"name\":\"Vox Sahel\",\"description\":\"Informez-vous sur le Sahel en un clic\",\"publisher\":{\"@id\":\"https:\\\/\\\/voxsahel.com\\\/#organization\"},\"potentialAction\":[{\"@type\":\"SearchAction\",\"target\":{\"@type\":\"EntryPoint\",\"urlTemplate\":\"https:\\\/\\\/voxsahel.com\\\/?s={search_term_string}\"},\"query-input\":{\"@type\":\"PropertyValueSpecification\",\"valueRequired\":true,\"valueName\":\"search_term_string\"}}],\"inLanguage\":\"fr-FR\"},{\"@type\":\"Organization\",\"@id\":\"https:\\\/\\\/voxsahel.com\\\/#organization\",\"name\":\"Vox Sahel\",\"url\":\"https:\\\/\\\/voxsahel.com\\\/\",\"logo\":{\"@type\":\"ImageObject\",\"inLanguage\":\"fr-FR\",\"@id\":\"https:\\\/\\\/voxsahel.com\\\/#\\\/schema\\\/logo\\\/image\\\/\",\"url\":\"https:\\\/\\\/voxsahel.com\\\/wp-content\\\/uploads\\\/2024\\\/09\\\/Logo-Vox-Sahel.jpg\",\"contentUrl\":\"https:\\\/\\\/voxsahel.com\\\/wp-content\\\/uploads\\\/2024\\\/09\\\/Logo-Vox-Sahel.jpg\",\"width\":1181,\"height\":848,\"caption\":\"Vox Sahel\"},\"image\":{\"@id\":\"https:\\\/\\\/voxsahel.com\\\/#\\\/schema\\\/logo\\\/image\\\/\"},\"sameAs\":[\"https:\\\/\\\/www.facebook.com\\\/journal.voxsahel\"]},{\"@type\":\"Person\",\"@id\":\"https:\\\/\\\/voxsahel.com\\\/#\\\/schema\\\/person\\\/b4043608248f8fa227cd760e7ff1e19e\",\"name\":\"Vox Sahel\",\"image\":{\"@type\":\"ImageObject\",\"inLanguage\":\"fr-FR\",\"@id\":\"https:\\\/\\\/secure.gravatar.com\\\/avatar\\\/f70e7fa0cb9b29d4a7c5788d6eb2e9ab4d3135cbae1c9161810fdf77a8964699?s=96&d=mm&r=g\",\"url\":\"https:\\\/\\\/secure.gravatar.com\\\/avatar\\\/f70e7fa0cb9b29d4a7c5788d6eb2e9ab4d3135cbae1c9161810fdf77a8964699?s=96&d=mm&r=g\",\"contentUrl\":\"https:\\\/\\\/secure.gravatar.com\\\/avatar\\\/f70e7fa0cb9b29d4a7c5788d6eb2e9ab4d3135cbae1c9161810fdf77a8964699?s=96&d=mm&r=g\",\"caption\":\"Vox Sahel\"},\"sameAs\":[\"http:\\\/\\\/www.voxsahel.com\"],\"url\":\"https:\\\/\\\/voxsahel.com\\\/?author=2\"}]}<\/script>\n<!-- \/ Yoast SEO plugin. -->","yoast_head_json":{"title":"Conflit foncier \u00e0 Ouidtenga: Des habitants contre la pose de balises sur leurs terrains - Vox Sahel","robots":{"index":"index","follow":"follow","max-snippet":"max-snippet:-1","max-image-preview":"max-image-preview:large","max-video-preview":"max-video-preview:-1"},"canonical":"https:\/\/voxsahel.com\/?p=2197","og_locale":"fr_FR","og_type":"article","og_title":"Conflit foncier \u00e0 Ouidtenga: Des habitants contre la pose de balises sur leurs terrains - Vox Sahel","og_description":"A Ouidtenga, dans l\u2019arrondissement 11 de Ouagadougou, des habitants sont descendus dans la rue le","og_url":"https:\/\/voxsahel.com\/?p=2197","og_site_name":"Vox Sahel","article_publisher":"https:\/\/www.facebook.com\/journal.voxsahel","article_published_time":"2025-06-27T09:24:04+00:00","article_modified_time":"2025-06-27T09:28:01+00:00","og_image":[{"width":1020,"height":768,"url":"https:\/\/voxsahel.com\/wp-content\/uploads\/2025\/06\/cc505638-d901-4ca9-8e62-e6c6451f423d.jpg","type":"image\/jpeg"}],"author":"Vox Sahel","twitter_card":"summary_large_image","twitter_misc":{"\u00c9crit par":"Vox Sahel","Dur\u00e9e de lecture estim\u00e9e":"5 minutes"},"schema":{"@context":"https:\/\/schema.org","@graph":[{"@type":"Article","@id":"https:\/\/voxsahel.com\/?p=2197#article","isPartOf":{"@id":"https:\/\/voxsahel.com\/?p=2197"},"author":{"name":"Vox Sahel","@id":"https:\/\/voxsahel.com\/#\/schema\/person\/b4043608248f8fa227cd760e7ff1e19e"},"headline":"Conflit foncier \u00e0 Ouidtenga: Des habitants contre la pose de balises sur leurs terrains","datePublished":"2025-06-27T09:24:04+00:00","dateModified":"2025-06-27T09:28:01+00:00","mainEntityOfPage":{"@id":"https:\/\/voxsahel.com\/?p=2197"},"wordCount":851,"commentCount":0,"publisher":{"@id":"https:\/\/voxsahel.com\/#organization"},"image":{"@id":"https:\/\/voxsahel.com\/?p=2197#primaryimage"},"thumbnailUrl":"https:\/\/voxsahel.com\/wp-content\/uploads\/2025\/06\/cc505638-d901-4ca9-8e62-e6c6451f423d.jpg","articleSection":["FONCIER"],"inLanguage":"fr-FR","potentialAction":[{"@type":"CommentAction","name":"Comment","target":["https:\/\/voxsahel.com\/?p=2197#respond"]}]},{"@type":"WebPage","@id":"https:\/\/voxsahel.com\/?p=2197","url":"https:\/\/voxsahel.com\/?p=2197","name":"Conflit foncier \u00e0 Ouidtenga: Des habitants contre la pose de balises sur leurs terrains - Vox Sahel","isPartOf":{"@id":"https:\/\/voxsahel.com\/#website"},"primaryImageOfPage":{"@id":"https:\/\/voxsahel.com\/?p=2197#primaryimage"},"image":{"@id":"https:\/\/voxsahel.com\/?p=2197#primaryimage"},"thumbnailUrl":"https:\/\/voxsahel.com\/wp-content\/uploads\/2025\/06\/cc505638-d901-4ca9-8e62-e6c6451f423d.jpg","datePublished":"2025-06-27T09:24:04+00:00","dateModified":"2025-06-27T09:28:01+00:00","breadcrumb":{"@id":"https:\/\/voxsahel.com\/?p=2197#breadcrumb"},"inLanguage":"fr-FR","potentialAction":[{"@type":"ReadAction","target":["https:\/\/voxsahel.com\/?p=2197"]}]},{"@type":"ImageObject","inLanguage":"fr-FR","@id":"https:\/\/voxsahel.com\/?p=2197#primaryimage","url":"https:\/\/voxsahel.com\/wp-content\/uploads\/2025\/06\/cc505638-d901-4ca9-8e62-e6c6451f423d.jpg","contentUrl":"https:\/\/voxsahel.com\/wp-content\/uploads\/2025\/06\/cc505638-d901-4ca9-8e62-e6c6451f423d.jpg","width":1020,"height":768},{"@type":"BreadcrumbList","@id":"https:\/\/voxsahel.com\/?p=2197#breadcrumb","itemListElement":[{"@type":"ListItem","position":1,"name":"Home","item":"https:\/\/voxsahel.com\/"},{"@type":"ListItem","position":2,"name":"Conflit foncier \u00e0 Ouidtenga: Des habitants contre la pose de balises sur leurs terrains"}]},{"@type":"WebSite","@id":"https:\/\/voxsahel.com\/#website","url":"https:\/\/voxsahel.com\/","name":"Vox Sahel","description":"Informez-vous sur le Sahel en un clic","publisher":{"@id":"https:\/\/voxsahel.com\/#organization"},"potentialAction":[{"@type":"SearchAction","target":{"@type":"EntryPoint","urlTemplate":"https:\/\/voxsahel.com\/?s={search_term_string}"},"query-input":{"@type":"PropertyValueSpecification","valueRequired":true,"valueName":"search_term_string"}}],"inLanguage":"fr-FR"},{"@type":"Organization","@id":"https:\/\/voxsahel.com\/#organization","name":"Vox Sahel","url":"https:\/\/voxsahel.com\/","logo":{"@type":"ImageObject","inLanguage":"fr-FR","@id":"https:\/\/voxsahel.com\/#\/schema\/logo\/image\/","url":"https:\/\/voxsahel.com\/wp-content\/uploads\/2024\/09\/Logo-Vox-Sahel.jpg","contentUrl":"https:\/\/voxsahel.com\/wp-content\/uploads\/2024\/09\/Logo-Vox-Sahel.jpg","width":1181,"height":848,"caption":"Vox Sahel"},"image":{"@id":"https:\/\/voxsahel.com\/#\/schema\/logo\/image\/"},"sameAs":["https:\/\/www.facebook.com\/journal.voxsahel"]},{"@type":"Person","@id":"https:\/\/voxsahel.com\/#\/schema\/person\/b4043608248f8fa227cd760e7ff1e19e","name":"Vox Sahel","image":{"@type":"ImageObject","inLanguage":"fr-FR","@id":"https:\/\/secure.gravatar.com\/avatar\/f70e7fa0cb9b29d4a7c5788d6eb2e9ab4d3135cbae1c9161810fdf77a8964699?s=96&d=mm&r=g","url":"https:\/\/secure.gravatar.com\/avatar\/f70e7fa0cb9b29d4a7c5788d6eb2e9ab4d3135cbae1c9161810fdf77a8964699?s=96&d=mm&r=g","contentUrl":"https:\/\/secure.gravatar.com\/avatar\/f70e7fa0cb9b29d4a7c5788d6eb2e9ab4d3135cbae1c9161810fdf77a8964699?s=96&d=mm&r=g","caption":"Vox Sahel"},"sameAs":["http:\/\/www.voxsahel.com"],"url":"https:\/\/voxsahel.com\/?author=2"}]}},"_links":{"self":[{"href":"https:\/\/voxsahel.com\/index.php?rest_route=\/wp\/v2\/posts\/2197","targetHints":{"allow":["GET"]}}],"collection":[{"href":"https:\/\/voxsahel.com\/index.php?rest_route=\/wp\/v2\/posts"}],"about":[{"href":"https:\/\/voxsahel.com\/index.php?rest_route=\/wp\/v2\/types\/post"}],"author":[{"embeddable":true,"href":"https:\/\/voxsahel.com\/index.php?rest_route=\/wp\/v2\/users\/2"}],"replies":[{"embeddable":true,"href":"https:\/\/voxsahel.com\/index.php?rest_route=%2Fwp%2Fv2%2Fcomments&post=2197"}],"version-history":[{"count":1,"href":"https:\/\/voxsahel.com\/index.php?rest_route=\/wp\/v2\/posts\/2197\/revisions"}],"predecessor-version":[{"id":2201,"href":"https:\/\/voxsahel.com\/index.php?rest_route=\/wp\/v2\/posts\/2197\/revisions\/2201"}],"wp:featuredmedia":[{"embeddable":true,"href":"https:\/\/voxsahel.com\/index.php?rest_route=\/wp\/v2\/media\/2203"}],"wp:attachment":[{"href":"https:\/\/voxsahel.com\/index.php?rest_route=%2Fwp%2Fv2%2Fmedia&parent=2197"}],"wp:term":[{"taxonomy":"category","embeddable":true,"href":"https:\/\/voxsahel.com\/index.php?rest_route=%2Fwp%2Fv2%2Fcategories&post=2197"},{"taxonomy":"post_tag","embeddable":true,"href":"https:\/\/voxsahel.com\/index.php?rest_route=%2Fwp%2Fv2%2Ftags&post=2197"}],"curies":[{"name":"wp","href":"https:\/\/api.w.org\/{rel}","templated":true}]}}