{"id":2194,"date":"2025-06-26T12:57:44","date_gmt":"2025-06-26T12:57:44","guid":{"rendered":"https:\/\/voxsahel.com\/?p=2194"},"modified":"2025-06-26T12:57:44","modified_gmt":"2025-06-26T12:57:44","slug":"burkina-faso-les-societes-detat-affichent-une-sante-florissante-a-la-33e-ag-se","status":"publish","type":"post","link":"https:\/\/voxsahel.com\/?p=2194","title":{"rendered":"Burkina Faso : Les Soci\u00e9t\u00e9s d\u2019\u00c9tat affichent une sant\u00e9 florissante \u00e0 la 33e AG-SE"},"content":{"rendered":"<p class=\"p1\"><span class=\"s2\">La 33e Assembl\u00e9e g\u00e9n\u00e9rale des Soci\u00e9t\u00e9s d\u2019\u00c9tat (AG-SE) a officiellement d\u00e9marr\u00e9 ses travaux ce jeudi <\/span><span class=\"s1\">26 juin 2025, \u00e0<\/span><span class=\"s2\"><span class=\"Apple-converted-space\">\u00a0 <\/span><\/span><span class=\"s1\">Ouagadougou, <\/span><span class=\"s2\">dans la capitale burkinab\u00e8. Pr\u00e9sid\u00e9e par le Premier Ministre, Son Excellence Monsieur Rimtalba Jean Emmanuel OU\u00c9DRAOGO, \u00e9galement Pr\u00e9sident par d\u00e9l\u00e9gation de l\u2019AG-SE, la rencontre annuelle se tient en pr\u00e9sence de plusieurs membres du gouvernement, dont le Ministre de l\u2019Industrie, du Commerce et de l\u2019Artisanat, Monsieur Serge Gnaniodem PODA.<\/span><\/p>\n<p class=\"p1\"><span class=\"s2\">Cette session 2025 est consacr\u00e9e \u00e0 l\u2019analyse des \u00e9tats financiers et des rapports de gestion de 21 Soci\u00e9t\u00e9s d\u2019\u00c9tat ainsi que de 3 \u00c9tablissements Publics de Pr\u00e9voyance Sociale (EPPS), couvrant l\u2019exercice de l\u2019ann\u00e9e 2024.<\/span><\/p>\n<p class=\"p1\"><span class=\"s2\">Dans son allocution d\u2019ouverture, le Premier Ministre a salu\u00e9 les performances globales du portefeuille public. Il a r\u00e9v\u00e9l\u00e9 que <\/span><span class=\"s1\">19 des 21 Soci\u00e9t\u00e9s d\u2019\u00c9tat ont r\u00e9alis\u00e9 des b\u00e9n\u00e9fices en 2024<\/span><span class=\"s2\">, g\u00e9n\u00e9rant un <\/span><span class=\"s1\">r\u00e9sultat net global de 120,377 milliards de FCFA<\/span><span class=\"s2\">, contre 97,025 milliards en 2023. Cela repr\u00e9sente une <\/span><span class=\"s1\">progression significative de 24,07 %<\/span><span class=\"s2\">, soit une augmentation de 23,352 milliards de FCFA en un an.<\/span><\/p>\n<p class=\"p1\"><span class=\"s2\">Le chiffre d\u2019affaires cumul\u00e9 de l\u2019ensemble des soci\u00e9t\u00e9s s\u2019est \u00e9galement fortement accru, passant de 1 910,743 milliards de FCFA en 2023 \u00e0 <\/span><span class=\"s1\">3 090,030 milliards en 2024<\/span><span class=\"s2\">. En parall\u00e8le, leur <\/span><span class=\"s1\">contribution directe au budget de l\u2019\u00c9tat s\u2019est \u00e9lev\u00e9e \u00e0 595,314 milliards de FCFA<\/span><span class=\"s2\">, marquant une l\u00e9g\u00e8re hausse de 1,06 % par rapport \u00e0 l\u2019ann\u00e9e pr\u00e9c\u00e9dente.<\/span><\/p>\n<p class=\"p1\"><span class=\"s2\">Cependant, cette contribution repr\u00e9sente <\/span><span class=\"s1\">19,72 % des recettes budg\u00e9taires<\/span><span class=\"s2\"> de l\u2019\u00c9tat au 31 d\u00e9cembre 2024, contre <\/span><span class=\"s1\">21,86 % en 2023<\/span><span class=\"s2\">, traduisant une baisse relative dans le poids de ces recettes dans le budget national.<\/span><\/p>\n<p class=\"p1\"><span class=\"s2\">Au nom du Pr\u00e9sident du Faso, Son Excellence le Capitaine Ibrahim TRAOR\u00c9, le chef du gouvernement a adress\u00e9 ses <\/span><span class=\"s1\">f\u00e9licitations aux membres des conseils d\u2019administration, directeurs g\u00e9n\u00e9raux et personnels des Soci\u00e9t\u00e9s d\u2019\u00c9tat<\/span><span class=\"s2\">pour leur implication dans l\u2019am\u00e9lioration de la gestion des entit\u00e9s publiques.<\/span><\/p>\n<p class=\"p1\"><span class=\"s2\">Le Ministre de l\u2019Industrie, du Commerce et de l\u2019Artisanat, Monsieur Serge Gnaniodem PODA, a pour sa part <\/span><span class=\"s1\">salu\u00e9 les efforts consentis et les avanc\u00e9es constat\u00e9es<\/span><span class=\"s2\"> \u00e0 travers la synth\u00e8se du rapport de performance, pr\u00e9sent\u00e9e par le Secr\u00e9taire G\u00e9n\u00e9ral du minist\u00e8re, Monsieur Alassane OU\u00c9DRAOGO.<\/span><\/p>\n<p class=\"p1\"><span class=\"s2\">Institu\u00e9e depuis 1993, l\u2019Assembl\u00e9e g\u00e9n\u00e9rale des Soci\u00e9t\u00e9s d\u2019\u00c9tat constitue un moment fort de <\/span><span class=\"s1\">redevabilit\u00e9, de transparence et d\u2019\u00e9valuation de la gouvernance publique<\/span><span class=\"s2\">. La pr\u00e9sente \u00e9dition se d\u00e9roule sur deux jours et prendra fin <\/span><span class=\"s1\">le vendredi 27 juin 2025<\/span><span class=\"s2\">.<\/span><\/p>\n<p class=\"p1\"><span class=\"s2\">Avec des indicateurs globalement positifs, cette 33e AG-SE illustre une volont\u00e9 manifeste de renforcer l\u2019efficacit\u00e9 \u00e9conomique des soci\u00e9t\u00e9s publiques, tout en consolidant leur r\u00f4le dans le financement du d\u00e9veloppement national.\u00a0<\/span><\/p>\n<p style=\"text-align: right;\"><strong>Par Vox Sahel<\/strong><\/p>\n","protected":false},"excerpt":{"rendered":"<p>La 33e Assembl\u00e9e g\u00e9n\u00e9rale des Soci\u00e9t\u00e9s d\u2019\u00c9tat (AG-SE) a officiellement d\u00e9marr\u00e9 ses travaux ce jeudi<\/p>\n","protected":false},"author":2,"featured_media":2195,"comment_status":"open","ping_status":"open","sticky":false,"template":"","format":"standard","meta":{"_et_pb_use_builder":"","_et_pb_old_content":"","_et_gb_content_width":"","footnotes":""},"categories":[1],"tags":[18,90,91,479],"class_list":["post-2194","post","type-post","status-publish","format-standard","has-post-thumbnail","hentry","category-faits-divers","tag-burkina-faso","tag-economie","tag-finance","tag-societe"],"yoast_head":"<!-- This site is optimized with the Yoast SEO plugin v27.5 - https:\/\/yoast.com\/product\/yoast-seo-wordpress\/ -->\n<title>Burkina Faso : Les Soci\u00e9t\u00e9s d\u2019\u00c9tat affichent une sant\u00e9 florissante \u00e0 la 33e AG-SE - Vox Sahel<\/title>\n<meta name=\"robots\" content=\"index, follow, max-snippet:-1, max-image-preview:large, max-video-preview:-1\" \/>\n<link rel=\"canonical\" href=\"https:\/\/voxsahel.com\/?p=2194\" \/>\n<meta property=\"og:locale\" content=\"fr_FR\" \/>\n<meta property=\"og:type\" content=\"article\" \/>\n<meta property=\"og:title\" content=\"Burkina Faso : Les Soci\u00e9t\u00e9s d\u2019\u00c9tat affichent une sant\u00e9 florissante \u00e0 la 33e AG-SE - Vox Sahel\" \/>\n<meta property=\"og:description\" content=\"La 33e Assembl\u00e9e g\u00e9n\u00e9rale des Soci\u00e9t\u00e9s d\u2019\u00c9tat (AG-SE) a officiellement d\u00e9marr\u00e9 ses travaux ce jeudi\" \/>\n<meta property=\"og:url\" content=\"https:\/\/voxsahel.com\/?p=2194\" \/>\n<meta property=\"og:site_name\" content=\"Vox Sahel\" \/>\n<meta property=\"article:publisher\" content=\"https:\/\/www.facebook.com\/journal.voxsahel\" \/>\n<meta property=\"article:published_time\" content=\"2025-06-26T12:57:44+00:00\" \/>\n<meta property=\"og:image\" content=\"https:\/\/voxsahel.com\/wp-content\/uploads\/2025\/06\/IMG_8181.jpeg\" \/>\n\t<meta property=\"og:image:width\" content=\"2048\" \/>\n\t<meta property=\"og:image:height\" content=\"946\" \/>\n\t<meta property=\"og:image:type\" content=\"image\/jpeg\" \/>\n<meta name=\"author\" content=\"Vox Sahel\" \/>\n<meta name=\"twitter:card\" content=\"summary_large_image\" \/>\n<meta name=\"twitter:label1\" content=\"\u00c9crit par\" \/>\n\t<meta name=\"twitter:data1\" content=\"Vox Sahel\" \/>\n\t<meta name=\"twitter:label2\" content=\"Dur\u00e9e de lecture estim\u00e9e\" \/>\n\t<meta name=\"twitter:data2\" content=\"3 minutes\" \/>\n<script type=\"application\/ld+json\" class=\"yoast-schema-graph\">{\"@context\":\"https:\\\/\\\/schema.org\",\"@graph\":[{\"@type\":\"Article\",\"@id\":\"https:\\\/\\\/voxsahel.com\\\/?p=2194#article\",\"isPartOf\":{\"@id\":\"https:\\\/\\\/voxsahel.com\\\/?p=2194\"},\"author\":{\"name\":\"Vox Sahel\",\"@id\":\"https:\\\/\\\/voxsahel.com\\\/#\\\/schema\\\/person\\\/b4043608248f8fa227cd760e7ff1e19e\"},\"headline\":\"Burkina Faso : Les Soci\u00e9t\u00e9s d\u2019\u00c9tat affichent une sant\u00e9 florissante \u00e0 la 33e AG-SE\",\"datePublished\":\"2025-06-26T12:57:44+00:00\",\"mainEntityOfPage\":{\"@id\":\"https:\\\/\\\/voxsahel.com\\\/?p=2194\"},\"wordCount\":484,\"commentCount\":0,\"publisher\":{\"@id\":\"https:\\\/\\\/voxsahel.com\\\/#organization\"},\"image\":{\"@id\":\"https:\\\/\\\/voxsahel.com\\\/?p=2194#primaryimage\"},\"thumbnailUrl\":\"https:\\\/\\\/voxsahel.com\\\/wp-content\\\/uploads\\\/2025\\\/06\\\/IMG_8181.jpeg\",\"keywords\":[\"Burkina Faso\",\"Economie\",\"Finance\",\"Soci\u00e9t\u00e9\"],\"articleSection\":[\"FAITS DIVERS\"],\"inLanguage\":\"fr-FR\",\"potentialAction\":[{\"@type\":\"CommentAction\",\"name\":\"Comment\",\"target\":[\"https:\\\/\\\/voxsahel.com\\\/?p=2194#respond\"]}]},{\"@type\":\"WebPage\",\"@id\":\"https:\\\/\\\/voxsahel.com\\\/?p=2194\",\"url\":\"https:\\\/\\\/voxsahel.com\\\/?p=2194\",\"name\":\"Burkina Faso : Les Soci\u00e9t\u00e9s d\u2019\u00c9tat affichent une sant\u00e9 florissante \u00e0 la 33e AG-SE - Vox Sahel\",\"isPartOf\":{\"@id\":\"https:\\\/\\\/voxsahel.com\\\/#website\"},\"primaryImageOfPage\":{\"@id\":\"https:\\\/\\\/voxsahel.com\\\/?p=2194#primaryimage\"},\"image\":{\"@id\":\"https:\\\/\\\/voxsahel.com\\\/?p=2194#primaryimage\"},\"thumbnailUrl\":\"https:\\\/\\\/voxsahel.com\\\/wp-content\\\/uploads\\\/2025\\\/06\\\/IMG_8181.jpeg\",\"datePublished\":\"2025-06-26T12:57:44+00:00\",\"breadcrumb\":{\"@id\":\"https:\\\/\\\/voxsahel.com\\\/?p=2194#breadcrumb\"},\"inLanguage\":\"fr-FR\",\"potentialAction\":[{\"@type\":\"ReadAction\",\"target\":[\"https:\\\/\\\/voxsahel.com\\\/?p=2194\"]}]},{\"@type\":\"ImageObject\",\"inLanguage\":\"fr-FR\",\"@id\":\"https:\\\/\\\/voxsahel.com\\\/?p=2194#primaryimage\",\"url\":\"https:\\\/\\\/voxsahel.com\\\/wp-content\\\/uploads\\\/2025\\\/06\\\/IMG_8181.jpeg\",\"contentUrl\":\"https:\\\/\\\/voxsahel.com\\\/wp-content\\\/uploads\\\/2025\\\/06\\\/IMG_8181.jpeg\",\"width\":2048,\"height\":946},{\"@type\":\"BreadcrumbList\",\"@id\":\"https:\\\/\\\/voxsahel.com\\\/?p=2194#breadcrumb\",\"itemListElement\":[{\"@type\":\"ListItem\",\"position\":1,\"name\":\"Home\",\"item\":\"https:\\\/\\\/voxsahel.com\\\/\"},{\"@type\":\"ListItem\",\"position\":2,\"name\":\"Burkina Faso : Les Soci\u00e9t\u00e9s d\u2019\u00c9tat affichent une sant\u00e9 florissante \u00e0 la 33e AG-SE\"}]},{\"@type\":\"WebSite\",\"@id\":\"https:\\\/\\\/voxsahel.com\\\/#website\",\"url\":\"https:\\\/\\\/voxsahel.com\\\/\",\"name\":\"Vox Sahel\",\"description\":\"Informez-vous sur le Sahel en un clic\",\"publisher\":{\"@id\":\"https:\\\/\\\/voxsahel.com\\\/#organization\"},\"potentialAction\":[{\"@type\":\"SearchAction\",\"target\":{\"@type\":\"EntryPoint\",\"urlTemplate\":\"https:\\\/\\\/voxsahel.com\\\/?s={search_term_string}\"},\"query-input\":{\"@type\":\"PropertyValueSpecification\",\"valueRequired\":true,\"valueName\":\"search_term_string\"}}],\"inLanguage\":\"fr-FR\"},{\"@type\":\"Organization\",\"@id\":\"https:\\\/\\\/voxsahel.com\\\/#organization\",\"name\":\"Vox Sahel\",\"url\":\"https:\\\/\\\/voxsahel.com\\\/\",\"logo\":{\"@type\":\"ImageObject\",\"inLanguage\":\"fr-FR\",\"@id\":\"https:\\\/\\\/voxsahel.com\\\/#\\\/schema\\\/logo\\\/image\\\/\",\"url\":\"https:\\\/\\\/voxsahel.com\\\/wp-content\\\/uploads\\\/2024\\\/09\\\/Logo-Vox-Sahel.jpg\",\"contentUrl\":\"https:\\\/\\\/voxsahel.com\\\/wp-content\\\/uploads\\\/2024\\\/09\\\/Logo-Vox-Sahel.jpg\",\"width\":1181,\"height\":848,\"caption\":\"Vox Sahel\"},\"image\":{\"@id\":\"https:\\\/\\\/voxsahel.com\\\/#\\\/schema\\\/logo\\\/image\\\/\"},\"sameAs\":[\"https:\\\/\\\/www.facebook.com\\\/journal.voxsahel\"]},{\"@type\":\"Person\",\"@id\":\"https:\\\/\\\/voxsahel.com\\\/#\\\/schema\\\/person\\\/b4043608248f8fa227cd760e7ff1e19e\",\"name\":\"Vox Sahel\",\"image\":{\"@type\":\"ImageObject\",\"inLanguage\":\"fr-FR\",\"@id\":\"https:\\\/\\\/secure.gravatar.com\\\/avatar\\\/f70e7fa0cb9b29d4a7c5788d6eb2e9ab4d3135cbae1c9161810fdf77a8964699?s=96&d=mm&r=g\",\"url\":\"https:\\\/\\\/secure.gravatar.com\\\/avatar\\\/f70e7fa0cb9b29d4a7c5788d6eb2e9ab4d3135cbae1c9161810fdf77a8964699?s=96&d=mm&r=g\",\"contentUrl\":\"https:\\\/\\\/secure.gravatar.com\\\/avatar\\\/f70e7fa0cb9b29d4a7c5788d6eb2e9ab4d3135cbae1c9161810fdf77a8964699?s=96&d=mm&r=g\",\"caption\":\"Vox Sahel\"},\"sameAs\":[\"http:\\\/\\\/www.voxsahel.com\"],\"url\":\"https:\\\/\\\/voxsahel.com\\\/?author=2\"}]}<\/script>\n<!-- \/ Yoast SEO plugin. -->","yoast_head_json":{"title":"Burkina Faso : Les Soci\u00e9t\u00e9s d\u2019\u00c9tat affichent une sant\u00e9 florissante \u00e0 la 33e AG-SE - Vox Sahel","robots":{"index":"index","follow":"follow","max-snippet":"max-snippet:-1","max-image-preview":"max-image-preview:large","max-video-preview":"max-video-preview:-1"},"canonical":"https:\/\/voxsahel.com\/?p=2194","og_locale":"fr_FR","og_type":"article","og_title":"Burkina Faso : Les Soci\u00e9t\u00e9s d\u2019\u00c9tat affichent une sant\u00e9 florissante \u00e0 la 33e AG-SE - Vox Sahel","og_description":"La 33e Assembl\u00e9e g\u00e9n\u00e9rale des Soci\u00e9t\u00e9s d\u2019\u00c9tat (AG-SE) a officiellement d\u00e9marr\u00e9 ses travaux ce jeudi","og_url":"https:\/\/voxsahel.com\/?p=2194","og_site_name":"Vox Sahel","article_publisher":"https:\/\/www.facebook.com\/journal.voxsahel","article_published_time":"2025-06-26T12:57:44+00:00","og_image":[{"width":2048,"height":946,"url":"https:\/\/voxsahel.com\/wp-content\/uploads\/2025\/06\/IMG_8181.jpeg","type":"image\/jpeg"}],"author":"Vox Sahel","twitter_card":"summary_large_image","twitter_misc":{"\u00c9crit par":"Vox Sahel","Dur\u00e9e de lecture estim\u00e9e":"3 minutes"},"schema":{"@context":"https:\/\/schema.org","@graph":[{"@type":"Article","@id":"https:\/\/voxsahel.com\/?p=2194#article","isPartOf":{"@id":"https:\/\/voxsahel.com\/?p=2194"},"author":{"name":"Vox Sahel","@id":"https:\/\/voxsahel.com\/#\/schema\/person\/b4043608248f8fa227cd760e7ff1e19e"},"headline":"Burkina Faso : Les Soci\u00e9t\u00e9s d\u2019\u00c9tat affichent une sant\u00e9 florissante \u00e0 la 33e AG-SE","datePublished":"2025-06-26T12:57:44+00:00","mainEntityOfPage":{"@id":"https:\/\/voxsahel.com\/?p=2194"},"wordCount":484,"commentCount":0,"publisher":{"@id":"https:\/\/voxsahel.com\/#organization"},"image":{"@id":"https:\/\/voxsahel.com\/?p=2194#primaryimage"},"thumbnailUrl":"https:\/\/voxsahel.com\/wp-content\/uploads\/2025\/06\/IMG_8181.jpeg","keywords":["Burkina Faso","Economie","Finance","Soci\u00e9t\u00e9"],"articleSection":["FAITS DIVERS"],"inLanguage":"fr-FR","potentialAction":[{"@type":"CommentAction","name":"Comment","target":["https:\/\/voxsahel.com\/?p=2194#respond"]}]},{"@type":"WebPage","@id":"https:\/\/voxsahel.com\/?p=2194","url":"https:\/\/voxsahel.com\/?p=2194","name":"Burkina Faso : Les Soci\u00e9t\u00e9s d\u2019\u00c9tat affichent une sant\u00e9 florissante \u00e0 la 33e AG-SE - Vox Sahel","isPartOf":{"@id":"https:\/\/voxsahel.com\/#website"},"primaryImageOfPage":{"@id":"https:\/\/voxsahel.com\/?p=2194#primaryimage"},"image":{"@id":"https:\/\/voxsahel.com\/?p=2194#primaryimage"},"thumbnailUrl":"https:\/\/voxsahel.com\/wp-content\/uploads\/2025\/06\/IMG_8181.jpeg","datePublished":"2025-06-26T12:57:44+00:00","breadcrumb":{"@id":"https:\/\/voxsahel.com\/?p=2194#breadcrumb"},"inLanguage":"fr-FR","potentialAction":[{"@type":"ReadAction","target":["https:\/\/voxsahel.com\/?p=2194"]}]},{"@type":"ImageObject","inLanguage":"fr-FR","@id":"https:\/\/voxsahel.com\/?p=2194#primaryimage","url":"https:\/\/voxsahel.com\/wp-content\/uploads\/2025\/06\/IMG_8181.jpeg","contentUrl":"https:\/\/voxsahel.com\/wp-content\/uploads\/2025\/06\/IMG_8181.jpeg","width":2048,"height":946},{"@type":"BreadcrumbList","@id":"https:\/\/voxsahel.com\/?p=2194#breadcrumb","itemListElement":[{"@type":"ListItem","position":1,"name":"Home","item":"https:\/\/voxsahel.com\/"},{"@type":"ListItem","position":2,"name":"Burkina Faso : Les Soci\u00e9t\u00e9s d\u2019\u00c9tat affichent une sant\u00e9 florissante \u00e0 la 33e AG-SE"}]},{"@type":"WebSite","@id":"https:\/\/voxsahel.com\/#website","url":"https:\/\/voxsahel.com\/","name":"Vox Sahel","description":"Informez-vous sur le Sahel en un clic","publisher":{"@id":"https:\/\/voxsahel.com\/#organization"},"potentialAction":[{"@type":"SearchAction","target":{"@type":"EntryPoint","urlTemplate":"https:\/\/voxsahel.com\/?s={search_term_string}"},"query-input":{"@type":"PropertyValueSpecification","valueRequired":true,"valueName":"search_term_string"}}],"inLanguage":"fr-FR"},{"@type":"Organization","@id":"https:\/\/voxsahel.com\/#organization","name":"Vox Sahel","url":"https:\/\/voxsahel.com\/","logo":{"@type":"ImageObject","inLanguage":"fr-FR","@id":"https:\/\/voxsahel.com\/#\/schema\/logo\/image\/","url":"https:\/\/voxsahel.com\/wp-content\/uploads\/2024\/09\/Logo-Vox-Sahel.jpg","contentUrl":"https:\/\/voxsahel.com\/wp-content\/uploads\/2024\/09\/Logo-Vox-Sahel.jpg","width":1181,"height":848,"caption":"Vox Sahel"},"image":{"@id":"https:\/\/voxsahel.com\/#\/schema\/logo\/image\/"},"sameAs":["https:\/\/www.facebook.com\/journal.voxsahel"]},{"@type":"Person","@id":"https:\/\/voxsahel.com\/#\/schema\/person\/b4043608248f8fa227cd760e7ff1e19e","name":"Vox Sahel","image":{"@type":"ImageObject","inLanguage":"fr-FR","@id":"https:\/\/secure.gravatar.com\/avatar\/f70e7fa0cb9b29d4a7c5788d6eb2e9ab4d3135cbae1c9161810fdf77a8964699?s=96&d=mm&r=g","url":"https:\/\/secure.gravatar.com\/avatar\/f70e7fa0cb9b29d4a7c5788d6eb2e9ab4d3135cbae1c9161810fdf77a8964699?s=96&d=mm&r=g","contentUrl":"https:\/\/secure.gravatar.com\/avatar\/f70e7fa0cb9b29d4a7c5788d6eb2e9ab4d3135cbae1c9161810fdf77a8964699?s=96&d=mm&r=g","caption":"Vox Sahel"},"sameAs":["http:\/\/www.voxsahel.com"],"url":"https:\/\/voxsahel.com\/?author=2"}]}},"_links":{"self":[{"href":"https:\/\/voxsahel.com\/index.php?rest_route=\/wp\/v2\/posts\/2194","targetHints":{"allow":["GET"]}}],"collection":[{"href":"https:\/\/voxsahel.com\/index.php?rest_route=\/wp\/v2\/posts"}],"about":[{"href":"https:\/\/voxsahel.com\/index.php?rest_route=\/wp\/v2\/types\/post"}],"author":[{"embeddable":true,"href":"https:\/\/voxsahel.com\/index.php?rest_route=\/wp\/v2\/users\/2"}],"replies":[{"embeddable":true,"href":"https:\/\/voxsahel.com\/index.php?rest_route=%2Fwp%2Fv2%2Fcomments&post=2194"}],"version-history":[{"count":1,"href":"https:\/\/voxsahel.com\/index.php?rest_route=\/wp\/v2\/posts\/2194\/revisions"}],"predecessor-version":[{"id":2196,"href":"https:\/\/voxsahel.com\/index.php?rest_route=\/wp\/v2\/posts\/2194\/revisions\/2196"}],"wp:featuredmedia":[{"embeddable":true,"href":"https:\/\/voxsahel.com\/index.php?rest_route=\/wp\/v2\/media\/2195"}],"wp:attachment":[{"href":"https:\/\/voxsahel.com\/index.php?rest_route=%2Fwp%2Fv2%2Fmedia&parent=2194"}],"wp:term":[{"taxonomy":"category","embeddable":true,"href":"https:\/\/voxsahel.com\/index.php?rest_route=%2Fwp%2Fv2%2Fcategories&post=2194"},{"taxonomy":"post_tag","embeddable":true,"href":"https:\/\/voxsahel.com\/index.php?rest_route=%2Fwp%2Fv2%2Ftags&post=2194"}],"curies":[{"name":"wp","href":"https:\/\/api.w.org\/{rel}","templated":true}]}}