{"id":2191,"date":"2025-06-24T09:45:08","date_gmt":"2025-06-24T09:45:08","guid":{"rendered":"https:\/\/voxsahel.com\/?p=2191"},"modified":"2025-06-24T09:46:33","modified_gmt":"2025-06-24T09:46:33","slug":"affaire-descroquerie-leveque-de-koudougou-reconnait-ses-responsabilites-et-implore-le-pardon","status":"publish","type":"post","link":"https:\/\/voxsahel.com\/?p=2191","title":{"rendered":"Affaire d\u2019escroquerie : L\u2019\u00e9v\u00eaque de Koudougou reconna\u00eet ses responsabilit\u00e9s et implore le pardon"},"content":{"rendered":"<p class=\"p1\">Mis en cause dans une affaire d\u2019escroquerie en bande organis\u00e9e et de blanchiment de capitaux li\u00e9e \u00e0 des op\u00e9rations financi\u00e8res avec la soci\u00e9t\u00e9 Group Champy International, Monseigneur Joachim Herm\u00e9n\u00e9gilde Ou\u00e9draogo, \u00c9v\u00eaque de Koudougou, s\u2019adresse aux fid\u00e8les. Dans un message empreint de regrets et d\u2019humilit\u00e9, il reconna\u00eet la gravit\u00e9 de la situation, pr\u00e9sente ses excuses \u00e0 toute l\u2019\u00c9glise Famille de Dieu, et annonce se mettre \u00e0 la disposition des autorit\u00e9s judiciaires et eccl\u00e9siales. En attendant l\u2019issue de l\u2019enqu\u00eate, le Vatican a nomm\u00e9 un Administrateur Apostolique pour assurer la gestion du dioc\u00e8se. L\u2019\u00c9v\u00eaque annonce \u00e9galement un temps de retrait spirituel pour prier, r\u00e9fl\u00e9chir et se pr\u00e9parer \u00e0 r\u00e9pondre aux exigences de la justice.<\/p>\n<p class=\"p2\"><span class=\"s2\">Message de Monseigneur Joachim Herm\u00e9n\u00e9gilde Ou\u00e9draogo, \u00c9v\u00eaque de Koudougou<\/span><\/p>\n<p class=\"p2\"><span class=\"s2\">\u00a0<\/span><\/p>\n<p class=\"p2\"><span class=\"s2\">Aux Fid\u00e8les du Christ (pr\u00eatres, personnes consacr\u00e9es et la\u00efcs) de l\u2019\u00c9glise Famille de Dieu qui est \u00e0 Koudougou<\/span><\/p>\n<p class=\"p2\"><span class=\"s2\">\u00a0<\/span><\/p>\n<p class=\"p2\"><span class=\"s2\">Bien chers fils et filles de l\u2019\u00c9glise Famille de Dieu \u00e0 Koudougou,<\/span><\/p>\n<p class=\"p2\"><span class=\"s2\">La paix soit avec vous !Notre Famille dioc\u00e9saine vit des moments tr\u00e8s douloureux et je viens vers vous en toute humilit\u00e9 reconna\u00eetre la gravit\u00e9 de la situation. De par mes actions, j\u2019ai cr\u00e9\u00e9 une situation sans pr\u00e9c\u00e9dent dans notre Famille dioc\u00e9saine, dans l\u2019\u00c9glise Famille de Dieu qui est au Burkina Faso.En effet, dans mes relations avec une soci\u00e9t\u00e9 d\u00e9nomm\u00e9e Group Champy International, des op\u00e9rations financi\u00e8res r\u00e9alis\u00e9es sur la base d\u2019une convention de soutien au dioc\u00e8se de Koudougou ont conduit ma personne et le dioc\u00e8se de Koudougou devant les juridictions de notre pays. Toutes choses qui ont terni l\u2019image de l\u2019\u00c9glise Famille de Dieu \u00e0 Koudougou.Au regard de cette situation, chers confr\u00e8res pr\u00eatres et vous bien-aim\u00e9 peuple de Dieu, je viens vous exprimer du fond du c\u0153ur mon sinc\u00e8re regret pour ce qui s\u2019est pass\u00e9. En effet, j\u2019ai d\u00e9sorient\u00e9, bless\u00e9 et d\u00e9\u00e7u plus d\u2019un.Face \u00e0 cette situation, le Dicast\u00e8re pour l\u2019\u00c9vang\u00e9lisation, qui est \u00e0 Rome, a nomm\u00e9 Monseigneur Alexandre Yikyi BAZIE, Administrateur Apostolique Sede Plena et ad nutum Sanctae Sedis. D\u00e9sormais, c\u2019est Monseigneur Alexandre Yikyi BAZIE qui est charg\u00e9 de la gestion administrative, financi\u00e8re et du personnel jusqu\u2019\u00e0 nouvel ordre.J\u2019accueille avec foi et profonde ob\u00e9issance cette d\u00e9cision du Dicast\u00e8re pour l\u2019\u00c9vang\u00e9lisation, et m\u2019engage \u00e0 collaborer avec ledit Dicast\u00e8re et toutes les instances eccl\u00e9siales et judiciaires de notre pays afin que toute la lumi\u00e8re soit faite sur cette affaire.Humblement, je me remets \u00e0 la mis\u00e9ricorde de Dieu et \u00e0 la pri\u00e8re du peuple saint de Dieu qui est \u00e0 Koudougou.Par ailleurs, dans la c\u00e9l\u00e9bration eucharistique, les pr\u00eatres diront aux intercessions :<\/span><\/p>\n<p class=\"p2\"><span class=\"s2\">\u00ab Souviens-toi Seigneur de ton \u00c9glise r\u00e9pandue \u00e0 travers le monde. Fais-la grandir dans ta charit\u00e9, en union avec notre Pape L\u00e9on, notre \u00c9v\u00eaque Joachim, notre Administrateur Apostolique Alexandre, et tous les \u00e9v\u00eaques, les pr\u00eatres et les diacres. \u00bbEnfin, je demande pardon \u00e0 Monseigneur Alexandre Yikyi BAZIE, aux pr\u00eatres, aux personnes consacr\u00e9es et \u00e0 tous les fid\u00e8les la\u00efcs du dioc\u00e8se de Koudougou et de toute l\u2019\u00c9glise Famille de Dieu au Burkina Faso.Bien chers fils et filles de l\u2019\u00c9glise Famille de Dieu qui est \u00e0 Koudougou, afin d\u2019avoir un moment de reprise spirituelle, de r\u00e9flexion et de pr\u00e9paration pour r\u00e9pondre aux exigences de la justice, je prendrai quelques temps de repos.Je vous invite bien chers fils et filles en ces moments difficiles \u00e0 redoubler d\u2019efforts dans la pri\u00e8re pour ma personne, pour Mgr Alexandre Yikyi BAZIE et pour toute notre \u00c9glise Famille dioc\u00e9saine de Koudougou.Comptant sur la mis\u00e9ricorde de Dieu et la v\u00f4tre, je vous prie de bien vouloir, encore une fois de plus, accepter ma sinc\u00e8re demande de pardon et l\u2019assurance de mes humbles pri\u00e8res.<\/span><\/p>\n<p class=\"p2\"><span class=\"s2\">\u00a0<\/span><\/p>\n<p class=\"p2\"><span class=\"s2\">Dieu vous b\u00e9nisse et vous prot\u00e8ge toujours !<\/span><\/p>\n<p class=\"p2\"><span class=\"s2\">Bien cordialement dans les saints c\u0153urs de J\u00e9sus, de Marie et de Joseph !<\/span><\/p>\n<p class=\"p2\"><span class=\"s2\">\u00a0<\/span><\/p>\n<p class=\"p2\" style=\"text-align: right;\"><strong><span class=\"s2\">JOACHIM QUEDRAOGO EPISCOPUS KUDUGUENSIS<\/span><\/strong><\/p>\n<p class=\"p2\" style=\"text-align: right;\"><strong><span class=\"s2\">Joachim Herm\u00e9n\u00e9gilde OUEDRAOGO<\/span><\/strong><\/p>\n<p class=\"p2\" style=\"text-align: right;\"><strong><span class=\"s2\">\u00c9v\u00eaque de Koudougou<\/span><\/strong><\/p>\n<p class=\"p2\" style=\"text-align: right;\"><span class=\"s2\">\u00a0<\/span><\/p>\n","protected":false},"excerpt":{"rendered":"<p>Mis en cause dans une affaire d\u2019escroquerie en bande organis\u00e9e et de blanchiment de capitaux<\/p>\n","protected":false},"author":2,"featured_media":2192,"comment_status":"open","ping_status":"open","sticky":false,"template":"","format":"standard","meta":{"_et_pb_use_builder":"","_et_pb_old_content":"","_et_gb_content_width":"","footnotes":""},"categories":[5],"tags":[815,18,814,816,817,387],"class_list":["post-2191","post","type-post","status-publish","format-standard","has-post-thumbnail","hentry","category-societe","tag-affaire-champy","tag-burkina-faso","tag-eglise-catholique","tag-group-champy-international","tag-monseigneur-joachim-hermenegilde-ouedraogo","tag-religion"],"yoast_head":"<!-- This site is optimized with the Yoast SEO plugin v27.5 - https:\/\/yoast.com\/product\/yoast-seo-wordpress\/ -->\n<title>Affaire d\u2019escroquerie : L\u2019\u00e9v\u00eaque de Koudougou reconna\u00eet ses responsabilit\u00e9s et implore le pardon - Vox Sahel<\/title>\n<meta name=\"robots\" content=\"index, follow, max-snippet:-1, max-image-preview:large, max-video-preview:-1\" \/>\n<link rel=\"canonical\" href=\"https:\/\/voxsahel.com\/?p=2191\" \/>\n<meta property=\"og:locale\" content=\"fr_FR\" \/>\n<meta property=\"og:type\" content=\"article\" \/>\n<meta property=\"og:title\" content=\"Affaire d\u2019escroquerie : L\u2019\u00e9v\u00eaque de Koudougou reconna\u00eet ses responsabilit\u00e9s et implore le pardon - Vox Sahel\" \/>\n<meta property=\"og:description\" content=\"Mis en cause dans une affaire d\u2019escroquerie en bande organis\u00e9e et de blanchiment de capitaux\" \/>\n<meta property=\"og:url\" content=\"https:\/\/voxsahel.com\/?p=2191\" \/>\n<meta property=\"og:site_name\" content=\"Vox Sahel\" \/>\n<meta property=\"article:publisher\" content=\"https:\/\/www.facebook.com\/journal.voxsahel\" \/>\n<meta property=\"article:published_time\" content=\"2025-06-24T09:45:08+00:00\" \/>\n<meta property=\"article:modified_time\" content=\"2025-06-24T09:46:33+00:00\" \/>\n<meta property=\"og:image\" content=\"https:\/\/voxsahel.com\/wp-content\/uploads\/2025\/06\/9b5557b8-233b-44d4-a959-43b8758f9e45.jpeg\" \/>\n\t<meta property=\"og:image:width\" content=\"484\" \/>\n\t<meta property=\"og:image:height\" content=\"322\" \/>\n\t<meta property=\"og:image:type\" content=\"image\/jpeg\" \/>\n<meta name=\"author\" content=\"Vox Sahel\" \/>\n<meta name=\"twitter:card\" content=\"summary_large_image\" \/>\n<meta name=\"twitter:label1\" content=\"\u00c9crit par\" \/>\n\t<meta name=\"twitter:data1\" content=\"Vox Sahel\" \/>\n\t<meta name=\"twitter:label2\" content=\"Dur\u00e9e de lecture estim\u00e9e\" \/>\n\t<meta name=\"twitter:data2\" content=\"4 minutes\" \/>\n<script type=\"application\/ld+json\" class=\"yoast-schema-graph\">{\"@context\":\"https:\\\/\\\/schema.org\",\"@graph\":[{\"@type\":\"Article\",\"@id\":\"https:\\\/\\\/voxsahel.com\\\/?p=2191#article\",\"isPartOf\":{\"@id\":\"https:\\\/\\\/voxsahel.com\\\/?p=2191\"},\"author\":{\"name\":\"Vox Sahel\",\"@id\":\"https:\\\/\\\/voxsahel.com\\\/#\\\/schema\\\/person\\\/b4043608248f8fa227cd760e7ff1e19e\"},\"headline\":\"Affaire d\u2019escroquerie : L\u2019\u00e9v\u00eaque de Koudougou reconna\u00eet ses responsabilit\u00e9s et implore le pardon\",\"datePublished\":\"2025-06-24T09:45:08+00:00\",\"dateModified\":\"2025-06-24T09:46:33+00:00\",\"mainEntityOfPage\":{\"@id\":\"https:\\\/\\\/voxsahel.com\\\/?p=2191\"},\"wordCount\":739,\"commentCount\":0,\"publisher\":{\"@id\":\"https:\\\/\\\/voxsahel.com\\\/#organization\"},\"image\":{\"@id\":\"https:\\\/\\\/voxsahel.com\\\/?p=2191#primaryimage\"},\"thumbnailUrl\":\"https:\\\/\\\/voxsahel.com\\\/wp-content\\\/uploads\\\/2025\\\/06\\\/9b5557b8-233b-44d4-a959-43b8758f9e45.jpeg\",\"keywords\":[\"Affaire Champy\",\"Burkina Faso\",\"\u00c9glise catholique\",\"Group Champy International\",\"Monseigneur Joachim Herm\u00e9n\u00e9gilde Ou\u00e9draogo\",\"Religion\"],\"articleSection\":[\"SOCIETE\"],\"inLanguage\":\"fr-FR\",\"potentialAction\":[{\"@type\":\"CommentAction\",\"name\":\"Comment\",\"target\":[\"https:\\\/\\\/voxsahel.com\\\/?p=2191#respond\"]}]},{\"@type\":\"WebPage\",\"@id\":\"https:\\\/\\\/voxsahel.com\\\/?p=2191\",\"url\":\"https:\\\/\\\/voxsahel.com\\\/?p=2191\",\"name\":\"Affaire d\u2019escroquerie : L\u2019\u00e9v\u00eaque de Koudougou reconna\u00eet ses responsabilit\u00e9s et implore le pardon - Vox Sahel\",\"isPartOf\":{\"@id\":\"https:\\\/\\\/voxsahel.com\\\/#website\"},\"primaryImageOfPage\":{\"@id\":\"https:\\\/\\\/voxsahel.com\\\/?p=2191#primaryimage\"},\"image\":{\"@id\":\"https:\\\/\\\/voxsahel.com\\\/?p=2191#primaryimage\"},\"thumbnailUrl\":\"https:\\\/\\\/voxsahel.com\\\/wp-content\\\/uploads\\\/2025\\\/06\\\/9b5557b8-233b-44d4-a959-43b8758f9e45.jpeg\",\"datePublished\":\"2025-06-24T09:45:08+00:00\",\"dateModified\":\"2025-06-24T09:46:33+00:00\",\"breadcrumb\":{\"@id\":\"https:\\\/\\\/voxsahel.com\\\/?p=2191#breadcrumb\"},\"inLanguage\":\"fr-FR\",\"potentialAction\":[{\"@type\":\"ReadAction\",\"target\":[\"https:\\\/\\\/voxsahel.com\\\/?p=2191\"]}]},{\"@type\":\"ImageObject\",\"inLanguage\":\"fr-FR\",\"@id\":\"https:\\\/\\\/voxsahel.com\\\/?p=2191#primaryimage\",\"url\":\"https:\\\/\\\/voxsahel.com\\\/wp-content\\\/uploads\\\/2025\\\/06\\\/9b5557b8-233b-44d4-a959-43b8758f9e45.jpeg\",\"contentUrl\":\"https:\\\/\\\/voxsahel.com\\\/wp-content\\\/uploads\\\/2025\\\/06\\\/9b5557b8-233b-44d4-a959-43b8758f9e45.jpeg\",\"width\":484,\"height\":322},{\"@type\":\"BreadcrumbList\",\"@id\":\"https:\\\/\\\/voxsahel.com\\\/?p=2191#breadcrumb\",\"itemListElement\":[{\"@type\":\"ListItem\",\"position\":1,\"name\":\"Home\",\"item\":\"https:\\\/\\\/voxsahel.com\\\/\"},{\"@type\":\"ListItem\",\"position\":2,\"name\":\"Affaire d\u2019escroquerie : L\u2019\u00e9v\u00eaque de Koudougou reconna\u00eet ses responsabilit\u00e9s et implore le pardon\"}]},{\"@type\":\"WebSite\",\"@id\":\"https:\\\/\\\/voxsahel.com\\\/#website\",\"url\":\"https:\\\/\\\/voxsahel.com\\\/\",\"name\":\"Vox Sahel\",\"description\":\"Informez-vous sur le Sahel en un clic\",\"publisher\":{\"@id\":\"https:\\\/\\\/voxsahel.com\\\/#organization\"},\"potentialAction\":[{\"@type\":\"SearchAction\",\"target\":{\"@type\":\"EntryPoint\",\"urlTemplate\":\"https:\\\/\\\/voxsahel.com\\\/?s={search_term_string}\"},\"query-input\":{\"@type\":\"PropertyValueSpecification\",\"valueRequired\":true,\"valueName\":\"search_term_string\"}}],\"inLanguage\":\"fr-FR\"},{\"@type\":\"Organization\",\"@id\":\"https:\\\/\\\/voxsahel.com\\\/#organization\",\"name\":\"Vox Sahel\",\"url\":\"https:\\\/\\\/voxsahel.com\\\/\",\"logo\":{\"@type\":\"ImageObject\",\"inLanguage\":\"fr-FR\",\"@id\":\"https:\\\/\\\/voxsahel.com\\\/#\\\/schema\\\/logo\\\/image\\\/\",\"url\":\"https:\\\/\\\/voxsahel.com\\\/wp-content\\\/uploads\\\/2024\\\/09\\\/Logo-Vox-Sahel.jpg\",\"contentUrl\":\"https:\\\/\\\/voxsahel.com\\\/wp-content\\\/uploads\\\/2024\\\/09\\\/Logo-Vox-Sahel.jpg\",\"width\":1181,\"height\":848,\"caption\":\"Vox Sahel\"},\"image\":{\"@id\":\"https:\\\/\\\/voxsahel.com\\\/#\\\/schema\\\/logo\\\/image\\\/\"},\"sameAs\":[\"https:\\\/\\\/www.facebook.com\\\/journal.voxsahel\"]},{\"@type\":\"Person\",\"@id\":\"https:\\\/\\\/voxsahel.com\\\/#\\\/schema\\\/person\\\/b4043608248f8fa227cd760e7ff1e19e\",\"name\":\"Vox Sahel\",\"image\":{\"@type\":\"ImageObject\",\"inLanguage\":\"fr-FR\",\"@id\":\"https:\\\/\\\/secure.gravatar.com\\\/avatar\\\/f70e7fa0cb9b29d4a7c5788d6eb2e9ab4d3135cbae1c9161810fdf77a8964699?s=96&d=mm&r=g\",\"url\":\"https:\\\/\\\/secure.gravatar.com\\\/avatar\\\/f70e7fa0cb9b29d4a7c5788d6eb2e9ab4d3135cbae1c9161810fdf77a8964699?s=96&d=mm&r=g\",\"contentUrl\":\"https:\\\/\\\/secure.gravatar.com\\\/avatar\\\/f70e7fa0cb9b29d4a7c5788d6eb2e9ab4d3135cbae1c9161810fdf77a8964699?s=96&d=mm&r=g\",\"caption\":\"Vox Sahel\"},\"sameAs\":[\"http:\\\/\\\/www.voxsahel.com\"],\"url\":\"https:\\\/\\\/voxsahel.com\\\/?author=2\"}]}<\/script>\n<!-- \/ Yoast SEO plugin. -->","yoast_head_json":{"title":"Affaire d\u2019escroquerie : L\u2019\u00e9v\u00eaque de Koudougou reconna\u00eet ses responsabilit\u00e9s et implore le pardon - Vox Sahel","robots":{"index":"index","follow":"follow","max-snippet":"max-snippet:-1","max-image-preview":"max-image-preview:large","max-video-preview":"max-video-preview:-1"},"canonical":"https:\/\/voxsahel.com\/?p=2191","og_locale":"fr_FR","og_type":"article","og_title":"Affaire d\u2019escroquerie : L\u2019\u00e9v\u00eaque de Koudougou reconna\u00eet ses responsabilit\u00e9s et implore le pardon - Vox Sahel","og_description":"Mis en cause dans une affaire d\u2019escroquerie en bande organis\u00e9e et de blanchiment de capitaux","og_url":"https:\/\/voxsahel.com\/?p=2191","og_site_name":"Vox Sahel","article_publisher":"https:\/\/www.facebook.com\/journal.voxsahel","article_published_time":"2025-06-24T09:45:08+00:00","article_modified_time":"2025-06-24T09:46:33+00:00","og_image":[{"width":484,"height":322,"url":"https:\/\/voxsahel.com\/wp-content\/uploads\/2025\/06\/9b5557b8-233b-44d4-a959-43b8758f9e45.jpeg","type":"image\/jpeg"}],"author":"Vox Sahel","twitter_card":"summary_large_image","twitter_misc":{"\u00c9crit par":"Vox Sahel","Dur\u00e9e de lecture estim\u00e9e":"4 minutes"},"schema":{"@context":"https:\/\/schema.org","@graph":[{"@type":"Article","@id":"https:\/\/voxsahel.com\/?p=2191#article","isPartOf":{"@id":"https:\/\/voxsahel.com\/?p=2191"},"author":{"name":"Vox Sahel","@id":"https:\/\/voxsahel.com\/#\/schema\/person\/b4043608248f8fa227cd760e7ff1e19e"},"headline":"Affaire d\u2019escroquerie : L\u2019\u00e9v\u00eaque de Koudougou reconna\u00eet ses responsabilit\u00e9s et implore le pardon","datePublished":"2025-06-24T09:45:08+00:00","dateModified":"2025-06-24T09:46:33+00:00","mainEntityOfPage":{"@id":"https:\/\/voxsahel.com\/?p=2191"},"wordCount":739,"commentCount":0,"publisher":{"@id":"https:\/\/voxsahel.com\/#organization"},"image":{"@id":"https:\/\/voxsahel.com\/?p=2191#primaryimage"},"thumbnailUrl":"https:\/\/voxsahel.com\/wp-content\/uploads\/2025\/06\/9b5557b8-233b-44d4-a959-43b8758f9e45.jpeg","keywords":["Affaire Champy","Burkina Faso","\u00c9glise catholique","Group Champy International","Monseigneur Joachim Herm\u00e9n\u00e9gilde Ou\u00e9draogo","Religion"],"articleSection":["SOCIETE"],"inLanguage":"fr-FR","potentialAction":[{"@type":"CommentAction","name":"Comment","target":["https:\/\/voxsahel.com\/?p=2191#respond"]}]},{"@type":"WebPage","@id":"https:\/\/voxsahel.com\/?p=2191","url":"https:\/\/voxsahel.com\/?p=2191","name":"Affaire d\u2019escroquerie : L\u2019\u00e9v\u00eaque de Koudougou reconna\u00eet ses responsabilit\u00e9s et implore le pardon - Vox Sahel","isPartOf":{"@id":"https:\/\/voxsahel.com\/#website"},"primaryImageOfPage":{"@id":"https:\/\/voxsahel.com\/?p=2191#primaryimage"},"image":{"@id":"https:\/\/voxsahel.com\/?p=2191#primaryimage"},"thumbnailUrl":"https:\/\/voxsahel.com\/wp-content\/uploads\/2025\/06\/9b5557b8-233b-44d4-a959-43b8758f9e45.jpeg","datePublished":"2025-06-24T09:45:08+00:00","dateModified":"2025-06-24T09:46:33+00:00","breadcrumb":{"@id":"https:\/\/voxsahel.com\/?p=2191#breadcrumb"},"inLanguage":"fr-FR","potentialAction":[{"@type":"ReadAction","target":["https:\/\/voxsahel.com\/?p=2191"]}]},{"@type":"ImageObject","inLanguage":"fr-FR","@id":"https:\/\/voxsahel.com\/?p=2191#primaryimage","url":"https:\/\/voxsahel.com\/wp-content\/uploads\/2025\/06\/9b5557b8-233b-44d4-a959-43b8758f9e45.jpeg","contentUrl":"https:\/\/voxsahel.com\/wp-content\/uploads\/2025\/06\/9b5557b8-233b-44d4-a959-43b8758f9e45.jpeg","width":484,"height":322},{"@type":"BreadcrumbList","@id":"https:\/\/voxsahel.com\/?p=2191#breadcrumb","itemListElement":[{"@type":"ListItem","position":1,"name":"Home","item":"https:\/\/voxsahel.com\/"},{"@type":"ListItem","position":2,"name":"Affaire d\u2019escroquerie : L\u2019\u00e9v\u00eaque de Koudougou reconna\u00eet ses responsabilit\u00e9s et implore le pardon"}]},{"@type":"WebSite","@id":"https:\/\/voxsahel.com\/#website","url":"https:\/\/voxsahel.com\/","name":"Vox Sahel","description":"Informez-vous sur le Sahel en un clic","publisher":{"@id":"https:\/\/voxsahel.com\/#organization"},"potentialAction":[{"@type":"SearchAction","target":{"@type":"EntryPoint","urlTemplate":"https:\/\/voxsahel.com\/?s={search_term_string}"},"query-input":{"@type":"PropertyValueSpecification","valueRequired":true,"valueName":"search_term_string"}}],"inLanguage":"fr-FR"},{"@type":"Organization","@id":"https:\/\/voxsahel.com\/#organization","name":"Vox Sahel","url":"https:\/\/voxsahel.com\/","logo":{"@type":"ImageObject","inLanguage":"fr-FR","@id":"https:\/\/voxsahel.com\/#\/schema\/logo\/image\/","url":"https:\/\/voxsahel.com\/wp-content\/uploads\/2024\/09\/Logo-Vox-Sahel.jpg","contentUrl":"https:\/\/voxsahel.com\/wp-content\/uploads\/2024\/09\/Logo-Vox-Sahel.jpg","width":1181,"height":848,"caption":"Vox Sahel"},"image":{"@id":"https:\/\/voxsahel.com\/#\/schema\/logo\/image\/"},"sameAs":["https:\/\/www.facebook.com\/journal.voxsahel"]},{"@type":"Person","@id":"https:\/\/voxsahel.com\/#\/schema\/person\/b4043608248f8fa227cd760e7ff1e19e","name":"Vox Sahel","image":{"@type":"ImageObject","inLanguage":"fr-FR","@id":"https:\/\/secure.gravatar.com\/avatar\/f70e7fa0cb9b29d4a7c5788d6eb2e9ab4d3135cbae1c9161810fdf77a8964699?s=96&d=mm&r=g","url":"https:\/\/secure.gravatar.com\/avatar\/f70e7fa0cb9b29d4a7c5788d6eb2e9ab4d3135cbae1c9161810fdf77a8964699?s=96&d=mm&r=g","contentUrl":"https:\/\/secure.gravatar.com\/avatar\/f70e7fa0cb9b29d4a7c5788d6eb2e9ab4d3135cbae1c9161810fdf77a8964699?s=96&d=mm&r=g","caption":"Vox Sahel"},"sameAs":["http:\/\/www.voxsahel.com"],"url":"https:\/\/voxsahel.com\/?author=2"}]}},"_links":{"self":[{"href":"https:\/\/voxsahel.com\/index.php?rest_route=\/wp\/v2\/posts\/2191","targetHints":{"allow":["GET"]}}],"collection":[{"href":"https:\/\/voxsahel.com\/index.php?rest_route=\/wp\/v2\/posts"}],"about":[{"href":"https:\/\/voxsahel.com\/index.php?rest_route=\/wp\/v2\/types\/post"}],"author":[{"embeddable":true,"href":"https:\/\/voxsahel.com\/index.php?rest_route=\/wp\/v2\/users\/2"}],"replies":[{"embeddable":true,"href":"https:\/\/voxsahel.com\/index.php?rest_route=%2Fwp%2Fv2%2Fcomments&post=2191"}],"version-history":[{"count":1,"href":"https:\/\/voxsahel.com\/index.php?rest_route=\/wp\/v2\/posts\/2191\/revisions"}],"predecessor-version":[{"id":2193,"href":"https:\/\/voxsahel.com\/index.php?rest_route=\/wp\/v2\/posts\/2191\/revisions\/2193"}],"wp:featuredmedia":[{"embeddable":true,"href":"https:\/\/voxsahel.com\/index.php?rest_route=\/wp\/v2\/media\/2192"}],"wp:attachment":[{"href":"https:\/\/voxsahel.com\/index.php?rest_route=%2Fwp%2Fv2%2Fmedia&parent=2191"}],"wp:term":[{"taxonomy":"category","embeddable":true,"href":"https:\/\/voxsahel.com\/index.php?rest_route=%2Fwp%2Fv2%2Fcategories&post=2191"},{"taxonomy":"post_tag","embeddable":true,"href":"https:\/\/voxsahel.com\/index.php?rest_route=%2Fwp%2Fv2%2Ftags&post=2191"}],"curies":[{"name":"wp","href":"https:\/\/api.w.org\/{rel}","templated":true}]}}