{"id":2182,"date":"2025-06-22T13:31:08","date_gmt":"2025-06-22T13:31:08","guid":{"rendered":"https:\/\/voxsahel.com\/?p=2182"},"modified":"2025-06-22T13:31:08","modified_gmt":"2025-06-22T13:31:08","slug":"initiative-presidentielle-faso-mebo-jam-burkina-apporte-2-tonnes-de-ciment-et-10-packs-deau","status":"publish","type":"post","link":"https:\/\/voxsahel.com\/?p=2182","title":{"rendered":"Initiative pr\u00e9sidentielle Faso M\u00eabo: JAM Burkina apporte 2 tonnes de ciment et 10 packs d\u2019eau"},"content":{"rendered":"<p class=\"p1\">Le 20 juin dernier, l\u2019association JAM Burkina, pr\u00e9sid\u00e9e par A\u00efssata Ilboudo\/Ciss\u00e9, a marqu\u00e9 son engagement en faveur du d\u00e9veloppement du Burkina Faso en remettant officiellement deux tonnes de ciment et dix packs d\u2019eau dans le cadre de l\u2019initiative pr\u00e9sidentielle Faso M\u00eabo. La c\u00e9r\u00e9monie de remise s\u2019est tenue sur le site du projet, en pr\u00e9sence de plusieurs membres de la communaut\u00e9 et des acteurs impliqu\u00e9s.<\/p>\n<figure id=\"attachment_2184\" aria-describedby=\"caption-attachment-2184\" style=\"width: 485px\" class=\"wp-caption aligncenter\"><img loading=\"lazy\" decoding=\"async\" class=\"size-full wp-image-2184\" src=\"https:\/\/voxsahel.com\/wp-content\/uploads\/2025\/06\/085882db-79d2-4ead-b6ef-e808441c8b1b-1.jpeg\" alt=\"Le don fait \u00e0 Faso M\u00eabo\" width=\"485\" height=\"433\" srcset=\"https:\/\/voxsahel.com\/wp-content\/uploads\/2025\/06\/085882db-79d2-4ead-b6ef-e808441c8b1b-1.jpeg 485w, https:\/\/voxsahel.com\/wp-content\/uploads\/2025\/06\/085882db-79d2-4ead-b6ef-e808441c8b1b-1-300x268.jpeg 300w\" sizes=\"(max-width: 485px) 100vw, 485px\" \/><figcaption id=\"caption-attachment-2184\" class=\"wp-caption-text\">Le don fait \u00e0 Faso M\u00eabo<\/figcaption><\/figure>\n<p class=\"p1\"><span class=\"s1\">\u00a0<\/span><span class=\"s1\">Lanc\u00e9e par le pr\u00e9sident du Faso, Faso M\u00eabo est une initiative ambitieuse qui vise \u00e0 d\u00e9senclaver les zones urbaines et \u00e0 am\u00e9liorer le cadre de vie des populations \u00e0 travers l\u2019am\u00e9nagement de rues pav\u00e9es. L\u2019objectif est clair : lutter contre la poussi\u00e8re, faciliter l\u2019acc\u00e8s aux quartiers et promouvoir une urbanisation plus moderne et inclusive. \u00ab <\/span><span class=\"s2\">Il n\u2019y a pas de petite contribution<\/span><span class=\"s1\"> \u00bb, a insist\u00e9 A\u00efssata Ilboudo\/Ciss\u00e9 lors de son discours.<\/span><\/p>\n<p class=\"p1\"><span class=\"s1\">\u00ab <\/span><span class=\"s2\">M\u00eame un quart de sac de ciment peut faire avancer le projet. Nous avons vu des personnes \u00e2g\u00e9es venir avec ce qu\u2019elles pouvaient, c\u2019est cet esprit de solidarit\u00e9 qui doit nous guider. <\/span><span class=\"s1\">\u00bb, a-t-elle rench\u00e9ri.<\/span><\/p>\n<figure id=\"attachment_2185\" aria-describedby=\"caption-attachment-2185\" style=\"width: 960px\" class=\"wp-caption aligncenter\"><img loading=\"lazy\" decoding=\"async\" class=\"wp-image-2185 size-full\" src=\"https:\/\/voxsahel.com\/wp-content\/uploads\/2025\/06\/40f64fad-d983-4efd-9ac6-8deaf4a93645.jpeg\" alt=\"A\u00efssata Ilboudo\/Ciss\u00e9, pr\u00e9sidente de JAM Burkina a appel\u00e9 les Burkinab\u00e8 \u00e0 se mobiliser derri\u00e8re l\u2019initiative\" width=\"960\" height=\"540\" srcset=\"https:\/\/voxsahel.com\/wp-content\/uploads\/2025\/06\/40f64fad-d983-4efd-9ac6-8deaf4a93645.jpeg 960w, https:\/\/voxsahel.com\/wp-content\/uploads\/2025\/06\/40f64fad-d983-4efd-9ac6-8deaf4a93645-300x169.jpeg 300w, https:\/\/voxsahel.com\/wp-content\/uploads\/2025\/06\/40f64fad-d983-4efd-9ac6-8deaf4a93645-768x432.jpeg 768w, https:\/\/voxsahel.com\/wp-content\/uploads\/2025\/06\/40f64fad-d983-4efd-9ac6-8deaf4a93645-610x343.jpeg 610w, https:\/\/voxsahel.com\/wp-content\/uploads\/2025\/06\/40f64fad-d983-4efd-9ac6-8deaf4a93645-800x450.jpeg 800w\" sizes=\"(max-width: 960px) 100vw, 960px\" \/><figcaption id=\"caption-attachment-2185\" class=\"wp-caption-text\"><strong>A\u00efssata Ilboudo\/Ciss\u00e9, pr\u00e9sidente de JAM Burkina a appel\u00e9 les Burkinab\u00e8 \u00e0 se mobiliser derri\u00e8re l\u2019initiative<\/strong><\/figcaption><\/figure>\n<p class=\"p1\"><span class=\"s1\">En lan\u00e7ant un appel \u00e0 tous les Burkinab\u00e8, qu\u2019ils soient membres d\u2019associations ou simples citoyens, la pr\u00e9sidente de JAM Burkina a encourag\u00e9 chacun \u00e0 apporter sa contribution, qu\u2019il s\u2019agisse de ciment, d\u2019outils ou de main-d&rsquo;\u0153uvre. Ce don symbolique s\u2019inscrit dans une dynamique plus large de mobilisation citoyenne autour de Faso M\u00eabo, une initiative qui se veut participative et durable.<\/span><\/p>\n<p class=\"p1\"><span class=\"s1\"> Pour JAM Burkina, il s\u2019agit avant tout de poser un acte concret en faveur de l\u2019int\u00e9r\u00eat g\u00e9n\u00e9ral, et de montrer que le d\u00e9veloppement du pays passe aussi par l\u2019engagement de tous.<\/span><\/p>\n<p class=\"p1\" style=\"text-align: right;\"><strong><span class=\"s1\">Par Amir BAKO<\/span><\/strong><\/p>\n","protected":false},"excerpt":{"rendered":"<p>Le 20 juin dernier, l\u2019association JAM Burkina, pr\u00e9sid\u00e9e par A\u00efssata Ilboudo\/Ciss\u00e9, a marqu\u00e9 son engagement<\/p>\n","protected":false},"author":2,"featured_media":2183,"comment_status":"open","ping_status":"open","sticky":false,"template":"","format":"standard","meta":{"_et_pb_use_builder":"","_et_pb_old_content":"","_et_gb_content_width":"","footnotes":""},"categories":[5],"tags":[18,407],"class_list":["post-2182","post","type-post","status-publish","format-standard","has-post-thumbnail","hentry","category-societe","tag-burkina-faso","tag-transition"],"yoast_head":"<!-- This site is optimized with the Yoast SEO plugin v27.5 - https:\/\/yoast.com\/product\/yoast-seo-wordpress\/ -->\n<title>Initiative pr\u00e9sidentielle Faso M\u00eabo: JAM Burkina apporte 2 tonnes de ciment et 10 packs d\u2019eau - Vox Sahel<\/title>\n<meta name=\"robots\" content=\"index, follow, max-snippet:-1, max-image-preview:large, max-video-preview:-1\" \/>\n<link rel=\"canonical\" href=\"https:\/\/voxsahel.com\/?p=2182\" \/>\n<meta property=\"og:locale\" content=\"fr_FR\" \/>\n<meta property=\"og:type\" content=\"article\" \/>\n<meta property=\"og:title\" content=\"Initiative pr\u00e9sidentielle Faso M\u00eabo: JAM Burkina apporte 2 tonnes de ciment et 10 packs d\u2019eau - Vox Sahel\" \/>\n<meta property=\"og:description\" content=\"Le 20 juin dernier, l\u2019association JAM Burkina, pr\u00e9sid\u00e9e par A\u00efssata Ilboudo\/Ciss\u00e9, a marqu\u00e9 son engagement\" \/>\n<meta property=\"og:url\" content=\"https:\/\/voxsahel.com\/?p=2182\" \/>\n<meta property=\"og:site_name\" content=\"Vox Sahel\" \/>\n<meta property=\"article:publisher\" content=\"https:\/\/www.facebook.com\/journal.voxsahel\" \/>\n<meta property=\"article:published_time\" content=\"2025-06-22T13:31:08+00:00\" \/>\n<meta property=\"og:image\" content=\"https:\/\/voxsahel.com\/wp-content\/uploads\/2025\/06\/085882db-79d2-4ead-b6ef-e808441c8b1b.jpeg\" \/>\n\t<meta property=\"og:image:width\" content=\"1016\" \/>\n\t<meta property=\"og:image:height\" content=\"762\" \/>\n\t<meta property=\"og:image:type\" content=\"image\/jpeg\" \/>\n<meta name=\"author\" content=\"Vox Sahel\" \/>\n<meta name=\"twitter:card\" content=\"summary_large_image\" \/>\n<meta name=\"twitter:label1\" content=\"\u00c9crit par\" \/>\n\t<meta name=\"twitter:data1\" content=\"Vox Sahel\" \/>\n\t<meta name=\"twitter:label2\" content=\"Dur\u00e9e de lecture estim\u00e9e\" \/>\n\t<meta name=\"twitter:data2\" content=\"3 minutes\" \/>\n<script type=\"application\/ld+json\" class=\"yoast-schema-graph\">{\"@context\":\"https:\\\/\\\/schema.org\",\"@graph\":[{\"@type\":\"Article\",\"@id\":\"https:\\\/\\\/voxsahel.com\\\/?p=2182#article\",\"isPartOf\":{\"@id\":\"https:\\\/\\\/voxsahel.com\\\/?p=2182\"},\"author\":{\"name\":\"Vox Sahel\",\"@id\":\"https:\\\/\\\/voxsahel.com\\\/#\\\/schema\\\/person\\\/b4043608248f8fa227cd760e7ff1e19e\"},\"headline\":\"Initiative pr\u00e9sidentielle Faso M\u00eabo: JAM Burkina apporte 2 tonnes de ciment et 10 packs d\u2019eau\",\"datePublished\":\"2025-06-22T13:31:08+00:00\",\"mainEntityOfPage\":{\"@id\":\"https:\\\/\\\/voxsahel.com\\\/?p=2182\"},\"wordCount\":361,\"commentCount\":0,\"publisher\":{\"@id\":\"https:\\\/\\\/voxsahel.com\\\/#organization\"},\"image\":{\"@id\":\"https:\\\/\\\/voxsahel.com\\\/?p=2182#primaryimage\"},\"thumbnailUrl\":\"https:\\\/\\\/voxsahel.com\\\/wp-content\\\/uploads\\\/2025\\\/06\\\/085882db-79d2-4ead-b6ef-e808441c8b1b.jpeg\",\"keywords\":[\"Burkina Faso\",\"Transition\"],\"articleSection\":[\"SOCIETE\"],\"inLanguage\":\"fr-FR\",\"potentialAction\":[{\"@type\":\"CommentAction\",\"name\":\"Comment\",\"target\":[\"https:\\\/\\\/voxsahel.com\\\/?p=2182#respond\"]}]},{\"@type\":\"WebPage\",\"@id\":\"https:\\\/\\\/voxsahel.com\\\/?p=2182\",\"url\":\"https:\\\/\\\/voxsahel.com\\\/?p=2182\",\"name\":\"Initiative pr\u00e9sidentielle Faso M\u00eabo: JAM Burkina apporte 2 tonnes de ciment et 10 packs d\u2019eau - Vox Sahel\",\"isPartOf\":{\"@id\":\"https:\\\/\\\/voxsahel.com\\\/#website\"},\"primaryImageOfPage\":{\"@id\":\"https:\\\/\\\/voxsahel.com\\\/?p=2182#primaryimage\"},\"image\":{\"@id\":\"https:\\\/\\\/voxsahel.com\\\/?p=2182#primaryimage\"},\"thumbnailUrl\":\"https:\\\/\\\/voxsahel.com\\\/wp-content\\\/uploads\\\/2025\\\/06\\\/085882db-79d2-4ead-b6ef-e808441c8b1b.jpeg\",\"datePublished\":\"2025-06-22T13:31:08+00:00\",\"breadcrumb\":{\"@id\":\"https:\\\/\\\/voxsahel.com\\\/?p=2182#breadcrumb\"},\"inLanguage\":\"fr-FR\",\"potentialAction\":[{\"@type\":\"ReadAction\",\"target\":[\"https:\\\/\\\/voxsahel.com\\\/?p=2182\"]}]},{\"@type\":\"ImageObject\",\"inLanguage\":\"fr-FR\",\"@id\":\"https:\\\/\\\/voxsahel.com\\\/?p=2182#primaryimage\",\"url\":\"https:\\\/\\\/voxsahel.com\\\/wp-content\\\/uploads\\\/2025\\\/06\\\/085882db-79d2-4ead-b6ef-e808441c8b1b.jpeg\",\"contentUrl\":\"https:\\\/\\\/voxsahel.com\\\/wp-content\\\/uploads\\\/2025\\\/06\\\/085882db-79d2-4ead-b6ef-e808441c8b1b.jpeg\",\"width\":1016,\"height\":762},{\"@type\":\"BreadcrumbList\",\"@id\":\"https:\\\/\\\/voxsahel.com\\\/?p=2182#breadcrumb\",\"itemListElement\":[{\"@type\":\"ListItem\",\"position\":1,\"name\":\"Home\",\"item\":\"https:\\\/\\\/voxsahel.com\\\/\"},{\"@type\":\"ListItem\",\"position\":2,\"name\":\"Initiative pr\u00e9sidentielle Faso M\u00eabo: JAM Burkina apporte 2 tonnes de ciment et 10 packs d\u2019eau\"}]},{\"@type\":\"WebSite\",\"@id\":\"https:\\\/\\\/voxsahel.com\\\/#website\",\"url\":\"https:\\\/\\\/voxsahel.com\\\/\",\"name\":\"Vox Sahel\",\"description\":\"Informez-vous sur le Sahel en un clic\",\"publisher\":{\"@id\":\"https:\\\/\\\/voxsahel.com\\\/#organization\"},\"potentialAction\":[{\"@type\":\"SearchAction\",\"target\":{\"@type\":\"EntryPoint\",\"urlTemplate\":\"https:\\\/\\\/voxsahel.com\\\/?s={search_term_string}\"},\"query-input\":{\"@type\":\"PropertyValueSpecification\",\"valueRequired\":true,\"valueName\":\"search_term_string\"}}],\"inLanguage\":\"fr-FR\"},{\"@type\":\"Organization\",\"@id\":\"https:\\\/\\\/voxsahel.com\\\/#organization\",\"name\":\"Vox Sahel\",\"url\":\"https:\\\/\\\/voxsahel.com\\\/\",\"logo\":{\"@type\":\"ImageObject\",\"inLanguage\":\"fr-FR\",\"@id\":\"https:\\\/\\\/voxsahel.com\\\/#\\\/schema\\\/logo\\\/image\\\/\",\"url\":\"https:\\\/\\\/voxsahel.com\\\/wp-content\\\/uploads\\\/2024\\\/09\\\/Logo-Vox-Sahel.jpg\",\"contentUrl\":\"https:\\\/\\\/voxsahel.com\\\/wp-content\\\/uploads\\\/2024\\\/09\\\/Logo-Vox-Sahel.jpg\",\"width\":1181,\"height\":848,\"caption\":\"Vox Sahel\"},\"image\":{\"@id\":\"https:\\\/\\\/voxsahel.com\\\/#\\\/schema\\\/logo\\\/image\\\/\"},\"sameAs\":[\"https:\\\/\\\/www.facebook.com\\\/journal.voxsahel\"]},{\"@type\":\"Person\",\"@id\":\"https:\\\/\\\/voxsahel.com\\\/#\\\/schema\\\/person\\\/b4043608248f8fa227cd760e7ff1e19e\",\"name\":\"Vox Sahel\",\"image\":{\"@type\":\"ImageObject\",\"inLanguage\":\"fr-FR\",\"@id\":\"https:\\\/\\\/secure.gravatar.com\\\/avatar\\\/f70e7fa0cb9b29d4a7c5788d6eb2e9ab4d3135cbae1c9161810fdf77a8964699?s=96&d=mm&r=g\",\"url\":\"https:\\\/\\\/secure.gravatar.com\\\/avatar\\\/f70e7fa0cb9b29d4a7c5788d6eb2e9ab4d3135cbae1c9161810fdf77a8964699?s=96&d=mm&r=g\",\"contentUrl\":\"https:\\\/\\\/secure.gravatar.com\\\/avatar\\\/f70e7fa0cb9b29d4a7c5788d6eb2e9ab4d3135cbae1c9161810fdf77a8964699?s=96&d=mm&r=g\",\"caption\":\"Vox Sahel\"},\"sameAs\":[\"http:\\\/\\\/www.voxsahel.com\"],\"url\":\"https:\\\/\\\/voxsahel.com\\\/?author=2\"}]}<\/script>\n<!-- \/ Yoast SEO plugin. -->","yoast_head_json":{"title":"Initiative pr\u00e9sidentielle Faso M\u00eabo: JAM Burkina apporte 2 tonnes de ciment et 10 packs d\u2019eau - Vox Sahel","robots":{"index":"index","follow":"follow","max-snippet":"max-snippet:-1","max-image-preview":"max-image-preview:large","max-video-preview":"max-video-preview:-1"},"canonical":"https:\/\/voxsahel.com\/?p=2182","og_locale":"fr_FR","og_type":"article","og_title":"Initiative pr\u00e9sidentielle Faso M\u00eabo: JAM Burkina apporte 2 tonnes de ciment et 10 packs d\u2019eau - Vox Sahel","og_description":"Le 20 juin dernier, l\u2019association JAM Burkina, pr\u00e9sid\u00e9e par A\u00efssata Ilboudo\/Ciss\u00e9, a marqu\u00e9 son engagement","og_url":"https:\/\/voxsahel.com\/?p=2182","og_site_name":"Vox Sahel","article_publisher":"https:\/\/www.facebook.com\/journal.voxsahel","article_published_time":"2025-06-22T13:31:08+00:00","og_image":[{"width":1016,"height":762,"url":"https:\/\/voxsahel.com\/wp-content\/uploads\/2025\/06\/085882db-79d2-4ead-b6ef-e808441c8b1b.jpeg","type":"image\/jpeg"}],"author":"Vox Sahel","twitter_card":"summary_large_image","twitter_misc":{"\u00c9crit par":"Vox Sahel","Dur\u00e9e de lecture estim\u00e9e":"3 minutes"},"schema":{"@context":"https:\/\/schema.org","@graph":[{"@type":"Article","@id":"https:\/\/voxsahel.com\/?p=2182#article","isPartOf":{"@id":"https:\/\/voxsahel.com\/?p=2182"},"author":{"name":"Vox Sahel","@id":"https:\/\/voxsahel.com\/#\/schema\/person\/b4043608248f8fa227cd760e7ff1e19e"},"headline":"Initiative pr\u00e9sidentielle Faso M\u00eabo: JAM Burkina apporte 2 tonnes de ciment et 10 packs d\u2019eau","datePublished":"2025-06-22T13:31:08+00:00","mainEntityOfPage":{"@id":"https:\/\/voxsahel.com\/?p=2182"},"wordCount":361,"commentCount":0,"publisher":{"@id":"https:\/\/voxsahel.com\/#organization"},"image":{"@id":"https:\/\/voxsahel.com\/?p=2182#primaryimage"},"thumbnailUrl":"https:\/\/voxsahel.com\/wp-content\/uploads\/2025\/06\/085882db-79d2-4ead-b6ef-e808441c8b1b.jpeg","keywords":["Burkina Faso","Transition"],"articleSection":["SOCIETE"],"inLanguage":"fr-FR","potentialAction":[{"@type":"CommentAction","name":"Comment","target":["https:\/\/voxsahel.com\/?p=2182#respond"]}]},{"@type":"WebPage","@id":"https:\/\/voxsahel.com\/?p=2182","url":"https:\/\/voxsahel.com\/?p=2182","name":"Initiative pr\u00e9sidentielle Faso M\u00eabo: JAM Burkina apporte 2 tonnes de ciment et 10 packs d\u2019eau - Vox Sahel","isPartOf":{"@id":"https:\/\/voxsahel.com\/#website"},"primaryImageOfPage":{"@id":"https:\/\/voxsahel.com\/?p=2182#primaryimage"},"image":{"@id":"https:\/\/voxsahel.com\/?p=2182#primaryimage"},"thumbnailUrl":"https:\/\/voxsahel.com\/wp-content\/uploads\/2025\/06\/085882db-79d2-4ead-b6ef-e808441c8b1b.jpeg","datePublished":"2025-06-22T13:31:08+00:00","breadcrumb":{"@id":"https:\/\/voxsahel.com\/?p=2182#breadcrumb"},"inLanguage":"fr-FR","potentialAction":[{"@type":"ReadAction","target":["https:\/\/voxsahel.com\/?p=2182"]}]},{"@type":"ImageObject","inLanguage":"fr-FR","@id":"https:\/\/voxsahel.com\/?p=2182#primaryimage","url":"https:\/\/voxsahel.com\/wp-content\/uploads\/2025\/06\/085882db-79d2-4ead-b6ef-e808441c8b1b.jpeg","contentUrl":"https:\/\/voxsahel.com\/wp-content\/uploads\/2025\/06\/085882db-79d2-4ead-b6ef-e808441c8b1b.jpeg","width":1016,"height":762},{"@type":"BreadcrumbList","@id":"https:\/\/voxsahel.com\/?p=2182#breadcrumb","itemListElement":[{"@type":"ListItem","position":1,"name":"Home","item":"https:\/\/voxsahel.com\/"},{"@type":"ListItem","position":2,"name":"Initiative pr\u00e9sidentielle Faso M\u00eabo: JAM Burkina apporte 2 tonnes de ciment et 10 packs d\u2019eau"}]},{"@type":"WebSite","@id":"https:\/\/voxsahel.com\/#website","url":"https:\/\/voxsahel.com\/","name":"Vox Sahel","description":"Informez-vous sur le Sahel en un clic","publisher":{"@id":"https:\/\/voxsahel.com\/#organization"},"potentialAction":[{"@type":"SearchAction","target":{"@type":"EntryPoint","urlTemplate":"https:\/\/voxsahel.com\/?s={search_term_string}"},"query-input":{"@type":"PropertyValueSpecification","valueRequired":true,"valueName":"search_term_string"}}],"inLanguage":"fr-FR"},{"@type":"Organization","@id":"https:\/\/voxsahel.com\/#organization","name":"Vox Sahel","url":"https:\/\/voxsahel.com\/","logo":{"@type":"ImageObject","inLanguage":"fr-FR","@id":"https:\/\/voxsahel.com\/#\/schema\/logo\/image\/","url":"https:\/\/voxsahel.com\/wp-content\/uploads\/2024\/09\/Logo-Vox-Sahel.jpg","contentUrl":"https:\/\/voxsahel.com\/wp-content\/uploads\/2024\/09\/Logo-Vox-Sahel.jpg","width":1181,"height":848,"caption":"Vox Sahel"},"image":{"@id":"https:\/\/voxsahel.com\/#\/schema\/logo\/image\/"},"sameAs":["https:\/\/www.facebook.com\/journal.voxsahel"]},{"@type":"Person","@id":"https:\/\/voxsahel.com\/#\/schema\/person\/b4043608248f8fa227cd760e7ff1e19e","name":"Vox Sahel","image":{"@type":"ImageObject","inLanguage":"fr-FR","@id":"https:\/\/secure.gravatar.com\/avatar\/f70e7fa0cb9b29d4a7c5788d6eb2e9ab4d3135cbae1c9161810fdf77a8964699?s=96&d=mm&r=g","url":"https:\/\/secure.gravatar.com\/avatar\/f70e7fa0cb9b29d4a7c5788d6eb2e9ab4d3135cbae1c9161810fdf77a8964699?s=96&d=mm&r=g","contentUrl":"https:\/\/secure.gravatar.com\/avatar\/f70e7fa0cb9b29d4a7c5788d6eb2e9ab4d3135cbae1c9161810fdf77a8964699?s=96&d=mm&r=g","caption":"Vox Sahel"},"sameAs":["http:\/\/www.voxsahel.com"],"url":"https:\/\/voxsahel.com\/?author=2"}]}},"_links":{"self":[{"href":"https:\/\/voxsahel.com\/index.php?rest_route=\/wp\/v2\/posts\/2182","targetHints":{"allow":["GET"]}}],"collection":[{"href":"https:\/\/voxsahel.com\/index.php?rest_route=\/wp\/v2\/posts"}],"about":[{"href":"https:\/\/voxsahel.com\/index.php?rest_route=\/wp\/v2\/types\/post"}],"author":[{"embeddable":true,"href":"https:\/\/voxsahel.com\/index.php?rest_route=\/wp\/v2\/users\/2"}],"replies":[{"embeddable":true,"href":"https:\/\/voxsahel.com\/index.php?rest_route=%2Fwp%2Fv2%2Fcomments&post=2182"}],"version-history":[{"count":1,"href":"https:\/\/voxsahel.com\/index.php?rest_route=\/wp\/v2\/posts\/2182\/revisions"}],"predecessor-version":[{"id":2186,"href":"https:\/\/voxsahel.com\/index.php?rest_route=\/wp\/v2\/posts\/2182\/revisions\/2186"}],"wp:featuredmedia":[{"embeddable":true,"href":"https:\/\/voxsahel.com\/index.php?rest_route=\/wp\/v2\/media\/2183"}],"wp:attachment":[{"href":"https:\/\/voxsahel.com\/index.php?rest_route=%2Fwp%2Fv2%2Fmedia&parent=2182"}],"wp:term":[{"taxonomy":"category","embeddable":true,"href":"https:\/\/voxsahel.com\/index.php?rest_route=%2Fwp%2Fv2%2Fcategories&post=2182"},{"taxonomy":"post_tag","embeddable":true,"href":"https:\/\/voxsahel.com\/index.php?rest_route=%2Fwp%2Fv2%2Ftags&post=2182"}],"curies":[{"name":"wp","href":"https:\/\/api.w.org\/{rel}","templated":true}]}}