{"id":2170,"date":"2025-06-21T16:52:35","date_gmt":"2025-06-21T16:52:35","guid":{"rendered":"https:\/\/voxsahel.com\/?p=2170"},"modified":"2025-06-21T17:20:04","modified_gmt":"2025-06-21T17:20:04","slug":"2170","status":"publish","type":"post","link":"https:\/\/voxsahel.com\/?p=2170","title":{"rendered":"Mobilisation citoyenne autour de l\u2019initiative pr\u00e9sidentielle : L\u2019\u00e9conomie informelle au rendez-vous de Faso M\u00eabo"},"content":{"rendered":"<p class=\"s3\"><span class=\"s2\"><span class=\"bumpedFont15\">Dans un \u00e9lan de solidarit\u00e9 et d\u2019engagement patriotique, la coalition des associations de l\u2019\u00e9conomie informelle pour la paix et la coh\u00e9sion sociale au Burkina Faso a apport\u00e9 sa contribution \u00e0 l\u2019initiative pr\u00e9sidentielle Faso M\u00eabo. La c\u00e9r\u00e9monie de remise du don s\u2019est tenue le 18 juin 2025<\/span><\/span><span class=\"s2\"><span class=\"bumpedFont15\"> \u00e0 Ouagadougou.<\/span><\/span><\/p>\n<p class=\"s3\"><span class=\"s2\"><span class=\"bumpedFont15\">Cette mobilisation vise \u00e0 soutenir les travaux d\u2019int\u00e9r\u00eat g\u00e9n\u00e9ral, notamment le pavage des rues, initi\u00e9s dans le cadre de Faso M\u00eabo, une vision port\u00e9e par le Pr\u00e9sident du Faso, le Capitaine Ibrahim Traor\u00e9, pour l&rsquo;am\u00e9lioration du cadre de vie des Burkinab\u00e8.<\/span><\/span><\/p>\n<figure id=\"attachment_2173\" aria-describedby=\"caption-attachment-2173\" style=\"width: 640px\" class=\"wp-caption aligncenter\"><img loading=\"lazy\" decoding=\"async\" class=\"size-large wp-image-2173\" src=\"https:\/\/voxsahel.com\/wp-content\/uploads\/2025\/06\/e873a40b-a3fb-4e84-aac3-639e780fcd6b-1024x678.jpeg\" alt=\"Le mat\u00e9riel remis par la Coalition \" width=\"640\" height=\"424\" srcset=\"https:\/\/voxsahel.com\/wp-content\/uploads\/2025\/06\/e873a40b-a3fb-4e84-aac3-639e780fcd6b-1024x678.jpeg 1024w, https:\/\/voxsahel.com\/wp-content\/uploads\/2025\/06\/e873a40b-a3fb-4e84-aac3-639e780fcd6b-300x199.jpeg 300w, https:\/\/voxsahel.com\/wp-content\/uploads\/2025\/06\/e873a40b-a3fb-4e84-aac3-639e780fcd6b-768x509.jpeg 768w, https:\/\/voxsahel.com\/wp-content\/uploads\/2025\/06\/e873a40b-a3fb-4e84-aac3-639e780fcd6b-1080x715.jpeg 1080w, https:\/\/voxsahel.com\/wp-content\/uploads\/2025\/06\/e873a40b-a3fb-4e84-aac3-639e780fcd6b-610x404.jpeg 610w, https:\/\/voxsahel.com\/wp-content\/uploads\/2025\/06\/e873a40b-a3fb-4e84-aac3-639e780fcd6b.jpeg 1232w\" sizes=\"(max-width: 640px) 100vw, 640px\" \/><figcaption id=\"caption-attachment-2173\" class=\"wp-caption-text\">Le mat\u00e9riel remis par la Coalition<\/figcaption><\/figure>\n<p class=\"s3\"><span class=\"s2\"><span class=\"bumpedFont15\">A<\/span><\/span><span class=\"s2\"><span class=\"bumpedFont15\"> cette occasion, la coalition a offert un lot de mat\u00e9riel compos\u00e9 de 13 brouettes, 200 pelles et 50 tonnes de granite. Ce geste symbolique se veut une r\u00e9ponse concr\u00e8te \u00e0 l\u2019appel du Chef de l\u2019\u00c9tat, dans une dynamique de mobilisation populaire et de renforcement de la coh\u00e9sion nationale.<\/span><\/span><\/p>\n<p class=\"s3\"><span class=\"s2\"><span class=\"bumpedFont15\">\u00ab L\u2019objectif est de participer activement \u00e0 l\u2019initiative pr\u00e9sidentielle Faso M\u00eabo et de donner l\u2019exemple afin d\u2019encourager l\u2019adh\u00e9sion massive de la population \u00bb, a d\u00e9clar\u00e9 Boureima Tond\u00e9, porte-parole de la coalition. Il a salu\u00e9 la vision des plus hautes autorit\u00e9s, soulignant que malgr\u00e9 un contexte national difficile, des efforts notables sont consentis en mati\u00e8re de d\u00e9veloppement.<\/span><\/span><\/p>\n<figure id=\"attachment_2174\" aria-describedby=\"caption-attachment-2174\" style=\"width: 640px\" class=\"wp-caption aligncenter\"><img loading=\"lazy\" decoding=\"async\" class=\"size-large wp-image-2174\" src=\"https:\/\/voxsahel.com\/wp-content\/uploads\/2025\/06\/ada0dc0e-ff66-42ec-bf6e-1694ff72e5dc-1024x678.jpeg\" alt=\"Photo de famille \u00e0 l'issue de la c\u00e9r\u00e9monie \u00a0\" width=\"640\" height=\"424\" srcset=\"https:\/\/voxsahel.com\/wp-content\/uploads\/2025\/06\/ada0dc0e-ff66-42ec-bf6e-1694ff72e5dc-1024x678.jpeg 1024w, https:\/\/voxsahel.com\/wp-content\/uploads\/2025\/06\/ada0dc0e-ff66-42ec-bf6e-1694ff72e5dc-300x199.jpeg 300w, https:\/\/voxsahel.com\/wp-content\/uploads\/2025\/06\/ada0dc0e-ff66-42ec-bf6e-1694ff72e5dc-768x509.jpeg 768w, https:\/\/voxsahel.com\/wp-content\/uploads\/2025\/06\/ada0dc0e-ff66-42ec-bf6e-1694ff72e5dc-1080x715.jpeg 1080w, https:\/\/voxsahel.com\/wp-content\/uploads\/2025\/06\/ada0dc0e-ff66-42ec-bf6e-1694ff72e5dc-610x404.jpeg 610w, https:\/\/voxsahel.com\/wp-content\/uploads\/2025\/06\/ada0dc0e-ff66-42ec-bf6e-1694ff72e5dc.jpeg 1232w\" sizes=\"(max-width: 640px) 100vw, 640px\" \/><figcaption id=\"caption-attachment-2174\" class=\"wp-caption-text\">Photo de famille \u00e0 l&rsquo;issue de la c\u00e9r\u00e9monie<\/figcaption><\/figure>\n<p class=\"s3\"><span class=\"s2\"><span class=\"bumpedFont15\">Pr\u00e9sente dans les 13 r\u00e9gions, les 45 provinces et les communes rurales du Burkina Faso, la coalition des travailleurs de l\u2019\u00e9conomie informelle a renouvel\u00e9 son engagement \u00e0 accompagner le Chef de l\u2019\u00c9tat dans la mise en \u0153uvre de ses r\u00e9formes.<\/span><\/span><\/p>\n<p class=\"s3\"><span class=\"s2\"><span class=\"bumpedFont15\"> \u00c0 travers cet acte, elle invite l\u2019ensemble des citoyens \u00e0 s\u2019approprier cette initiative pr\u00e9sidentielle et \u00e0 contribuer, chacun \u00e0 son niveau, \u00e0 la construction d\u2019un Burkina Faso r\u00e9silient et prosp\u00e8re.<\/span><\/span><\/p>\n<p class=\"s3\" style=\"text-align: right;\"><strong><span class=\"s2\"><span class=\"bumpedFont15\">Par Amir BAKO<\/span><\/span><\/strong><\/p>\n","protected":false},"excerpt":{"rendered":"<p>Dans un \u00e9lan de solidarit\u00e9 et d\u2019engagement patriotique, la coalition des associations de l\u2019\u00e9conomie informelle<\/p>\n","protected":false},"author":2,"featured_media":2172,"comment_status":"open","ping_status":"open","sticky":false,"template":"","format":"standard","meta":{"_et_pb_use_builder":"","_et_pb_old_content":"","_et_gb_content_width":"","footnotes":""},"categories":[5],"tags":[],"class_list":["post-2170","post","type-post","status-publish","format-standard","has-post-thumbnail","hentry","category-societe"],"yoast_head":"<!-- This site is optimized with the Yoast SEO plugin v27.5 - https:\/\/yoast.com\/product\/yoast-seo-wordpress\/ -->\n<title>Mobilisation citoyenne autour de l\u2019initiative pr\u00e9sidentielle : L\u2019\u00e9conomie informelle au rendez-vous de Faso M\u00eabo - Vox Sahel<\/title>\n<meta name=\"robots\" content=\"index, follow, max-snippet:-1, max-image-preview:large, max-video-preview:-1\" \/>\n<link rel=\"canonical\" href=\"https:\/\/voxsahel.com\/?p=2170\" \/>\n<meta property=\"og:locale\" content=\"fr_FR\" \/>\n<meta property=\"og:type\" content=\"article\" \/>\n<meta property=\"og:title\" content=\"Mobilisation citoyenne autour de l\u2019initiative pr\u00e9sidentielle : L\u2019\u00e9conomie informelle au rendez-vous de Faso M\u00eabo - Vox Sahel\" \/>\n<meta property=\"og:description\" content=\"Dans un \u00e9lan de solidarit\u00e9 et d\u2019engagement patriotique, la coalition des associations de l\u2019\u00e9conomie informelle\" \/>\n<meta property=\"og:url\" content=\"https:\/\/voxsahel.com\/?p=2170\" \/>\n<meta property=\"og:site_name\" content=\"Vox Sahel\" \/>\n<meta property=\"article:publisher\" content=\"https:\/\/www.facebook.com\/journal.voxsahel\" \/>\n<meta property=\"article:published_time\" content=\"2025-06-21T16:52:35+00:00\" \/>\n<meta property=\"article:modified_time\" content=\"2025-06-21T17:20:04+00:00\" \/>\n<meta property=\"og:image\" content=\"https:\/\/voxsahel.com\/wp-content\/uploads\/2025\/06\/c8b5e88d-4b7e-44d6-b964-36473dd89131.jpeg\" \/>\n\t<meta property=\"og:image:width\" content=\"1232\" \/>\n\t<meta property=\"og:image:height\" content=\"816\" \/>\n\t<meta property=\"og:image:type\" content=\"image\/jpeg\" \/>\n<meta name=\"author\" content=\"Vox Sahel\" \/>\n<meta name=\"twitter:card\" content=\"summary_large_image\" \/>\n<meta name=\"twitter:label1\" content=\"\u00c9crit par\" \/>\n\t<meta name=\"twitter:data1\" content=\"Vox Sahel\" \/>\n\t<meta name=\"twitter:label2\" content=\"Dur\u00e9e de lecture estim\u00e9e\" \/>\n\t<meta name=\"twitter:data2\" content=\"3 minutes\" \/>\n<script type=\"application\/ld+json\" class=\"yoast-schema-graph\">{\"@context\":\"https:\\\/\\\/schema.org\",\"@graph\":[{\"@type\":\"Article\",\"@id\":\"https:\\\/\\\/voxsahel.com\\\/?p=2170#article\",\"isPartOf\":{\"@id\":\"https:\\\/\\\/voxsahel.com\\\/?p=2170\"},\"author\":{\"name\":\"Vox Sahel\",\"@id\":\"https:\\\/\\\/voxsahel.com\\\/#\\\/schema\\\/person\\\/b4043608248f8fa227cd760e7ff1e19e\"},\"headline\":\"Mobilisation citoyenne autour de l\u2019initiative pr\u00e9sidentielle : L\u2019\u00e9conomie informelle au rendez-vous de Faso M\u00eabo\",\"datePublished\":\"2025-06-21T16:52:35+00:00\",\"dateModified\":\"2025-06-21T17:20:04+00:00\",\"mainEntityOfPage\":{\"@id\":\"https:\\\/\\\/voxsahel.com\\\/?p=2170\"},\"wordCount\":344,\"commentCount\":0,\"publisher\":{\"@id\":\"https:\\\/\\\/voxsahel.com\\\/#organization\"},\"image\":{\"@id\":\"https:\\\/\\\/voxsahel.com\\\/?p=2170#primaryimage\"},\"thumbnailUrl\":\"https:\\\/\\\/voxsahel.com\\\/wp-content\\\/uploads\\\/2025\\\/06\\\/c8b5e88d-4b7e-44d6-b964-36473dd89131.jpeg\",\"articleSection\":[\"SOCIETE\"],\"inLanguage\":\"fr-FR\",\"potentialAction\":[{\"@type\":\"CommentAction\",\"name\":\"Comment\",\"target\":[\"https:\\\/\\\/voxsahel.com\\\/?p=2170#respond\"]}]},{\"@type\":\"WebPage\",\"@id\":\"https:\\\/\\\/voxsahel.com\\\/?p=2170\",\"url\":\"https:\\\/\\\/voxsahel.com\\\/?p=2170\",\"name\":\"Mobilisation citoyenne autour de l\u2019initiative pr\u00e9sidentielle : L\u2019\u00e9conomie informelle au rendez-vous de Faso M\u00eabo - Vox Sahel\",\"isPartOf\":{\"@id\":\"https:\\\/\\\/voxsahel.com\\\/#website\"},\"primaryImageOfPage\":{\"@id\":\"https:\\\/\\\/voxsahel.com\\\/?p=2170#primaryimage\"},\"image\":{\"@id\":\"https:\\\/\\\/voxsahel.com\\\/?p=2170#primaryimage\"},\"thumbnailUrl\":\"https:\\\/\\\/voxsahel.com\\\/wp-content\\\/uploads\\\/2025\\\/06\\\/c8b5e88d-4b7e-44d6-b964-36473dd89131.jpeg\",\"datePublished\":\"2025-06-21T16:52:35+00:00\",\"dateModified\":\"2025-06-21T17:20:04+00:00\",\"breadcrumb\":{\"@id\":\"https:\\\/\\\/voxsahel.com\\\/?p=2170#breadcrumb\"},\"inLanguage\":\"fr-FR\",\"potentialAction\":[{\"@type\":\"ReadAction\",\"target\":[\"https:\\\/\\\/voxsahel.com\\\/?p=2170\"]}]},{\"@type\":\"ImageObject\",\"inLanguage\":\"fr-FR\",\"@id\":\"https:\\\/\\\/voxsahel.com\\\/?p=2170#primaryimage\",\"url\":\"https:\\\/\\\/voxsahel.com\\\/wp-content\\\/uploads\\\/2025\\\/06\\\/c8b5e88d-4b7e-44d6-b964-36473dd89131.jpeg\",\"contentUrl\":\"https:\\\/\\\/voxsahel.com\\\/wp-content\\\/uploads\\\/2025\\\/06\\\/c8b5e88d-4b7e-44d6-b964-36473dd89131.jpeg\",\"width\":1232,\"height\":816},{\"@type\":\"BreadcrumbList\",\"@id\":\"https:\\\/\\\/voxsahel.com\\\/?p=2170#breadcrumb\",\"itemListElement\":[{\"@type\":\"ListItem\",\"position\":1,\"name\":\"Home\",\"item\":\"https:\\\/\\\/voxsahel.com\\\/\"},{\"@type\":\"ListItem\",\"position\":2,\"name\":\"Mobilisation citoyenne autour de l\u2019initiative pr\u00e9sidentielle : L\u2019\u00e9conomie informelle au rendez-vous de Faso M\u00eabo\"}]},{\"@type\":\"WebSite\",\"@id\":\"https:\\\/\\\/voxsahel.com\\\/#website\",\"url\":\"https:\\\/\\\/voxsahel.com\\\/\",\"name\":\"Vox Sahel\",\"description\":\"Informez-vous sur le Sahel en un clic\",\"publisher\":{\"@id\":\"https:\\\/\\\/voxsahel.com\\\/#organization\"},\"potentialAction\":[{\"@type\":\"SearchAction\",\"target\":{\"@type\":\"EntryPoint\",\"urlTemplate\":\"https:\\\/\\\/voxsahel.com\\\/?s={search_term_string}\"},\"query-input\":{\"@type\":\"PropertyValueSpecification\",\"valueRequired\":true,\"valueName\":\"search_term_string\"}}],\"inLanguage\":\"fr-FR\"},{\"@type\":\"Organization\",\"@id\":\"https:\\\/\\\/voxsahel.com\\\/#organization\",\"name\":\"Vox Sahel\",\"url\":\"https:\\\/\\\/voxsahel.com\\\/\",\"logo\":{\"@type\":\"ImageObject\",\"inLanguage\":\"fr-FR\",\"@id\":\"https:\\\/\\\/voxsahel.com\\\/#\\\/schema\\\/logo\\\/image\\\/\",\"url\":\"https:\\\/\\\/voxsahel.com\\\/wp-content\\\/uploads\\\/2024\\\/09\\\/Logo-Vox-Sahel.jpg\",\"contentUrl\":\"https:\\\/\\\/voxsahel.com\\\/wp-content\\\/uploads\\\/2024\\\/09\\\/Logo-Vox-Sahel.jpg\",\"width\":1181,\"height\":848,\"caption\":\"Vox Sahel\"},\"image\":{\"@id\":\"https:\\\/\\\/voxsahel.com\\\/#\\\/schema\\\/logo\\\/image\\\/\"},\"sameAs\":[\"https:\\\/\\\/www.facebook.com\\\/journal.voxsahel\"]},{\"@type\":\"Person\",\"@id\":\"https:\\\/\\\/voxsahel.com\\\/#\\\/schema\\\/person\\\/b4043608248f8fa227cd760e7ff1e19e\",\"name\":\"Vox Sahel\",\"image\":{\"@type\":\"ImageObject\",\"inLanguage\":\"fr-FR\",\"@id\":\"https:\\\/\\\/secure.gravatar.com\\\/avatar\\\/f70e7fa0cb9b29d4a7c5788d6eb2e9ab4d3135cbae1c9161810fdf77a8964699?s=96&d=mm&r=g\",\"url\":\"https:\\\/\\\/secure.gravatar.com\\\/avatar\\\/f70e7fa0cb9b29d4a7c5788d6eb2e9ab4d3135cbae1c9161810fdf77a8964699?s=96&d=mm&r=g\",\"contentUrl\":\"https:\\\/\\\/secure.gravatar.com\\\/avatar\\\/f70e7fa0cb9b29d4a7c5788d6eb2e9ab4d3135cbae1c9161810fdf77a8964699?s=96&d=mm&r=g\",\"caption\":\"Vox Sahel\"},\"sameAs\":[\"http:\\\/\\\/www.voxsahel.com\"],\"url\":\"https:\\\/\\\/voxsahel.com\\\/?author=2\"}]}<\/script>\n<!-- \/ Yoast SEO plugin. -->","yoast_head_json":{"title":"Mobilisation citoyenne autour de l\u2019initiative pr\u00e9sidentielle : L\u2019\u00e9conomie informelle au rendez-vous de Faso M\u00eabo - Vox Sahel","robots":{"index":"index","follow":"follow","max-snippet":"max-snippet:-1","max-image-preview":"max-image-preview:large","max-video-preview":"max-video-preview:-1"},"canonical":"https:\/\/voxsahel.com\/?p=2170","og_locale":"fr_FR","og_type":"article","og_title":"Mobilisation citoyenne autour de l\u2019initiative pr\u00e9sidentielle : L\u2019\u00e9conomie informelle au rendez-vous de Faso M\u00eabo - Vox Sahel","og_description":"Dans un \u00e9lan de solidarit\u00e9 et d\u2019engagement patriotique, la coalition des associations de l\u2019\u00e9conomie informelle","og_url":"https:\/\/voxsahel.com\/?p=2170","og_site_name":"Vox Sahel","article_publisher":"https:\/\/www.facebook.com\/journal.voxsahel","article_published_time":"2025-06-21T16:52:35+00:00","article_modified_time":"2025-06-21T17:20:04+00:00","og_image":[{"width":1232,"height":816,"url":"https:\/\/voxsahel.com\/wp-content\/uploads\/2025\/06\/c8b5e88d-4b7e-44d6-b964-36473dd89131.jpeg","type":"image\/jpeg"}],"author":"Vox Sahel","twitter_card":"summary_large_image","twitter_misc":{"\u00c9crit par":"Vox Sahel","Dur\u00e9e de lecture estim\u00e9e":"3 minutes"},"schema":{"@context":"https:\/\/schema.org","@graph":[{"@type":"Article","@id":"https:\/\/voxsahel.com\/?p=2170#article","isPartOf":{"@id":"https:\/\/voxsahel.com\/?p=2170"},"author":{"name":"Vox Sahel","@id":"https:\/\/voxsahel.com\/#\/schema\/person\/b4043608248f8fa227cd760e7ff1e19e"},"headline":"Mobilisation citoyenne autour de l\u2019initiative pr\u00e9sidentielle : L\u2019\u00e9conomie informelle au rendez-vous de Faso M\u00eabo","datePublished":"2025-06-21T16:52:35+00:00","dateModified":"2025-06-21T17:20:04+00:00","mainEntityOfPage":{"@id":"https:\/\/voxsahel.com\/?p=2170"},"wordCount":344,"commentCount":0,"publisher":{"@id":"https:\/\/voxsahel.com\/#organization"},"image":{"@id":"https:\/\/voxsahel.com\/?p=2170#primaryimage"},"thumbnailUrl":"https:\/\/voxsahel.com\/wp-content\/uploads\/2025\/06\/c8b5e88d-4b7e-44d6-b964-36473dd89131.jpeg","articleSection":["SOCIETE"],"inLanguage":"fr-FR","potentialAction":[{"@type":"CommentAction","name":"Comment","target":["https:\/\/voxsahel.com\/?p=2170#respond"]}]},{"@type":"WebPage","@id":"https:\/\/voxsahel.com\/?p=2170","url":"https:\/\/voxsahel.com\/?p=2170","name":"Mobilisation citoyenne autour de l\u2019initiative pr\u00e9sidentielle : L\u2019\u00e9conomie informelle au rendez-vous de Faso M\u00eabo - Vox Sahel","isPartOf":{"@id":"https:\/\/voxsahel.com\/#website"},"primaryImageOfPage":{"@id":"https:\/\/voxsahel.com\/?p=2170#primaryimage"},"image":{"@id":"https:\/\/voxsahel.com\/?p=2170#primaryimage"},"thumbnailUrl":"https:\/\/voxsahel.com\/wp-content\/uploads\/2025\/06\/c8b5e88d-4b7e-44d6-b964-36473dd89131.jpeg","datePublished":"2025-06-21T16:52:35+00:00","dateModified":"2025-06-21T17:20:04+00:00","breadcrumb":{"@id":"https:\/\/voxsahel.com\/?p=2170#breadcrumb"},"inLanguage":"fr-FR","potentialAction":[{"@type":"ReadAction","target":["https:\/\/voxsahel.com\/?p=2170"]}]},{"@type":"ImageObject","inLanguage":"fr-FR","@id":"https:\/\/voxsahel.com\/?p=2170#primaryimage","url":"https:\/\/voxsahel.com\/wp-content\/uploads\/2025\/06\/c8b5e88d-4b7e-44d6-b964-36473dd89131.jpeg","contentUrl":"https:\/\/voxsahel.com\/wp-content\/uploads\/2025\/06\/c8b5e88d-4b7e-44d6-b964-36473dd89131.jpeg","width":1232,"height":816},{"@type":"BreadcrumbList","@id":"https:\/\/voxsahel.com\/?p=2170#breadcrumb","itemListElement":[{"@type":"ListItem","position":1,"name":"Home","item":"https:\/\/voxsahel.com\/"},{"@type":"ListItem","position":2,"name":"Mobilisation citoyenne autour de l\u2019initiative pr\u00e9sidentielle : L\u2019\u00e9conomie informelle au rendez-vous de Faso M\u00eabo"}]},{"@type":"WebSite","@id":"https:\/\/voxsahel.com\/#website","url":"https:\/\/voxsahel.com\/","name":"Vox Sahel","description":"Informez-vous sur le Sahel en un clic","publisher":{"@id":"https:\/\/voxsahel.com\/#organization"},"potentialAction":[{"@type":"SearchAction","target":{"@type":"EntryPoint","urlTemplate":"https:\/\/voxsahel.com\/?s={search_term_string}"},"query-input":{"@type":"PropertyValueSpecification","valueRequired":true,"valueName":"search_term_string"}}],"inLanguage":"fr-FR"},{"@type":"Organization","@id":"https:\/\/voxsahel.com\/#organization","name":"Vox Sahel","url":"https:\/\/voxsahel.com\/","logo":{"@type":"ImageObject","inLanguage":"fr-FR","@id":"https:\/\/voxsahel.com\/#\/schema\/logo\/image\/","url":"https:\/\/voxsahel.com\/wp-content\/uploads\/2024\/09\/Logo-Vox-Sahel.jpg","contentUrl":"https:\/\/voxsahel.com\/wp-content\/uploads\/2024\/09\/Logo-Vox-Sahel.jpg","width":1181,"height":848,"caption":"Vox Sahel"},"image":{"@id":"https:\/\/voxsahel.com\/#\/schema\/logo\/image\/"},"sameAs":["https:\/\/www.facebook.com\/journal.voxsahel"]},{"@type":"Person","@id":"https:\/\/voxsahel.com\/#\/schema\/person\/b4043608248f8fa227cd760e7ff1e19e","name":"Vox Sahel","image":{"@type":"ImageObject","inLanguage":"fr-FR","@id":"https:\/\/secure.gravatar.com\/avatar\/f70e7fa0cb9b29d4a7c5788d6eb2e9ab4d3135cbae1c9161810fdf77a8964699?s=96&d=mm&r=g","url":"https:\/\/secure.gravatar.com\/avatar\/f70e7fa0cb9b29d4a7c5788d6eb2e9ab4d3135cbae1c9161810fdf77a8964699?s=96&d=mm&r=g","contentUrl":"https:\/\/secure.gravatar.com\/avatar\/f70e7fa0cb9b29d4a7c5788d6eb2e9ab4d3135cbae1c9161810fdf77a8964699?s=96&d=mm&r=g","caption":"Vox Sahel"},"sameAs":["http:\/\/www.voxsahel.com"],"url":"https:\/\/voxsahel.com\/?author=2"}]}},"_links":{"self":[{"href":"https:\/\/voxsahel.com\/index.php?rest_route=\/wp\/v2\/posts\/2170","targetHints":{"allow":["GET"]}}],"collection":[{"href":"https:\/\/voxsahel.com\/index.php?rest_route=\/wp\/v2\/posts"}],"about":[{"href":"https:\/\/voxsahel.com\/index.php?rest_route=\/wp\/v2\/types\/post"}],"author":[{"embeddable":true,"href":"https:\/\/voxsahel.com\/index.php?rest_route=\/wp\/v2\/users\/2"}],"replies":[{"embeddable":true,"href":"https:\/\/voxsahel.com\/index.php?rest_route=%2Fwp%2Fv2%2Fcomments&post=2170"}],"version-history":[{"count":3,"href":"https:\/\/voxsahel.com\/index.php?rest_route=\/wp\/v2\/posts\/2170\/revisions"}],"predecessor-version":[{"id":2177,"href":"https:\/\/voxsahel.com\/index.php?rest_route=\/wp\/v2\/posts\/2170\/revisions\/2177"}],"wp:featuredmedia":[{"embeddable":true,"href":"https:\/\/voxsahel.com\/index.php?rest_route=\/wp\/v2\/media\/2172"}],"wp:attachment":[{"href":"https:\/\/voxsahel.com\/index.php?rest_route=%2Fwp%2Fv2%2Fmedia&parent=2170"}],"wp:term":[{"taxonomy":"category","embeddable":true,"href":"https:\/\/voxsahel.com\/index.php?rest_route=%2Fwp%2Fv2%2Fcategories&post=2170"},{"taxonomy":"post_tag","embeddable":true,"href":"https:\/\/voxsahel.com\/index.php?rest_route=%2Fwp%2Fv2%2Ftags&post=2170"}],"curies":[{"name":"wp","href":"https:\/\/api.w.org\/{rel}","templated":true}]}}