{"id":2138,"date":"2025-06-16T13:02:01","date_gmt":"2025-06-16T13:02:01","guid":{"rendered":"https:\/\/voxsahel.com\/?p=2138"},"modified":"2025-06-16T13:02:01","modified_gmt":"2025-06-16T13:02:01","slug":"crise-entre-iran-et-israel-lheure-du-choix-la-paix-ou-le-chaos","status":"publish","type":"post","link":"https:\/\/voxsahel.com\/?p=2138","title":{"rendered":"Crise entre Iran et Isra\u00ebl : L\u2019heure du choix , la paix ou le chaos"},"content":{"rendered":"<p class=\"s2\">Au troisi\u00e8me jour d\u2019un conflit d\u2019une intensit\u00e9 in\u00e9dite entre l\u2019Iran et Isra\u00ebl, le monde retient son souffle. Les missiles pleuvent, les bilans s\u2019alourdissent, les populations civiles vivent dans la terreur \u00a0et la perspective d\u2019un embrasement r\u00e9gional, voire mondial, devient chaque heure un peu plus concr\u00e8te.<\/p>\n<p class=\"s2\">Face \u00e0 cette spirale meurtri\u00e8re, un choix s\u2019impose avec urgence : la d\u00e9sescalade, ou le chaos. Le conflit actuel ne se limite plus \u00e0 des \u00e9changes ponctuels entre deux puissances ennemies. Il s\u2019\u00e9tend, s\u2019approfondit, s\u2019internationalise. Des frappes touchent des zones dens\u00e9ment peupl\u00e9es, des scientifiques sont vis\u00e9s, des groupes r\u00e9gionaux s\u2019en m\u00ealent. Le ciel du Moyen-Orient est noirci par les drones et les missiles. Et les capitales du monde entier se r\u00e9veillent chaque matin dans la crainte d\u2019un point de non-retour.<\/p>\n<p class=\"s2\">L\u2019Histoire nous a trop souvent appris que les guerres d\u00e9butent dans la fureur mais ne se terminent que dans les larmes, et toujours au prix du sang des innocents. Ce cycle infernal peut encore \u00eatre bris\u00e9. La diplomatie n\u2019est pas morte, tant que des voix continuent de s\u2019\u00e9lever pour rappeler que la guerre n\u2019est jamais une fatalit\u00e9. Il revient aux puissances r\u00e9gionales et internationales de jouer leur r\u00f4le avec lucidit\u00e9 et responsabilit\u00e9.<\/p>\n<p class=\"s2\">Les Etats-Unis, l\u2019Europe, les Nations unies, les puissances du Golfe, la Turquie et d\u2019autres doivent faire pression, non pour prendre parti, mais pour imposer le silence des armes et ouvrir la voie au dialogue. Car ce qui est en jeu, ce n\u2019est pas seulement la s\u00e9curit\u00e9 d\u2019un pays ou d\u2019un autre : c\u2019est celle de toute une r\u00e9gion, et bien au-del\u00e0. Il est encore temps de stopper l\u2019engrenage. Il est encore temps de pr\u00e9f\u00e9rer les canaux diplomatiques aux tirs de missiles. Il est encore temps de sauver des vies. Mais ce temps est compt\u00e9.<\/p>\n<p class=\"s2\" style=\"text-align: right;\"><strong>La R\u00e9daction\u00a0<\/strong><\/p>\n","protected":false},"excerpt":{"rendered":"<p>Au troisi\u00e8me jour d\u2019un conflit d\u2019une intensit\u00e9 in\u00e9dite entre l\u2019Iran et Isra\u00ebl, le monde retient<\/p>\n","protected":false},"author":2,"featured_media":2139,"comment_status":"open","ping_status":"open","sticky":false,"template":"","format":"standard","meta":{"_et_pb_use_builder":"","_et_pb_old_content":"","_et_gb_content_width":"","footnotes":""},"categories":[15],"tags":[676,49,166,803,168,805,75,804],"class_list":["post-2138","post","type-post","status-publish","format-standard","has-post-thumbnail","hentry","category-international","tag-crise-securitaire","tag-geopolitique","tag-guerre-israelo-palestinienne","tag-iran","tag-israel","tag-moyen-orient","tag-politique","tag-proche-orient"],"yoast_head":"<!-- This site is optimized with the Yoast SEO plugin v27.5 - https:\/\/yoast.com\/product\/yoast-seo-wordpress\/ -->\n<title>Crise entre Iran et Isra\u00ebl : L\u2019heure du choix , la paix ou le chaos - Vox Sahel<\/title>\n<meta name=\"robots\" content=\"index, follow, max-snippet:-1, max-image-preview:large, max-video-preview:-1\" \/>\n<link rel=\"canonical\" href=\"https:\/\/voxsahel.com\/?p=2138\" \/>\n<meta property=\"og:locale\" content=\"fr_FR\" \/>\n<meta property=\"og:type\" content=\"article\" \/>\n<meta property=\"og:title\" content=\"Crise entre Iran et Isra\u00ebl : L\u2019heure du choix , la paix ou le chaos - Vox Sahel\" \/>\n<meta property=\"og:description\" content=\"Au troisi\u00e8me jour d\u2019un conflit d\u2019une intensit\u00e9 in\u00e9dite entre l\u2019Iran et Isra\u00ebl, le monde retient\" \/>\n<meta property=\"og:url\" content=\"https:\/\/voxsahel.com\/?p=2138\" \/>\n<meta property=\"og:site_name\" content=\"Vox Sahel\" \/>\n<meta property=\"article:publisher\" content=\"https:\/\/www.facebook.com\/journal.voxsahel\" \/>\n<meta property=\"article:published_time\" content=\"2025-06-16T13:02:01+00:00\" \/>\n<meta property=\"og:image\" content=\"https:\/\/voxsahel.com\/wp-content\/uploads\/2025\/06\/IMG_5592.jpeg\" \/>\n\t<meta property=\"og:image:width\" content=\"960\" \/>\n\t<meta property=\"og:image:height\" content=\"720\" \/>\n\t<meta property=\"og:image:type\" content=\"image\/jpeg\" \/>\n<meta name=\"author\" content=\"Vox Sahel\" \/>\n<meta name=\"twitter:card\" content=\"summary_large_image\" \/>\n<meta name=\"twitter:label1\" content=\"\u00c9crit par\" \/>\n\t<meta name=\"twitter:data1\" content=\"Vox Sahel\" \/>\n\t<meta name=\"twitter:label2\" content=\"Dur\u00e9e de lecture estim\u00e9e\" \/>\n\t<meta name=\"twitter:data2\" content=\"2 minutes\" \/>\n<script type=\"application\/ld+json\" class=\"yoast-schema-graph\">{\"@context\":\"https:\\\/\\\/schema.org\",\"@graph\":[{\"@type\":\"Article\",\"@id\":\"https:\\\/\\\/voxsahel.com\\\/?p=2138#article\",\"isPartOf\":{\"@id\":\"https:\\\/\\\/voxsahel.com\\\/?p=2138\"},\"author\":{\"name\":\"Vox Sahel\",\"@id\":\"https:\\\/\\\/voxsahel.com\\\/#\\\/schema\\\/person\\\/b4043608248f8fa227cd760e7ff1e19e\"},\"headline\":\"Crise entre Iran et Isra\u00ebl : L\u2019heure du choix , la paix ou le chaos\",\"datePublished\":\"2025-06-16T13:02:01+00:00\",\"mainEntityOfPage\":{\"@id\":\"https:\\\/\\\/voxsahel.com\\\/?p=2138\"},\"wordCount\":347,\"commentCount\":0,\"publisher\":{\"@id\":\"https:\\\/\\\/voxsahel.com\\\/#organization\"},\"image\":{\"@id\":\"https:\\\/\\\/voxsahel.com\\\/?p=2138#primaryimage\"},\"thumbnailUrl\":\"https:\\\/\\\/voxsahel.com\\\/wp-content\\\/uploads\\\/2025\\\/06\\\/IMG_5592.jpeg\",\"keywords\":[\"Crise s\u00e9curitaire\",\"G\u00e9opolitique\",\"Guerre Isra\u00eblo Palestinienne\",\"Iran\",\"Isra\u00ebl\",\"Moyen-Orient\",\"Politique\",\"Proche-orient\"],\"articleSection\":[\"INTERNATIONAL\"],\"inLanguage\":\"fr-FR\",\"potentialAction\":[{\"@type\":\"CommentAction\",\"name\":\"Comment\",\"target\":[\"https:\\\/\\\/voxsahel.com\\\/?p=2138#respond\"]}]},{\"@type\":\"WebPage\",\"@id\":\"https:\\\/\\\/voxsahel.com\\\/?p=2138\",\"url\":\"https:\\\/\\\/voxsahel.com\\\/?p=2138\",\"name\":\"Crise entre Iran et Isra\u00ebl : L\u2019heure du choix , la paix ou le chaos - Vox Sahel\",\"isPartOf\":{\"@id\":\"https:\\\/\\\/voxsahel.com\\\/#website\"},\"primaryImageOfPage\":{\"@id\":\"https:\\\/\\\/voxsahel.com\\\/?p=2138#primaryimage\"},\"image\":{\"@id\":\"https:\\\/\\\/voxsahel.com\\\/?p=2138#primaryimage\"},\"thumbnailUrl\":\"https:\\\/\\\/voxsahel.com\\\/wp-content\\\/uploads\\\/2025\\\/06\\\/IMG_5592.jpeg\",\"datePublished\":\"2025-06-16T13:02:01+00:00\",\"breadcrumb\":{\"@id\":\"https:\\\/\\\/voxsahel.com\\\/?p=2138#breadcrumb\"},\"inLanguage\":\"fr-FR\",\"potentialAction\":[{\"@type\":\"ReadAction\",\"target\":[\"https:\\\/\\\/voxsahel.com\\\/?p=2138\"]}]},{\"@type\":\"ImageObject\",\"inLanguage\":\"fr-FR\",\"@id\":\"https:\\\/\\\/voxsahel.com\\\/?p=2138#primaryimage\",\"url\":\"https:\\\/\\\/voxsahel.com\\\/wp-content\\\/uploads\\\/2025\\\/06\\\/IMG_5592.jpeg\",\"contentUrl\":\"https:\\\/\\\/voxsahel.com\\\/wp-content\\\/uploads\\\/2025\\\/06\\\/IMG_5592.jpeg\",\"width\":960,\"height\":720},{\"@type\":\"BreadcrumbList\",\"@id\":\"https:\\\/\\\/voxsahel.com\\\/?p=2138#breadcrumb\",\"itemListElement\":[{\"@type\":\"ListItem\",\"position\":1,\"name\":\"Home\",\"item\":\"https:\\\/\\\/voxsahel.com\\\/\"},{\"@type\":\"ListItem\",\"position\":2,\"name\":\"Crise entre Iran et Isra\u00ebl : L\u2019heure du choix , la paix ou le chaos\"}]},{\"@type\":\"WebSite\",\"@id\":\"https:\\\/\\\/voxsahel.com\\\/#website\",\"url\":\"https:\\\/\\\/voxsahel.com\\\/\",\"name\":\"Vox Sahel\",\"description\":\"Informez-vous sur le Sahel en un clic\",\"publisher\":{\"@id\":\"https:\\\/\\\/voxsahel.com\\\/#organization\"},\"potentialAction\":[{\"@type\":\"SearchAction\",\"target\":{\"@type\":\"EntryPoint\",\"urlTemplate\":\"https:\\\/\\\/voxsahel.com\\\/?s={search_term_string}\"},\"query-input\":{\"@type\":\"PropertyValueSpecification\",\"valueRequired\":true,\"valueName\":\"search_term_string\"}}],\"inLanguage\":\"fr-FR\"},{\"@type\":\"Organization\",\"@id\":\"https:\\\/\\\/voxsahel.com\\\/#organization\",\"name\":\"Vox Sahel\",\"url\":\"https:\\\/\\\/voxsahel.com\\\/\",\"logo\":{\"@type\":\"ImageObject\",\"inLanguage\":\"fr-FR\",\"@id\":\"https:\\\/\\\/voxsahel.com\\\/#\\\/schema\\\/logo\\\/image\\\/\",\"url\":\"https:\\\/\\\/voxsahel.com\\\/wp-content\\\/uploads\\\/2024\\\/09\\\/Logo-Vox-Sahel.jpg\",\"contentUrl\":\"https:\\\/\\\/voxsahel.com\\\/wp-content\\\/uploads\\\/2024\\\/09\\\/Logo-Vox-Sahel.jpg\",\"width\":1181,\"height\":848,\"caption\":\"Vox Sahel\"},\"image\":{\"@id\":\"https:\\\/\\\/voxsahel.com\\\/#\\\/schema\\\/logo\\\/image\\\/\"},\"sameAs\":[\"https:\\\/\\\/www.facebook.com\\\/journal.voxsahel\"]},{\"@type\":\"Person\",\"@id\":\"https:\\\/\\\/voxsahel.com\\\/#\\\/schema\\\/person\\\/b4043608248f8fa227cd760e7ff1e19e\",\"name\":\"Vox Sahel\",\"image\":{\"@type\":\"ImageObject\",\"inLanguage\":\"fr-FR\",\"@id\":\"https:\\\/\\\/secure.gravatar.com\\\/avatar\\\/f70e7fa0cb9b29d4a7c5788d6eb2e9ab4d3135cbae1c9161810fdf77a8964699?s=96&d=mm&r=g\",\"url\":\"https:\\\/\\\/secure.gravatar.com\\\/avatar\\\/f70e7fa0cb9b29d4a7c5788d6eb2e9ab4d3135cbae1c9161810fdf77a8964699?s=96&d=mm&r=g\",\"contentUrl\":\"https:\\\/\\\/secure.gravatar.com\\\/avatar\\\/f70e7fa0cb9b29d4a7c5788d6eb2e9ab4d3135cbae1c9161810fdf77a8964699?s=96&d=mm&r=g\",\"caption\":\"Vox Sahel\"},\"sameAs\":[\"http:\\\/\\\/www.voxsahel.com\"],\"url\":\"https:\\\/\\\/voxsahel.com\\\/?author=2\"}]}<\/script>\n<!-- \/ Yoast SEO plugin. -->","yoast_head_json":{"title":"Crise entre Iran et Isra\u00ebl : L\u2019heure du choix , la paix ou le chaos - Vox Sahel","robots":{"index":"index","follow":"follow","max-snippet":"max-snippet:-1","max-image-preview":"max-image-preview:large","max-video-preview":"max-video-preview:-1"},"canonical":"https:\/\/voxsahel.com\/?p=2138","og_locale":"fr_FR","og_type":"article","og_title":"Crise entre Iran et Isra\u00ebl : L\u2019heure du choix , la paix ou le chaos - Vox Sahel","og_description":"Au troisi\u00e8me jour d\u2019un conflit d\u2019une intensit\u00e9 in\u00e9dite entre l\u2019Iran et Isra\u00ebl, le monde retient","og_url":"https:\/\/voxsahel.com\/?p=2138","og_site_name":"Vox Sahel","article_publisher":"https:\/\/www.facebook.com\/journal.voxsahel","article_published_time":"2025-06-16T13:02:01+00:00","og_image":[{"width":960,"height":720,"url":"https:\/\/voxsahel.com\/wp-content\/uploads\/2025\/06\/IMG_5592.jpeg","type":"image\/jpeg"}],"author":"Vox Sahel","twitter_card":"summary_large_image","twitter_misc":{"\u00c9crit par":"Vox Sahel","Dur\u00e9e de lecture estim\u00e9e":"2 minutes"},"schema":{"@context":"https:\/\/schema.org","@graph":[{"@type":"Article","@id":"https:\/\/voxsahel.com\/?p=2138#article","isPartOf":{"@id":"https:\/\/voxsahel.com\/?p=2138"},"author":{"name":"Vox Sahel","@id":"https:\/\/voxsahel.com\/#\/schema\/person\/b4043608248f8fa227cd760e7ff1e19e"},"headline":"Crise entre Iran et Isra\u00ebl : L\u2019heure du choix , la paix ou le chaos","datePublished":"2025-06-16T13:02:01+00:00","mainEntityOfPage":{"@id":"https:\/\/voxsahel.com\/?p=2138"},"wordCount":347,"commentCount":0,"publisher":{"@id":"https:\/\/voxsahel.com\/#organization"},"image":{"@id":"https:\/\/voxsahel.com\/?p=2138#primaryimage"},"thumbnailUrl":"https:\/\/voxsahel.com\/wp-content\/uploads\/2025\/06\/IMG_5592.jpeg","keywords":["Crise s\u00e9curitaire","G\u00e9opolitique","Guerre Isra\u00eblo Palestinienne","Iran","Isra\u00ebl","Moyen-Orient","Politique","Proche-orient"],"articleSection":["INTERNATIONAL"],"inLanguage":"fr-FR","potentialAction":[{"@type":"CommentAction","name":"Comment","target":["https:\/\/voxsahel.com\/?p=2138#respond"]}]},{"@type":"WebPage","@id":"https:\/\/voxsahel.com\/?p=2138","url":"https:\/\/voxsahel.com\/?p=2138","name":"Crise entre Iran et Isra\u00ebl : L\u2019heure du choix , la paix ou le chaos - Vox Sahel","isPartOf":{"@id":"https:\/\/voxsahel.com\/#website"},"primaryImageOfPage":{"@id":"https:\/\/voxsahel.com\/?p=2138#primaryimage"},"image":{"@id":"https:\/\/voxsahel.com\/?p=2138#primaryimage"},"thumbnailUrl":"https:\/\/voxsahel.com\/wp-content\/uploads\/2025\/06\/IMG_5592.jpeg","datePublished":"2025-06-16T13:02:01+00:00","breadcrumb":{"@id":"https:\/\/voxsahel.com\/?p=2138#breadcrumb"},"inLanguage":"fr-FR","potentialAction":[{"@type":"ReadAction","target":["https:\/\/voxsahel.com\/?p=2138"]}]},{"@type":"ImageObject","inLanguage":"fr-FR","@id":"https:\/\/voxsahel.com\/?p=2138#primaryimage","url":"https:\/\/voxsahel.com\/wp-content\/uploads\/2025\/06\/IMG_5592.jpeg","contentUrl":"https:\/\/voxsahel.com\/wp-content\/uploads\/2025\/06\/IMG_5592.jpeg","width":960,"height":720},{"@type":"BreadcrumbList","@id":"https:\/\/voxsahel.com\/?p=2138#breadcrumb","itemListElement":[{"@type":"ListItem","position":1,"name":"Home","item":"https:\/\/voxsahel.com\/"},{"@type":"ListItem","position":2,"name":"Crise entre Iran et Isra\u00ebl : L\u2019heure du choix , la paix ou le chaos"}]},{"@type":"WebSite","@id":"https:\/\/voxsahel.com\/#website","url":"https:\/\/voxsahel.com\/","name":"Vox Sahel","description":"Informez-vous sur le Sahel en un clic","publisher":{"@id":"https:\/\/voxsahel.com\/#organization"},"potentialAction":[{"@type":"SearchAction","target":{"@type":"EntryPoint","urlTemplate":"https:\/\/voxsahel.com\/?s={search_term_string}"},"query-input":{"@type":"PropertyValueSpecification","valueRequired":true,"valueName":"search_term_string"}}],"inLanguage":"fr-FR"},{"@type":"Organization","@id":"https:\/\/voxsahel.com\/#organization","name":"Vox Sahel","url":"https:\/\/voxsahel.com\/","logo":{"@type":"ImageObject","inLanguage":"fr-FR","@id":"https:\/\/voxsahel.com\/#\/schema\/logo\/image\/","url":"https:\/\/voxsahel.com\/wp-content\/uploads\/2024\/09\/Logo-Vox-Sahel.jpg","contentUrl":"https:\/\/voxsahel.com\/wp-content\/uploads\/2024\/09\/Logo-Vox-Sahel.jpg","width":1181,"height":848,"caption":"Vox Sahel"},"image":{"@id":"https:\/\/voxsahel.com\/#\/schema\/logo\/image\/"},"sameAs":["https:\/\/www.facebook.com\/journal.voxsahel"]},{"@type":"Person","@id":"https:\/\/voxsahel.com\/#\/schema\/person\/b4043608248f8fa227cd760e7ff1e19e","name":"Vox Sahel","image":{"@type":"ImageObject","inLanguage":"fr-FR","@id":"https:\/\/secure.gravatar.com\/avatar\/f70e7fa0cb9b29d4a7c5788d6eb2e9ab4d3135cbae1c9161810fdf77a8964699?s=96&d=mm&r=g","url":"https:\/\/secure.gravatar.com\/avatar\/f70e7fa0cb9b29d4a7c5788d6eb2e9ab4d3135cbae1c9161810fdf77a8964699?s=96&d=mm&r=g","contentUrl":"https:\/\/secure.gravatar.com\/avatar\/f70e7fa0cb9b29d4a7c5788d6eb2e9ab4d3135cbae1c9161810fdf77a8964699?s=96&d=mm&r=g","caption":"Vox Sahel"},"sameAs":["http:\/\/www.voxsahel.com"],"url":"https:\/\/voxsahel.com\/?author=2"}]}},"_links":{"self":[{"href":"https:\/\/voxsahel.com\/index.php?rest_route=\/wp\/v2\/posts\/2138","targetHints":{"allow":["GET"]}}],"collection":[{"href":"https:\/\/voxsahel.com\/index.php?rest_route=\/wp\/v2\/posts"}],"about":[{"href":"https:\/\/voxsahel.com\/index.php?rest_route=\/wp\/v2\/types\/post"}],"author":[{"embeddable":true,"href":"https:\/\/voxsahel.com\/index.php?rest_route=\/wp\/v2\/users\/2"}],"replies":[{"embeddable":true,"href":"https:\/\/voxsahel.com\/index.php?rest_route=%2Fwp%2Fv2%2Fcomments&post=2138"}],"version-history":[{"count":1,"href":"https:\/\/voxsahel.com\/index.php?rest_route=\/wp\/v2\/posts\/2138\/revisions"}],"predecessor-version":[{"id":2140,"href":"https:\/\/voxsahel.com\/index.php?rest_route=\/wp\/v2\/posts\/2138\/revisions\/2140"}],"wp:featuredmedia":[{"embeddable":true,"href":"https:\/\/voxsahel.com\/index.php?rest_route=\/wp\/v2\/media\/2139"}],"wp:attachment":[{"href":"https:\/\/voxsahel.com\/index.php?rest_route=%2Fwp%2Fv2%2Fmedia&parent=2138"}],"wp:term":[{"taxonomy":"category","embeddable":true,"href":"https:\/\/voxsahel.com\/index.php?rest_route=%2Fwp%2Fv2%2Fcategories&post=2138"},{"taxonomy":"post_tag","embeddable":true,"href":"https:\/\/voxsahel.com\/index.php?rest_route=%2Fwp%2Fv2%2Ftags&post=2138"}],"curies":[{"name":"wp","href":"https:\/\/api.w.org\/{rel}","templated":true}]}}