{"id":212,"date":"2024-09-14T20:22:37","date_gmt":"2024-09-14T20:22:37","guid":{"rendered":"https:\/\/voxsahel.com\/?p=212"},"modified":"2024-09-14T20:22:37","modified_gmt":"2024-09-14T20:22:37","slug":"barsalogho-burkina-le-general-coulibaly-appelle-a-lunite-pour-vaincre-les-forces-du-mal","status":"publish","type":"post","link":"https:\/\/voxsahel.com\/?p=212","title":{"rendered":"Barsalogho\/ Burkina : Le G\u00e9n\u00e9ral Coulibaly appelle \u00e0 l&rsquo;unit\u00e9 pour vaincre les forces du mal"},"content":{"rendered":"<p class=\"p1\"><strong><span class=\"s2\">Le samedi 14 septembre 2024, une mission gouvernementale dirig\u00e9e par le G\u00e9n\u00e9ral Kassoum Coulibaly, ministre d&rsquo;\u00c9tat, ministre de la S\u00e9curit\u00e9 et des Anciens Combattants, a rencontr\u00e9 les forces vives de la province du Sanmatenga, \u00e0 Kaya. Cette avait r\u00e9union pour mais de discuter des enjeux actuels, notamment la s\u00e9curit\u00e9, la paix et la coh\u00e9sion sociale, des th\u00e8mes au c\u0153ur des pr\u00e9occupations nationales.<\/span><\/strong><\/p>\n<p class=\"p1\"><span class=\"s2\">La rencontre, ouverte par l&rsquo;hymne national \u00ab Le Ditany\u00e8 \u00bb, d\u00e9but\u00e9 par une minute de silence en hommage aux victimes des attaques terroristes. Le G\u00e9n\u00e9ral Coulibaly a transmis les f\u00e9licitations et encouragements du Pr\u00e9sident du Faso, tout en insistant sur l&rsquo;importance de l&rsquo;unit\u00e9 et de la solidarit\u00e9 entre les citoyens burkinab\u00e9s dans la lutte contre l&rsquo;ins\u00e9curit\u00e9.<\/span><\/p>\n<p class=\"p1\"><span class=\"s2\">Les \u00e9changes ont permis aux participants de soumettre leurs inqui\u00e9tudes concernant la situation s\u00e9curitaire dans la r\u00e9gion. Le ministre, accompagn\u00e9 d&rsquo;autres membres du gouvernement, notamment le ministre de la Communication, Rimtalba Jean Emmanuel Ou\u00e9draogo, et le ministre de la Sant\u00e9, Robert Kargougou, a r\u00e9pondu \u00e0 ces pr\u00e9occupations en r\u00e9affirmant l&rsquo;engagement du gouvernement \u00e0 restaurer la paix et la s\u00e9curit\u00e9 dans tout le pays.<\/span><\/p>\n<p class=\"p1\"><span class=\"s2\">Face aux r\u00e9cents \u00e9v\u00e9nements tragiques \u00e0 Barsalogho, le G\u00e9n\u00e9ral Coulibaly a tenu un discours rassurant, appelant les populations \u00e0 rester unies : \u00ab Nous sommes sur un chemin difficile, mais nous devons nous unir pour une victoire imminente \u00bb, a-t-il d\u00e9clar\u00e9.<\/span><\/p>\n<p class=\"p1\"><span class=\"s2\">Timtalba Jean Emmanuel Ou\u00e9draogo a \u00e9galement rappel\u00e9 les efforts consid\u00e9rables entrepris par l&rsquo;\u00c9tat en mati\u00e8re d&rsquo;\u00e9quipement et de renforcement des troupes pour reconqu\u00e9rir les territoires occup\u00e9s par les terroristes.<\/span><\/p>\n<p class=\"p1\"><span class=\"s2\">Les \u00e9changes de pr\u00e8s de cinq heures ont \u00e9t\u00e9 salu\u00e9s par les participants, notamment par le Naaba Koom, chef du canton de Sanmatenga, qui les a qualifi\u00e9s de \u00ab francs et satisfaisants \u00bb. Le G\u00e9n\u00e9ral Coulibaly a toutefois averti que le gouvernement pr\u00e9f\u00e9rerait tout son possible pour r\u00e9pondre aux dol\u00e9ances, sans pour autant faire de \u00ab promesses politiques \u00bb.<\/span><\/p>\n<p class=\"p1\"><span class=\"s2\">Le gouverneur de la r\u00e9gion du Centre-Nord, le Colonel-Major Z. Blaise Ou\u00e9draogo, a conclu en appelant les citoyens \u00e0 prendre conscience des d\u00e9fis qui menacent le pays et \u00e0 s&rsquo;engager activement pour les surmonter.<\/span><\/p>\n<p class=\"p1\"><span class=\"s2\">\u00c0 l&rsquo;issue de cette rencontre, la mission s&rsquo;est rendue aupr\u00e8s des forces combattantes de la r\u00e9gion militaire pour leur transmettre les encouragements du Pr\u00e9sident du Faso, r\u00e9affirmant ainsi le soutien ind\u00e9fectible de l&rsquo;\u00c9tat \u00e0 ses forces arm\u00e9es.<\/span><\/p>\n<p class=\"p1\"><span class=\"s2\">Cette mission s&rsquo;inscrit dans une s\u00e9rie de concertations voulues par le chef de l&rsquo;\u00c9tat pour impliquer l&rsquo;ensemble de la population burkinab\u00e8 dans la lutte pour la s\u00e9curit\u00e9 nationale et la coh\u00e9sion sociale.<\/span><\/p>\n<p style=\"text-align: right;\"><strong>Par Vox Sahel<\/strong><\/p>\n","protected":false},"excerpt":{"rendered":"<p>Le samedi 14 septembre 2024, une mission gouvernementale dirig\u00e9e par le G\u00e9n\u00e9ral Kassoum Coulibaly, ministre<\/p>\n","protected":false},"author":2,"featured_media":213,"comment_status":"open","ping_status":"open","sticky":false,"template":"","format":"standard","meta":{"_et_pb_use_builder":"","_et_pb_old_content":"","_et_gb_content_width":"","footnotes":""},"categories":[6],"tags":[101,18,102,20],"class_list":["post-212","post","type-post","status-publish","format-standard","has-post-thumbnail","hentry","category-politique","tag-barsalogho","tag-burkina-faso","tag-kaya","tag-terrorisme"],"yoast_head":"<!-- This site is optimized with the Yoast SEO plugin v27.5 - https:\/\/yoast.com\/product\/yoast-seo-wordpress\/ -->\n<title>Barsalogho\/ Burkina : Le G\u00e9n\u00e9ral Coulibaly appelle \u00e0 l&#039;unit\u00e9 pour vaincre les forces du mal - Vox Sahel<\/title>\n<meta name=\"robots\" content=\"index, follow, max-snippet:-1, max-image-preview:large, max-video-preview:-1\" \/>\n<link rel=\"canonical\" href=\"https:\/\/voxsahel.com\/?p=212\" \/>\n<meta property=\"og:locale\" content=\"fr_FR\" \/>\n<meta property=\"og:type\" content=\"article\" \/>\n<meta property=\"og:title\" content=\"Barsalogho\/ Burkina : Le G\u00e9n\u00e9ral Coulibaly appelle \u00e0 l&#039;unit\u00e9 pour vaincre les forces du mal - Vox Sahel\" \/>\n<meta property=\"og:description\" content=\"Le samedi 14 septembre 2024, une mission gouvernementale dirig\u00e9e par le G\u00e9n\u00e9ral Kassoum Coulibaly, ministre\" \/>\n<meta property=\"og:url\" content=\"https:\/\/voxsahel.com\/?p=212\" \/>\n<meta property=\"og:site_name\" content=\"Vox Sahel\" \/>\n<meta property=\"article:publisher\" content=\"https:\/\/www.facebook.com\/journal.voxsahel\" \/>\n<meta property=\"article:published_time\" content=\"2024-09-14T20:22:37+00:00\" \/>\n<meta property=\"og:image\" content=\"https:\/\/voxsahel.com\/wp-content\/uploads\/2024\/09\/IMG_8188.jpeg\" \/>\n\t<meta property=\"og:image:width\" content=\"1080\" \/>\n\t<meta property=\"og:image:height\" content=\"810\" \/>\n\t<meta property=\"og:image:type\" content=\"image\/jpeg\" \/>\n<meta name=\"author\" content=\"Vox Sahel\" \/>\n<meta name=\"twitter:card\" content=\"summary_large_image\" \/>\n<meta name=\"twitter:label1\" content=\"\u00c9crit par\" \/>\n\t<meta name=\"twitter:data1\" content=\"Vox Sahel\" \/>\n\t<meta name=\"twitter:label2\" content=\"Dur\u00e9e de lecture estim\u00e9e\" \/>\n\t<meta name=\"twitter:data2\" content=\"3 minutes\" \/>\n<script type=\"application\/ld+json\" class=\"yoast-schema-graph\">{\"@context\":\"https:\\\/\\\/schema.org\",\"@graph\":[{\"@type\":\"Article\",\"@id\":\"https:\\\/\\\/voxsahel.com\\\/?p=212#article\",\"isPartOf\":{\"@id\":\"https:\\\/\\\/voxsahel.com\\\/?p=212\"},\"author\":{\"name\":\"Vox Sahel\",\"@id\":\"https:\\\/\\\/voxsahel.com\\\/#\\\/schema\\\/person\\\/b4043608248f8fa227cd760e7ff1e19e\"},\"headline\":\"Barsalogho\\\/ Burkina : Le G\u00e9n\u00e9ral Coulibaly appelle \u00e0 l&rsquo;unit\u00e9 pour vaincre les forces du mal\",\"datePublished\":\"2024-09-14T20:22:37+00:00\",\"mainEntityOfPage\":{\"@id\":\"https:\\\/\\\/voxsahel.com\\\/?p=212\"},\"wordCount\":484,\"commentCount\":0,\"publisher\":{\"@id\":\"https:\\\/\\\/voxsahel.com\\\/#organization\"},\"image\":{\"@id\":\"https:\\\/\\\/voxsahel.com\\\/?p=212#primaryimage\"},\"thumbnailUrl\":\"https:\\\/\\\/voxsahel.com\\\/wp-content\\\/uploads\\\/2024\\\/09\\\/IMG_8188.jpeg\",\"keywords\":[\"Barsalogho\",\"Burkina Faso\",\"Kaya\",\"Terrorisme\"],\"articleSection\":[\"POLITIQUE\"],\"inLanguage\":\"fr-FR\",\"potentialAction\":[{\"@type\":\"CommentAction\",\"name\":\"Comment\",\"target\":[\"https:\\\/\\\/voxsahel.com\\\/?p=212#respond\"]}]},{\"@type\":\"WebPage\",\"@id\":\"https:\\\/\\\/voxsahel.com\\\/?p=212\",\"url\":\"https:\\\/\\\/voxsahel.com\\\/?p=212\",\"name\":\"Barsalogho\\\/ Burkina : Le G\u00e9n\u00e9ral Coulibaly appelle \u00e0 l'unit\u00e9 pour vaincre les forces du mal - Vox Sahel\",\"isPartOf\":{\"@id\":\"https:\\\/\\\/voxsahel.com\\\/#website\"},\"primaryImageOfPage\":{\"@id\":\"https:\\\/\\\/voxsahel.com\\\/?p=212#primaryimage\"},\"image\":{\"@id\":\"https:\\\/\\\/voxsahel.com\\\/?p=212#primaryimage\"},\"thumbnailUrl\":\"https:\\\/\\\/voxsahel.com\\\/wp-content\\\/uploads\\\/2024\\\/09\\\/IMG_8188.jpeg\",\"datePublished\":\"2024-09-14T20:22:37+00:00\",\"breadcrumb\":{\"@id\":\"https:\\\/\\\/voxsahel.com\\\/?p=212#breadcrumb\"},\"inLanguage\":\"fr-FR\",\"potentialAction\":[{\"@type\":\"ReadAction\",\"target\":[\"https:\\\/\\\/voxsahel.com\\\/?p=212\"]}]},{\"@type\":\"ImageObject\",\"inLanguage\":\"fr-FR\",\"@id\":\"https:\\\/\\\/voxsahel.com\\\/?p=212#primaryimage\",\"url\":\"https:\\\/\\\/voxsahel.com\\\/wp-content\\\/uploads\\\/2024\\\/09\\\/IMG_8188.jpeg\",\"contentUrl\":\"https:\\\/\\\/voxsahel.com\\\/wp-content\\\/uploads\\\/2024\\\/09\\\/IMG_8188.jpeg\",\"width\":1080,\"height\":810},{\"@type\":\"BreadcrumbList\",\"@id\":\"https:\\\/\\\/voxsahel.com\\\/?p=212#breadcrumb\",\"itemListElement\":[{\"@type\":\"ListItem\",\"position\":1,\"name\":\"Home\",\"item\":\"https:\\\/\\\/voxsahel.com\\\/\"},{\"@type\":\"ListItem\",\"position\":2,\"name\":\"Barsalogho\\\/ Burkina : Le G\u00e9n\u00e9ral Coulibaly appelle \u00e0 l&rsquo;unit\u00e9 pour vaincre les forces du mal\"}]},{\"@type\":\"WebSite\",\"@id\":\"https:\\\/\\\/voxsahel.com\\\/#website\",\"url\":\"https:\\\/\\\/voxsahel.com\\\/\",\"name\":\"Vox Sahel\",\"description\":\"Informez-vous sur le Sahel en un clic\",\"publisher\":{\"@id\":\"https:\\\/\\\/voxsahel.com\\\/#organization\"},\"potentialAction\":[{\"@type\":\"SearchAction\",\"target\":{\"@type\":\"EntryPoint\",\"urlTemplate\":\"https:\\\/\\\/voxsahel.com\\\/?s={search_term_string}\"},\"query-input\":{\"@type\":\"PropertyValueSpecification\",\"valueRequired\":true,\"valueName\":\"search_term_string\"}}],\"inLanguage\":\"fr-FR\"},{\"@type\":\"Organization\",\"@id\":\"https:\\\/\\\/voxsahel.com\\\/#organization\",\"name\":\"Vox Sahel\",\"url\":\"https:\\\/\\\/voxsahel.com\\\/\",\"logo\":{\"@type\":\"ImageObject\",\"inLanguage\":\"fr-FR\",\"@id\":\"https:\\\/\\\/voxsahel.com\\\/#\\\/schema\\\/logo\\\/image\\\/\",\"url\":\"https:\\\/\\\/voxsahel.com\\\/wp-content\\\/uploads\\\/2024\\\/09\\\/Logo-Vox-Sahel.jpg\",\"contentUrl\":\"https:\\\/\\\/voxsahel.com\\\/wp-content\\\/uploads\\\/2024\\\/09\\\/Logo-Vox-Sahel.jpg\",\"width\":1181,\"height\":848,\"caption\":\"Vox Sahel\"},\"image\":{\"@id\":\"https:\\\/\\\/voxsahel.com\\\/#\\\/schema\\\/logo\\\/image\\\/\"},\"sameAs\":[\"https:\\\/\\\/www.facebook.com\\\/journal.voxsahel\"]},{\"@type\":\"Person\",\"@id\":\"https:\\\/\\\/voxsahel.com\\\/#\\\/schema\\\/person\\\/b4043608248f8fa227cd760e7ff1e19e\",\"name\":\"Vox Sahel\",\"image\":{\"@type\":\"ImageObject\",\"inLanguage\":\"fr-FR\",\"@id\":\"https:\\\/\\\/secure.gravatar.com\\\/avatar\\\/f70e7fa0cb9b29d4a7c5788d6eb2e9ab4d3135cbae1c9161810fdf77a8964699?s=96&d=mm&r=g\",\"url\":\"https:\\\/\\\/secure.gravatar.com\\\/avatar\\\/f70e7fa0cb9b29d4a7c5788d6eb2e9ab4d3135cbae1c9161810fdf77a8964699?s=96&d=mm&r=g\",\"contentUrl\":\"https:\\\/\\\/secure.gravatar.com\\\/avatar\\\/f70e7fa0cb9b29d4a7c5788d6eb2e9ab4d3135cbae1c9161810fdf77a8964699?s=96&d=mm&r=g\",\"caption\":\"Vox Sahel\"},\"sameAs\":[\"http:\\\/\\\/www.voxsahel.com\"],\"url\":\"https:\\\/\\\/voxsahel.com\\\/?author=2\"}]}<\/script>\n<!-- \/ Yoast SEO plugin. -->","yoast_head_json":{"title":"Barsalogho\/ Burkina : Le G\u00e9n\u00e9ral Coulibaly appelle \u00e0 l'unit\u00e9 pour vaincre les forces du mal - Vox Sahel","robots":{"index":"index","follow":"follow","max-snippet":"max-snippet:-1","max-image-preview":"max-image-preview:large","max-video-preview":"max-video-preview:-1"},"canonical":"https:\/\/voxsahel.com\/?p=212","og_locale":"fr_FR","og_type":"article","og_title":"Barsalogho\/ Burkina : Le G\u00e9n\u00e9ral Coulibaly appelle \u00e0 l'unit\u00e9 pour vaincre les forces du mal - Vox Sahel","og_description":"Le samedi 14 septembre 2024, une mission gouvernementale dirig\u00e9e par le G\u00e9n\u00e9ral Kassoum Coulibaly, ministre","og_url":"https:\/\/voxsahel.com\/?p=212","og_site_name":"Vox Sahel","article_publisher":"https:\/\/www.facebook.com\/journal.voxsahel","article_published_time":"2024-09-14T20:22:37+00:00","og_image":[{"width":1080,"height":810,"url":"https:\/\/voxsahel.com\/wp-content\/uploads\/2024\/09\/IMG_8188.jpeg","type":"image\/jpeg"}],"author":"Vox Sahel","twitter_card":"summary_large_image","twitter_misc":{"\u00c9crit par":"Vox Sahel","Dur\u00e9e de lecture estim\u00e9e":"3 minutes"},"schema":{"@context":"https:\/\/schema.org","@graph":[{"@type":"Article","@id":"https:\/\/voxsahel.com\/?p=212#article","isPartOf":{"@id":"https:\/\/voxsahel.com\/?p=212"},"author":{"name":"Vox Sahel","@id":"https:\/\/voxsahel.com\/#\/schema\/person\/b4043608248f8fa227cd760e7ff1e19e"},"headline":"Barsalogho\/ Burkina : Le G\u00e9n\u00e9ral Coulibaly appelle \u00e0 l&rsquo;unit\u00e9 pour vaincre les forces du mal","datePublished":"2024-09-14T20:22:37+00:00","mainEntityOfPage":{"@id":"https:\/\/voxsahel.com\/?p=212"},"wordCount":484,"commentCount":0,"publisher":{"@id":"https:\/\/voxsahel.com\/#organization"},"image":{"@id":"https:\/\/voxsahel.com\/?p=212#primaryimage"},"thumbnailUrl":"https:\/\/voxsahel.com\/wp-content\/uploads\/2024\/09\/IMG_8188.jpeg","keywords":["Barsalogho","Burkina Faso","Kaya","Terrorisme"],"articleSection":["POLITIQUE"],"inLanguage":"fr-FR","potentialAction":[{"@type":"CommentAction","name":"Comment","target":["https:\/\/voxsahel.com\/?p=212#respond"]}]},{"@type":"WebPage","@id":"https:\/\/voxsahel.com\/?p=212","url":"https:\/\/voxsahel.com\/?p=212","name":"Barsalogho\/ Burkina : Le G\u00e9n\u00e9ral Coulibaly appelle \u00e0 l'unit\u00e9 pour vaincre les forces du mal - Vox Sahel","isPartOf":{"@id":"https:\/\/voxsahel.com\/#website"},"primaryImageOfPage":{"@id":"https:\/\/voxsahel.com\/?p=212#primaryimage"},"image":{"@id":"https:\/\/voxsahel.com\/?p=212#primaryimage"},"thumbnailUrl":"https:\/\/voxsahel.com\/wp-content\/uploads\/2024\/09\/IMG_8188.jpeg","datePublished":"2024-09-14T20:22:37+00:00","breadcrumb":{"@id":"https:\/\/voxsahel.com\/?p=212#breadcrumb"},"inLanguage":"fr-FR","potentialAction":[{"@type":"ReadAction","target":["https:\/\/voxsahel.com\/?p=212"]}]},{"@type":"ImageObject","inLanguage":"fr-FR","@id":"https:\/\/voxsahel.com\/?p=212#primaryimage","url":"https:\/\/voxsahel.com\/wp-content\/uploads\/2024\/09\/IMG_8188.jpeg","contentUrl":"https:\/\/voxsahel.com\/wp-content\/uploads\/2024\/09\/IMG_8188.jpeg","width":1080,"height":810},{"@type":"BreadcrumbList","@id":"https:\/\/voxsahel.com\/?p=212#breadcrumb","itemListElement":[{"@type":"ListItem","position":1,"name":"Home","item":"https:\/\/voxsahel.com\/"},{"@type":"ListItem","position":2,"name":"Barsalogho\/ Burkina : Le G\u00e9n\u00e9ral Coulibaly appelle \u00e0 l&rsquo;unit\u00e9 pour vaincre les forces du mal"}]},{"@type":"WebSite","@id":"https:\/\/voxsahel.com\/#website","url":"https:\/\/voxsahel.com\/","name":"Vox Sahel","description":"Informez-vous sur le Sahel en un clic","publisher":{"@id":"https:\/\/voxsahel.com\/#organization"},"potentialAction":[{"@type":"SearchAction","target":{"@type":"EntryPoint","urlTemplate":"https:\/\/voxsahel.com\/?s={search_term_string}"},"query-input":{"@type":"PropertyValueSpecification","valueRequired":true,"valueName":"search_term_string"}}],"inLanguage":"fr-FR"},{"@type":"Organization","@id":"https:\/\/voxsahel.com\/#organization","name":"Vox Sahel","url":"https:\/\/voxsahel.com\/","logo":{"@type":"ImageObject","inLanguage":"fr-FR","@id":"https:\/\/voxsahel.com\/#\/schema\/logo\/image\/","url":"https:\/\/voxsahel.com\/wp-content\/uploads\/2024\/09\/Logo-Vox-Sahel.jpg","contentUrl":"https:\/\/voxsahel.com\/wp-content\/uploads\/2024\/09\/Logo-Vox-Sahel.jpg","width":1181,"height":848,"caption":"Vox Sahel"},"image":{"@id":"https:\/\/voxsahel.com\/#\/schema\/logo\/image\/"},"sameAs":["https:\/\/www.facebook.com\/journal.voxsahel"]},{"@type":"Person","@id":"https:\/\/voxsahel.com\/#\/schema\/person\/b4043608248f8fa227cd760e7ff1e19e","name":"Vox Sahel","image":{"@type":"ImageObject","inLanguage":"fr-FR","@id":"https:\/\/secure.gravatar.com\/avatar\/f70e7fa0cb9b29d4a7c5788d6eb2e9ab4d3135cbae1c9161810fdf77a8964699?s=96&d=mm&r=g","url":"https:\/\/secure.gravatar.com\/avatar\/f70e7fa0cb9b29d4a7c5788d6eb2e9ab4d3135cbae1c9161810fdf77a8964699?s=96&d=mm&r=g","contentUrl":"https:\/\/secure.gravatar.com\/avatar\/f70e7fa0cb9b29d4a7c5788d6eb2e9ab4d3135cbae1c9161810fdf77a8964699?s=96&d=mm&r=g","caption":"Vox Sahel"},"sameAs":["http:\/\/www.voxsahel.com"],"url":"https:\/\/voxsahel.com\/?author=2"}]}},"_links":{"self":[{"href":"https:\/\/voxsahel.com\/index.php?rest_route=\/wp\/v2\/posts\/212","targetHints":{"allow":["GET"]}}],"collection":[{"href":"https:\/\/voxsahel.com\/index.php?rest_route=\/wp\/v2\/posts"}],"about":[{"href":"https:\/\/voxsahel.com\/index.php?rest_route=\/wp\/v2\/types\/post"}],"author":[{"embeddable":true,"href":"https:\/\/voxsahel.com\/index.php?rest_route=\/wp\/v2\/users\/2"}],"replies":[{"embeddable":true,"href":"https:\/\/voxsahel.com\/index.php?rest_route=%2Fwp%2Fv2%2Fcomments&post=212"}],"version-history":[{"count":1,"href":"https:\/\/voxsahel.com\/index.php?rest_route=\/wp\/v2\/posts\/212\/revisions"}],"predecessor-version":[{"id":214,"href":"https:\/\/voxsahel.com\/index.php?rest_route=\/wp\/v2\/posts\/212\/revisions\/214"}],"wp:featuredmedia":[{"embeddable":true,"href":"https:\/\/voxsahel.com\/index.php?rest_route=\/wp\/v2\/media\/213"}],"wp:attachment":[{"href":"https:\/\/voxsahel.com\/index.php?rest_route=%2Fwp%2Fv2%2Fmedia&parent=212"}],"wp:term":[{"taxonomy":"category","embeddable":true,"href":"https:\/\/voxsahel.com\/index.php?rest_route=%2Fwp%2Fv2%2Fcategories&post=212"},{"taxonomy":"post_tag","embeddable":true,"href":"https:\/\/voxsahel.com\/index.php?rest_route=%2Fwp%2Fv2%2Ftags&post=212"}],"curies":[{"name":"wp","href":"https:\/\/api.w.org\/{rel}","templated":true}]}}