{"id":2111,"date":"2025-06-10T09:14:52","date_gmt":"2025-06-10T09:14:52","guid":{"rendered":"https:\/\/voxsahel.com\/?p=2111"},"modified":"2025-06-10T09:14:52","modified_gmt":"2025-06-10T09:14:52","slug":"tensions-au-sein-du-conseil-national-de-leconomie-informelle-du-burkina-des-acteurs-appellent-le-president-salifou-nikiema-a-ne-plus-parler-au-nom-du-cnei-bf","status":"publish","type":"post","link":"https:\/\/voxsahel.com\/?p=2111","title":{"rendered":"Tensions au sein du Conseil national de l\u2019\u00e9conomie informelle du Burkina : Des acteurs appellent le pr\u00e9sident Salifou Niki\u00e9ma \u00e0 ne plus parler au nom du CNEI-BF"},"content":{"rendered":"<p><strong>La Coalition des associations du secteur informel du Burkina Faso a organis\u00e9, le 9 juin 2025 \u00e0 Ouagadougou, une conf\u00e9rence de presse pour informer l\u2019opinion publique de la suspension du r\u00e9c\u00e9piss\u00e9 du bureau pr\u00e9sid\u00e9 par Salifou Niki\u00e9ma. En cons\u00e9quence, ce dernier n\u2019a, selon la coalition, plus le droit de s\u2019exprimer ni d\u2019agir au nom du Conseil national de l\u2019\u00e9conomie informelle du Burkina Faso (CNEI-BF). Elle a appel\u00e9 \u00e0 l\u2019organisation d\u2019un nouveau scrutin, sous l\u2019autorit\u00e9 du minist\u00e8re de la Jeunesse et des Sports, garant d\u2019un processus \u00e9lectoral transparent.<\/strong><\/p>\n<p>Depuis plusieurs mois, une crise oppose les acteurs de l\u2019\u00e9conomie informelle \u00e0 Salifou Niki\u00e9ma, pr\u00e9sident du CNEI-BF, dont l\u2019\u00e9lection est jug\u00e9e entach\u00e9e d\u2019irr\u00e9gularit\u00e9s. Cette situation a plong\u00e9 le secteur dans une impasse institutionnelle. Face \u00e0 la presse, les repr\u00e9sentants de la coalition ont d\u00e9nonc\u00e9 des \u00e9lections organis\u00e9es dans l\u2019opacit\u00e9 par le bureau sortant, malgr\u00e9 de multiples appels au dialogue et \u00e0 la concertation.<\/p>\n<p>Emmanuel Nacoulma, membre de la coalition, a affirm\u00e9 que Salifou Niki\u00e9ma avait \u00e9t\u00e9 interpell\u00e9 d\u00e8s le d\u00e9but du processus \u00e9lectoral, afin de suspendre les op\u00e9rations et ouvrir la voie \u00e0 une concertation inclusive. Selon lui, le minist\u00e8re de la Jeunesse et des Sports, tutelle du CNEI-BF, a adress\u00e9 deux correspondances officielles les 25 et 27 novembre 2024, demandant explicitement l\u2019arr\u00eat du processus.<\/p>\n<p><em>\u00a0\u00ab Le minist\u00e8re a rappel\u00e9 qu\u2019il fallait d\u2019abord se comprendre, mais Salifou Niki\u00e8ma a refus\u00e9 et n\u2019a pas respect\u00e9 l\u2019autorit\u00e9 \u00bb<\/em>, a d\u00e9clar\u00e9 Emmanuel Nacoulma. Devant le refus du dialogue, les associations ont port\u00e9 l\u2019affaire devant la justice. Elles ont, dans un premier temps, sollicit\u00e9 l\u2019obtention du proc\u00e8s-verbal des \u00e9lections organis\u00e9es \u00e0 Tenkodogo, sans succ\u00e8s. Emmanuel Nacoulma accuse le pr\u00e9sident contest\u00e9 d\u2019avoir man\u0153uvr\u00e9 pour retarder les audiences \u00e0 trois reprises, afin de faire sortir un r\u00e9c\u00e9piss\u00e9 aupr\u00e8s du minist\u00e8re de l\u2019Administration territoriale, de la D\u00e9centralisation et de la S\u00e9curit\u00e9 (MATDS).<\/p>\n<p>Ce r\u00e9c\u00e9piss\u00e9 a finalement \u00e9t\u00e9 suspendu par d\u00e9cision judiciaire en date du 7 avril 2025.La coalition d\u00e9nonce \u00e9galement une falsification manifeste des documents \u00e9lectoraux. <em>\u00ab Les fausses \u00e9lections ont eu lieu le 28 novembre 2024, mais le r\u00e9c\u00e9piss\u00e9 indique la date du 28 d\u00e9cembre 2024. C\u2019est la m\u00eame tricherie, les m\u00eames mensonges qu\u2019ils utilisent pour g\u00e9rer le CNEI-BF \u00bb<\/em>, a poursuivi le porte-parole. Les membres de la coalition estiment que ces irr\u00e9gularit\u00e9s suffisent \u00e0 d\u00e9l\u00e9gitimer totalement le bureau sortant. <em>\u00ab Salifou Niki\u00e9ma n\u2019a plus le droit de prendre la parole au nom du CNEI-BF ou tenir des activit\u00e9s au nom du CNEI-BF \u00bb<\/em>, a insist\u00e9 Emmanuel Nacoulma.<\/p>\n<p>Un appel solennel a \u00e9t\u00e9 lanc\u00e9 \u00e0 tous les acteurs du secteur informel \u00e0 tous les niveaux\u00a0 r\u00e9gional, provincial et national, afin qu\u2019ils prennent conscience de la gravit\u00e9 de la situation. Tout en affirmant ne pas s\u2019opposer \u00e0 une nouvelle candidature de Salifou Niki\u00e8ma, la coalition insiste sur la n\u00e9cessit\u00e9 de respecter les textes en vigueur. <em>\u00ab S\u2019il veut, il peut \u00eatre candidat. Et s\u2019il remporte les \u00e9lections dans la transparence, nous allons l\u2019accompagner. \u00bb<\/em>, a pr\u00e9cis\u00e9 Emmanuel Nacoulma.<\/p>\n<p>\u00ab C\u2019est le fait de violer les textes pour pouvoir briguer un 2e mandat que nous r\u00e9agissons \u00bb, a-t-il ajout\u00e9.Enfin, la coalition a exhort\u00e9 le minist\u00e8re de la Jeunesse et des Sports \u00e0 prendre toutes les dispositions n\u00e9cessaires pour organiser, dans les meilleurs d\u00e9lais, des \u00e9lections cr\u00e9dibles. Pour elle, la relance du secteur informel passe par la stabilit\u00e9 de ses instances repr\u00e9sentatives.<\/p>\n<p style=\"text-align: right;\"><strong>Par Amir BAKO<\/strong><\/p>\n","protected":false},"excerpt":{"rendered":"<p>La Coalition des associations du secteur informel du Burkina Faso a organis\u00e9, le 9 juin<\/p>\n","protected":false},"author":2,"featured_media":2112,"comment_status":"open","ping_status":"open","sticky":false,"template":"","format":"standard","meta":{"_et_pb_use_builder":"","_et_pb_old_content":"","_et_gb_content_width":"","footnotes":""},"categories":[5],"tags":[18,549,90,465],"class_list":["post-2111","post","type-post","status-publish","format-standard","has-post-thumbnail","hentry","category-societe","tag-burkina-faso","tag-conseil-national-de-leconomie-informelle-du-burkina-faso","tag-economie","tag-economie-informelle"],"yoast_head":"<!-- This site is optimized with the Yoast SEO plugin v27.5 - https:\/\/yoast.com\/product\/yoast-seo-wordpress\/ -->\n<title>Tensions au sein du Conseil national de l\u2019\u00e9conomie informelle du Burkina : Des acteurs appellent le pr\u00e9sident Salifou Niki\u00e9ma \u00e0 ne plus parler au nom du CNEI-BF - Vox Sahel<\/title>\n<meta name=\"robots\" content=\"index, follow, max-snippet:-1, max-image-preview:large, max-video-preview:-1\" \/>\n<link rel=\"canonical\" href=\"https:\/\/voxsahel.com\/?p=2111\" \/>\n<meta property=\"og:locale\" content=\"fr_FR\" \/>\n<meta property=\"og:type\" content=\"article\" \/>\n<meta property=\"og:title\" content=\"Tensions au sein du Conseil national de l\u2019\u00e9conomie informelle du Burkina : Des acteurs appellent le pr\u00e9sident Salifou Niki\u00e9ma \u00e0 ne plus parler au nom du CNEI-BF - Vox Sahel\" \/>\n<meta property=\"og:description\" content=\"La Coalition des associations du secteur informel du Burkina Faso a organis\u00e9, le 9 juin\" \/>\n<meta property=\"og:url\" content=\"https:\/\/voxsahel.com\/?p=2111\" \/>\n<meta property=\"og:site_name\" content=\"Vox Sahel\" \/>\n<meta property=\"article:publisher\" content=\"https:\/\/www.facebook.com\/journal.voxsahel\" \/>\n<meta property=\"article:published_time\" content=\"2025-06-10T09:14:52+00:00\" \/>\n<meta property=\"og:image\" content=\"https:\/\/voxsahel.com\/wp-content\/uploads\/2025\/06\/WhatsApp-Image-2025-06-09-at-18.52.15.jpeg\" \/>\n\t<meta property=\"og:image:width\" content=\"1080\" \/>\n\t<meta property=\"og:image:height\" content=\"717\" \/>\n\t<meta property=\"og:image:type\" content=\"image\/jpeg\" \/>\n<meta name=\"author\" content=\"Vox Sahel\" \/>\n<meta name=\"twitter:card\" content=\"summary_large_image\" \/>\n<meta name=\"twitter:label1\" content=\"\u00c9crit par\" \/>\n\t<meta name=\"twitter:data1\" content=\"Vox Sahel\" \/>\n\t<meta name=\"twitter:label2\" content=\"Dur\u00e9e de lecture estim\u00e9e\" \/>\n\t<meta name=\"twitter:data2\" content=\"3 minutes\" \/>\n<script type=\"application\/ld+json\" class=\"yoast-schema-graph\">{\"@context\":\"https:\\\/\\\/schema.org\",\"@graph\":[{\"@type\":\"Article\",\"@id\":\"https:\\\/\\\/voxsahel.com\\\/?p=2111#article\",\"isPartOf\":{\"@id\":\"https:\\\/\\\/voxsahel.com\\\/?p=2111\"},\"author\":{\"name\":\"Vox Sahel\",\"@id\":\"https:\\\/\\\/voxsahel.com\\\/#\\\/schema\\\/person\\\/b4043608248f8fa227cd760e7ff1e19e\"},\"headline\":\"Tensions au sein du Conseil national de l\u2019\u00e9conomie informelle du Burkina : Des acteurs appellent le pr\u00e9sident Salifou Niki\u00e9ma \u00e0 ne plus parler au nom du CNEI-BF\",\"datePublished\":\"2025-06-10T09:14:52+00:00\",\"mainEntityOfPage\":{\"@id\":\"https:\\\/\\\/voxsahel.com\\\/?p=2111\"},\"wordCount\":642,\"commentCount\":0,\"publisher\":{\"@id\":\"https:\\\/\\\/voxsahel.com\\\/#organization\"},\"image\":{\"@id\":\"https:\\\/\\\/voxsahel.com\\\/?p=2111#primaryimage\"},\"thumbnailUrl\":\"https:\\\/\\\/voxsahel.com\\\/wp-content\\\/uploads\\\/2025\\\/06\\\/WhatsApp-Image-2025-06-09-at-18.52.15.jpeg\",\"keywords\":[\"Burkina Faso\",\"Conseil national de l'\u00e9conomie informelle du Burkina Faso\",\"Economie\",\"Economie informelle\"],\"articleSection\":[\"SOCIETE\"],\"inLanguage\":\"fr-FR\",\"potentialAction\":[{\"@type\":\"CommentAction\",\"name\":\"Comment\",\"target\":[\"https:\\\/\\\/voxsahel.com\\\/?p=2111#respond\"]}]},{\"@type\":\"WebPage\",\"@id\":\"https:\\\/\\\/voxsahel.com\\\/?p=2111\",\"url\":\"https:\\\/\\\/voxsahel.com\\\/?p=2111\",\"name\":\"Tensions au sein du Conseil national de l\u2019\u00e9conomie informelle du Burkina : Des acteurs appellent le pr\u00e9sident Salifou Niki\u00e9ma \u00e0 ne plus parler au nom du CNEI-BF - Vox Sahel\",\"isPartOf\":{\"@id\":\"https:\\\/\\\/voxsahel.com\\\/#website\"},\"primaryImageOfPage\":{\"@id\":\"https:\\\/\\\/voxsahel.com\\\/?p=2111#primaryimage\"},\"image\":{\"@id\":\"https:\\\/\\\/voxsahel.com\\\/?p=2111#primaryimage\"},\"thumbnailUrl\":\"https:\\\/\\\/voxsahel.com\\\/wp-content\\\/uploads\\\/2025\\\/06\\\/WhatsApp-Image-2025-06-09-at-18.52.15.jpeg\",\"datePublished\":\"2025-06-10T09:14:52+00:00\",\"breadcrumb\":{\"@id\":\"https:\\\/\\\/voxsahel.com\\\/?p=2111#breadcrumb\"},\"inLanguage\":\"fr-FR\",\"potentialAction\":[{\"@type\":\"ReadAction\",\"target\":[\"https:\\\/\\\/voxsahel.com\\\/?p=2111\"]}]},{\"@type\":\"ImageObject\",\"inLanguage\":\"fr-FR\",\"@id\":\"https:\\\/\\\/voxsahel.com\\\/?p=2111#primaryimage\",\"url\":\"https:\\\/\\\/voxsahel.com\\\/wp-content\\\/uploads\\\/2025\\\/06\\\/WhatsApp-Image-2025-06-09-at-18.52.15.jpeg\",\"contentUrl\":\"https:\\\/\\\/voxsahel.com\\\/wp-content\\\/uploads\\\/2025\\\/06\\\/WhatsApp-Image-2025-06-09-at-18.52.15.jpeg\",\"width\":1080,\"height\":717,\"caption\":\"Le pr\u00e9sidium de la conf\u00e9rence de presse\"},{\"@type\":\"BreadcrumbList\",\"@id\":\"https:\\\/\\\/voxsahel.com\\\/?p=2111#breadcrumb\",\"itemListElement\":[{\"@type\":\"ListItem\",\"position\":1,\"name\":\"Home\",\"item\":\"https:\\\/\\\/voxsahel.com\\\/\"},{\"@type\":\"ListItem\",\"position\":2,\"name\":\"Tensions au sein du Conseil national de l\u2019\u00e9conomie informelle du Burkina : Des acteurs appellent le pr\u00e9sident Salifou Niki\u00e9ma \u00e0 ne plus parler au nom du CNEI-BF\"}]},{\"@type\":\"WebSite\",\"@id\":\"https:\\\/\\\/voxsahel.com\\\/#website\",\"url\":\"https:\\\/\\\/voxsahel.com\\\/\",\"name\":\"Vox Sahel\",\"description\":\"Informez-vous sur le Sahel en un clic\",\"publisher\":{\"@id\":\"https:\\\/\\\/voxsahel.com\\\/#organization\"},\"potentialAction\":[{\"@type\":\"SearchAction\",\"target\":{\"@type\":\"EntryPoint\",\"urlTemplate\":\"https:\\\/\\\/voxsahel.com\\\/?s={search_term_string}\"},\"query-input\":{\"@type\":\"PropertyValueSpecification\",\"valueRequired\":true,\"valueName\":\"search_term_string\"}}],\"inLanguage\":\"fr-FR\"},{\"@type\":\"Organization\",\"@id\":\"https:\\\/\\\/voxsahel.com\\\/#organization\",\"name\":\"Vox Sahel\",\"url\":\"https:\\\/\\\/voxsahel.com\\\/\",\"logo\":{\"@type\":\"ImageObject\",\"inLanguage\":\"fr-FR\",\"@id\":\"https:\\\/\\\/voxsahel.com\\\/#\\\/schema\\\/logo\\\/image\\\/\",\"url\":\"https:\\\/\\\/voxsahel.com\\\/wp-content\\\/uploads\\\/2024\\\/09\\\/Logo-Vox-Sahel.jpg\",\"contentUrl\":\"https:\\\/\\\/voxsahel.com\\\/wp-content\\\/uploads\\\/2024\\\/09\\\/Logo-Vox-Sahel.jpg\",\"width\":1181,\"height\":848,\"caption\":\"Vox Sahel\"},\"image\":{\"@id\":\"https:\\\/\\\/voxsahel.com\\\/#\\\/schema\\\/logo\\\/image\\\/\"},\"sameAs\":[\"https:\\\/\\\/www.facebook.com\\\/journal.voxsahel\"]},{\"@type\":\"Person\",\"@id\":\"https:\\\/\\\/voxsahel.com\\\/#\\\/schema\\\/person\\\/b4043608248f8fa227cd760e7ff1e19e\",\"name\":\"Vox Sahel\",\"image\":{\"@type\":\"ImageObject\",\"inLanguage\":\"fr-FR\",\"@id\":\"https:\\\/\\\/secure.gravatar.com\\\/avatar\\\/f70e7fa0cb9b29d4a7c5788d6eb2e9ab4d3135cbae1c9161810fdf77a8964699?s=96&d=mm&r=g\",\"url\":\"https:\\\/\\\/secure.gravatar.com\\\/avatar\\\/f70e7fa0cb9b29d4a7c5788d6eb2e9ab4d3135cbae1c9161810fdf77a8964699?s=96&d=mm&r=g\",\"contentUrl\":\"https:\\\/\\\/secure.gravatar.com\\\/avatar\\\/f70e7fa0cb9b29d4a7c5788d6eb2e9ab4d3135cbae1c9161810fdf77a8964699?s=96&d=mm&r=g\",\"caption\":\"Vox Sahel\"},\"sameAs\":[\"http:\\\/\\\/www.voxsahel.com\"],\"url\":\"https:\\\/\\\/voxsahel.com\\\/?author=2\"}]}<\/script>\n<!-- \/ Yoast SEO plugin. -->","yoast_head_json":{"title":"Tensions au sein du Conseil national de l\u2019\u00e9conomie informelle du Burkina : Des acteurs appellent le pr\u00e9sident Salifou Niki\u00e9ma \u00e0 ne plus parler au nom du CNEI-BF - Vox Sahel","robots":{"index":"index","follow":"follow","max-snippet":"max-snippet:-1","max-image-preview":"max-image-preview:large","max-video-preview":"max-video-preview:-1"},"canonical":"https:\/\/voxsahel.com\/?p=2111","og_locale":"fr_FR","og_type":"article","og_title":"Tensions au sein du Conseil national de l\u2019\u00e9conomie informelle du Burkina : Des acteurs appellent le pr\u00e9sident Salifou Niki\u00e9ma \u00e0 ne plus parler au nom du CNEI-BF - Vox Sahel","og_description":"La Coalition des associations du secteur informel du Burkina Faso a organis\u00e9, le 9 juin","og_url":"https:\/\/voxsahel.com\/?p=2111","og_site_name":"Vox Sahel","article_publisher":"https:\/\/www.facebook.com\/journal.voxsahel","article_published_time":"2025-06-10T09:14:52+00:00","og_image":[{"width":1080,"height":717,"url":"https:\/\/voxsahel.com\/wp-content\/uploads\/2025\/06\/WhatsApp-Image-2025-06-09-at-18.52.15.jpeg","type":"image\/jpeg"}],"author":"Vox Sahel","twitter_card":"summary_large_image","twitter_misc":{"\u00c9crit par":"Vox Sahel","Dur\u00e9e de lecture estim\u00e9e":"3 minutes"},"schema":{"@context":"https:\/\/schema.org","@graph":[{"@type":"Article","@id":"https:\/\/voxsahel.com\/?p=2111#article","isPartOf":{"@id":"https:\/\/voxsahel.com\/?p=2111"},"author":{"name":"Vox Sahel","@id":"https:\/\/voxsahel.com\/#\/schema\/person\/b4043608248f8fa227cd760e7ff1e19e"},"headline":"Tensions au sein du Conseil national de l\u2019\u00e9conomie informelle du Burkina : Des acteurs appellent le pr\u00e9sident Salifou Niki\u00e9ma \u00e0 ne plus parler au nom du CNEI-BF","datePublished":"2025-06-10T09:14:52+00:00","mainEntityOfPage":{"@id":"https:\/\/voxsahel.com\/?p=2111"},"wordCount":642,"commentCount":0,"publisher":{"@id":"https:\/\/voxsahel.com\/#organization"},"image":{"@id":"https:\/\/voxsahel.com\/?p=2111#primaryimage"},"thumbnailUrl":"https:\/\/voxsahel.com\/wp-content\/uploads\/2025\/06\/WhatsApp-Image-2025-06-09-at-18.52.15.jpeg","keywords":["Burkina Faso","Conseil national de l'\u00e9conomie informelle du Burkina Faso","Economie","Economie informelle"],"articleSection":["SOCIETE"],"inLanguage":"fr-FR","potentialAction":[{"@type":"CommentAction","name":"Comment","target":["https:\/\/voxsahel.com\/?p=2111#respond"]}]},{"@type":"WebPage","@id":"https:\/\/voxsahel.com\/?p=2111","url":"https:\/\/voxsahel.com\/?p=2111","name":"Tensions au sein du Conseil national de l\u2019\u00e9conomie informelle du Burkina : Des acteurs appellent le pr\u00e9sident Salifou Niki\u00e9ma \u00e0 ne plus parler au nom du CNEI-BF - Vox Sahel","isPartOf":{"@id":"https:\/\/voxsahel.com\/#website"},"primaryImageOfPage":{"@id":"https:\/\/voxsahel.com\/?p=2111#primaryimage"},"image":{"@id":"https:\/\/voxsahel.com\/?p=2111#primaryimage"},"thumbnailUrl":"https:\/\/voxsahel.com\/wp-content\/uploads\/2025\/06\/WhatsApp-Image-2025-06-09-at-18.52.15.jpeg","datePublished":"2025-06-10T09:14:52+00:00","breadcrumb":{"@id":"https:\/\/voxsahel.com\/?p=2111#breadcrumb"},"inLanguage":"fr-FR","potentialAction":[{"@type":"ReadAction","target":["https:\/\/voxsahel.com\/?p=2111"]}]},{"@type":"ImageObject","inLanguage":"fr-FR","@id":"https:\/\/voxsahel.com\/?p=2111#primaryimage","url":"https:\/\/voxsahel.com\/wp-content\/uploads\/2025\/06\/WhatsApp-Image-2025-06-09-at-18.52.15.jpeg","contentUrl":"https:\/\/voxsahel.com\/wp-content\/uploads\/2025\/06\/WhatsApp-Image-2025-06-09-at-18.52.15.jpeg","width":1080,"height":717,"caption":"Le pr\u00e9sidium de la conf\u00e9rence de presse"},{"@type":"BreadcrumbList","@id":"https:\/\/voxsahel.com\/?p=2111#breadcrumb","itemListElement":[{"@type":"ListItem","position":1,"name":"Home","item":"https:\/\/voxsahel.com\/"},{"@type":"ListItem","position":2,"name":"Tensions au sein du Conseil national de l\u2019\u00e9conomie informelle du Burkina : Des acteurs appellent le pr\u00e9sident Salifou Niki\u00e9ma \u00e0 ne plus parler au nom du CNEI-BF"}]},{"@type":"WebSite","@id":"https:\/\/voxsahel.com\/#website","url":"https:\/\/voxsahel.com\/","name":"Vox Sahel","description":"Informez-vous sur le Sahel en un clic","publisher":{"@id":"https:\/\/voxsahel.com\/#organization"},"potentialAction":[{"@type":"SearchAction","target":{"@type":"EntryPoint","urlTemplate":"https:\/\/voxsahel.com\/?s={search_term_string}"},"query-input":{"@type":"PropertyValueSpecification","valueRequired":true,"valueName":"search_term_string"}}],"inLanguage":"fr-FR"},{"@type":"Organization","@id":"https:\/\/voxsahel.com\/#organization","name":"Vox Sahel","url":"https:\/\/voxsahel.com\/","logo":{"@type":"ImageObject","inLanguage":"fr-FR","@id":"https:\/\/voxsahel.com\/#\/schema\/logo\/image\/","url":"https:\/\/voxsahel.com\/wp-content\/uploads\/2024\/09\/Logo-Vox-Sahel.jpg","contentUrl":"https:\/\/voxsahel.com\/wp-content\/uploads\/2024\/09\/Logo-Vox-Sahel.jpg","width":1181,"height":848,"caption":"Vox Sahel"},"image":{"@id":"https:\/\/voxsahel.com\/#\/schema\/logo\/image\/"},"sameAs":["https:\/\/www.facebook.com\/journal.voxsahel"]},{"@type":"Person","@id":"https:\/\/voxsahel.com\/#\/schema\/person\/b4043608248f8fa227cd760e7ff1e19e","name":"Vox Sahel","image":{"@type":"ImageObject","inLanguage":"fr-FR","@id":"https:\/\/secure.gravatar.com\/avatar\/f70e7fa0cb9b29d4a7c5788d6eb2e9ab4d3135cbae1c9161810fdf77a8964699?s=96&d=mm&r=g","url":"https:\/\/secure.gravatar.com\/avatar\/f70e7fa0cb9b29d4a7c5788d6eb2e9ab4d3135cbae1c9161810fdf77a8964699?s=96&d=mm&r=g","contentUrl":"https:\/\/secure.gravatar.com\/avatar\/f70e7fa0cb9b29d4a7c5788d6eb2e9ab4d3135cbae1c9161810fdf77a8964699?s=96&d=mm&r=g","caption":"Vox Sahel"},"sameAs":["http:\/\/www.voxsahel.com"],"url":"https:\/\/voxsahel.com\/?author=2"}]}},"_links":{"self":[{"href":"https:\/\/voxsahel.com\/index.php?rest_route=\/wp\/v2\/posts\/2111","targetHints":{"allow":["GET"]}}],"collection":[{"href":"https:\/\/voxsahel.com\/index.php?rest_route=\/wp\/v2\/posts"}],"about":[{"href":"https:\/\/voxsahel.com\/index.php?rest_route=\/wp\/v2\/types\/post"}],"author":[{"embeddable":true,"href":"https:\/\/voxsahel.com\/index.php?rest_route=\/wp\/v2\/users\/2"}],"replies":[{"embeddable":true,"href":"https:\/\/voxsahel.com\/index.php?rest_route=%2Fwp%2Fv2%2Fcomments&post=2111"}],"version-history":[{"count":1,"href":"https:\/\/voxsahel.com\/index.php?rest_route=\/wp\/v2\/posts\/2111\/revisions"}],"predecessor-version":[{"id":2113,"href":"https:\/\/voxsahel.com\/index.php?rest_route=\/wp\/v2\/posts\/2111\/revisions\/2113"}],"wp:featuredmedia":[{"embeddable":true,"href":"https:\/\/voxsahel.com\/index.php?rest_route=\/wp\/v2\/media\/2112"}],"wp:attachment":[{"href":"https:\/\/voxsahel.com\/index.php?rest_route=%2Fwp%2Fv2%2Fmedia&parent=2111"}],"wp:term":[{"taxonomy":"category","embeddable":true,"href":"https:\/\/voxsahel.com\/index.php?rest_route=%2Fwp%2Fv2%2Fcategories&post=2111"},{"taxonomy":"post_tag","embeddable":true,"href":"https:\/\/voxsahel.com\/index.php?rest_route=%2Fwp%2Fv2%2Ftags&post=2111"}],"curies":[{"name":"wp","href":"https:\/\/api.w.org\/{rel}","templated":true}]}}