{"id":2107,"date":"2025-06-09T09:42:52","date_gmt":"2025-06-09T09:42:52","guid":{"rendered":"https:\/\/voxsahel.com\/?p=2107"},"modified":"2025-06-09T09:42:52","modified_gmt":"2025-06-09T09:42:52","slug":"restauration-des-pelerins-burkinabe-au-hadj-2025-le-cnspm-interpelle-sur-de-graves-lacunes","status":"publish","type":"post","link":"https:\/\/voxsahel.com\/?p=2107","title":{"rendered":"Restauration des p\u00e8lerins burkinab\u00e8 au Hadj 2025: Le CNSPM interpelle sur de graves lacunes"},"content":{"rendered":"<p>Dans un communiqu\u00e9 officiel publi\u00e9 le 7 juin 2025, le Comit\u00e9 national de suivi du p\u00e8lerinage \u00e0 la Mecque (CNSPM) a exprim\u00e9 son profond m\u00e9contentement face \u00e0 de s\u00e9rieuses d\u00e9faillances constat\u00e9es dans la restauration des p\u00e8lerins burkinab\u00e8, principalement ceux h\u00e9berg\u00e9s par la soci\u00e9t\u00e9 RIFAD, prestataire retenu par certaines agences de voyages.<\/p>\n<p>Selon le CNSPM, les prestations fournies par RIFAD les 4 et 5 juin ont \u00e9t\u00e9 jug\u00e9es largement en de\u00e7\u00e0 des standards attendus. Le Comit\u00e9 d\u00e9nonce \u00e9galement un nouvel incident survenu le 6 juin, marqu\u00e9 par une distribution des repas avec un retard qualifi\u00e9 d\u2019inacceptable. Face \u00e0 ces dysfonctionnements r\u00e9p\u00e9t\u00e9s, le Comit\u00e9 tient \u00e0 rappeler que la s\u00e9lection des prestataires de restauration rel\u00e8ve de la responsabilit\u00e9 exclusive des agences de voyages. Il rejette ainsi les accusations v\u00e9hicul\u00e9es sur les r\u00e9seaux sociaux qui tentent de lui imputer la faute.<\/p>\n<p>Pour apaiser les tensions, une r\u00e9union d\u2019urgence a \u00e9t\u00e9 convoqu\u00e9e avec les repr\u00e9sentants des agences concern\u00e9es, la soci\u00e9t\u00e9 RIFAD et les membres du CNSPM. \u00c0 l\u2019issue des \u00e9changes, RIFAD a pr\u00e9sent\u00e9 ses excuses aux p\u00e8lerins, aux agences et au Comit\u00e9, tout en promettant une stricte application des termes du contrat en vigueur.Dans une d\u00e9marche proactive, le pr\u00e9sident du CNSPM, Amadou Sidib\u00e9, a saisi la plateforme saoudienne d\u00e9di\u00e9e \u00e0 l\u2019organisation du Hadj pour y d\u00e9poser une plainte officielle. Une lettre de protestation a \u00e9galement \u00e9t\u00e9 adress\u00e9e au Minist\u00e8re saoudien du Hadj et de la Oumrah.<\/p>\n<p>Le Comit\u00e9 assure suivre de tr\u00e8s pr\u00e8s l\u2019\u00e9volution de la situation et r\u00e9affirme son engagement \u00e0 garantir la s\u00e9curit\u00e9, le confort et la dignit\u00e9 des p\u00e8lerins burkinab\u00e8 tout au long de leur s\u00e9jour en terre sainte.<\/p>\n<p style=\"text-align: right;\"><strong>Par Amir BAKO<\/strong><\/p>\n","protected":false},"excerpt":{"rendered":"<p>Dans un communiqu\u00e9 officiel publi\u00e9 le 7 juin 2025, le Comit\u00e9 national de suivi du<\/p>\n","protected":false},"author":2,"featured_media":2109,"comment_status":"open","ping_status":"open","sticky":false,"template":"","format":"standard","meta":{"_et_pb_use_builder":"","_et_pb_old_content":"","_et_gb_content_width":"","footnotes":""},"categories":[5],"tags":[376,18,800,798,397,388,551,670,389,387,799],"class_list":["post-2107","post","type-post","status-publish","format-standard","has-post-thumbnail","hentry","category-societe","tag-arabie-saoudite","tag-burkina-faso","tag-cnspm","tag-comite-national-de-suivi-du-pelerinage-a-la-mecque","tag-federation-des-associations-islamiques-du-burkina","tag-hadj","tag-hadj2025","tag-islam","tag-mecque","tag-religion","tag-rifad"],"yoast_head":"<!-- This site is optimized with the Yoast SEO plugin v27.5 - https:\/\/yoast.com\/product\/yoast-seo-wordpress\/ -->\n<title>Restauration des p\u00e8lerins burkinab\u00e8 au Hadj 2025: Le CNSPM interpelle sur de graves lacunes - Vox Sahel<\/title>\n<meta name=\"robots\" content=\"index, follow, max-snippet:-1, max-image-preview:large, max-video-preview:-1\" \/>\n<link rel=\"canonical\" href=\"https:\/\/voxsahel.com\/?p=2107\" \/>\n<meta property=\"og:locale\" content=\"fr_FR\" \/>\n<meta property=\"og:type\" content=\"article\" \/>\n<meta property=\"og:title\" content=\"Restauration des p\u00e8lerins burkinab\u00e8 au Hadj 2025: Le CNSPM interpelle sur de graves lacunes - Vox Sahel\" \/>\n<meta property=\"og:description\" content=\"Dans un communiqu\u00e9 officiel publi\u00e9 le 7 juin 2025, le Comit\u00e9 national de suivi du\" \/>\n<meta property=\"og:url\" content=\"https:\/\/voxsahel.com\/?p=2107\" \/>\n<meta property=\"og:site_name\" content=\"Vox Sahel\" \/>\n<meta property=\"article:publisher\" content=\"https:\/\/www.facebook.com\/journal.voxsahel\" \/>\n<meta property=\"article:published_time\" content=\"2025-06-09T09:42:52+00:00\" \/>\n<meta property=\"og:image\" content=\"https:\/\/voxsahel.com\/wp-content\/uploads\/2025\/06\/HADJ-2025-VOX-SAHEL-1.jpg\" \/>\n\t<meta property=\"og:image:width\" content=\"300\" \/>\n\t<meta property=\"og:image:height\" content=\"225\" \/>\n\t<meta property=\"og:image:type\" content=\"image\/jpeg\" \/>\n<meta name=\"author\" content=\"Vox Sahel\" \/>\n<meta name=\"twitter:card\" content=\"summary_large_image\" \/>\n<meta name=\"twitter:label1\" content=\"\u00c9crit par\" \/>\n\t<meta name=\"twitter:data1\" content=\"Vox Sahel\" \/>\n\t<meta name=\"twitter:label2\" content=\"Dur\u00e9e de lecture estim\u00e9e\" \/>\n\t<meta name=\"twitter:data2\" content=\"2 minutes\" \/>\n<script type=\"application\/ld+json\" class=\"yoast-schema-graph\">{\"@context\":\"https:\\\/\\\/schema.org\",\"@graph\":[{\"@type\":\"Article\",\"@id\":\"https:\\\/\\\/voxsahel.com\\\/?p=2107#article\",\"isPartOf\":{\"@id\":\"https:\\\/\\\/voxsahel.com\\\/?p=2107\"},\"author\":{\"name\":\"Vox Sahel\",\"@id\":\"https:\\\/\\\/voxsahel.com\\\/#\\\/schema\\\/person\\\/b4043608248f8fa227cd760e7ff1e19e\"},\"headline\":\"Restauration des p\u00e8lerins burkinab\u00e8 au Hadj 2025: Le CNSPM interpelle sur de graves lacunes\",\"datePublished\":\"2025-06-09T09:42:52+00:00\",\"mainEntityOfPage\":{\"@id\":\"https:\\\/\\\/voxsahel.com\\\/?p=2107\"},\"wordCount\":318,\"commentCount\":0,\"publisher\":{\"@id\":\"https:\\\/\\\/voxsahel.com\\\/#organization\"},\"image\":{\"@id\":\"https:\\\/\\\/voxsahel.com\\\/?p=2107#primaryimage\"},\"thumbnailUrl\":\"https:\\\/\\\/voxsahel.com\\\/wp-content\\\/uploads\\\/2025\\\/06\\\/HADJ-2025-VOX-SAHEL-1.jpg\",\"keywords\":[\"Arabie Saoudite\",\"Burkina Faso\",\"CNSPM\",\"Comit\u00e9 national de suivi du p\u00e8lerinage \u00e0 la Mecque\",\"F\u00e9d\u00e9ration des associations islamiques du Burkina\",\"Hadj\",\"Hadj2025\",\"Islam\",\"Mecque\",\"Religion\",\"RIFAD\"],\"articleSection\":[\"SOCIETE\"],\"inLanguage\":\"fr-FR\",\"potentialAction\":[{\"@type\":\"CommentAction\",\"name\":\"Comment\",\"target\":[\"https:\\\/\\\/voxsahel.com\\\/?p=2107#respond\"]}]},{\"@type\":\"WebPage\",\"@id\":\"https:\\\/\\\/voxsahel.com\\\/?p=2107\",\"url\":\"https:\\\/\\\/voxsahel.com\\\/?p=2107\",\"name\":\"Restauration des p\u00e8lerins burkinab\u00e8 au Hadj 2025: Le CNSPM interpelle sur de graves lacunes - Vox Sahel\",\"isPartOf\":{\"@id\":\"https:\\\/\\\/voxsahel.com\\\/#website\"},\"primaryImageOfPage\":{\"@id\":\"https:\\\/\\\/voxsahel.com\\\/?p=2107#primaryimage\"},\"image\":{\"@id\":\"https:\\\/\\\/voxsahel.com\\\/?p=2107#primaryimage\"},\"thumbnailUrl\":\"https:\\\/\\\/voxsahel.com\\\/wp-content\\\/uploads\\\/2025\\\/06\\\/HADJ-2025-VOX-SAHEL-1.jpg\",\"datePublished\":\"2025-06-09T09:42:52+00:00\",\"breadcrumb\":{\"@id\":\"https:\\\/\\\/voxsahel.com\\\/?p=2107#breadcrumb\"},\"inLanguage\":\"fr-FR\",\"potentialAction\":[{\"@type\":\"ReadAction\",\"target\":[\"https:\\\/\\\/voxsahel.com\\\/?p=2107\"]}]},{\"@type\":\"ImageObject\",\"inLanguage\":\"fr-FR\",\"@id\":\"https:\\\/\\\/voxsahel.com\\\/?p=2107#primaryimage\",\"url\":\"https:\\\/\\\/voxsahel.com\\\/wp-content\\\/uploads\\\/2025\\\/06\\\/HADJ-2025-VOX-SAHEL-1.jpg\",\"contentUrl\":\"https:\\\/\\\/voxsahel.com\\\/wp-content\\\/uploads\\\/2025\\\/06\\\/HADJ-2025-VOX-SAHEL-1.jpg\",\"width\":300,\"height\":225},{\"@type\":\"BreadcrumbList\",\"@id\":\"https:\\\/\\\/voxsahel.com\\\/?p=2107#breadcrumb\",\"itemListElement\":[{\"@type\":\"ListItem\",\"position\":1,\"name\":\"Home\",\"item\":\"https:\\\/\\\/voxsahel.com\\\/\"},{\"@type\":\"ListItem\",\"position\":2,\"name\":\"Restauration des p\u00e8lerins burkinab\u00e8 au Hadj 2025: Le CNSPM interpelle sur de graves lacunes\"}]},{\"@type\":\"WebSite\",\"@id\":\"https:\\\/\\\/voxsahel.com\\\/#website\",\"url\":\"https:\\\/\\\/voxsahel.com\\\/\",\"name\":\"Vox Sahel\",\"description\":\"Informez-vous sur le Sahel en un clic\",\"publisher\":{\"@id\":\"https:\\\/\\\/voxsahel.com\\\/#organization\"},\"potentialAction\":[{\"@type\":\"SearchAction\",\"target\":{\"@type\":\"EntryPoint\",\"urlTemplate\":\"https:\\\/\\\/voxsahel.com\\\/?s={search_term_string}\"},\"query-input\":{\"@type\":\"PropertyValueSpecification\",\"valueRequired\":true,\"valueName\":\"search_term_string\"}}],\"inLanguage\":\"fr-FR\"},{\"@type\":\"Organization\",\"@id\":\"https:\\\/\\\/voxsahel.com\\\/#organization\",\"name\":\"Vox Sahel\",\"url\":\"https:\\\/\\\/voxsahel.com\\\/\",\"logo\":{\"@type\":\"ImageObject\",\"inLanguage\":\"fr-FR\",\"@id\":\"https:\\\/\\\/voxsahel.com\\\/#\\\/schema\\\/logo\\\/image\\\/\",\"url\":\"https:\\\/\\\/voxsahel.com\\\/wp-content\\\/uploads\\\/2024\\\/09\\\/Logo-Vox-Sahel.jpg\",\"contentUrl\":\"https:\\\/\\\/voxsahel.com\\\/wp-content\\\/uploads\\\/2024\\\/09\\\/Logo-Vox-Sahel.jpg\",\"width\":1181,\"height\":848,\"caption\":\"Vox Sahel\"},\"image\":{\"@id\":\"https:\\\/\\\/voxsahel.com\\\/#\\\/schema\\\/logo\\\/image\\\/\"},\"sameAs\":[\"https:\\\/\\\/www.facebook.com\\\/journal.voxsahel\"]},{\"@type\":\"Person\",\"@id\":\"https:\\\/\\\/voxsahel.com\\\/#\\\/schema\\\/person\\\/b4043608248f8fa227cd760e7ff1e19e\",\"name\":\"Vox Sahel\",\"image\":{\"@type\":\"ImageObject\",\"inLanguage\":\"fr-FR\",\"@id\":\"https:\\\/\\\/secure.gravatar.com\\\/avatar\\\/f70e7fa0cb9b29d4a7c5788d6eb2e9ab4d3135cbae1c9161810fdf77a8964699?s=96&d=mm&r=g\",\"url\":\"https:\\\/\\\/secure.gravatar.com\\\/avatar\\\/f70e7fa0cb9b29d4a7c5788d6eb2e9ab4d3135cbae1c9161810fdf77a8964699?s=96&d=mm&r=g\",\"contentUrl\":\"https:\\\/\\\/secure.gravatar.com\\\/avatar\\\/f70e7fa0cb9b29d4a7c5788d6eb2e9ab4d3135cbae1c9161810fdf77a8964699?s=96&d=mm&r=g\",\"caption\":\"Vox Sahel\"},\"sameAs\":[\"http:\\\/\\\/www.voxsahel.com\"],\"url\":\"https:\\\/\\\/voxsahel.com\\\/?author=2\"}]}<\/script>\n<!-- \/ Yoast SEO plugin. -->","yoast_head_json":{"title":"Restauration des p\u00e8lerins burkinab\u00e8 au Hadj 2025: Le CNSPM interpelle sur de graves lacunes - Vox Sahel","robots":{"index":"index","follow":"follow","max-snippet":"max-snippet:-1","max-image-preview":"max-image-preview:large","max-video-preview":"max-video-preview:-1"},"canonical":"https:\/\/voxsahel.com\/?p=2107","og_locale":"fr_FR","og_type":"article","og_title":"Restauration des p\u00e8lerins burkinab\u00e8 au Hadj 2025: Le CNSPM interpelle sur de graves lacunes - Vox Sahel","og_description":"Dans un communiqu\u00e9 officiel publi\u00e9 le 7 juin 2025, le Comit\u00e9 national de suivi du","og_url":"https:\/\/voxsahel.com\/?p=2107","og_site_name":"Vox Sahel","article_publisher":"https:\/\/www.facebook.com\/journal.voxsahel","article_published_time":"2025-06-09T09:42:52+00:00","og_image":[{"width":300,"height":225,"url":"https:\/\/voxsahel.com\/wp-content\/uploads\/2025\/06\/HADJ-2025-VOX-SAHEL-1.jpg","type":"image\/jpeg"}],"author":"Vox Sahel","twitter_card":"summary_large_image","twitter_misc":{"\u00c9crit par":"Vox Sahel","Dur\u00e9e de lecture estim\u00e9e":"2 minutes"},"schema":{"@context":"https:\/\/schema.org","@graph":[{"@type":"Article","@id":"https:\/\/voxsahel.com\/?p=2107#article","isPartOf":{"@id":"https:\/\/voxsahel.com\/?p=2107"},"author":{"name":"Vox Sahel","@id":"https:\/\/voxsahel.com\/#\/schema\/person\/b4043608248f8fa227cd760e7ff1e19e"},"headline":"Restauration des p\u00e8lerins burkinab\u00e8 au Hadj 2025: Le CNSPM interpelle sur de graves lacunes","datePublished":"2025-06-09T09:42:52+00:00","mainEntityOfPage":{"@id":"https:\/\/voxsahel.com\/?p=2107"},"wordCount":318,"commentCount":0,"publisher":{"@id":"https:\/\/voxsahel.com\/#organization"},"image":{"@id":"https:\/\/voxsahel.com\/?p=2107#primaryimage"},"thumbnailUrl":"https:\/\/voxsahel.com\/wp-content\/uploads\/2025\/06\/HADJ-2025-VOX-SAHEL-1.jpg","keywords":["Arabie Saoudite","Burkina Faso","CNSPM","Comit\u00e9 national de suivi du p\u00e8lerinage \u00e0 la Mecque","F\u00e9d\u00e9ration des associations islamiques du Burkina","Hadj","Hadj2025","Islam","Mecque","Religion","RIFAD"],"articleSection":["SOCIETE"],"inLanguage":"fr-FR","potentialAction":[{"@type":"CommentAction","name":"Comment","target":["https:\/\/voxsahel.com\/?p=2107#respond"]}]},{"@type":"WebPage","@id":"https:\/\/voxsahel.com\/?p=2107","url":"https:\/\/voxsahel.com\/?p=2107","name":"Restauration des p\u00e8lerins burkinab\u00e8 au Hadj 2025: Le CNSPM interpelle sur de graves lacunes - Vox Sahel","isPartOf":{"@id":"https:\/\/voxsahel.com\/#website"},"primaryImageOfPage":{"@id":"https:\/\/voxsahel.com\/?p=2107#primaryimage"},"image":{"@id":"https:\/\/voxsahel.com\/?p=2107#primaryimage"},"thumbnailUrl":"https:\/\/voxsahel.com\/wp-content\/uploads\/2025\/06\/HADJ-2025-VOX-SAHEL-1.jpg","datePublished":"2025-06-09T09:42:52+00:00","breadcrumb":{"@id":"https:\/\/voxsahel.com\/?p=2107#breadcrumb"},"inLanguage":"fr-FR","potentialAction":[{"@type":"ReadAction","target":["https:\/\/voxsahel.com\/?p=2107"]}]},{"@type":"ImageObject","inLanguage":"fr-FR","@id":"https:\/\/voxsahel.com\/?p=2107#primaryimage","url":"https:\/\/voxsahel.com\/wp-content\/uploads\/2025\/06\/HADJ-2025-VOX-SAHEL-1.jpg","contentUrl":"https:\/\/voxsahel.com\/wp-content\/uploads\/2025\/06\/HADJ-2025-VOX-SAHEL-1.jpg","width":300,"height":225},{"@type":"BreadcrumbList","@id":"https:\/\/voxsahel.com\/?p=2107#breadcrumb","itemListElement":[{"@type":"ListItem","position":1,"name":"Home","item":"https:\/\/voxsahel.com\/"},{"@type":"ListItem","position":2,"name":"Restauration des p\u00e8lerins burkinab\u00e8 au Hadj 2025: Le CNSPM interpelle sur de graves lacunes"}]},{"@type":"WebSite","@id":"https:\/\/voxsahel.com\/#website","url":"https:\/\/voxsahel.com\/","name":"Vox Sahel","description":"Informez-vous sur le Sahel en un clic","publisher":{"@id":"https:\/\/voxsahel.com\/#organization"},"potentialAction":[{"@type":"SearchAction","target":{"@type":"EntryPoint","urlTemplate":"https:\/\/voxsahel.com\/?s={search_term_string}"},"query-input":{"@type":"PropertyValueSpecification","valueRequired":true,"valueName":"search_term_string"}}],"inLanguage":"fr-FR"},{"@type":"Organization","@id":"https:\/\/voxsahel.com\/#organization","name":"Vox Sahel","url":"https:\/\/voxsahel.com\/","logo":{"@type":"ImageObject","inLanguage":"fr-FR","@id":"https:\/\/voxsahel.com\/#\/schema\/logo\/image\/","url":"https:\/\/voxsahel.com\/wp-content\/uploads\/2024\/09\/Logo-Vox-Sahel.jpg","contentUrl":"https:\/\/voxsahel.com\/wp-content\/uploads\/2024\/09\/Logo-Vox-Sahel.jpg","width":1181,"height":848,"caption":"Vox Sahel"},"image":{"@id":"https:\/\/voxsahel.com\/#\/schema\/logo\/image\/"},"sameAs":["https:\/\/www.facebook.com\/journal.voxsahel"]},{"@type":"Person","@id":"https:\/\/voxsahel.com\/#\/schema\/person\/b4043608248f8fa227cd760e7ff1e19e","name":"Vox Sahel","image":{"@type":"ImageObject","inLanguage":"fr-FR","@id":"https:\/\/secure.gravatar.com\/avatar\/f70e7fa0cb9b29d4a7c5788d6eb2e9ab4d3135cbae1c9161810fdf77a8964699?s=96&d=mm&r=g","url":"https:\/\/secure.gravatar.com\/avatar\/f70e7fa0cb9b29d4a7c5788d6eb2e9ab4d3135cbae1c9161810fdf77a8964699?s=96&d=mm&r=g","contentUrl":"https:\/\/secure.gravatar.com\/avatar\/f70e7fa0cb9b29d4a7c5788d6eb2e9ab4d3135cbae1c9161810fdf77a8964699?s=96&d=mm&r=g","caption":"Vox Sahel"},"sameAs":["http:\/\/www.voxsahel.com"],"url":"https:\/\/voxsahel.com\/?author=2"}]}},"_links":{"self":[{"href":"https:\/\/voxsahel.com\/index.php?rest_route=\/wp\/v2\/posts\/2107","targetHints":{"allow":["GET"]}}],"collection":[{"href":"https:\/\/voxsahel.com\/index.php?rest_route=\/wp\/v2\/posts"}],"about":[{"href":"https:\/\/voxsahel.com\/index.php?rest_route=\/wp\/v2\/types\/post"}],"author":[{"embeddable":true,"href":"https:\/\/voxsahel.com\/index.php?rest_route=\/wp\/v2\/users\/2"}],"replies":[{"embeddable":true,"href":"https:\/\/voxsahel.com\/index.php?rest_route=%2Fwp%2Fv2%2Fcomments&post=2107"}],"version-history":[{"count":1,"href":"https:\/\/voxsahel.com\/index.php?rest_route=\/wp\/v2\/posts\/2107\/revisions"}],"predecessor-version":[{"id":2110,"href":"https:\/\/voxsahel.com\/index.php?rest_route=\/wp\/v2\/posts\/2107\/revisions\/2110"}],"wp:featuredmedia":[{"embeddable":true,"href":"https:\/\/voxsahel.com\/index.php?rest_route=\/wp\/v2\/media\/2109"}],"wp:attachment":[{"href":"https:\/\/voxsahel.com\/index.php?rest_route=%2Fwp%2Fv2%2Fmedia&parent=2107"}],"wp:term":[{"taxonomy":"category","embeddable":true,"href":"https:\/\/voxsahel.com\/index.php?rest_route=%2Fwp%2Fv2%2Fcategories&post=2107"},{"taxonomy":"post_tag","embeddable":true,"href":"https:\/\/voxsahel.com\/index.php?rest_route=%2Fwp%2Fv2%2Ftags&post=2107"}],"curies":[{"name":"wp","href":"https:\/\/api.w.org\/{rel}","templated":true}]}}