{"id":2103,"date":"2025-06-09T05:55:07","date_gmt":"2025-06-09T05:55:07","guid":{"rendered":"https:\/\/voxsahel.com\/?p=2103"},"modified":"2025-06-09T05:55:19","modified_gmt":"2025-06-09T05:55:19","slug":"edito-crise-au-togo-lheure-de-verite-pour-faure-gnassingbe","status":"publish","type":"post","link":"https:\/\/voxsahel.com\/?p=2103","title":{"rendered":"\u00c9dito\/Crise au Togo: L&rsquo;heure de v\u00e9rit\u00e9 pour Faure Gnassingb\u00e9"},"content":{"rendered":"<p class=\"p1\">Le Togo vit une p\u00e9riode charni\u00e8re, marqu\u00e9e par une mobilisation citoyenne sans pr\u00e9c\u00e9dent contre le r\u00e9gime de Faure Gnassingb\u00e9. \u00a0Depuis la nuit du 5 au 6 juin 2025, des manifestations spontan\u00e9es ont \u00e9clat\u00e9 \u00e0 Lom\u00e9 et dans d&rsquo;autres villes, port\u00e9es par des revendications sociales et politiques profondes.<\/p>\n<p class=\"p1\"><span class=\"s1\">Ce soul\u00e8vement populaire est un signal fort adress\u00e9 aux dirigeants africains qui, comme Faure Gnassingb\u00e9, cherchent \u00e0 s&rsquo;\u00e9terniser au pouvoir au d\u00e9triment de l&rsquo;int\u00e9r\u00eat sup\u00e9rieur de leurs peuples. Depuis 2005, le Togo est sous le joug d&rsquo;une gouvernance dynastique et autoritaire. \u00a0Faure Gnassingb\u00e9, successeur de son p\u00e8re Eyad\u00e9ma, a consolid\u00e9 son pouvoir par des r\u00e9formes constitutionnelles controvers\u00e9es, notamment en 2019, qui ont permis \u00e0 la famille Gnassingb\u00e9 de r\u00e9gner sans partage. \u00a0<\/span><\/p>\n<p class=\"p1\"><span class=\"s1\">La r\u00e9vision constitutionnelle de 2019, notamment, a \u00e9t\u00e9 vivement critiqu\u00e9e par l&rsquo;opposition et des organisations de la soci\u00e9t\u00e9 civile, qui y ont vu un \u00ab coup d&rsquo;\u00c9tat institutionnel \u00bb visant \u00e0 prolonger ind\u00e9finiment le r\u00e8gne de Faure Gnassingb\u00e9.<\/span><\/p>\n<p class=\"p1\"><span class=\"s1\">Cette situation a conduit \u00e0 une exasp\u00e9ration croissante de la population, notamment des jeunes, confront\u00e9s \u00e0 un syst\u00e8me \u00e9ducatif d\u00e9grad\u00e9, \u00e0 une \u00e9conomie \u00e9touffante et \u00e0 une r\u00e9pression politique syst\u00e9matique. \u00a0La Synergie des \u00e9l\u00e8ves et \u00e9tudiants du Togo (SEET) a d\u00e9nonc\u00e9 une gestion \u00ab calamiteuse \u00bb et un avenir compromis pour la jeunesse togolaise.<\/span><\/p>\n<p class=\"p1\"><span class=\"s1\">Le r\u00e9cent soul\u00e8vement populaire est donc le reflet d&rsquo;une volont\u00e9 de changement, d&rsquo;une aspiration \u00e0 la d\u00e9mocratie et \u00e0 la justice sociale. \u00a0Malheureusement, les violences des derniers jours ont fait des victimes et des d\u00e9g\u00e2ts mat\u00e9riels, illustrant la brutalit\u00e9 du r\u00e9gime face \u00e0 la contestation. Il est imp\u00e9ratif que le pouvoir prenne en compte la volont\u00e9 du peuple et engage un dialogue sinc\u00e8re pour sortir le pays de l&rsquo;impasse. \u00a0<\/span><\/p>\n<p class=\"p1\" style=\"text-align: left;\"><span class=\"s1\">Le Togo ne peut plus continuer sur la voie de l&rsquo;immobilisme et de la r\u00e9pression. \u00a0Les Togolais m\u00e9ritent un avenir meilleur, fond\u00e9 sur la paix, la justice et la d\u00e9mocratie. Ce soul\u00e8vement est un appel \u00e0 tous les peuples d&rsquo;Afrique : il est temps de dire non \u00e0 la dynastie, non \u00e0 la r\u00e9pression, non \u00e0 l&rsquo;injustice. \u00a0Le Togo doit \u00eatre le symbole d&rsquo;un renouveau d\u00e9mocratique, d&rsquo;un espoir pour tout un continent.<\/span><\/p>\n<p class=\"p1\" style=\"text-align: right;\"><span class=\"s1\"><b>La R\u00e9daction<\/b><\/span><\/p>\n","protected":false},"excerpt":{"rendered":"<p>Le Togo vit une p\u00e9riode charni\u00e8re, marqu\u00e9e par une mobilisation citoyenne sans pr\u00e9c\u00e9dent contre le<\/p>\n","protected":false},"author":2,"featured_media":2105,"comment_status":"open","ping_status":"open","sticky":false,"template":"","format":"standard","meta":{"_et_pb_use_builder":"","_et_pb_old_content":"","_et_gb_content_width":"","footnotes":""},"categories":[15,6],"tags":[796,774,797,300],"class_list":["post-2103","post","type-post","status-publish","format-standard","has-post-thumbnail","hentry","category-international","category-politique","tag-faure-gnassingbe","tag-lome","tag-synergie-des-eleves-et-etudiants-du-togo","tag-togo"],"yoast_head":"<!-- This site is optimized with the Yoast SEO plugin v27.5 - https:\/\/yoast.com\/product\/yoast-seo-wordpress\/ -->\n<title>\u00c9dito\/Crise au Togo: L&#039;heure de v\u00e9rit\u00e9 pour Faure Gnassingb\u00e9 - Vox Sahel<\/title>\n<meta name=\"robots\" content=\"index, follow, max-snippet:-1, max-image-preview:large, max-video-preview:-1\" \/>\n<link rel=\"canonical\" href=\"https:\/\/voxsahel.com\/?p=2103\" \/>\n<meta property=\"og:locale\" content=\"fr_FR\" \/>\n<meta property=\"og:type\" content=\"article\" \/>\n<meta property=\"og:title\" content=\"\u00c9dito\/Crise au Togo: L&#039;heure de v\u00e9rit\u00e9 pour Faure Gnassingb\u00e9 - Vox Sahel\" \/>\n<meta property=\"og:description\" content=\"Le Togo vit une p\u00e9riode charni\u00e8re, marqu\u00e9e par une mobilisation citoyenne sans pr\u00e9c\u00e9dent contre le\" \/>\n<meta property=\"og:url\" content=\"https:\/\/voxsahel.com\/?p=2103\" \/>\n<meta property=\"og:site_name\" content=\"Vox Sahel\" \/>\n<meta property=\"article:publisher\" content=\"https:\/\/www.facebook.com\/journal.voxsahel\" \/>\n<meta property=\"article:published_time\" content=\"2025-06-09T05:55:07+00:00\" \/>\n<meta property=\"article:modified_time\" content=\"2025-06-09T05:55:19+00:00\" \/>\n<meta property=\"og:image\" content=\"https:\/\/voxsahel.com\/wp-content\/uploads\/2025\/06\/IMG_8322.jpeg\" \/>\n\t<meta property=\"og:image:width\" content=\"393\" \/>\n\t<meta property=\"og:image:height\" content=\"314\" \/>\n\t<meta property=\"og:image:type\" content=\"image\/jpeg\" \/>\n<meta name=\"author\" content=\"Vox Sahel\" \/>\n<meta name=\"twitter:card\" content=\"summary_large_image\" \/>\n<meta name=\"twitter:label1\" content=\"\u00c9crit par\" \/>\n\t<meta name=\"twitter:data1\" content=\"Vox Sahel\" \/>\n\t<meta name=\"twitter:label2\" content=\"Dur\u00e9e de lecture estim\u00e9e\" \/>\n\t<meta name=\"twitter:data2\" content=\"2 minutes\" \/>\n<script type=\"application\/ld+json\" class=\"yoast-schema-graph\">{\"@context\":\"https:\\\/\\\/schema.org\",\"@graph\":[{\"@type\":\"Article\",\"@id\":\"https:\\\/\\\/voxsahel.com\\\/?p=2103#article\",\"isPartOf\":{\"@id\":\"https:\\\/\\\/voxsahel.com\\\/?p=2103\"},\"author\":{\"name\":\"Vox Sahel\",\"@id\":\"https:\\\/\\\/voxsahel.com\\\/#\\\/schema\\\/person\\\/b4043608248f8fa227cd760e7ff1e19e\"},\"headline\":\"\u00c9dito\\\/Crise au Togo: L&rsquo;heure de v\u00e9rit\u00e9 pour Faure Gnassingb\u00e9\",\"datePublished\":\"2025-06-09T05:55:07+00:00\",\"dateModified\":\"2025-06-09T05:55:19+00:00\",\"mainEntityOfPage\":{\"@id\":\"https:\\\/\\\/voxsahel.com\\\/?p=2103\"},\"wordCount\":400,\"commentCount\":0,\"publisher\":{\"@id\":\"https:\\\/\\\/voxsahel.com\\\/#organization\"},\"image\":{\"@id\":\"https:\\\/\\\/voxsahel.com\\\/?p=2103#primaryimage\"},\"thumbnailUrl\":\"https:\\\/\\\/voxsahel.com\\\/wp-content\\\/uploads\\\/2025\\\/06\\\/IMG_8322.jpeg\",\"keywords\":[\"Faure Gnassingb\u00e9\",\"Lom\u00e9\",\"Synergie des \u00e9l\u00e8ves et \u00e9tudiants du Togo\",\"Togo\"],\"articleSection\":[\"INTERNATIONAL\",\"POLITIQUE\"],\"inLanguage\":\"fr-FR\",\"potentialAction\":[{\"@type\":\"CommentAction\",\"name\":\"Comment\",\"target\":[\"https:\\\/\\\/voxsahel.com\\\/?p=2103#respond\"]}]},{\"@type\":\"WebPage\",\"@id\":\"https:\\\/\\\/voxsahel.com\\\/?p=2103\",\"url\":\"https:\\\/\\\/voxsahel.com\\\/?p=2103\",\"name\":\"\u00c9dito\\\/Crise au Togo: L'heure de v\u00e9rit\u00e9 pour Faure Gnassingb\u00e9 - Vox Sahel\",\"isPartOf\":{\"@id\":\"https:\\\/\\\/voxsahel.com\\\/#website\"},\"primaryImageOfPage\":{\"@id\":\"https:\\\/\\\/voxsahel.com\\\/?p=2103#primaryimage\"},\"image\":{\"@id\":\"https:\\\/\\\/voxsahel.com\\\/?p=2103#primaryimage\"},\"thumbnailUrl\":\"https:\\\/\\\/voxsahel.com\\\/wp-content\\\/uploads\\\/2025\\\/06\\\/IMG_8322.jpeg\",\"datePublished\":\"2025-06-09T05:55:07+00:00\",\"dateModified\":\"2025-06-09T05:55:19+00:00\",\"breadcrumb\":{\"@id\":\"https:\\\/\\\/voxsahel.com\\\/?p=2103#breadcrumb\"},\"inLanguage\":\"fr-FR\",\"potentialAction\":[{\"@type\":\"ReadAction\",\"target\":[\"https:\\\/\\\/voxsahel.com\\\/?p=2103\"]}]},{\"@type\":\"ImageObject\",\"inLanguage\":\"fr-FR\",\"@id\":\"https:\\\/\\\/voxsahel.com\\\/?p=2103#primaryimage\",\"url\":\"https:\\\/\\\/voxsahel.com\\\/wp-content\\\/uploads\\\/2025\\\/06\\\/IMG_8322.jpeg\",\"contentUrl\":\"https:\\\/\\\/voxsahel.com\\\/wp-content\\\/uploads\\\/2025\\\/06\\\/IMG_8322.jpeg\",\"width\":393,\"height\":314},{\"@type\":\"BreadcrumbList\",\"@id\":\"https:\\\/\\\/voxsahel.com\\\/?p=2103#breadcrumb\",\"itemListElement\":[{\"@type\":\"ListItem\",\"position\":1,\"name\":\"Home\",\"item\":\"https:\\\/\\\/voxsahel.com\\\/\"},{\"@type\":\"ListItem\",\"position\":2,\"name\":\"\u00c9dito\\\/Crise au Togo: L&rsquo;heure de v\u00e9rit\u00e9 pour Faure Gnassingb\u00e9\"}]},{\"@type\":\"WebSite\",\"@id\":\"https:\\\/\\\/voxsahel.com\\\/#website\",\"url\":\"https:\\\/\\\/voxsahel.com\\\/\",\"name\":\"Vox Sahel\",\"description\":\"Informez-vous sur le Sahel en un clic\",\"publisher\":{\"@id\":\"https:\\\/\\\/voxsahel.com\\\/#organization\"},\"potentialAction\":[{\"@type\":\"SearchAction\",\"target\":{\"@type\":\"EntryPoint\",\"urlTemplate\":\"https:\\\/\\\/voxsahel.com\\\/?s={search_term_string}\"},\"query-input\":{\"@type\":\"PropertyValueSpecification\",\"valueRequired\":true,\"valueName\":\"search_term_string\"}}],\"inLanguage\":\"fr-FR\"},{\"@type\":\"Organization\",\"@id\":\"https:\\\/\\\/voxsahel.com\\\/#organization\",\"name\":\"Vox Sahel\",\"url\":\"https:\\\/\\\/voxsahel.com\\\/\",\"logo\":{\"@type\":\"ImageObject\",\"inLanguage\":\"fr-FR\",\"@id\":\"https:\\\/\\\/voxsahel.com\\\/#\\\/schema\\\/logo\\\/image\\\/\",\"url\":\"https:\\\/\\\/voxsahel.com\\\/wp-content\\\/uploads\\\/2024\\\/09\\\/Logo-Vox-Sahel.jpg\",\"contentUrl\":\"https:\\\/\\\/voxsahel.com\\\/wp-content\\\/uploads\\\/2024\\\/09\\\/Logo-Vox-Sahel.jpg\",\"width\":1181,\"height\":848,\"caption\":\"Vox Sahel\"},\"image\":{\"@id\":\"https:\\\/\\\/voxsahel.com\\\/#\\\/schema\\\/logo\\\/image\\\/\"},\"sameAs\":[\"https:\\\/\\\/www.facebook.com\\\/journal.voxsahel\"]},{\"@type\":\"Person\",\"@id\":\"https:\\\/\\\/voxsahel.com\\\/#\\\/schema\\\/person\\\/b4043608248f8fa227cd760e7ff1e19e\",\"name\":\"Vox Sahel\",\"image\":{\"@type\":\"ImageObject\",\"inLanguage\":\"fr-FR\",\"@id\":\"https:\\\/\\\/secure.gravatar.com\\\/avatar\\\/f70e7fa0cb9b29d4a7c5788d6eb2e9ab4d3135cbae1c9161810fdf77a8964699?s=96&d=mm&r=g\",\"url\":\"https:\\\/\\\/secure.gravatar.com\\\/avatar\\\/f70e7fa0cb9b29d4a7c5788d6eb2e9ab4d3135cbae1c9161810fdf77a8964699?s=96&d=mm&r=g\",\"contentUrl\":\"https:\\\/\\\/secure.gravatar.com\\\/avatar\\\/f70e7fa0cb9b29d4a7c5788d6eb2e9ab4d3135cbae1c9161810fdf77a8964699?s=96&d=mm&r=g\",\"caption\":\"Vox Sahel\"},\"sameAs\":[\"http:\\\/\\\/www.voxsahel.com\"],\"url\":\"https:\\\/\\\/voxsahel.com\\\/?author=2\"}]}<\/script>\n<!-- \/ Yoast SEO plugin. -->","yoast_head_json":{"title":"\u00c9dito\/Crise au Togo: L'heure de v\u00e9rit\u00e9 pour Faure Gnassingb\u00e9 - Vox Sahel","robots":{"index":"index","follow":"follow","max-snippet":"max-snippet:-1","max-image-preview":"max-image-preview:large","max-video-preview":"max-video-preview:-1"},"canonical":"https:\/\/voxsahel.com\/?p=2103","og_locale":"fr_FR","og_type":"article","og_title":"\u00c9dito\/Crise au Togo: L'heure de v\u00e9rit\u00e9 pour Faure Gnassingb\u00e9 - Vox Sahel","og_description":"Le Togo vit une p\u00e9riode charni\u00e8re, marqu\u00e9e par une mobilisation citoyenne sans pr\u00e9c\u00e9dent contre le","og_url":"https:\/\/voxsahel.com\/?p=2103","og_site_name":"Vox Sahel","article_publisher":"https:\/\/www.facebook.com\/journal.voxsahel","article_published_time":"2025-06-09T05:55:07+00:00","article_modified_time":"2025-06-09T05:55:19+00:00","og_image":[{"width":393,"height":314,"url":"https:\/\/voxsahel.com\/wp-content\/uploads\/2025\/06\/IMG_8322.jpeg","type":"image\/jpeg"}],"author":"Vox Sahel","twitter_card":"summary_large_image","twitter_misc":{"\u00c9crit par":"Vox Sahel","Dur\u00e9e de lecture estim\u00e9e":"2 minutes"},"schema":{"@context":"https:\/\/schema.org","@graph":[{"@type":"Article","@id":"https:\/\/voxsahel.com\/?p=2103#article","isPartOf":{"@id":"https:\/\/voxsahel.com\/?p=2103"},"author":{"name":"Vox Sahel","@id":"https:\/\/voxsahel.com\/#\/schema\/person\/b4043608248f8fa227cd760e7ff1e19e"},"headline":"\u00c9dito\/Crise au Togo: L&rsquo;heure de v\u00e9rit\u00e9 pour Faure Gnassingb\u00e9","datePublished":"2025-06-09T05:55:07+00:00","dateModified":"2025-06-09T05:55:19+00:00","mainEntityOfPage":{"@id":"https:\/\/voxsahel.com\/?p=2103"},"wordCount":400,"commentCount":0,"publisher":{"@id":"https:\/\/voxsahel.com\/#organization"},"image":{"@id":"https:\/\/voxsahel.com\/?p=2103#primaryimage"},"thumbnailUrl":"https:\/\/voxsahel.com\/wp-content\/uploads\/2025\/06\/IMG_8322.jpeg","keywords":["Faure Gnassingb\u00e9","Lom\u00e9","Synergie des \u00e9l\u00e8ves et \u00e9tudiants du Togo","Togo"],"articleSection":["INTERNATIONAL","POLITIQUE"],"inLanguage":"fr-FR","potentialAction":[{"@type":"CommentAction","name":"Comment","target":["https:\/\/voxsahel.com\/?p=2103#respond"]}]},{"@type":"WebPage","@id":"https:\/\/voxsahel.com\/?p=2103","url":"https:\/\/voxsahel.com\/?p=2103","name":"\u00c9dito\/Crise au Togo: L'heure de v\u00e9rit\u00e9 pour Faure Gnassingb\u00e9 - Vox Sahel","isPartOf":{"@id":"https:\/\/voxsahel.com\/#website"},"primaryImageOfPage":{"@id":"https:\/\/voxsahel.com\/?p=2103#primaryimage"},"image":{"@id":"https:\/\/voxsahel.com\/?p=2103#primaryimage"},"thumbnailUrl":"https:\/\/voxsahel.com\/wp-content\/uploads\/2025\/06\/IMG_8322.jpeg","datePublished":"2025-06-09T05:55:07+00:00","dateModified":"2025-06-09T05:55:19+00:00","breadcrumb":{"@id":"https:\/\/voxsahel.com\/?p=2103#breadcrumb"},"inLanguage":"fr-FR","potentialAction":[{"@type":"ReadAction","target":["https:\/\/voxsahel.com\/?p=2103"]}]},{"@type":"ImageObject","inLanguage":"fr-FR","@id":"https:\/\/voxsahel.com\/?p=2103#primaryimage","url":"https:\/\/voxsahel.com\/wp-content\/uploads\/2025\/06\/IMG_8322.jpeg","contentUrl":"https:\/\/voxsahel.com\/wp-content\/uploads\/2025\/06\/IMG_8322.jpeg","width":393,"height":314},{"@type":"BreadcrumbList","@id":"https:\/\/voxsahel.com\/?p=2103#breadcrumb","itemListElement":[{"@type":"ListItem","position":1,"name":"Home","item":"https:\/\/voxsahel.com\/"},{"@type":"ListItem","position":2,"name":"\u00c9dito\/Crise au Togo: L&rsquo;heure de v\u00e9rit\u00e9 pour Faure Gnassingb\u00e9"}]},{"@type":"WebSite","@id":"https:\/\/voxsahel.com\/#website","url":"https:\/\/voxsahel.com\/","name":"Vox Sahel","description":"Informez-vous sur le Sahel en un clic","publisher":{"@id":"https:\/\/voxsahel.com\/#organization"},"potentialAction":[{"@type":"SearchAction","target":{"@type":"EntryPoint","urlTemplate":"https:\/\/voxsahel.com\/?s={search_term_string}"},"query-input":{"@type":"PropertyValueSpecification","valueRequired":true,"valueName":"search_term_string"}}],"inLanguage":"fr-FR"},{"@type":"Organization","@id":"https:\/\/voxsahel.com\/#organization","name":"Vox Sahel","url":"https:\/\/voxsahel.com\/","logo":{"@type":"ImageObject","inLanguage":"fr-FR","@id":"https:\/\/voxsahel.com\/#\/schema\/logo\/image\/","url":"https:\/\/voxsahel.com\/wp-content\/uploads\/2024\/09\/Logo-Vox-Sahel.jpg","contentUrl":"https:\/\/voxsahel.com\/wp-content\/uploads\/2024\/09\/Logo-Vox-Sahel.jpg","width":1181,"height":848,"caption":"Vox Sahel"},"image":{"@id":"https:\/\/voxsahel.com\/#\/schema\/logo\/image\/"},"sameAs":["https:\/\/www.facebook.com\/journal.voxsahel"]},{"@type":"Person","@id":"https:\/\/voxsahel.com\/#\/schema\/person\/b4043608248f8fa227cd760e7ff1e19e","name":"Vox Sahel","image":{"@type":"ImageObject","inLanguage":"fr-FR","@id":"https:\/\/secure.gravatar.com\/avatar\/f70e7fa0cb9b29d4a7c5788d6eb2e9ab4d3135cbae1c9161810fdf77a8964699?s=96&d=mm&r=g","url":"https:\/\/secure.gravatar.com\/avatar\/f70e7fa0cb9b29d4a7c5788d6eb2e9ab4d3135cbae1c9161810fdf77a8964699?s=96&d=mm&r=g","contentUrl":"https:\/\/secure.gravatar.com\/avatar\/f70e7fa0cb9b29d4a7c5788d6eb2e9ab4d3135cbae1c9161810fdf77a8964699?s=96&d=mm&r=g","caption":"Vox Sahel"},"sameAs":["http:\/\/www.voxsahel.com"],"url":"https:\/\/voxsahel.com\/?author=2"}]}},"_links":{"self":[{"href":"https:\/\/voxsahel.com\/index.php?rest_route=\/wp\/v2\/posts\/2103","targetHints":{"allow":["GET"]}}],"collection":[{"href":"https:\/\/voxsahel.com\/index.php?rest_route=\/wp\/v2\/posts"}],"about":[{"href":"https:\/\/voxsahel.com\/index.php?rest_route=\/wp\/v2\/types\/post"}],"author":[{"embeddable":true,"href":"https:\/\/voxsahel.com\/index.php?rest_route=\/wp\/v2\/users\/2"}],"replies":[{"embeddable":true,"href":"https:\/\/voxsahel.com\/index.php?rest_route=%2Fwp%2Fv2%2Fcomments&post=2103"}],"version-history":[{"count":1,"href":"https:\/\/voxsahel.com\/index.php?rest_route=\/wp\/v2\/posts\/2103\/revisions"}],"predecessor-version":[{"id":2106,"href":"https:\/\/voxsahel.com\/index.php?rest_route=\/wp\/v2\/posts\/2103\/revisions\/2106"}],"wp:featuredmedia":[{"embeddable":true,"href":"https:\/\/voxsahel.com\/index.php?rest_route=\/wp\/v2\/media\/2105"}],"wp:attachment":[{"href":"https:\/\/voxsahel.com\/index.php?rest_route=%2Fwp%2Fv2%2Fmedia&parent=2103"}],"wp:term":[{"taxonomy":"category","embeddable":true,"href":"https:\/\/voxsahel.com\/index.php?rest_route=%2Fwp%2Fv2%2Fcategories&post=2103"},{"taxonomy":"post_tag","embeddable":true,"href":"https:\/\/voxsahel.com\/index.php?rest_route=%2Fwp%2Fv2%2Ftags&post=2103"}],"curies":[{"name":"wp","href":"https:\/\/api.w.org\/{rel}","templated":true}]}}