{"id":2095,"date":"2025-06-04T21:18:23","date_gmt":"2025-06-04T21:18:23","guid":{"rendered":"https:\/\/voxsahel.com\/?p=2095"},"modified":"2025-06-04T21:18:23","modified_gmt":"2025-06-04T21:18:23","slug":"gratuite-des-soins-au-burkina-faso-une-mise-en-oeuvre-jugee-globalement-satisfaisante-malgre-des-defis-persistants","status":"publish","type":"post","link":"https:\/\/voxsahel.com\/?p=2095","title":{"rendered":"Gratuit\u00e9 des soins au Burkina Faso: Une mise en \u0153uvre jug\u00e9e \u00ab globalement satisfaisante malgr\u00e9 des d\u00e9fis persistants"},"content":{"rendered":"<p class=\"p1\"><strong><span class=\"s1\">Malgr\u00e9 un contexte s\u00e9curitaire et \u00e9conomique tendu, la politique de gratuit\u00e9 des soins pour les femmes enceintes et les enfants de moins de cinq ans continue de produire des r\u00e9sultats encourageants au Burkina Faso. C\u2019est le principal constat dress\u00e9 par la Commission des Finances et du Budget (COMFIB) de l\u2019Assembl\u00e9e l\u00e9gislative de Transition (ALT) au terme d\u2019une mission d\u2019information effectu\u00e9e du 4 au 18 avril 2025 dans sept r\u00e9gions du pays. C&rsquo;\u00e9tait ce 4 juin 2025 \u00e0 l&rsquo;ALT.<\/span><\/strong><\/p>\n<p class=\"p1\"><span class=\"s1\">\u00a0<\/span>Lanc\u00e9e en 2016, cette politique reste l\u2019un des piliers de la protection sanitaire dans le pays. Elle demeure en vigueur dans la majorit\u00e9 des centres de sant\u00e9 visit\u00e9s, en d\u00e9pit des contraintes budg\u00e9taires, de l\u2019ins\u00e9curit\u00e9 et de l\u2019augmentation constante du nombre de b\u00e9n\u00e9ficiaires. Dans le rapport pr\u00e9sent\u00e9 ce 4 juin \u00e0 l\u2019h\u00e9micycle, les d\u00e9put\u00e9s membres de la COMFIB affirment que \u00ab la gratuit\u00e9 des soins reste globalement effective dans les formations sanitaires publiques, m\u00eame si elle est confront\u00e9e \u00e0 des d\u00e9fis importants \u00bb.<\/p>\n<p class=\"p1\"><span class=\"s1\">La mission s\u2019est rendue dans les r\u00e9gions du Centre, Centre-Ouest, Centre-Nord, Boucle du Mouhoun, Hauts-Bassins, Nord et Centre-Sud. Elle y a constat\u00e9 la prise en charge gratuite des consultations pr\u00e9natales, des accouchements, des soins postnataux, des c\u00e9sariennes ainsi que des pathologies simples et complexes chez les enfants de moins de cinq ans. \u00ab Dans pr\u00e8s de 31 structures de sant\u00e9 que nous avons visit\u00e9es, nous avons constat\u00e9 l\u2019effectivit\u00e9 de ce programme. C\u2019est-\u00e0-dire que le gouvernement continue de travailler pour la prise en charge gratuite des soins pour les enfants de moins de 5 ans et pour les m\u00e8res, m\u00eame apr\u00e8s les accouchements. <\/span><\/p>\n<p class=\"p1\"><span class=\"s1\">Donc c\u2019est effectif dans l\u2019ensemble des centres, et il y a eu des r\u00e9sultats probants \u00bb, a d\u00e9clar\u00e9 \u00a0Moussa Nombo, pr\u00e9sident de la COMFIB.Les responsables des centres de sant\u00e9 visit\u00e9s ont salu\u00e9 \u00e0 l\u2019unanimit\u00e9 le maintien de cette mesure, qui a permis d\u2019accro\u00eetre la fr\u00e9quentation des structures sanitaires et d\u2019am\u00e9liorer les indicateurs de sant\u00e9 maternelle et infantile. Dans les Centres hospitaliers r\u00e9gionaux (CHR) de Kaya, Ouahigouya et Koudougou, les directeurs g\u00e9n\u00e9raux ont not\u00e9 une baisse significative de la mortalit\u00e9 maternelle et infantile, gr\u00e2ce \u00e0 un meilleur acc\u00e8s aux soins obst\u00e9tricaux d\u2019urgence. <\/span><\/p>\n<p class=\"p1\"><span class=\"s1\">Au CHU Sourou Sanou de Bobo-Dioulasso, les professionnels de sant\u00e9 ont soulign\u00e9 l\u2019impact positif de la politique, notamment dans les zones rurales, o\u00f9 la barri\u00e8re financi\u00e8re repr\u00e9sentait un frein majeur. La gratuit\u00e9 des soins est ainsi per\u00e7ue comme un m\u00e9canisme d\u2019\u00e9quit\u00e9 sociale et de justice sanitaire.Le rapport de la COMFIB rel\u00e8ve \u00e9galement une \u00e9volution dans la gestion du dispositif. Initialement fond\u00e9 sur la pr\u00e9-position de fonds dans les centres, le syst\u00e8me repose d\u00e9sormais sur un remboursement conditionn\u00e9 par des rapports d\u2019activit\u00e9s via la plateforme num\u00e9rique \u00ab e-gratuit\u00e9 \u00bb. <\/span><\/p>\n<p class=\"p1\"><span class=\"s1\">Cette innovation permet une meilleure tra\u00e7abilit\u00e9, bien que plusieurs formations sanitaires aient signal\u00e9 des retards dans les remboursements, les obligeant \u00e0 avancer les frais, avec un impact potentiel sur la qualit\u00e9 de prise en charge.Malgr\u00e9 les avanc\u00e9es, la mission a mis en \u00e9vidence plusieurs insuffisances mena\u00e7ant la durabilit\u00e9 du programme. Elle cite notamment les ruptures fr\u00e9quentes de m\u00e9dicaments essentiels, li\u00e9es aux retards d\u2019approvisionnement ou \u00e0 l\u2019insuffisance des stocks, le manque de personnel, la saturation de certaines structures, ainsi que l\u2019inad\u00e9quation des infrastructures.<\/span><\/p>\n<p class=\"p1\"><span class=\"s1\"> Les agents de sant\u00e9 ont aussi alert\u00e9 sur l\u2019usure du mat\u00e9riel m\u00e9dical, l\u2019absence de certaines prestations comme les \u00e9chographies, ou encore le d\u00e9calage entre les soins prodigu\u00e9s et les remboursements per\u00e7us.Autre constat majeur : la disparit\u00e9 dans l\u2019application de la gratuit\u00e9 selon les r\u00e9gions. \u00ab Si la politique reste fonctionnelle dans les capitales r\u00e9gionales et certains centres urbains, les zones \u00e0 fort d\u00e9fi s\u00e9curitaire, comme le Sahel ou une partie du Centre-Nord, connaissent des interruptions de service, du fait de l\u2019ins\u00e9curit\u00e9, de la fermeture de centres de sant\u00e9 ou du d\u00e9placement massif de populations \u00bb, note le rapport. <\/span><\/p>\n<p class=\"p1\"><span class=\"s1\">Dans ces zones, les professionnels t\u00e9moignent de leur difficult\u00e9 \u00e0 exercer, faute de s\u00e9curit\u00e9 ou de m\u00e9dicaments.Pour pallier ces insuffisances, la COMFIB recommande d\u2019augmenter les ressources financi\u00e8res allou\u00e9es \u00e0 la gratuit\u00e9 des soins ; de r\u00e9duire les d\u00e9lais de remboursement aux centres de sant\u00e9 ; de renforcer les ressources humaines par des affectations strat\u00e9giques et des formations ; de s\u00e9curiser la cha\u00eene d\u2019approvisionnement en m\u00e9dicaments et d\u2019\u00e9largir les partenariats ; de moderniser la plateforme e-gratuit\u00e9 pour am\u00e9liorer le suivi et la remont\u00e9e d\u2019informations. Avec ces recommandations, la COMFIB esp\u00e8re consolider les acquis de cette politique et garantir son efficacit\u00e9 \u00e0 long terme, malgr\u00e9 les d\u00e9fis structurels et conjoncturels.<\/span><\/p>\n<p class=\"p1\" style=\"text-align: right;\"><strong><span class=\"s1\">Par Amir BAKO <\/span><\/strong><\/p>\n","protected":false},"excerpt":{"rendered":"<p>Malgr\u00e9 un contexte s\u00e9curitaire et \u00e9conomique tendu, la politique de gratuit\u00e9 des soins pour les<\/p>\n","protected":false},"author":2,"featured_media":2096,"comment_status":"open","ping_status":"open","sticky":false,"template":"","format":"standard","meta":{"_et_pb_use_builder":"","_et_pb_old_content":"","_et_gb_content_width":"","footnotes":""},"categories":[7],"tags":[252,18,120,212],"class_list":["post-2095","post","type-post","status-publish","format-standard","has-post-thumbnail","hentry","category-sante","tag-assemblee-legislative-de-transition","tag-burkina-faso","tag-sante","tag-sante-publique"],"yoast_head":"<!-- This site is optimized with the Yoast SEO plugin v27.5 - https:\/\/yoast.com\/product\/yoast-seo-wordpress\/ -->\n<title>Gratuit\u00e9 des soins au Burkina Faso: Une mise en \u0153uvre jug\u00e9e \u00ab globalement satisfaisante malgr\u00e9 des d\u00e9fis persistants - Vox Sahel<\/title>\n<meta name=\"robots\" content=\"index, follow, max-snippet:-1, max-image-preview:large, max-video-preview:-1\" \/>\n<link rel=\"canonical\" href=\"https:\/\/voxsahel.com\/?p=2095\" \/>\n<meta property=\"og:locale\" content=\"fr_FR\" \/>\n<meta property=\"og:type\" content=\"article\" \/>\n<meta property=\"og:title\" content=\"Gratuit\u00e9 des soins au Burkina Faso: Une mise en \u0153uvre jug\u00e9e \u00ab globalement satisfaisante malgr\u00e9 des d\u00e9fis persistants - Vox Sahel\" \/>\n<meta property=\"og:description\" content=\"Malgr\u00e9 un contexte s\u00e9curitaire et \u00e9conomique tendu, la politique de gratuit\u00e9 des soins pour les\" \/>\n<meta property=\"og:url\" content=\"https:\/\/voxsahel.com\/?p=2095\" \/>\n<meta property=\"og:site_name\" content=\"Vox Sahel\" \/>\n<meta property=\"article:publisher\" content=\"https:\/\/www.facebook.com\/journal.voxsahel\" \/>\n<meta property=\"article:published_time\" content=\"2025-06-04T21:18:23+00:00\" \/>\n<meta property=\"og:image\" content=\"https:\/\/voxsahel.com\/wp-content\/uploads\/2025\/06\/e7da96e1-3009-48cb-85fc-44f4184cc3d8.jpeg\" \/>\n\t<meta property=\"og:image:width\" content=\"2560\" \/>\n\t<meta property=\"og:image:height\" content=\"1706\" \/>\n\t<meta property=\"og:image:type\" content=\"image\/jpeg\" \/>\n<meta name=\"author\" content=\"Vox Sahel\" \/>\n<meta name=\"twitter:card\" content=\"summary_large_image\" \/>\n<meta name=\"twitter:label1\" content=\"\u00c9crit par\" \/>\n\t<meta name=\"twitter:data1\" content=\"Vox Sahel\" \/>\n\t<meta name=\"twitter:label2\" content=\"Dur\u00e9e de lecture estim\u00e9e\" \/>\n\t<meta name=\"twitter:data2\" content=\"4 minutes\" \/>\n<script type=\"application\/ld+json\" class=\"yoast-schema-graph\">{\"@context\":\"https:\\\/\\\/schema.org\",\"@graph\":[{\"@type\":\"Article\",\"@id\":\"https:\\\/\\\/voxsahel.com\\\/?p=2095#article\",\"isPartOf\":{\"@id\":\"https:\\\/\\\/voxsahel.com\\\/?p=2095\"},\"author\":{\"name\":\"Vox Sahel\",\"@id\":\"https:\\\/\\\/voxsahel.com\\\/#\\\/schema\\\/person\\\/b4043608248f8fa227cd760e7ff1e19e\"},\"headline\":\"Gratuit\u00e9 des soins au Burkina Faso: Une mise en \u0153uvre jug\u00e9e \u00ab globalement satisfaisante malgr\u00e9 des d\u00e9fis persistants\",\"datePublished\":\"2025-06-04T21:18:23+00:00\",\"mainEntityOfPage\":{\"@id\":\"https:\\\/\\\/voxsahel.com\\\/?p=2095\"},\"wordCount\":843,\"commentCount\":0,\"publisher\":{\"@id\":\"https:\\\/\\\/voxsahel.com\\\/#organization\"},\"image\":{\"@id\":\"https:\\\/\\\/voxsahel.com\\\/?p=2095#primaryimage\"},\"thumbnailUrl\":\"https:\\\/\\\/voxsahel.com\\\/wp-content\\\/uploads\\\/2025\\\/06\\\/e7da96e1-3009-48cb-85fc-44f4184cc3d8.jpeg\",\"keywords\":[\"Assembl\u00e9e L\u00e9gislative de Transition\",\"Burkina Faso\",\"Sant\u00e9\",\"Sant\u00e9 publique\"],\"articleSection\":[\"SANTE\"],\"inLanguage\":\"fr-FR\",\"potentialAction\":[{\"@type\":\"CommentAction\",\"name\":\"Comment\",\"target\":[\"https:\\\/\\\/voxsahel.com\\\/?p=2095#respond\"]}]},{\"@type\":\"WebPage\",\"@id\":\"https:\\\/\\\/voxsahel.com\\\/?p=2095\",\"url\":\"https:\\\/\\\/voxsahel.com\\\/?p=2095\",\"name\":\"Gratuit\u00e9 des soins au Burkina Faso: Une mise en \u0153uvre jug\u00e9e \u00ab globalement satisfaisante malgr\u00e9 des d\u00e9fis persistants - Vox Sahel\",\"isPartOf\":{\"@id\":\"https:\\\/\\\/voxsahel.com\\\/#website\"},\"primaryImageOfPage\":{\"@id\":\"https:\\\/\\\/voxsahel.com\\\/?p=2095#primaryimage\"},\"image\":{\"@id\":\"https:\\\/\\\/voxsahel.com\\\/?p=2095#primaryimage\"},\"thumbnailUrl\":\"https:\\\/\\\/voxsahel.com\\\/wp-content\\\/uploads\\\/2025\\\/06\\\/e7da96e1-3009-48cb-85fc-44f4184cc3d8.jpeg\",\"datePublished\":\"2025-06-04T21:18:23+00:00\",\"breadcrumb\":{\"@id\":\"https:\\\/\\\/voxsahel.com\\\/?p=2095#breadcrumb\"},\"inLanguage\":\"fr-FR\",\"potentialAction\":[{\"@type\":\"ReadAction\",\"target\":[\"https:\\\/\\\/voxsahel.com\\\/?p=2095\"]}]},{\"@type\":\"ImageObject\",\"inLanguage\":\"fr-FR\",\"@id\":\"https:\\\/\\\/voxsahel.com\\\/?p=2095#primaryimage\",\"url\":\"https:\\\/\\\/voxsahel.com\\\/wp-content\\\/uploads\\\/2025\\\/06\\\/e7da96e1-3009-48cb-85fc-44f4184cc3d8.jpeg\",\"contentUrl\":\"https:\\\/\\\/voxsahel.com\\\/wp-content\\\/uploads\\\/2025\\\/06\\\/e7da96e1-3009-48cb-85fc-44f4184cc3d8.jpeg\",\"width\":2560,\"height\":1706},{\"@type\":\"BreadcrumbList\",\"@id\":\"https:\\\/\\\/voxsahel.com\\\/?p=2095#breadcrumb\",\"itemListElement\":[{\"@type\":\"ListItem\",\"position\":1,\"name\":\"Home\",\"item\":\"https:\\\/\\\/voxsahel.com\\\/\"},{\"@type\":\"ListItem\",\"position\":2,\"name\":\"Gratuit\u00e9 des soins au Burkina Faso: Une mise en \u0153uvre jug\u00e9e \u00ab globalement satisfaisante malgr\u00e9 des d\u00e9fis persistants\"}]},{\"@type\":\"WebSite\",\"@id\":\"https:\\\/\\\/voxsahel.com\\\/#website\",\"url\":\"https:\\\/\\\/voxsahel.com\\\/\",\"name\":\"Vox Sahel\",\"description\":\"Informez-vous sur le Sahel en un clic\",\"publisher\":{\"@id\":\"https:\\\/\\\/voxsahel.com\\\/#organization\"},\"potentialAction\":[{\"@type\":\"SearchAction\",\"target\":{\"@type\":\"EntryPoint\",\"urlTemplate\":\"https:\\\/\\\/voxsahel.com\\\/?s={search_term_string}\"},\"query-input\":{\"@type\":\"PropertyValueSpecification\",\"valueRequired\":true,\"valueName\":\"search_term_string\"}}],\"inLanguage\":\"fr-FR\"},{\"@type\":\"Organization\",\"@id\":\"https:\\\/\\\/voxsahel.com\\\/#organization\",\"name\":\"Vox Sahel\",\"url\":\"https:\\\/\\\/voxsahel.com\\\/\",\"logo\":{\"@type\":\"ImageObject\",\"inLanguage\":\"fr-FR\",\"@id\":\"https:\\\/\\\/voxsahel.com\\\/#\\\/schema\\\/logo\\\/image\\\/\",\"url\":\"https:\\\/\\\/voxsahel.com\\\/wp-content\\\/uploads\\\/2024\\\/09\\\/Logo-Vox-Sahel.jpg\",\"contentUrl\":\"https:\\\/\\\/voxsahel.com\\\/wp-content\\\/uploads\\\/2024\\\/09\\\/Logo-Vox-Sahel.jpg\",\"width\":1181,\"height\":848,\"caption\":\"Vox Sahel\"},\"image\":{\"@id\":\"https:\\\/\\\/voxsahel.com\\\/#\\\/schema\\\/logo\\\/image\\\/\"},\"sameAs\":[\"https:\\\/\\\/www.facebook.com\\\/journal.voxsahel\"]},{\"@type\":\"Person\",\"@id\":\"https:\\\/\\\/voxsahel.com\\\/#\\\/schema\\\/person\\\/b4043608248f8fa227cd760e7ff1e19e\",\"name\":\"Vox Sahel\",\"image\":{\"@type\":\"ImageObject\",\"inLanguage\":\"fr-FR\",\"@id\":\"https:\\\/\\\/secure.gravatar.com\\\/avatar\\\/f70e7fa0cb9b29d4a7c5788d6eb2e9ab4d3135cbae1c9161810fdf77a8964699?s=96&d=mm&r=g\",\"url\":\"https:\\\/\\\/secure.gravatar.com\\\/avatar\\\/f70e7fa0cb9b29d4a7c5788d6eb2e9ab4d3135cbae1c9161810fdf77a8964699?s=96&d=mm&r=g\",\"contentUrl\":\"https:\\\/\\\/secure.gravatar.com\\\/avatar\\\/f70e7fa0cb9b29d4a7c5788d6eb2e9ab4d3135cbae1c9161810fdf77a8964699?s=96&d=mm&r=g\",\"caption\":\"Vox Sahel\"},\"sameAs\":[\"http:\\\/\\\/www.voxsahel.com\"],\"url\":\"https:\\\/\\\/voxsahel.com\\\/?author=2\"}]}<\/script>\n<!-- \/ Yoast SEO plugin. -->","yoast_head_json":{"title":"Gratuit\u00e9 des soins au Burkina Faso: Une mise en \u0153uvre jug\u00e9e \u00ab globalement satisfaisante malgr\u00e9 des d\u00e9fis persistants - Vox Sahel","robots":{"index":"index","follow":"follow","max-snippet":"max-snippet:-1","max-image-preview":"max-image-preview:large","max-video-preview":"max-video-preview:-1"},"canonical":"https:\/\/voxsahel.com\/?p=2095","og_locale":"fr_FR","og_type":"article","og_title":"Gratuit\u00e9 des soins au Burkina Faso: Une mise en \u0153uvre jug\u00e9e \u00ab globalement satisfaisante malgr\u00e9 des d\u00e9fis persistants - Vox Sahel","og_description":"Malgr\u00e9 un contexte s\u00e9curitaire et \u00e9conomique tendu, la politique de gratuit\u00e9 des soins pour les","og_url":"https:\/\/voxsahel.com\/?p=2095","og_site_name":"Vox Sahel","article_publisher":"https:\/\/www.facebook.com\/journal.voxsahel","article_published_time":"2025-06-04T21:18:23+00:00","og_image":[{"width":2560,"height":1706,"url":"https:\/\/voxsahel.com\/wp-content\/uploads\/2025\/06\/e7da96e1-3009-48cb-85fc-44f4184cc3d8.jpeg","type":"image\/jpeg"}],"author":"Vox Sahel","twitter_card":"summary_large_image","twitter_misc":{"\u00c9crit par":"Vox Sahel","Dur\u00e9e de lecture estim\u00e9e":"4 minutes"},"schema":{"@context":"https:\/\/schema.org","@graph":[{"@type":"Article","@id":"https:\/\/voxsahel.com\/?p=2095#article","isPartOf":{"@id":"https:\/\/voxsahel.com\/?p=2095"},"author":{"name":"Vox Sahel","@id":"https:\/\/voxsahel.com\/#\/schema\/person\/b4043608248f8fa227cd760e7ff1e19e"},"headline":"Gratuit\u00e9 des soins au Burkina Faso: Une mise en \u0153uvre jug\u00e9e \u00ab globalement satisfaisante malgr\u00e9 des d\u00e9fis persistants","datePublished":"2025-06-04T21:18:23+00:00","mainEntityOfPage":{"@id":"https:\/\/voxsahel.com\/?p=2095"},"wordCount":843,"commentCount":0,"publisher":{"@id":"https:\/\/voxsahel.com\/#organization"},"image":{"@id":"https:\/\/voxsahel.com\/?p=2095#primaryimage"},"thumbnailUrl":"https:\/\/voxsahel.com\/wp-content\/uploads\/2025\/06\/e7da96e1-3009-48cb-85fc-44f4184cc3d8.jpeg","keywords":["Assembl\u00e9e L\u00e9gislative de Transition","Burkina Faso","Sant\u00e9","Sant\u00e9 publique"],"articleSection":["SANTE"],"inLanguage":"fr-FR","potentialAction":[{"@type":"CommentAction","name":"Comment","target":["https:\/\/voxsahel.com\/?p=2095#respond"]}]},{"@type":"WebPage","@id":"https:\/\/voxsahel.com\/?p=2095","url":"https:\/\/voxsahel.com\/?p=2095","name":"Gratuit\u00e9 des soins au Burkina Faso: Une mise en \u0153uvre jug\u00e9e \u00ab globalement satisfaisante malgr\u00e9 des d\u00e9fis persistants - Vox Sahel","isPartOf":{"@id":"https:\/\/voxsahel.com\/#website"},"primaryImageOfPage":{"@id":"https:\/\/voxsahel.com\/?p=2095#primaryimage"},"image":{"@id":"https:\/\/voxsahel.com\/?p=2095#primaryimage"},"thumbnailUrl":"https:\/\/voxsahel.com\/wp-content\/uploads\/2025\/06\/e7da96e1-3009-48cb-85fc-44f4184cc3d8.jpeg","datePublished":"2025-06-04T21:18:23+00:00","breadcrumb":{"@id":"https:\/\/voxsahel.com\/?p=2095#breadcrumb"},"inLanguage":"fr-FR","potentialAction":[{"@type":"ReadAction","target":["https:\/\/voxsahel.com\/?p=2095"]}]},{"@type":"ImageObject","inLanguage":"fr-FR","@id":"https:\/\/voxsahel.com\/?p=2095#primaryimage","url":"https:\/\/voxsahel.com\/wp-content\/uploads\/2025\/06\/e7da96e1-3009-48cb-85fc-44f4184cc3d8.jpeg","contentUrl":"https:\/\/voxsahel.com\/wp-content\/uploads\/2025\/06\/e7da96e1-3009-48cb-85fc-44f4184cc3d8.jpeg","width":2560,"height":1706},{"@type":"BreadcrumbList","@id":"https:\/\/voxsahel.com\/?p=2095#breadcrumb","itemListElement":[{"@type":"ListItem","position":1,"name":"Home","item":"https:\/\/voxsahel.com\/"},{"@type":"ListItem","position":2,"name":"Gratuit\u00e9 des soins au Burkina Faso: Une mise en \u0153uvre jug\u00e9e \u00ab globalement satisfaisante malgr\u00e9 des d\u00e9fis persistants"}]},{"@type":"WebSite","@id":"https:\/\/voxsahel.com\/#website","url":"https:\/\/voxsahel.com\/","name":"Vox Sahel","description":"Informez-vous sur le Sahel en un clic","publisher":{"@id":"https:\/\/voxsahel.com\/#organization"},"potentialAction":[{"@type":"SearchAction","target":{"@type":"EntryPoint","urlTemplate":"https:\/\/voxsahel.com\/?s={search_term_string}"},"query-input":{"@type":"PropertyValueSpecification","valueRequired":true,"valueName":"search_term_string"}}],"inLanguage":"fr-FR"},{"@type":"Organization","@id":"https:\/\/voxsahel.com\/#organization","name":"Vox Sahel","url":"https:\/\/voxsahel.com\/","logo":{"@type":"ImageObject","inLanguage":"fr-FR","@id":"https:\/\/voxsahel.com\/#\/schema\/logo\/image\/","url":"https:\/\/voxsahel.com\/wp-content\/uploads\/2024\/09\/Logo-Vox-Sahel.jpg","contentUrl":"https:\/\/voxsahel.com\/wp-content\/uploads\/2024\/09\/Logo-Vox-Sahel.jpg","width":1181,"height":848,"caption":"Vox Sahel"},"image":{"@id":"https:\/\/voxsahel.com\/#\/schema\/logo\/image\/"},"sameAs":["https:\/\/www.facebook.com\/journal.voxsahel"]},{"@type":"Person","@id":"https:\/\/voxsahel.com\/#\/schema\/person\/b4043608248f8fa227cd760e7ff1e19e","name":"Vox Sahel","image":{"@type":"ImageObject","inLanguage":"fr-FR","@id":"https:\/\/secure.gravatar.com\/avatar\/f70e7fa0cb9b29d4a7c5788d6eb2e9ab4d3135cbae1c9161810fdf77a8964699?s=96&d=mm&r=g","url":"https:\/\/secure.gravatar.com\/avatar\/f70e7fa0cb9b29d4a7c5788d6eb2e9ab4d3135cbae1c9161810fdf77a8964699?s=96&d=mm&r=g","contentUrl":"https:\/\/secure.gravatar.com\/avatar\/f70e7fa0cb9b29d4a7c5788d6eb2e9ab4d3135cbae1c9161810fdf77a8964699?s=96&d=mm&r=g","caption":"Vox Sahel"},"sameAs":["http:\/\/www.voxsahel.com"],"url":"https:\/\/voxsahel.com\/?author=2"}]}},"_links":{"self":[{"href":"https:\/\/voxsahel.com\/index.php?rest_route=\/wp\/v2\/posts\/2095","targetHints":{"allow":["GET"]}}],"collection":[{"href":"https:\/\/voxsahel.com\/index.php?rest_route=\/wp\/v2\/posts"}],"about":[{"href":"https:\/\/voxsahel.com\/index.php?rest_route=\/wp\/v2\/types\/post"}],"author":[{"embeddable":true,"href":"https:\/\/voxsahel.com\/index.php?rest_route=\/wp\/v2\/users\/2"}],"replies":[{"embeddable":true,"href":"https:\/\/voxsahel.com\/index.php?rest_route=%2Fwp%2Fv2%2Fcomments&post=2095"}],"version-history":[{"count":1,"href":"https:\/\/voxsahel.com\/index.php?rest_route=\/wp\/v2\/posts\/2095\/revisions"}],"predecessor-version":[{"id":2097,"href":"https:\/\/voxsahel.com\/index.php?rest_route=\/wp\/v2\/posts\/2095\/revisions\/2097"}],"wp:featuredmedia":[{"embeddable":true,"href":"https:\/\/voxsahel.com\/index.php?rest_route=\/wp\/v2\/media\/2096"}],"wp:attachment":[{"href":"https:\/\/voxsahel.com\/index.php?rest_route=%2Fwp%2Fv2%2Fmedia&parent=2095"}],"wp:term":[{"taxonomy":"category","embeddable":true,"href":"https:\/\/voxsahel.com\/index.php?rest_route=%2Fwp%2Fv2%2Fcategories&post=2095"},{"taxonomy":"post_tag","embeddable":true,"href":"https:\/\/voxsahel.com\/index.php?rest_route=%2Fwp%2Fv2%2Ftags&post=2095"}],"curies":[{"name":"wp","href":"https:\/\/api.w.org\/{rel}","templated":true}]}}