{"id":2085,"date":"2025-06-04T12:53:43","date_gmt":"2025-06-04T12:53:43","guid":{"rendered":"https:\/\/voxsahel.com\/?p=2085"},"modified":"2025-06-04T12:57:10","modified_gmt":"2025-06-04T12:57:10","slug":"marvin-fabrice-zongo-le-saut-de-la-foi-dun-athlete-en-quete-dolympe","status":"publish","type":"post","link":"https:\/\/voxsahel.com\/?p=2085","title":{"rendered":"Portrait\/Marvin Fabrice Zongo : Le saut de la foi d\u2019un athl\u00e8te en qu\u00eate d\u2019olympe"},"content":{"rendered":"<p class=\"p1\"><strong>Parcours d\u2019un prodige de l\u2019athl\u00e9tisme entre deux mondes<\/strong><\/p>\n<p class=\"p1\"><span class=\"s3\">S\u2019il fallait incarner la t\u00e9nacit\u00e9, l\u2019intelligence sportive et l\u2019ambition ma\u00eetris\u00e9e, le nom de Marvin Fabrice Zongo s\u2019imposerait avec \u00e9vidence.<\/span><span class=\"s1\">Derri\u00e8re un sourire calme et une posture disciplin\u00e9e, se cache un comp\u00e9titeur d\u2019une rare intensit\u00e9. En cinq ans \u00e0 peine sur le sol canadien, cet athl\u00e8te burkinab\u00e8 a red\u00e9fini les contours de l\u2019excellence \u00e0 l\u2019intersection du sport de haut niveau et de l\u2019accomplissement acad\u00e9mique.<\/span><\/p>\n<p class=\"p1\"><strong><span class=\"s3\">Une double trajectoire : \u00e9rudit et athl\u00e8te<\/span><\/strong><\/p>\n<p><img loading=\"lazy\" decoding=\"async\" class=\"aligncenter size-medium wp-image-2089\" src=\"https:\/\/voxsahel.com\/wp-content\/uploads\/2025\/06\/IMG_1775-300x201.jpeg\" alt=\"\" width=\"300\" height=\"201\" srcset=\"https:\/\/voxsahel.com\/wp-content\/uploads\/2025\/06\/IMG_1775-300x201.jpeg 300w, https:\/\/voxsahel.com\/wp-content\/uploads\/2025\/06\/IMG_1775-610x408.jpeg 610w, https:\/\/voxsahel.com\/wp-content\/uploads\/2025\/06\/IMG_1775.jpeg 766w\" sizes=\"(max-width: 300px) 100vw, 300px\" \/><\/p>\n<p class=\"p1\"><span class=\"s1\">Arriv\u00e9 en 2019 au Canada, c\u2019est d\u2019abord pour les \u00e9tudes que Marvin foule le sol nord-am\u00e9ricain. Il n\u2019\u00e9tait alors \u00ab que \u00bb l\u2019un de ces jeunes brillants venus se forger un avenir dans les sciences sociales et juridiques. Trois ans plus tard, il sort dipl\u00f4m\u00e9 en droit et justice de l\u2019Universit\u00e9 Laurentienne avec mention <\/span><span class=\"s3\">Cum Laude<\/span><span class=\"s1\">, une distinction accord\u00e9e aux meilleurs. Mais pour ceux qui le c\u00f4toient de pr\u00e8s, la surprise n\u2019\u00e9tait pas dans le dipl\u00f4me, mais bien dans sa capacit\u00e9 \u00e0 exceller simultan\u00e9ment sur la piste d\u2019athl\u00e9tisme.<\/span><\/p>\n<p class=\"p1\"><span class=\"s1\">C\u2019est dans les disciplines techniques du <\/span><span class=\"s3\">saut en longueur<\/span><span class=\"s1\"> et du <\/span><span class=\"s3\">triple saut<\/span><span class=\"s1\"> que Marvin Zongo s\u2019est affirm\u00e9 comme une force incontournable. Ses d\u00e9buts universitaires sont fulgurants : <\/span><span class=\"s3\">Athl\u00e8te de l\u2019ann\u00e9e, Recrue de l\u2019ann\u00e9e, Vice-champion provincial<\/span><span class=\"s1\">, tout cela en 2022, l\u2019ann\u00e9e m\u00eame o\u00f9 il d\u00e9croche son dipl\u00f4me. Mais l\u2019histoire ne s\u2019arr\u00eate pas \u00e0 ces honneurs. C\u2019est en 2024 que Marvin change de dimension.<\/span><\/p>\n<p><img loading=\"lazy\" decoding=\"async\" class=\"aligncenter size-medium wp-image-2090\" src=\"https:\/\/voxsahel.com\/wp-content\/uploads\/2025\/06\/IMG_1776-300x200.jpeg\" alt=\"\" width=\"300\" height=\"200\" srcset=\"https:\/\/voxsahel.com\/wp-content\/uploads\/2025\/06\/IMG_1776-300x200.jpeg 300w, https:\/\/voxsahel.com\/wp-content\/uploads\/2025\/06\/IMG_1776-768x512.jpeg 768w, https:\/\/voxsahel.com\/wp-content\/uploads\/2025\/06\/IMG_1776-610x407.jpeg 610w, https:\/\/voxsahel.com\/wp-content\/uploads\/2025\/06\/IMG_1776.jpeg 787w\" sizes=\"(max-width: 300px) 100vw, 300px\" \/><\/p>\n<p class=\"p1\"><span class=\"s1\">Lors des <\/span><span class=\"s3\">essais olympiques canadiens<\/span><span class=\"s1\">, il s\u2019impose doublement en or au saut en longueur, <\/span><span class=\"s3\">en salle puis en ext\u00e9rieur<\/span><span class=\"s1\">, tout en glanant un <\/span><span class=\"s3\">titre national en salle au triple saut<\/span><span class=\"s1\"> et une m\u00e9daille de bronze en ext\u00e9rieur. Il devient <\/span><span class=\"s3\">champion de la Ligue canadienne d\u2019athl\u00e9tisme<\/span><span class=\"s1\">, ajoutant \u00e0 son palmar\u00e8s une dimension professionnelle. Une progression marqu\u00e9e par un m\u00e9lange rare : puissance technique, discipline quotidienne et strat\u00e9gie de carri\u00e8re.<\/span><\/p>\n<p class=\"p1\"><strong><span class=\"s3\">Un athl\u00e8te-entraineur, ancr\u00e9 dans la science du sport<\/span><\/strong><\/p>\n<p class=\"p1\"><span class=\"s1\">Mais Zongo ne saute pas qu\u2019avec ses jambes \u2014 il bondit aussi avec son esprit. En 2023, il obtient une certification am\u00e9ricaine de coach en force et conditionnement (Institute Sport Science Association) et se sp\u00e9cialise en nutrition. Il devient <\/span><span class=\"s3\">assistant-entra\u00eeneur de l\u2019\u00e9quipe universitaire<\/span><span class=\"s1\"> qui l\u2019a form\u00e9. Dans les faits, il est autant un guide pour la rel\u00e8ve qu\u2019un \u00e9tudiant du mouvement humain, qu\u2019il diss\u00e8que avec une pr\u00e9cision chirurgicale.<\/span><\/p>\n<p class=\"p1\"><span class=\"s1\">Son approche scientifique du sport, sa connaissance de la biom\u00e9canique, de la nutrition, de la pr\u00e9paration mentale en font un <\/span><span class=\"s3\">athl\u00e8te-architecte<\/span><span class=\"s1\"> de sa propre progression. \u00ab\u202fJe veux b\u00e2tir quelque chose de durable, o\u00f9 chaque d\u00e9tail compte \u00bb, confie-t-il dans un entretien confidentiel.<\/span><\/p>\n<p class=\"p1\"><strong><span class=\"s3\"><img loading=\"lazy\" decoding=\"async\" class=\"aligncenter size-medium wp-image-2091\" src=\"https:\/\/voxsahel.com\/wp-content\/uploads\/2025\/06\/IMG_1777-300x200.jpeg\" alt=\"\" width=\"300\" height=\"200\" \/><br \/>\n2025 : une ann\u00e9e charni\u00e8re, les yeux riv\u00e9s sur Tokyo<\/span><\/strong><\/p>\n<p class=\"p1\"><span class=\"s1\">Marvin ne le cache pas : <\/span><span class=\"s3\">les Jeux olympiques sont un r\u00eave qui prend forme<\/span><span class=\"s1\">. Mais il refuse de se pr\u00e9cipiter. Son objectif imm\u00e9diat est clair : <\/span><span class=\"s3\">maintenir un haut niveau de performance, conqu\u00e9rir le titre national ext\u00e9rieur<\/span><span class=\"s1\">, et surtout, <\/span><span class=\"s3\">atteindre les minima pour les Mondiaux de Tokyo<\/span><span class=\"s1\">. Ce plan repose sur une gestion m\u00e9ticuleuse de son corps, un encadrement de haut niveau \u2014 auquel il aspire avec le soutien potentiel du <\/span><span class=\"s3\">Comit\u00e9 olympique<\/span><span class=\"s1\"> et du <\/span><span class=\"s3\">minist\u00e8re des Sports<\/span><span class=\"s1\">.<\/span><\/p>\n<p class=\"p1\"><span class=\"s1\">Son profil, justement, semble taill\u00e9 pour attirer ce soutien : mature, m\u00e9thodique, charismatique, il incarne une nouvelle g\u00e9n\u00e9ration d\u2019athl\u00e8tes qui <\/span><span class=\"s3\">pensent autant qu\u2019ils performent<\/span><span class=\"s1\">. Dans un Canada \u00e0 la recherche de figures de proue \u00e0 forte r\u00e9sonance multiculturelle et \u00e0 haute valeur symbolique, Marvin pourrait bien devenir une <\/span><span class=\"s3\">figure de proue du sport canadien<\/span><span class=\"s1\">, sans jamais renier ses racines africaines.<\/span><\/p>\n<p>&nbsp;<\/p>\n<p class=\"p1\"><span class=\"s3\"><img loading=\"lazy\" decoding=\"async\" class=\"aligncenter size-medium wp-image-2092\" src=\"https:\/\/voxsahel.com\/wp-content\/uploads\/2025\/06\/IMG_1778-300x201.jpeg\" alt=\"\" width=\"300\" height=\"201\" srcset=\"https:\/\/voxsahel.com\/wp-content\/uploads\/2025\/06\/IMG_1778-300x201.jpeg 300w, https:\/\/voxsahel.com\/wp-content\/uploads\/2025\/06\/IMG_1778-1024x685.jpeg 1024w, https:\/\/voxsahel.com\/wp-content\/uploads\/2025\/06\/IMG_1778-768x514.jpeg 768w, https:\/\/voxsahel.com\/wp-content\/uploads\/2025\/06\/IMG_1778-1080x722.jpeg 1080w, https:\/\/voxsahel.com\/wp-content\/uploads\/2025\/06\/IMG_1778-610x408.jpeg 610w, https:\/\/voxsahel.com\/wp-content\/uploads\/2025\/06\/IMG_1778.jpeg 1440w\" sizes=\"(max-width: 300px) 100vw, 300px\" \/><br \/>\n<strong>\u00ab Rien n\u2019est laiss\u00e9 au hasard \u00bb<\/strong><\/span><\/p>\n<p class=\"p1\"><span class=\"s1\">Ce qui frappe, chez Marvin, ce n\u2019est pas seulement la performance \u2014 c\u2019est la m\u00e9thode. Rien n\u2019est improvis\u00e9. Chaque entra\u00eenement, chaque r\u00e9cup\u00e9ration, chaque prise de parole publique s\u2019inscrit dans une strat\u00e9gie patiente et rigoureuse. Loin de l\u2019esbroufe des r\u00e9seaux sociaux, il avance \u00e0 pas feutr\u00e9s, mais fermes. Et comme au saut en longueur, c\u2019est dans l\u2019\u00e9lan invisible que se dessine souvent le saut d\u00e9cisif.<\/span><\/p>\n<p class=\"p1\"><span class=\"s3\">Marvin Fabrice Zongo<\/span><span class=\"s1\"> est d\u00e9j\u00e0 bien plus qu\u2019un espoir. Il est la preuve que l\u2019excellence ne conna\u00eet ni fronti\u00e8res, ni raccourcis. Un nom \u00e0 suivre, un destin en cours de construction. Un athl\u00e8te de l\u2019ombre pr\u00eat \u00e0 \u00e9clater \u00e0 la lumi\u00e8re.<\/span><\/p>\n<p style=\"text-align: right;\"><strong>Par Vox Sahel<\/strong><\/p>\n","protected":false},"excerpt":{"rendered":"<p>Parcours d\u2019un prodige de l\u2019athl\u00e9tisme entre deux mondes S\u2019il fallait incarner la t\u00e9nacit\u00e9, l\u2019intelligence sportive<\/p>\n","protected":false},"author":2,"featured_media":2086,"comment_status":"open","ping_status":"open","sticky":false,"template":"","format":"standard","meta":{"_et_pb_use_builder":"","_et_pb_old_content":"","_et_gb_content_width":"","footnotes":""},"categories":[12],"tags":[565,18,659,567,794,793,34,795],"class_list":["post-2085","post","type-post","status-publish","format-standard","has-post-thumbnail","hentry","category-sports","tag-athletisme","tag-burkina-faso","tag-canada","tag-hugues-fabrice-zango","tag-jeux-olympiques","tag-marvin-fabrice-zongo","tag-sport","tag-tokyo"],"yoast_head":"<!-- This site is optimized with the Yoast SEO plugin v27.5 - https:\/\/yoast.com\/product\/yoast-seo-wordpress\/ -->\n<title>Portrait\/Marvin Fabrice Zongo : Le saut de la foi d\u2019un athl\u00e8te en qu\u00eate d\u2019olympe - Vox Sahel<\/title>\n<meta name=\"robots\" content=\"index, follow, max-snippet:-1, max-image-preview:large, max-video-preview:-1\" \/>\n<link rel=\"canonical\" href=\"https:\/\/voxsahel.com\/?p=2085\" \/>\n<meta property=\"og:locale\" content=\"fr_FR\" \/>\n<meta property=\"og:type\" content=\"article\" \/>\n<meta property=\"og:title\" content=\"Portrait\/Marvin Fabrice Zongo : Le saut de la foi d\u2019un athl\u00e8te en qu\u00eate d\u2019olympe - Vox Sahel\" \/>\n<meta property=\"og:description\" content=\"Parcours d\u2019un prodige de l\u2019athl\u00e9tisme entre deux mondes S\u2019il fallait incarner la t\u00e9nacit\u00e9, l\u2019intelligence sportive\" \/>\n<meta property=\"og:url\" content=\"https:\/\/voxsahel.com\/?p=2085\" \/>\n<meta property=\"og:site_name\" content=\"Vox Sahel\" \/>\n<meta property=\"article:publisher\" content=\"https:\/\/www.facebook.com\/journal.voxsahel\" \/>\n<meta property=\"article:published_time\" content=\"2025-06-04T12:53:43+00:00\" \/>\n<meta property=\"article:modified_time\" content=\"2025-06-04T12:57:10+00:00\" \/>\n<meta property=\"og:image\" content=\"https:\/\/voxsahel.com\/wp-content\/uploads\/2025\/06\/IMG_1357.jpeg\" \/>\n\t<meta property=\"og:image:width\" content=\"1440\" \/>\n\t<meta property=\"og:image:height\" content=\"963\" \/>\n\t<meta property=\"og:image:type\" content=\"image\/jpeg\" \/>\n<meta name=\"author\" content=\"Vox Sahel\" \/>\n<meta name=\"twitter:card\" content=\"summary_large_image\" \/>\n<meta name=\"twitter:label1\" content=\"\u00c9crit par\" \/>\n\t<meta name=\"twitter:data1\" content=\"Vox Sahel\" \/>\n\t<meta name=\"twitter:label2\" content=\"Dur\u00e9e de lecture estim\u00e9e\" \/>\n\t<meta name=\"twitter:data2\" content=\"5 minutes\" \/>\n<script type=\"application\/ld+json\" class=\"yoast-schema-graph\">{\"@context\":\"https:\\\/\\\/schema.org\",\"@graph\":[{\"@type\":\"Article\",\"@id\":\"https:\\\/\\\/voxsahel.com\\\/?p=2085#article\",\"isPartOf\":{\"@id\":\"https:\\\/\\\/voxsahel.com\\\/?p=2085\"},\"author\":{\"name\":\"Vox Sahel\",\"@id\":\"https:\\\/\\\/voxsahel.com\\\/#\\\/schema\\\/person\\\/b4043608248f8fa227cd760e7ff1e19e\"},\"headline\":\"Portrait\\\/Marvin Fabrice Zongo : Le saut de la foi d\u2019un athl\u00e8te en qu\u00eate d\u2019olympe\",\"datePublished\":\"2025-06-04T12:53:43+00:00\",\"dateModified\":\"2025-06-04T12:57:10+00:00\",\"mainEntityOfPage\":{\"@id\":\"https:\\\/\\\/voxsahel.com\\\/?p=2085\"},\"wordCount\":789,\"commentCount\":0,\"publisher\":{\"@id\":\"https:\\\/\\\/voxsahel.com\\\/#organization\"},\"image\":{\"@id\":\"https:\\\/\\\/voxsahel.com\\\/?p=2085#primaryimage\"},\"thumbnailUrl\":\"https:\\\/\\\/voxsahel.com\\\/wp-content\\\/uploads\\\/2025\\\/06\\\/IMG_1357.jpeg\",\"keywords\":[\"Athl\u00e9tisme\",\"Burkina Faso\",\"Canada\",\"Hugues Fabrice Zango\",\"Jeux olympiques\",\"Marvin Fabrice Zongo\",\"Sport\",\"Tokyo\"],\"articleSection\":[\"SPORTS\"],\"inLanguage\":\"fr-FR\",\"potentialAction\":[{\"@type\":\"CommentAction\",\"name\":\"Comment\",\"target\":[\"https:\\\/\\\/voxsahel.com\\\/?p=2085#respond\"]}]},{\"@type\":\"WebPage\",\"@id\":\"https:\\\/\\\/voxsahel.com\\\/?p=2085\",\"url\":\"https:\\\/\\\/voxsahel.com\\\/?p=2085\",\"name\":\"Portrait\\\/Marvin Fabrice Zongo : Le saut de la foi d\u2019un athl\u00e8te en qu\u00eate d\u2019olympe - Vox Sahel\",\"isPartOf\":{\"@id\":\"https:\\\/\\\/voxsahel.com\\\/#website\"},\"primaryImageOfPage\":{\"@id\":\"https:\\\/\\\/voxsahel.com\\\/?p=2085#primaryimage\"},\"image\":{\"@id\":\"https:\\\/\\\/voxsahel.com\\\/?p=2085#primaryimage\"},\"thumbnailUrl\":\"https:\\\/\\\/voxsahel.com\\\/wp-content\\\/uploads\\\/2025\\\/06\\\/IMG_1357.jpeg\",\"datePublished\":\"2025-06-04T12:53:43+00:00\",\"dateModified\":\"2025-06-04T12:57:10+00:00\",\"breadcrumb\":{\"@id\":\"https:\\\/\\\/voxsahel.com\\\/?p=2085#breadcrumb\"},\"inLanguage\":\"fr-FR\",\"potentialAction\":[{\"@type\":\"ReadAction\",\"target\":[\"https:\\\/\\\/voxsahel.com\\\/?p=2085\"]}]},{\"@type\":\"ImageObject\",\"inLanguage\":\"fr-FR\",\"@id\":\"https:\\\/\\\/voxsahel.com\\\/?p=2085#primaryimage\",\"url\":\"https:\\\/\\\/voxsahel.com\\\/wp-content\\\/uploads\\\/2025\\\/06\\\/IMG_1357.jpeg\",\"contentUrl\":\"https:\\\/\\\/voxsahel.com\\\/wp-content\\\/uploads\\\/2025\\\/06\\\/IMG_1357.jpeg\",\"width\":1440,\"height\":963},{\"@type\":\"BreadcrumbList\",\"@id\":\"https:\\\/\\\/voxsahel.com\\\/?p=2085#breadcrumb\",\"itemListElement\":[{\"@type\":\"ListItem\",\"position\":1,\"name\":\"Home\",\"item\":\"https:\\\/\\\/voxsahel.com\\\/\"},{\"@type\":\"ListItem\",\"position\":2,\"name\":\"Portrait\\\/Marvin Fabrice Zongo : Le saut de la foi d\u2019un athl\u00e8te en qu\u00eate d\u2019olympe\"}]},{\"@type\":\"WebSite\",\"@id\":\"https:\\\/\\\/voxsahel.com\\\/#website\",\"url\":\"https:\\\/\\\/voxsahel.com\\\/\",\"name\":\"Vox Sahel\",\"description\":\"Informez-vous sur le Sahel en un clic\",\"publisher\":{\"@id\":\"https:\\\/\\\/voxsahel.com\\\/#organization\"},\"potentialAction\":[{\"@type\":\"SearchAction\",\"target\":{\"@type\":\"EntryPoint\",\"urlTemplate\":\"https:\\\/\\\/voxsahel.com\\\/?s={search_term_string}\"},\"query-input\":{\"@type\":\"PropertyValueSpecification\",\"valueRequired\":true,\"valueName\":\"search_term_string\"}}],\"inLanguage\":\"fr-FR\"},{\"@type\":\"Organization\",\"@id\":\"https:\\\/\\\/voxsahel.com\\\/#organization\",\"name\":\"Vox Sahel\",\"url\":\"https:\\\/\\\/voxsahel.com\\\/\",\"logo\":{\"@type\":\"ImageObject\",\"inLanguage\":\"fr-FR\",\"@id\":\"https:\\\/\\\/voxsahel.com\\\/#\\\/schema\\\/logo\\\/image\\\/\",\"url\":\"https:\\\/\\\/voxsahel.com\\\/wp-content\\\/uploads\\\/2024\\\/09\\\/Logo-Vox-Sahel.jpg\",\"contentUrl\":\"https:\\\/\\\/voxsahel.com\\\/wp-content\\\/uploads\\\/2024\\\/09\\\/Logo-Vox-Sahel.jpg\",\"width\":1181,\"height\":848,\"caption\":\"Vox Sahel\"},\"image\":{\"@id\":\"https:\\\/\\\/voxsahel.com\\\/#\\\/schema\\\/logo\\\/image\\\/\"},\"sameAs\":[\"https:\\\/\\\/www.facebook.com\\\/journal.voxsahel\"]},{\"@type\":\"Person\",\"@id\":\"https:\\\/\\\/voxsahel.com\\\/#\\\/schema\\\/person\\\/b4043608248f8fa227cd760e7ff1e19e\",\"name\":\"Vox Sahel\",\"image\":{\"@type\":\"ImageObject\",\"inLanguage\":\"fr-FR\",\"@id\":\"https:\\\/\\\/secure.gravatar.com\\\/avatar\\\/f70e7fa0cb9b29d4a7c5788d6eb2e9ab4d3135cbae1c9161810fdf77a8964699?s=96&d=mm&r=g\",\"url\":\"https:\\\/\\\/secure.gravatar.com\\\/avatar\\\/f70e7fa0cb9b29d4a7c5788d6eb2e9ab4d3135cbae1c9161810fdf77a8964699?s=96&d=mm&r=g\",\"contentUrl\":\"https:\\\/\\\/secure.gravatar.com\\\/avatar\\\/f70e7fa0cb9b29d4a7c5788d6eb2e9ab4d3135cbae1c9161810fdf77a8964699?s=96&d=mm&r=g\",\"caption\":\"Vox Sahel\"},\"sameAs\":[\"http:\\\/\\\/www.voxsahel.com\"],\"url\":\"https:\\\/\\\/voxsahel.com\\\/?author=2\"}]}<\/script>\n<!-- \/ Yoast SEO plugin. -->","yoast_head_json":{"title":"Portrait\/Marvin Fabrice Zongo : Le saut de la foi d\u2019un athl\u00e8te en qu\u00eate d\u2019olympe - Vox Sahel","robots":{"index":"index","follow":"follow","max-snippet":"max-snippet:-1","max-image-preview":"max-image-preview:large","max-video-preview":"max-video-preview:-1"},"canonical":"https:\/\/voxsahel.com\/?p=2085","og_locale":"fr_FR","og_type":"article","og_title":"Portrait\/Marvin Fabrice Zongo : Le saut de la foi d\u2019un athl\u00e8te en qu\u00eate d\u2019olympe - Vox Sahel","og_description":"Parcours d\u2019un prodige de l\u2019athl\u00e9tisme entre deux mondes S\u2019il fallait incarner la t\u00e9nacit\u00e9, l\u2019intelligence sportive","og_url":"https:\/\/voxsahel.com\/?p=2085","og_site_name":"Vox Sahel","article_publisher":"https:\/\/www.facebook.com\/journal.voxsahel","article_published_time":"2025-06-04T12:53:43+00:00","article_modified_time":"2025-06-04T12:57:10+00:00","og_image":[{"width":1440,"height":963,"url":"https:\/\/voxsahel.com\/wp-content\/uploads\/2025\/06\/IMG_1357.jpeg","type":"image\/jpeg"}],"author":"Vox Sahel","twitter_card":"summary_large_image","twitter_misc":{"\u00c9crit par":"Vox Sahel","Dur\u00e9e de lecture estim\u00e9e":"5 minutes"},"schema":{"@context":"https:\/\/schema.org","@graph":[{"@type":"Article","@id":"https:\/\/voxsahel.com\/?p=2085#article","isPartOf":{"@id":"https:\/\/voxsahel.com\/?p=2085"},"author":{"name":"Vox Sahel","@id":"https:\/\/voxsahel.com\/#\/schema\/person\/b4043608248f8fa227cd760e7ff1e19e"},"headline":"Portrait\/Marvin Fabrice Zongo : Le saut de la foi d\u2019un athl\u00e8te en qu\u00eate d\u2019olympe","datePublished":"2025-06-04T12:53:43+00:00","dateModified":"2025-06-04T12:57:10+00:00","mainEntityOfPage":{"@id":"https:\/\/voxsahel.com\/?p=2085"},"wordCount":789,"commentCount":0,"publisher":{"@id":"https:\/\/voxsahel.com\/#organization"},"image":{"@id":"https:\/\/voxsahel.com\/?p=2085#primaryimage"},"thumbnailUrl":"https:\/\/voxsahel.com\/wp-content\/uploads\/2025\/06\/IMG_1357.jpeg","keywords":["Athl\u00e9tisme","Burkina Faso","Canada","Hugues Fabrice Zango","Jeux olympiques","Marvin Fabrice Zongo","Sport","Tokyo"],"articleSection":["SPORTS"],"inLanguage":"fr-FR","potentialAction":[{"@type":"CommentAction","name":"Comment","target":["https:\/\/voxsahel.com\/?p=2085#respond"]}]},{"@type":"WebPage","@id":"https:\/\/voxsahel.com\/?p=2085","url":"https:\/\/voxsahel.com\/?p=2085","name":"Portrait\/Marvin Fabrice Zongo : Le saut de la foi d\u2019un athl\u00e8te en qu\u00eate d\u2019olympe - Vox Sahel","isPartOf":{"@id":"https:\/\/voxsahel.com\/#website"},"primaryImageOfPage":{"@id":"https:\/\/voxsahel.com\/?p=2085#primaryimage"},"image":{"@id":"https:\/\/voxsahel.com\/?p=2085#primaryimage"},"thumbnailUrl":"https:\/\/voxsahel.com\/wp-content\/uploads\/2025\/06\/IMG_1357.jpeg","datePublished":"2025-06-04T12:53:43+00:00","dateModified":"2025-06-04T12:57:10+00:00","breadcrumb":{"@id":"https:\/\/voxsahel.com\/?p=2085#breadcrumb"},"inLanguage":"fr-FR","potentialAction":[{"@type":"ReadAction","target":["https:\/\/voxsahel.com\/?p=2085"]}]},{"@type":"ImageObject","inLanguage":"fr-FR","@id":"https:\/\/voxsahel.com\/?p=2085#primaryimage","url":"https:\/\/voxsahel.com\/wp-content\/uploads\/2025\/06\/IMG_1357.jpeg","contentUrl":"https:\/\/voxsahel.com\/wp-content\/uploads\/2025\/06\/IMG_1357.jpeg","width":1440,"height":963},{"@type":"BreadcrumbList","@id":"https:\/\/voxsahel.com\/?p=2085#breadcrumb","itemListElement":[{"@type":"ListItem","position":1,"name":"Home","item":"https:\/\/voxsahel.com\/"},{"@type":"ListItem","position":2,"name":"Portrait\/Marvin Fabrice Zongo : Le saut de la foi d\u2019un athl\u00e8te en qu\u00eate d\u2019olympe"}]},{"@type":"WebSite","@id":"https:\/\/voxsahel.com\/#website","url":"https:\/\/voxsahel.com\/","name":"Vox Sahel","description":"Informez-vous sur le Sahel en un clic","publisher":{"@id":"https:\/\/voxsahel.com\/#organization"},"potentialAction":[{"@type":"SearchAction","target":{"@type":"EntryPoint","urlTemplate":"https:\/\/voxsahel.com\/?s={search_term_string}"},"query-input":{"@type":"PropertyValueSpecification","valueRequired":true,"valueName":"search_term_string"}}],"inLanguage":"fr-FR"},{"@type":"Organization","@id":"https:\/\/voxsahel.com\/#organization","name":"Vox Sahel","url":"https:\/\/voxsahel.com\/","logo":{"@type":"ImageObject","inLanguage":"fr-FR","@id":"https:\/\/voxsahel.com\/#\/schema\/logo\/image\/","url":"https:\/\/voxsahel.com\/wp-content\/uploads\/2024\/09\/Logo-Vox-Sahel.jpg","contentUrl":"https:\/\/voxsahel.com\/wp-content\/uploads\/2024\/09\/Logo-Vox-Sahel.jpg","width":1181,"height":848,"caption":"Vox Sahel"},"image":{"@id":"https:\/\/voxsahel.com\/#\/schema\/logo\/image\/"},"sameAs":["https:\/\/www.facebook.com\/journal.voxsahel"]},{"@type":"Person","@id":"https:\/\/voxsahel.com\/#\/schema\/person\/b4043608248f8fa227cd760e7ff1e19e","name":"Vox Sahel","image":{"@type":"ImageObject","inLanguage":"fr-FR","@id":"https:\/\/secure.gravatar.com\/avatar\/f70e7fa0cb9b29d4a7c5788d6eb2e9ab4d3135cbae1c9161810fdf77a8964699?s=96&d=mm&r=g","url":"https:\/\/secure.gravatar.com\/avatar\/f70e7fa0cb9b29d4a7c5788d6eb2e9ab4d3135cbae1c9161810fdf77a8964699?s=96&d=mm&r=g","contentUrl":"https:\/\/secure.gravatar.com\/avatar\/f70e7fa0cb9b29d4a7c5788d6eb2e9ab4d3135cbae1c9161810fdf77a8964699?s=96&d=mm&r=g","caption":"Vox Sahel"},"sameAs":["http:\/\/www.voxsahel.com"],"url":"https:\/\/voxsahel.com\/?author=2"}]}},"_links":{"self":[{"href":"https:\/\/voxsahel.com\/index.php?rest_route=\/wp\/v2\/posts\/2085","targetHints":{"allow":["GET"]}}],"collection":[{"href":"https:\/\/voxsahel.com\/index.php?rest_route=\/wp\/v2\/posts"}],"about":[{"href":"https:\/\/voxsahel.com\/index.php?rest_route=\/wp\/v2\/types\/post"}],"author":[{"embeddable":true,"href":"https:\/\/voxsahel.com\/index.php?rest_route=\/wp\/v2\/users\/2"}],"replies":[{"embeddable":true,"href":"https:\/\/voxsahel.com\/index.php?rest_route=%2Fwp%2Fv2%2Fcomments&post=2085"}],"version-history":[{"count":4,"href":"https:\/\/voxsahel.com\/index.php?rest_route=\/wp\/v2\/posts\/2085\/revisions"}],"predecessor-version":[{"id":2094,"href":"https:\/\/voxsahel.com\/index.php?rest_route=\/wp\/v2\/posts\/2085\/revisions\/2094"}],"wp:featuredmedia":[{"embeddable":true,"href":"https:\/\/voxsahel.com\/index.php?rest_route=\/wp\/v2\/media\/2086"}],"wp:attachment":[{"href":"https:\/\/voxsahel.com\/index.php?rest_route=%2Fwp%2Fv2%2Fmedia&parent=2085"}],"wp:term":[{"taxonomy":"category","embeddable":true,"href":"https:\/\/voxsahel.com\/index.php?rest_route=%2Fwp%2Fv2%2Fcategories&post=2085"},{"taxonomy":"post_tag","embeddable":true,"href":"https:\/\/voxsahel.com\/index.php?rest_route=%2Fwp%2Fv2%2Ftags&post=2085"}],"curies":[{"name":"wp","href":"https:\/\/api.w.org\/{rel}","templated":true}]}}