{"id":2072,"date":"2025-05-29T21:55:07","date_gmt":"2025-05-29T21:55:07","guid":{"rendered":"https:\/\/voxsahel.com\/?p=2072"},"modified":"2025-05-29T21:55:07","modified_gmt":"2025-05-29T21:55:07","slug":"foire-aux-semences-de-varietes-ameliorees-ouagadougou-accueille-la-16e-edition","status":"publish","type":"post","link":"https:\/\/voxsahel.com\/?p=2072","title":{"rendered":"Foire aux semences de vari\u00e9t\u00e9s am\u00e9lior\u00e9es: Ouagadougou accueille la 16e \u00e9dition"},"content":{"rendered":"<p><strong>La 16e \u00e9dition de la Foire aux semences de vari\u00e9t\u00e9s am\u00e9lior\u00e9es de plantes se tiendra du 30 mai au 2 juin 2025 au si\u00e8ge de l\u2019Institut de l\u2019Environnement et de Recherches Agricoles (INERA) \u00e0 Ouagadougou. L\u2019annonce a \u00e9t\u00e9 faite ce jeudi 29 mai par le directeur g\u00e9n\u00e9ral de l\u2019INERA, Dr Drissa S\u00e9r\u00e9m\u00e9, lors d\u2019une conf\u00e9rence de presse.<\/strong><\/p>\n<p>Plac\u00e9e sous le haut patronage du Premier ministre, cette \u00e9dition b\u00e9n\u00e9ficie \u00e9galement du soutien du ministre en charge de l\u2019Enseignement sup\u00e9rieur, qui en assure la pr\u00e9sidence, du ministre de l\u2019Agriculture en tant que parrain, ainsi que des ministres de l\u2019Administration territoriale et de l\u2019Environnement, qui en sont les co-parrains. Le th\u00e8me retenu pour cette \u00e9dition est : \u00ab Contribution des r\u00e9sultats de la recherche \u00e0 la promotion de l&rsquo;entrepreneuriat agricole pour une souverainet\u00e9 alimentaire et nutritionnelle au Burkina Faso \u00bb.<\/p>\n<p>Ce th\u00e8me met en avant le r\u00f4le strat\u00e9gique de la recherche scientifique dans la modernisation de l\u2019agriculture, la s\u00e9curit\u00e9 alimentaire et la cr\u00e9ation d\u2019emplois \u00e0 travers l\u2019entrepreneuriat agricole. La foire vise \u00e0 promouvoir l\u2019utilisation des semences de vari\u00e9t\u00e9s am\u00e9lior\u00e9es, \u00e0 valoriser les r\u00e9sultats de la recherche agricole nationale, \u00e0 sensibiliser les acteurs du secteur sur leur impact positif sur la productivit\u00e9, \u00e0 renforcer leur accessibilit\u00e9, et \u00e0 cr\u00e9er un cadre d\u2019\u00e9changes pour encourager l\u2019innovation et la coop\u00e9ration entre producteurs, chercheurs, institutions et partenaires.<\/p>\n<p>Pendant quatre jours, les visiteurs auront l\u2019occasion de d\u00e9couvrir une large exposition de semences, de participer \u00e0 des rencontres d\u2019affaires, ainsi qu\u2019\u00e0 des communications scientifiques portant sur des enjeux majeurs comme le transfert de technologies agricoles, la viabilit\u00e9 des entreprises rurales, les besoins en accompagnement pour le d\u00e9veloppement de l\u2019agro-industrie, et le r\u00f4le des cultures mara\u00eech\u00e8res dans la s\u00e9curit\u00e9 alimentaire.<\/p>\n<p>Une des innovations majeures de cette \u00e9dition est l\u2019ouverture \u00e0 l\u2019international, avec la participation annonc\u00e9e de plusieurs pays \u00e9trangers, notamment les \u00c9tats membres de l\u2019Alliance des \u00c9tats du Sahel (AES), le Tchad, ainsi que d\u2019autres partenaires techniques et financiers. Cette dimension r\u00e9gionale vise \u00e0 favoriser le partage d\u2019exp\u00e9riences et \u00e0 renforcer les collaborations dans le domaine de la recherche agricole.<\/p>\n<p>Des prix seront \u00e9galement remis afin de r\u00e9compenser les efforts et les innovations dans le domaine des semences et de la transformation agricole.\u00ab La foire est un cadre de rencontres, d\u2019\u00e9changes et d\u2019opportunit\u00e9s pour l\u2019ensemble des acteurs du monde agricole. Nous invitons vivement la population \u00e0 y participer massivement afin de soutenir nos chercheurs et faire avancer la recherche agricole \u00bb, a conclu Dr Drissa S\u00e9r\u00e9m\u00e9.<\/p>\n<p style=\"text-align: right;\"><strong>Par Amir BAKO<\/strong><\/p>\n","protected":false},"excerpt":{"rendered":"<p>La 16e \u00e9dition de la Foire aux semences de vari\u00e9t\u00e9s am\u00e9lior\u00e9es de plantes se tiendra<\/p>\n","protected":false},"author":2,"featured_media":2073,"comment_status":"open","ping_status":"open","sticky":false,"template":"","format":"standard","meta":{"_et_pb_use_builder":"","_et_pb_old_content":"","_et_gb_content_width":"","footnotes":""},"categories":[1],"tags":[81,18,782],"class_list":["post-2072","post","type-post","status-publish","format-standard","has-post-thumbnail","hentry","category-faits-divers","tag-agriculture","tag-burkina-faso","tag-foire-aux-semences-de-varietes-ameliorees"],"yoast_head":"<!-- This site is optimized with the Yoast SEO plugin v27.5 - https:\/\/yoast.com\/product\/yoast-seo-wordpress\/ -->\n<title>Foire aux semences de vari\u00e9t\u00e9s am\u00e9lior\u00e9es: Ouagadougou accueille la 16e \u00e9dition - Vox Sahel<\/title>\n<meta name=\"robots\" content=\"index, follow, max-snippet:-1, max-image-preview:large, max-video-preview:-1\" \/>\n<link rel=\"canonical\" href=\"https:\/\/voxsahel.com\/?p=2072\" \/>\n<meta property=\"og:locale\" content=\"fr_FR\" \/>\n<meta property=\"og:type\" content=\"article\" \/>\n<meta property=\"og:title\" content=\"Foire aux semences de vari\u00e9t\u00e9s am\u00e9lior\u00e9es: Ouagadougou accueille la 16e \u00e9dition - Vox Sahel\" \/>\n<meta property=\"og:description\" content=\"La 16e \u00e9dition de la Foire aux semences de vari\u00e9t\u00e9s am\u00e9lior\u00e9es de plantes se tiendra\" \/>\n<meta property=\"og:url\" content=\"https:\/\/voxsahel.com\/?p=2072\" \/>\n<meta property=\"og:site_name\" content=\"Vox Sahel\" \/>\n<meta property=\"article:publisher\" content=\"https:\/\/www.facebook.com\/journal.voxsahel\" \/>\n<meta property=\"article:published_time\" content=\"2025-05-29T21:55:07+00:00\" \/>\n<meta property=\"og:image\" content=\"https:\/\/voxsahel.com\/wp-content\/uploads\/2025\/05\/WhatsApp-Image-2025-05-29-at-19.35.58.jpeg\" \/>\n\t<meta property=\"og:image:width\" content=\"1072\" \/>\n\t<meta property=\"og:image:height\" content=\"712\" \/>\n\t<meta property=\"og:image:type\" content=\"image\/jpeg\" \/>\n<meta name=\"author\" content=\"Vox Sahel\" \/>\n<meta name=\"twitter:card\" content=\"summary_large_image\" \/>\n<meta name=\"twitter:label1\" content=\"\u00c9crit par\" \/>\n\t<meta name=\"twitter:data1\" content=\"Vox Sahel\" \/>\n\t<meta name=\"twitter:label2\" content=\"Dur\u00e9e de lecture estim\u00e9e\" \/>\n\t<meta name=\"twitter:data2\" content=\"3 minutes\" \/>\n<script type=\"application\/ld+json\" class=\"yoast-schema-graph\">{\"@context\":\"https:\\\/\\\/schema.org\",\"@graph\":[{\"@type\":\"Article\",\"@id\":\"https:\\\/\\\/voxsahel.com\\\/?p=2072#article\",\"isPartOf\":{\"@id\":\"https:\\\/\\\/voxsahel.com\\\/?p=2072\"},\"author\":{\"name\":\"Vox Sahel\",\"@id\":\"https:\\\/\\\/voxsahel.com\\\/#\\\/schema\\\/person\\\/b4043608248f8fa227cd760e7ff1e19e\"},\"headline\":\"Foire aux semences de vari\u00e9t\u00e9s am\u00e9lior\u00e9es: Ouagadougou accueille la 16e \u00e9dition\",\"datePublished\":\"2025-05-29T21:55:07+00:00\",\"mainEntityOfPage\":{\"@id\":\"https:\\\/\\\/voxsahel.com\\\/?p=2072\"},\"wordCount\":472,\"commentCount\":0,\"publisher\":{\"@id\":\"https:\\\/\\\/voxsahel.com\\\/#organization\"},\"image\":{\"@id\":\"https:\\\/\\\/voxsahel.com\\\/?p=2072#primaryimage\"},\"thumbnailUrl\":\"https:\\\/\\\/voxsahel.com\\\/wp-content\\\/uploads\\\/2025\\\/05\\\/WhatsApp-Image-2025-05-29-at-19.35.58.jpeg\",\"keywords\":[\"Agriculture\",\"Burkina Faso\",\"Foire aux semences de vari\u00e9t\u00e9s am\u00e9lior\u00e9es\"],\"articleSection\":[\"FAITS DIVERS\"],\"inLanguage\":\"fr-FR\",\"potentialAction\":[{\"@type\":\"CommentAction\",\"name\":\"Comment\",\"target\":[\"https:\\\/\\\/voxsahel.com\\\/?p=2072#respond\"]}]},{\"@type\":\"WebPage\",\"@id\":\"https:\\\/\\\/voxsahel.com\\\/?p=2072\",\"url\":\"https:\\\/\\\/voxsahel.com\\\/?p=2072\",\"name\":\"Foire aux semences de vari\u00e9t\u00e9s am\u00e9lior\u00e9es: Ouagadougou accueille la 16e \u00e9dition - Vox Sahel\",\"isPartOf\":{\"@id\":\"https:\\\/\\\/voxsahel.com\\\/#website\"},\"primaryImageOfPage\":{\"@id\":\"https:\\\/\\\/voxsahel.com\\\/?p=2072#primaryimage\"},\"image\":{\"@id\":\"https:\\\/\\\/voxsahel.com\\\/?p=2072#primaryimage\"},\"thumbnailUrl\":\"https:\\\/\\\/voxsahel.com\\\/wp-content\\\/uploads\\\/2025\\\/05\\\/WhatsApp-Image-2025-05-29-at-19.35.58.jpeg\",\"datePublished\":\"2025-05-29T21:55:07+00:00\",\"breadcrumb\":{\"@id\":\"https:\\\/\\\/voxsahel.com\\\/?p=2072#breadcrumb\"},\"inLanguage\":\"fr-FR\",\"potentialAction\":[{\"@type\":\"ReadAction\",\"target\":[\"https:\\\/\\\/voxsahel.com\\\/?p=2072\"]}]},{\"@type\":\"ImageObject\",\"inLanguage\":\"fr-FR\",\"@id\":\"https:\\\/\\\/voxsahel.com\\\/?p=2072#primaryimage\",\"url\":\"https:\\\/\\\/voxsahel.com\\\/wp-content\\\/uploads\\\/2025\\\/05\\\/WhatsApp-Image-2025-05-29-at-19.35.58.jpeg\",\"contentUrl\":\"https:\\\/\\\/voxsahel.com\\\/wp-content\\\/uploads\\\/2025\\\/05\\\/WhatsApp-Image-2025-05-29-at-19.35.58.jpeg\",\"width\":1072,\"height\":712,\"caption\":\"Les animateurs de la conf\u00e9rence de presse\"},{\"@type\":\"BreadcrumbList\",\"@id\":\"https:\\\/\\\/voxsahel.com\\\/?p=2072#breadcrumb\",\"itemListElement\":[{\"@type\":\"ListItem\",\"position\":1,\"name\":\"Home\",\"item\":\"https:\\\/\\\/voxsahel.com\\\/\"},{\"@type\":\"ListItem\",\"position\":2,\"name\":\"Foire aux semences de vari\u00e9t\u00e9s am\u00e9lior\u00e9es: Ouagadougou accueille la 16e \u00e9dition\"}]},{\"@type\":\"WebSite\",\"@id\":\"https:\\\/\\\/voxsahel.com\\\/#website\",\"url\":\"https:\\\/\\\/voxsahel.com\\\/\",\"name\":\"Vox Sahel\",\"description\":\"Informez-vous sur le Sahel en un clic\",\"publisher\":{\"@id\":\"https:\\\/\\\/voxsahel.com\\\/#organization\"},\"potentialAction\":[{\"@type\":\"SearchAction\",\"target\":{\"@type\":\"EntryPoint\",\"urlTemplate\":\"https:\\\/\\\/voxsahel.com\\\/?s={search_term_string}\"},\"query-input\":{\"@type\":\"PropertyValueSpecification\",\"valueRequired\":true,\"valueName\":\"search_term_string\"}}],\"inLanguage\":\"fr-FR\"},{\"@type\":\"Organization\",\"@id\":\"https:\\\/\\\/voxsahel.com\\\/#organization\",\"name\":\"Vox Sahel\",\"url\":\"https:\\\/\\\/voxsahel.com\\\/\",\"logo\":{\"@type\":\"ImageObject\",\"inLanguage\":\"fr-FR\",\"@id\":\"https:\\\/\\\/voxsahel.com\\\/#\\\/schema\\\/logo\\\/image\\\/\",\"url\":\"https:\\\/\\\/voxsahel.com\\\/wp-content\\\/uploads\\\/2024\\\/09\\\/Logo-Vox-Sahel.jpg\",\"contentUrl\":\"https:\\\/\\\/voxsahel.com\\\/wp-content\\\/uploads\\\/2024\\\/09\\\/Logo-Vox-Sahel.jpg\",\"width\":1181,\"height\":848,\"caption\":\"Vox Sahel\"},\"image\":{\"@id\":\"https:\\\/\\\/voxsahel.com\\\/#\\\/schema\\\/logo\\\/image\\\/\"},\"sameAs\":[\"https:\\\/\\\/www.facebook.com\\\/journal.voxsahel\"]},{\"@type\":\"Person\",\"@id\":\"https:\\\/\\\/voxsahel.com\\\/#\\\/schema\\\/person\\\/b4043608248f8fa227cd760e7ff1e19e\",\"name\":\"Vox Sahel\",\"image\":{\"@type\":\"ImageObject\",\"inLanguage\":\"fr-FR\",\"@id\":\"https:\\\/\\\/secure.gravatar.com\\\/avatar\\\/f70e7fa0cb9b29d4a7c5788d6eb2e9ab4d3135cbae1c9161810fdf77a8964699?s=96&d=mm&r=g\",\"url\":\"https:\\\/\\\/secure.gravatar.com\\\/avatar\\\/f70e7fa0cb9b29d4a7c5788d6eb2e9ab4d3135cbae1c9161810fdf77a8964699?s=96&d=mm&r=g\",\"contentUrl\":\"https:\\\/\\\/secure.gravatar.com\\\/avatar\\\/f70e7fa0cb9b29d4a7c5788d6eb2e9ab4d3135cbae1c9161810fdf77a8964699?s=96&d=mm&r=g\",\"caption\":\"Vox Sahel\"},\"sameAs\":[\"http:\\\/\\\/www.voxsahel.com\"],\"url\":\"https:\\\/\\\/voxsahel.com\\\/?author=2\"}]}<\/script>\n<!-- \/ Yoast SEO plugin. -->","yoast_head_json":{"title":"Foire aux semences de vari\u00e9t\u00e9s am\u00e9lior\u00e9es: Ouagadougou accueille la 16e \u00e9dition - Vox Sahel","robots":{"index":"index","follow":"follow","max-snippet":"max-snippet:-1","max-image-preview":"max-image-preview:large","max-video-preview":"max-video-preview:-1"},"canonical":"https:\/\/voxsahel.com\/?p=2072","og_locale":"fr_FR","og_type":"article","og_title":"Foire aux semences de vari\u00e9t\u00e9s am\u00e9lior\u00e9es: Ouagadougou accueille la 16e \u00e9dition - Vox Sahel","og_description":"La 16e \u00e9dition de la Foire aux semences de vari\u00e9t\u00e9s am\u00e9lior\u00e9es de plantes se tiendra","og_url":"https:\/\/voxsahel.com\/?p=2072","og_site_name":"Vox Sahel","article_publisher":"https:\/\/www.facebook.com\/journal.voxsahel","article_published_time":"2025-05-29T21:55:07+00:00","og_image":[{"width":1072,"height":712,"url":"https:\/\/voxsahel.com\/wp-content\/uploads\/2025\/05\/WhatsApp-Image-2025-05-29-at-19.35.58.jpeg","type":"image\/jpeg"}],"author":"Vox Sahel","twitter_card":"summary_large_image","twitter_misc":{"\u00c9crit par":"Vox Sahel","Dur\u00e9e de lecture estim\u00e9e":"3 minutes"},"schema":{"@context":"https:\/\/schema.org","@graph":[{"@type":"Article","@id":"https:\/\/voxsahel.com\/?p=2072#article","isPartOf":{"@id":"https:\/\/voxsahel.com\/?p=2072"},"author":{"name":"Vox Sahel","@id":"https:\/\/voxsahel.com\/#\/schema\/person\/b4043608248f8fa227cd760e7ff1e19e"},"headline":"Foire aux semences de vari\u00e9t\u00e9s am\u00e9lior\u00e9es: Ouagadougou accueille la 16e \u00e9dition","datePublished":"2025-05-29T21:55:07+00:00","mainEntityOfPage":{"@id":"https:\/\/voxsahel.com\/?p=2072"},"wordCount":472,"commentCount":0,"publisher":{"@id":"https:\/\/voxsahel.com\/#organization"},"image":{"@id":"https:\/\/voxsahel.com\/?p=2072#primaryimage"},"thumbnailUrl":"https:\/\/voxsahel.com\/wp-content\/uploads\/2025\/05\/WhatsApp-Image-2025-05-29-at-19.35.58.jpeg","keywords":["Agriculture","Burkina Faso","Foire aux semences de vari\u00e9t\u00e9s am\u00e9lior\u00e9es"],"articleSection":["FAITS DIVERS"],"inLanguage":"fr-FR","potentialAction":[{"@type":"CommentAction","name":"Comment","target":["https:\/\/voxsahel.com\/?p=2072#respond"]}]},{"@type":"WebPage","@id":"https:\/\/voxsahel.com\/?p=2072","url":"https:\/\/voxsahel.com\/?p=2072","name":"Foire aux semences de vari\u00e9t\u00e9s am\u00e9lior\u00e9es: Ouagadougou accueille la 16e \u00e9dition - Vox Sahel","isPartOf":{"@id":"https:\/\/voxsahel.com\/#website"},"primaryImageOfPage":{"@id":"https:\/\/voxsahel.com\/?p=2072#primaryimage"},"image":{"@id":"https:\/\/voxsahel.com\/?p=2072#primaryimage"},"thumbnailUrl":"https:\/\/voxsahel.com\/wp-content\/uploads\/2025\/05\/WhatsApp-Image-2025-05-29-at-19.35.58.jpeg","datePublished":"2025-05-29T21:55:07+00:00","breadcrumb":{"@id":"https:\/\/voxsahel.com\/?p=2072#breadcrumb"},"inLanguage":"fr-FR","potentialAction":[{"@type":"ReadAction","target":["https:\/\/voxsahel.com\/?p=2072"]}]},{"@type":"ImageObject","inLanguage":"fr-FR","@id":"https:\/\/voxsahel.com\/?p=2072#primaryimage","url":"https:\/\/voxsahel.com\/wp-content\/uploads\/2025\/05\/WhatsApp-Image-2025-05-29-at-19.35.58.jpeg","contentUrl":"https:\/\/voxsahel.com\/wp-content\/uploads\/2025\/05\/WhatsApp-Image-2025-05-29-at-19.35.58.jpeg","width":1072,"height":712,"caption":"Les animateurs de la conf\u00e9rence de presse"},{"@type":"BreadcrumbList","@id":"https:\/\/voxsahel.com\/?p=2072#breadcrumb","itemListElement":[{"@type":"ListItem","position":1,"name":"Home","item":"https:\/\/voxsahel.com\/"},{"@type":"ListItem","position":2,"name":"Foire aux semences de vari\u00e9t\u00e9s am\u00e9lior\u00e9es: Ouagadougou accueille la 16e \u00e9dition"}]},{"@type":"WebSite","@id":"https:\/\/voxsahel.com\/#website","url":"https:\/\/voxsahel.com\/","name":"Vox Sahel","description":"Informez-vous sur le Sahel en un clic","publisher":{"@id":"https:\/\/voxsahel.com\/#organization"},"potentialAction":[{"@type":"SearchAction","target":{"@type":"EntryPoint","urlTemplate":"https:\/\/voxsahel.com\/?s={search_term_string}"},"query-input":{"@type":"PropertyValueSpecification","valueRequired":true,"valueName":"search_term_string"}}],"inLanguage":"fr-FR"},{"@type":"Organization","@id":"https:\/\/voxsahel.com\/#organization","name":"Vox Sahel","url":"https:\/\/voxsahel.com\/","logo":{"@type":"ImageObject","inLanguage":"fr-FR","@id":"https:\/\/voxsahel.com\/#\/schema\/logo\/image\/","url":"https:\/\/voxsahel.com\/wp-content\/uploads\/2024\/09\/Logo-Vox-Sahel.jpg","contentUrl":"https:\/\/voxsahel.com\/wp-content\/uploads\/2024\/09\/Logo-Vox-Sahel.jpg","width":1181,"height":848,"caption":"Vox Sahel"},"image":{"@id":"https:\/\/voxsahel.com\/#\/schema\/logo\/image\/"},"sameAs":["https:\/\/www.facebook.com\/journal.voxsahel"]},{"@type":"Person","@id":"https:\/\/voxsahel.com\/#\/schema\/person\/b4043608248f8fa227cd760e7ff1e19e","name":"Vox Sahel","image":{"@type":"ImageObject","inLanguage":"fr-FR","@id":"https:\/\/secure.gravatar.com\/avatar\/f70e7fa0cb9b29d4a7c5788d6eb2e9ab4d3135cbae1c9161810fdf77a8964699?s=96&d=mm&r=g","url":"https:\/\/secure.gravatar.com\/avatar\/f70e7fa0cb9b29d4a7c5788d6eb2e9ab4d3135cbae1c9161810fdf77a8964699?s=96&d=mm&r=g","contentUrl":"https:\/\/secure.gravatar.com\/avatar\/f70e7fa0cb9b29d4a7c5788d6eb2e9ab4d3135cbae1c9161810fdf77a8964699?s=96&d=mm&r=g","caption":"Vox Sahel"},"sameAs":["http:\/\/www.voxsahel.com"],"url":"https:\/\/voxsahel.com\/?author=2"}]}},"_links":{"self":[{"href":"https:\/\/voxsahel.com\/index.php?rest_route=\/wp\/v2\/posts\/2072","targetHints":{"allow":["GET"]}}],"collection":[{"href":"https:\/\/voxsahel.com\/index.php?rest_route=\/wp\/v2\/posts"}],"about":[{"href":"https:\/\/voxsahel.com\/index.php?rest_route=\/wp\/v2\/types\/post"}],"author":[{"embeddable":true,"href":"https:\/\/voxsahel.com\/index.php?rest_route=\/wp\/v2\/users\/2"}],"replies":[{"embeddable":true,"href":"https:\/\/voxsahel.com\/index.php?rest_route=%2Fwp%2Fv2%2Fcomments&post=2072"}],"version-history":[{"count":1,"href":"https:\/\/voxsahel.com\/index.php?rest_route=\/wp\/v2\/posts\/2072\/revisions"}],"predecessor-version":[{"id":2074,"href":"https:\/\/voxsahel.com\/index.php?rest_route=\/wp\/v2\/posts\/2072\/revisions\/2074"}],"wp:featuredmedia":[{"embeddable":true,"href":"https:\/\/voxsahel.com\/index.php?rest_route=\/wp\/v2\/media\/2073"}],"wp:attachment":[{"href":"https:\/\/voxsahel.com\/index.php?rest_route=%2Fwp%2Fv2%2Fmedia&parent=2072"}],"wp:term":[{"taxonomy":"category","embeddable":true,"href":"https:\/\/voxsahel.com\/index.php?rest_route=%2Fwp%2Fv2%2Fcategories&post=2072"},{"taxonomy":"post_tag","embeddable":true,"href":"https:\/\/voxsahel.com\/index.php?rest_route=%2Fwp%2Fv2%2Ftags&post=2072"}],"curies":[{"name":"wp","href":"https:\/\/api.w.org\/{rel}","templated":true}]}}