{"id":2055,"date":"2025-05-28T08:04:09","date_gmt":"2025-05-28T08:04:09","guid":{"rendered":"https:\/\/voxsahel.com\/?p=2055"},"modified":"2025-05-28T08:04:09","modified_gmt":"2025-05-28T08:04:09","slug":"election-presidentielle-en-cote-divoire-pascal-affi-nguessan-met-en-garde-contre-un-quatrieme-mandat-dalassane-ouattara","status":"publish","type":"post","link":"https:\/\/voxsahel.com\/?p=2055","title":{"rendered":"\u00c9lection pr\u00e9sidentielle en C\u00f4te d\u2019Ivoire : Pascal Affi N\u2019Guessan met en garde contre un quatri\u00e8me mandat d\u2019Alassane Ouattara"},"content":{"rendered":"<p class=\"p1\"><em><strong><span class=\"s1\">\u00ab ALASSANE OUATTARA DOIT SE RETIRER POUR QUE LA C\u00d4TE D\u2019IVOIRE RESPIRE \u00bb<\/span><\/strong><\/em><\/p>\n<p class=\"p1\"><span class=\"s1\">Pascal Affi N\u2019Guessan met en garde contre un quatri\u00e8me mandat d\u2019Alassane Ouattara<\/span><\/p>\n<p class=\"p3\"><span class=\"s2\">\u00c0 cinq mois d\u2019une \u00e9lection pr\u00e9sidentielle d\u00e9cisive, l\u2019opposition ivoirienne hausse le ton. Pascal Affi N\u2019Guessan, pr\u00e9sident du Front populaire ivoirien (FPI) et figure de premier plan de la sc\u00e8ne politique, a d\u00e9nonc\u00e9 dans une interview exclusive \u00e0 La D\u00e9p\u00eache Diplomatique Afrique ce qu\u2019il qualifie de \u00ab violation flagrante \u00bb de la Constitution par le pr\u00e9sident sortant Alassane Ouattara, tout en appelant \u00e0 une alternance politique v\u00e9ritable.<\/span><\/p>\n<p class=\"p3\"><span class=\"s3\">L\u2019ambigu\u00eft\u00e9 demeure \u00e0 Abidjan. Alors que le pr\u00e9sident Alassane Ouattara maintient le suspense sur une \u00e9ventuelle candidature \u00e0 un quatri\u00e8me mandat en octobre 2025, la tension politique remonte. Dans une d\u00e9claration sans concession, Pascal Affi N\u2019Guessan, ancien Premier ministre et chef de file du Front populaire ivoirien (FPI), a tir\u00e9 la sonnette d\u2019alarme. Pour lui, un nouveau mandat d\u2019Ouattara serait non seulement ill\u00e9gitime, mais constituerait \u00e9galement une d\u00e9rive grave pour la d\u00e9mocratie ivoirienne.<\/span><\/p>\n<p class=\"p3\"><span class=\"s3\">\u00ab Avoir viol\u00e9 la Constitution une premi\u00e8re fois ne donne pas le droit de la violer \u00e0 nouveau \u00bb, a-t-il affirm\u00e9 d\u2019un ton ferme.<\/span><\/p>\n<p class=\"p3\"><span class=\"s3\">Selon Affi N\u2019Guessan, la Constitution ivoirienne est explicite : nul ne peut diriger le pays au-del\u00e0 de dix ann\u00e9es cumul\u00e9es. Il estime donc que le pr\u00e9sident actuel se maintient au pouvoir \u00ab contre la Constitution \u00bb, qualifiant son mandat de \u00ab mandat ill\u00e9gal \u00bb. Cette d\u00e9claration, lourde de cons\u00e9quences, renvoie au pr\u00e9c\u00e9dent de 2020, lorsque la candidature controvers\u00e9e d\u2019Ouattara pour un troisi\u00e8me mandat avait d\u00e9clench\u00e9 des violences meurtri\u00e8res et raviv\u00e9 les plaies de la crise post-\u00e9lectorale de 2010.<\/span><\/p>\n<p class=\"p5\"><strong><span class=\"s4\">Un retour sur promesse ?<\/span><\/strong><\/p>\n<p class=\"p3\"><span class=\"s3\">L&rsquo;opposant rappelle qu\u2019en 2020, le chef de l\u2019\u00c9tat avait annonc\u00e9 son retrait de la vie politique, d\u00e9clarant vouloir passer le flambeau \u00e0 une nouvelle g\u00e9n\u00e9ration. Une d\u00e9cision annul\u00e9e apr\u00e8s le d\u00e9c\u00e8s brutal de son dauphin d\u00e9sign\u00e9, Amadou Gon Coulibaly, pr\u00e9sent\u00e9 \u00e0 l\u2019\u00e9poque comme un \u00ab cas de force majeure \u00bb.<\/span><\/p>\n<p class=\"p3\"><span class=\"s3\">Mais cette justification ne saurait, selon Affi, \u00eatre invoqu\u00e9e une nouvelle fois : <\/span><span class=\"s3\">\u00ab En 2025, il ne peut y avoir de cas de force majeure. Alassane Ouattara doit se retirer pour que la C\u00f4te d\u2019Ivoire respire. \u00bb<\/span><\/p>\n<p class=\"p3\"><span class=\"s3\">Pour le pr\u00e9sident du FPI, ce n\u2019est pas seulement le respect des textes qui est en jeu, mais l\u2019essence m\u00eame de la d\u00e9mocratie ivoirienne : l\u2019alternance. \u00ab Cela fait 15 ans que cela dure \u00bb, rappelle-t-il, pointant une usure du pouvoir et une volont\u00e9 de changement grandissante au sein de la population.<\/span><\/p>\n<p class=\"p3\"><span class=\"s3\">Malgr\u00e9 les clivages internes, Affi N\u2019Guessan se veut rassurant sur la capacit\u00e9 de l\u2019opposition \u00e0 faire front commun face au pouvoir en place. Interrog\u00e9 sur une \u00e9ventuelle fragmentation, il relativise : <\/span>\u00ab Ensemble, nous allons travailler \u00e0 imposer des conditions \u00e9lectorales satisfaisantes pour que l\u2019alternance soit possible. \u00bb<\/p>\n<p class=\"p3\"><span class=\"s3\">Il \u00e9voque un engagement collectif en faveur d\u2019un scrutin apais\u00e9 et cr\u00e9dible, condition sine qua non pour sortir la C\u00f4te d\u2019Ivoire d\u2019un cycle de tensions post-\u00e9lectorales devenu presque syst\u00e9matique.<\/span><\/p>\n<p class=\"p3\"><strong><span class=\"s5\">Une stabilit\u00e9 illusoire<\/span><\/strong><\/p>\n<p class=\"p3\"><span class=\"s3\">\u00c0 la rh\u00e9torique officielle d\u2019un pays stable, Affi N\u2019Guessan oppose une lecture plus nuanc\u00e9e. Il refuse l\u2019\u00e9quation entre stabilit\u00e9 et absence de conflit arm\u00e9 :<\/span><\/p>\n<p class=\"p3\"><span class=\"s3\">\u00ab La stabilit\u00e9, ce n\u2019est pas simplement l\u2019absence de guerre. C\u2019est l\u2019assainissement de la situation, l\u2019apaisement des tensions, tant \u00e0 l\u2019int\u00e9rieur qu\u2019avec nos voisins. \u00bb<\/span><\/p>\n<p class=\"p3\"><span class=\"s3\">Selon lui, la C\u00f4te d\u2019Ivoire vit dans une accalmie pr\u00e9caire, rythm\u00e9e par des accusations r\u00e9currentes de d\u00e9stabilisation et des tensions latentes. Un climat qui, \u00e0 ses yeux, pourrait basculer \u00e0 tout moment si des garanties d\u00e9mocratiques ne sont pas rapidement apport\u00e9es.<\/span><\/p>\n<p class=\"p3\"><span class=\"s5\">\u00c0 l\u2019approche du scrutin pr\u00e9sidentiel de 2025, la C\u00f4te d\u2019Ivoire semble donc \u00e0 la crois\u00e9e des chemins.<\/span><span class=\"s3\"> Entre les aspirations profondes \u00e0 une alternance d\u00e9mocratique et les incertitudes li\u00e9es aux intentions r\u00e9elles du pr\u00e9sident sortant, les prochains mois s\u2019annoncent d\u00e9cisifs pour l\u2019avenir politique du pays. Pascal Affi N\u2019Guessan, lui, a choisi son camp : celui du respect des textes, de la transparence \u00e9lectorale, et de la respiration d\u00e9mocratique.<\/span><\/p>\n","protected":false},"excerpt":{"rendered":"<p>\u00ab ALASSANE OUATTARA DOIT SE RETIRER POUR QUE LA C\u00d4TE D\u2019IVOIRE RESPIRE \u00bb Pascal Affi<\/p>\n","protected":false},"author":2,"featured_media":2057,"comment_status":"open","ping_status":"open","sticky":false,"template":"","format":"standard","meta":{"_et_pb_use_builder":"","_et_pb_old_content":"","_et_gb_content_width":"","footnotes":""},"categories":[15],"tags":[780,80,312,49,75],"class_list":["post-2055","post","type-post","status-publish","format-standard","has-post-thumbnail","hentry","category-international","tag-alassane-ouattara","tag-cote-divoire","tag-election-presidentielle","tag-geopolitique","tag-politique"],"yoast_head":"<!-- This site is optimized with the Yoast SEO plugin v27.5 - https:\/\/yoast.com\/product\/yoast-seo-wordpress\/ -->\n<title>\u00c9lection pr\u00e9sidentielle en C\u00f4te d\u2019Ivoire : Pascal Affi N\u2019Guessan met en garde contre un quatri\u00e8me mandat d\u2019Alassane Ouattara - Vox Sahel<\/title>\n<meta name=\"robots\" content=\"index, follow, max-snippet:-1, max-image-preview:large, max-video-preview:-1\" \/>\n<link rel=\"canonical\" href=\"https:\/\/voxsahel.com\/?p=2055\" \/>\n<meta property=\"og:locale\" content=\"fr_FR\" \/>\n<meta property=\"og:type\" content=\"article\" \/>\n<meta property=\"og:title\" content=\"\u00c9lection pr\u00e9sidentielle en C\u00f4te d\u2019Ivoire : Pascal Affi N\u2019Guessan met en garde contre un quatri\u00e8me mandat d\u2019Alassane Ouattara - Vox Sahel\" \/>\n<meta property=\"og:description\" content=\"\u00ab ALASSANE OUATTARA DOIT SE RETIRER POUR QUE LA C\u00d4TE D\u2019IVOIRE RESPIRE \u00bb Pascal Affi\" \/>\n<meta property=\"og:url\" content=\"https:\/\/voxsahel.com\/?p=2055\" \/>\n<meta property=\"og:site_name\" content=\"Vox Sahel\" \/>\n<meta property=\"article:publisher\" content=\"https:\/\/www.facebook.com\/journal.voxsahel\" \/>\n<meta property=\"article:published_time\" content=\"2025-05-28T08:04:09+00:00\" \/>\n<meta property=\"og:image\" content=\"https:\/\/voxsahel.com\/wp-content\/uploads\/2025\/05\/IMG_9141.jpeg\" \/>\n\t<meta property=\"og:image:width\" content=\"259\" \/>\n\t<meta property=\"og:image:height\" content=\"194\" \/>\n\t<meta property=\"og:image:type\" content=\"image\/jpeg\" \/>\n<meta name=\"author\" content=\"Vox Sahel\" \/>\n<meta name=\"twitter:card\" content=\"summary_large_image\" \/>\n<meta name=\"twitter:label1\" content=\"\u00c9crit par\" \/>\n\t<meta name=\"twitter:data1\" content=\"Vox Sahel\" \/>\n\t<meta name=\"twitter:label2\" content=\"Dur\u00e9e de lecture estim\u00e9e\" \/>\n\t<meta name=\"twitter:data2\" content=\"4 minutes\" \/>\n<script type=\"application\/ld+json\" class=\"yoast-schema-graph\">{\"@context\":\"https:\\\/\\\/schema.org\",\"@graph\":[{\"@type\":\"Article\",\"@id\":\"https:\\\/\\\/voxsahel.com\\\/?p=2055#article\",\"isPartOf\":{\"@id\":\"https:\\\/\\\/voxsahel.com\\\/?p=2055\"},\"author\":{\"name\":\"Vox Sahel\",\"@id\":\"https:\\\/\\\/voxsahel.com\\\/#\\\/schema\\\/person\\\/b4043608248f8fa227cd760e7ff1e19e\"},\"headline\":\"\u00c9lection pr\u00e9sidentielle en C\u00f4te d\u2019Ivoire : Pascal Affi N\u2019Guessan met en garde contre un quatri\u00e8me mandat d\u2019Alassane Ouattara\",\"datePublished\":\"2025-05-28T08:04:09+00:00\",\"mainEntityOfPage\":{\"@id\":\"https:\\\/\\\/voxsahel.com\\\/?p=2055\"},\"wordCount\":736,\"commentCount\":0,\"publisher\":{\"@id\":\"https:\\\/\\\/voxsahel.com\\\/#organization\"},\"image\":{\"@id\":\"https:\\\/\\\/voxsahel.com\\\/?p=2055#primaryimage\"},\"thumbnailUrl\":\"https:\\\/\\\/voxsahel.com\\\/wp-content\\\/uploads\\\/2025\\\/05\\\/IMG_9141.jpeg\",\"keywords\":[\"Alassane Ouattara\",\"C\u00f4te d\u2019Ivoire\",\"\u00c9lection pr\u00e9sidentielle\",\"G\u00e9opolitique\",\"Politique\"],\"articleSection\":[\"INTERNATIONAL\"],\"inLanguage\":\"fr-FR\",\"potentialAction\":[{\"@type\":\"CommentAction\",\"name\":\"Comment\",\"target\":[\"https:\\\/\\\/voxsahel.com\\\/?p=2055#respond\"]}]},{\"@type\":\"WebPage\",\"@id\":\"https:\\\/\\\/voxsahel.com\\\/?p=2055\",\"url\":\"https:\\\/\\\/voxsahel.com\\\/?p=2055\",\"name\":\"\u00c9lection pr\u00e9sidentielle en C\u00f4te d\u2019Ivoire : Pascal Affi N\u2019Guessan met en garde contre un quatri\u00e8me mandat d\u2019Alassane Ouattara - Vox Sahel\",\"isPartOf\":{\"@id\":\"https:\\\/\\\/voxsahel.com\\\/#website\"},\"primaryImageOfPage\":{\"@id\":\"https:\\\/\\\/voxsahel.com\\\/?p=2055#primaryimage\"},\"image\":{\"@id\":\"https:\\\/\\\/voxsahel.com\\\/?p=2055#primaryimage\"},\"thumbnailUrl\":\"https:\\\/\\\/voxsahel.com\\\/wp-content\\\/uploads\\\/2025\\\/05\\\/IMG_9141.jpeg\",\"datePublished\":\"2025-05-28T08:04:09+00:00\",\"breadcrumb\":{\"@id\":\"https:\\\/\\\/voxsahel.com\\\/?p=2055#breadcrumb\"},\"inLanguage\":\"fr-FR\",\"potentialAction\":[{\"@type\":\"ReadAction\",\"target\":[\"https:\\\/\\\/voxsahel.com\\\/?p=2055\"]}]},{\"@type\":\"ImageObject\",\"inLanguage\":\"fr-FR\",\"@id\":\"https:\\\/\\\/voxsahel.com\\\/?p=2055#primaryimage\",\"url\":\"https:\\\/\\\/voxsahel.com\\\/wp-content\\\/uploads\\\/2025\\\/05\\\/IMG_9141.jpeg\",\"contentUrl\":\"https:\\\/\\\/voxsahel.com\\\/wp-content\\\/uploads\\\/2025\\\/05\\\/IMG_9141.jpeg\",\"width\":259,\"height\":194},{\"@type\":\"BreadcrumbList\",\"@id\":\"https:\\\/\\\/voxsahel.com\\\/?p=2055#breadcrumb\",\"itemListElement\":[{\"@type\":\"ListItem\",\"position\":1,\"name\":\"Home\",\"item\":\"https:\\\/\\\/voxsahel.com\\\/\"},{\"@type\":\"ListItem\",\"position\":2,\"name\":\"\u00c9lection pr\u00e9sidentielle en C\u00f4te d\u2019Ivoire : Pascal Affi N\u2019Guessan met en garde contre un quatri\u00e8me mandat d\u2019Alassane Ouattara\"}]},{\"@type\":\"WebSite\",\"@id\":\"https:\\\/\\\/voxsahel.com\\\/#website\",\"url\":\"https:\\\/\\\/voxsahel.com\\\/\",\"name\":\"Vox Sahel\",\"description\":\"Informez-vous sur le Sahel en un clic\",\"publisher\":{\"@id\":\"https:\\\/\\\/voxsahel.com\\\/#organization\"},\"potentialAction\":[{\"@type\":\"SearchAction\",\"target\":{\"@type\":\"EntryPoint\",\"urlTemplate\":\"https:\\\/\\\/voxsahel.com\\\/?s={search_term_string}\"},\"query-input\":{\"@type\":\"PropertyValueSpecification\",\"valueRequired\":true,\"valueName\":\"search_term_string\"}}],\"inLanguage\":\"fr-FR\"},{\"@type\":\"Organization\",\"@id\":\"https:\\\/\\\/voxsahel.com\\\/#organization\",\"name\":\"Vox Sahel\",\"url\":\"https:\\\/\\\/voxsahel.com\\\/\",\"logo\":{\"@type\":\"ImageObject\",\"inLanguage\":\"fr-FR\",\"@id\":\"https:\\\/\\\/voxsahel.com\\\/#\\\/schema\\\/logo\\\/image\\\/\",\"url\":\"https:\\\/\\\/voxsahel.com\\\/wp-content\\\/uploads\\\/2024\\\/09\\\/Logo-Vox-Sahel.jpg\",\"contentUrl\":\"https:\\\/\\\/voxsahel.com\\\/wp-content\\\/uploads\\\/2024\\\/09\\\/Logo-Vox-Sahel.jpg\",\"width\":1181,\"height\":848,\"caption\":\"Vox Sahel\"},\"image\":{\"@id\":\"https:\\\/\\\/voxsahel.com\\\/#\\\/schema\\\/logo\\\/image\\\/\"},\"sameAs\":[\"https:\\\/\\\/www.facebook.com\\\/journal.voxsahel\"]},{\"@type\":\"Person\",\"@id\":\"https:\\\/\\\/voxsahel.com\\\/#\\\/schema\\\/person\\\/b4043608248f8fa227cd760e7ff1e19e\",\"name\":\"Vox Sahel\",\"image\":{\"@type\":\"ImageObject\",\"inLanguage\":\"fr-FR\",\"@id\":\"https:\\\/\\\/secure.gravatar.com\\\/avatar\\\/f70e7fa0cb9b29d4a7c5788d6eb2e9ab4d3135cbae1c9161810fdf77a8964699?s=96&d=mm&r=g\",\"url\":\"https:\\\/\\\/secure.gravatar.com\\\/avatar\\\/f70e7fa0cb9b29d4a7c5788d6eb2e9ab4d3135cbae1c9161810fdf77a8964699?s=96&d=mm&r=g\",\"contentUrl\":\"https:\\\/\\\/secure.gravatar.com\\\/avatar\\\/f70e7fa0cb9b29d4a7c5788d6eb2e9ab4d3135cbae1c9161810fdf77a8964699?s=96&d=mm&r=g\",\"caption\":\"Vox Sahel\"},\"sameAs\":[\"http:\\\/\\\/www.voxsahel.com\"],\"url\":\"https:\\\/\\\/voxsahel.com\\\/?author=2\"}]}<\/script>\n<!-- \/ Yoast SEO plugin. -->","yoast_head_json":{"title":"\u00c9lection pr\u00e9sidentielle en C\u00f4te d\u2019Ivoire : Pascal Affi N\u2019Guessan met en garde contre un quatri\u00e8me mandat d\u2019Alassane Ouattara - Vox Sahel","robots":{"index":"index","follow":"follow","max-snippet":"max-snippet:-1","max-image-preview":"max-image-preview:large","max-video-preview":"max-video-preview:-1"},"canonical":"https:\/\/voxsahel.com\/?p=2055","og_locale":"fr_FR","og_type":"article","og_title":"\u00c9lection pr\u00e9sidentielle en C\u00f4te d\u2019Ivoire : Pascal Affi N\u2019Guessan met en garde contre un quatri\u00e8me mandat d\u2019Alassane Ouattara - Vox Sahel","og_description":"\u00ab ALASSANE OUATTARA DOIT SE RETIRER POUR QUE LA C\u00d4TE D\u2019IVOIRE RESPIRE \u00bb Pascal Affi","og_url":"https:\/\/voxsahel.com\/?p=2055","og_site_name":"Vox Sahel","article_publisher":"https:\/\/www.facebook.com\/journal.voxsahel","article_published_time":"2025-05-28T08:04:09+00:00","og_image":[{"width":259,"height":194,"url":"https:\/\/voxsahel.com\/wp-content\/uploads\/2025\/05\/IMG_9141.jpeg","type":"image\/jpeg"}],"author":"Vox Sahel","twitter_card":"summary_large_image","twitter_misc":{"\u00c9crit par":"Vox Sahel","Dur\u00e9e de lecture estim\u00e9e":"4 minutes"},"schema":{"@context":"https:\/\/schema.org","@graph":[{"@type":"Article","@id":"https:\/\/voxsahel.com\/?p=2055#article","isPartOf":{"@id":"https:\/\/voxsahel.com\/?p=2055"},"author":{"name":"Vox Sahel","@id":"https:\/\/voxsahel.com\/#\/schema\/person\/b4043608248f8fa227cd760e7ff1e19e"},"headline":"\u00c9lection pr\u00e9sidentielle en C\u00f4te d\u2019Ivoire : Pascal Affi N\u2019Guessan met en garde contre un quatri\u00e8me mandat d\u2019Alassane Ouattara","datePublished":"2025-05-28T08:04:09+00:00","mainEntityOfPage":{"@id":"https:\/\/voxsahel.com\/?p=2055"},"wordCount":736,"commentCount":0,"publisher":{"@id":"https:\/\/voxsahel.com\/#organization"},"image":{"@id":"https:\/\/voxsahel.com\/?p=2055#primaryimage"},"thumbnailUrl":"https:\/\/voxsahel.com\/wp-content\/uploads\/2025\/05\/IMG_9141.jpeg","keywords":["Alassane Ouattara","C\u00f4te d\u2019Ivoire","\u00c9lection pr\u00e9sidentielle","G\u00e9opolitique","Politique"],"articleSection":["INTERNATIONAL"],"inLanguage":"fr-FR","potentialAction":[{"@type":"CommentAction","name":"Comment","target":["https:\/\/voxsahel.com\/?p=2055#respond"]}]},{"@type":"WebPage","@id":"https:\/\/voxsahel.com\/?p=2055","url":"https:\/\/voxsahel.com\/?p=2055","name":"\u00c9lection pr\u00e9sidentielle en C\u00f4te d\u2019Ivoire : Pascal Affi N\u2019Guessan met en garde contre un quatri\u00e8me mandat d\u2019Alassane Ouattara - Vox Sahel","isPartOf":{"@id":"https:\/\/voxsahel.com\/#website"},"primaryImageOfPage":{"@id":"https:\/\/voxsahel.com\/?p=2055#primaryimage"},"image":{"@id":"https:\/\/voxsahel.com\/?p=2055#primaryimage"},"thumbnailUrl":"https:\/\/voxsahel.com\/wp-content\/uploads\/2025\/05\/IMG_9141.jpeg","datePublished":"2025-05-28T08:04:09+00:00","breadcrumb":{"@id":"https:\/\/voxsahel.com\/?p=2055#breadcrumb"},"inLanguage":"fr-FR","potentialAction":[{"@type":"ReadAction","target":["https:\/\/voxsahel.com\/?p=2055"]}]},{"@type":"ImageObject","inLanguage":"fr-FR","@id":"https:\/\/voxsahel.com\/?p=2055#primaryimage","url":"https:\/\/voxsahel.com\/wp-content\/uploads\/2025\/05\/IMG_9141.jpeg","contentUrl":"https:\/\/voxsahel.com\/wp-content\/uploads\/2025\/05\/IMG_9141.jpeg","width":259,"height":194},{"@type":"BreadcrumbList","@id":"https:\/\/voxsahel.com\/?p=2055#breadcrumb","itemListElement":[{"@type":"ListItem","position":1,"name":"Home","item":"https:\/\/voxsahel.com\/"},{"@type":"ListItem","position":2,"name":"\u00c9lection pr\u00e9sidentielle en C\u00f4te d\u2019Ivoire : Pascal Affi N\u2019Guessan met en garde contre un quatri\u00e8me mandat d\u2019Alassane Ouattara"}]},{"@type":"WebSite","@id":"https:\/\/voxsahel.com\/#website","url":"https:\/\/voxsahel.com\/","name":"Vox Sahel","description":"Informez-vous sur le Sahel en un clic","publisher":{"@id":"https:\/\/voxsahel.com\/#organization"},"potentialAction":[{"@type":"SearchAction","target":{"@type":"EntryPoint","urlTemplate":"https:\/\/voxsahel.com\/?s={search_term_string}"},"query-input":{"@type":"PropertyValueSpecification","valueRequired":true,"valueName":"search_term_string"}}],"inLanguage":"fr-FR"},{"@type":"Organization","@id":"https:\/\/voxsahel.com\/#organization","name":"Vox Sahel","url":"https:\/\/voxsahel.com\/","logo":{"@type":"ImageObject","inLanguage":"fr-FR","@id":"https:\/\/voxsahel.com\/#\/schema\/logo\/image\/","url":"https:\/\/voxsahel.com\/wp-content\/uploads\/2024\/09\/Logo-Vox-Sahel.jpg","contentUrl":"https:\/\/voxsahel.com\/wp-content\/uploads\/2024\/09\/Logo-Vox-Sahel.jpg","width":1181,"height":848,"caption":"Vox Sahel"},"image":{"@id":"https:\/\/voxsahel.com\/#\/schema\/logo\/image\/"},"sameAs":["https:\/\/www.facebook.com\/journal.voxsahel"]},{"@type":"Person","@id":"https:\/\/voxsahel.com\/#\/schema\/person\/b4043608248f8fa227cd760e7ff1e19e","name":"Vox Sahel","image":{"@type":"ImageObject","inLanguage":"fr-FR","@id":"https:\/\/secure.gravatar.com\/avatar\/f70e7fa0cb9b29d4a7c5788d6eb2e9ab4d3135cbae1c9161810fdf77a8964699?s=96&d=mm&r=g","url":"https:\/\/secure.gravatar.com\/avatar\/f70e7fa0cb9b29d4a7c5788d6eb2e9ab4d3135cbae1c9161810fdf77a8964699?s=96&d=mm&r=g","contentUrl":"https:\/\/secure.gravatar.com\/avatar\/f70e7fa0cb9b29d4a7c5788d6eb2e9ab4d3135cbae1c9161810fdf77a8964699?s=96&d=mm&r=g","caption":"Vox Sahel"},"sameAs":["http:\/\/www.voxsahel.com"],"url":"https:\/\/voxsahel.com\/?author=2"}]}},"_links":{"self":[{"href":"https:\/\/voxsahel.com\/index.php?rest_route=\/wp\/v2\/posts\/2055","targetHints":{"allow":["GET"]}}],"collection":[{"href":"https:\/\/voxsahel.com\/index.php?rest_route=\/wp\/v2\/posts"}],"about":[{"href":"https:\/\/voxsahel.com\/index.php?rest_route=\/wp\/v2\/types\/post"}],"author":[{"embeddable":true,"href":"https:\/\/voxsahel.com\/index.php?rest_route=\/wp\/v2\/users\/2"}],"replies":[{"embeddable":true,"href":"https:\/\/voxsahel.com\/index.php?rest_route=%2Fwp%2Fv2%2Fcomments&post=2055"}],"version-history":[{"count":1,"href":"https:\/\/voxsahel.com\/index.php?rest_route=\/wp\/v2\/posts\/2055\/revisions"}],"predecessor-version":[{"id":2058,"href":"https:\/\/voxsahel.com\/index.php?rest_route=\/wp\/v2\/posts\/2055\/revisions\/2058"}],"wp:featuredmedia":[{"embeddable":true,"href":"https:\/\/voxsahel.com\/index.php?rest_route=\/wp\/v2\/media\/2057"}],"wp:attachment":[{"href":"https:\/\/voxsahel.com\/index.php?rest_route=%2Fwp%2Fv2%2Fmedia&parent=2055"}],"wp:term":[{"taxonomy":"category","embeddable":true,"href":"https:\/\/voxsahel.com\/index.php?rest_route=%2Fwp%2Fv2%2Fcategories&post=2055"},{"taxonomy":"post_tag","embeddable":true,"href":"https:\/\/voxsahel.com\/index.php?rest_route=%2Fwp%2Fv2%2Ftags&post=2055"}],"curies":[{"name":"wp","href":"https:\/\/api.w.org\/{rel}","templated":true}]}}