{"id":2048,"date":"2025-05-27T19:35:53","date_gmt":"2025-05-27T19:35:53","guid":{"rendered":"https:\/\/voxsahel.com\/?p=2048"},"modified":"2025-05-27T19:42:01","modified_gmt":"2025-05-27T19:42:01","slug":"immersion-patriotique-obligatoire-le-ministre-savadogo-echange-a-batons-rompus-avec-les-futurs-bacheliers","status":"publish","type":"post","link":"https:\/\/voxsahel.com\/?p=2048","title":{"rendered":"\u00a0Immersion patriotique obligatoire : le ministre Savadogo \u00e9change \u00e0 b\u00e2tons rompus avec \u00a0les futurs bacheliers"},"content":{"rendered":"<p><strong>Le 27 mai 2025, \u00e0 l\u2019Universit\u00e9 Joseph Ki-Zerbo, le ministre de l\u2019Enseignement secondaire, de la Formation professionnelle et technique, Aboubacar Savadogo, a \u00e9chang\u00e9 avec les futurs bacheliers sur la nouvelle mesure d\u2019immersion patriotique obligatoire. Ce d\u00e9cret, adopt\u00e9 en Conseil des ministres le 2 mai dernier, vise \u00e0 inculquer aux jeunes des valeurs citoyennes \u00e0 travers une formation d\u2019un mois apr\u00e8s leur admission aux examens de fin de cycle.<\/strong><\/p>\n<figure id=\"attachment_2052\" aria-describedby=\"caption-attachment-2052\" style=\"width: 640px\" class=\"wp-caption aligncenter\"><img loading=\"lazy\" decoding=\"async\" class=\"size-large wp-image-2052\" src=\"https:\/\/voxsahel.com\/wp-content\/uploads\/2025\/05\/WhatsApp-Image-2025-05-27-at-19.21.47-1-1024x680.jpeg\" alt=\"Le ministre Savadogo a rassur\u00e9 les futurs bacheliers \" width=\"640\" height=\"425\" srcset=\"https:\/\/voxsahel.com\/wp-content\/uploads\/2025\/05\/WhatsApp-Image-2025-05-27-at-19.21.47-1-1024x680.jpeg 1024w, https:\/\/voxsahel.com\/wp-content\/uploads\/2025\/05\/WhatsApp-Image-2025-05-27-at-19.21.47-1-300x199.jpeg 300w, https:\/\/voxsahel.com\/wp-content\/uploads\/2025\/05\/WhatsApp-Image-2025-05-27-at-19.21.47-1-768x510.jpeg 768w, https:\/\/voxsahel.com\/wp-content\/uploads\/2025\/05\/WhatsApp-Image-2025-05-27-at-19.21.47-1-610x405.jpeg 610w, https:\/\/voxsahel.com\/wp-content\/uploads\/2025\/05\/WhatsApp-Image-2025-05-27-at-19.21.47-1.jpeg 1080w\" sizes=\"(max-width: 640px) 100vw, 640px\" \/><figcaption id=\"caption-attachment-2052\" class=\"wp-caption-text\"><strong>Le ministre Savadogo a rassur\u00e9 les futurs bacheliers<\/strong><\/figcaption><\/figure>\n<p>Le ministre a pr\u00e9cis\u00e9 que cette immersion concerne les \u00e9l\u00e8ves admis au CAP, au BEPC et au baccalaur\u00e9at. Cependant, en raison de la date tardive du d\u00e9cret, seuls les nouveaux bacheliers seront concern\u00e9s pour cette premi\u00e8re \u00e9dition. Il a expliqu\u00e9 que les centres d\u2019immersion seront am\u00e9nag\u00e9s dans des \u00e9tablissements r\u00e9quisitionn\u00e9s \u00e0 travers toutes les r\u00e9gions du pays. Pendant trente jours, les \u00e9l\u00e8ves suivront une formation compos\u00e9e de six modules ax\u00e9s sur la nation, le vivre-ensemble, les relations internationales, les valeurs soci\u00e9tales du Burkina Faso, ainsi que le sport. Une visite m\u00e9dicale pr\u00e9alable permettra de distinguer les \u00e9l\u00e8ves aptes \u00e0 suivre \u00e0 la fois les activit\u00e9s th\u00e9oriques et physiques.<\/p>\n<p>\u00ab \u00c0 l\u2019issue de la visite m\u00e9dicale, ceux qui ne seront pas aptes pour l\u2019exercice physique vont faire la partie th\u00e9orique, et ceux qui sont aptes feront les deux ensemble \u00bb, a-t-il pr\u00e9cis\u00e9. Le ministre a insist\u00e9 sur le caract\u00e8re structurant de cette formation: \u00ab Il sera d\u00e9livr\u00e9 un certificat, et ce certificat sera exig\u00e9 dans les pi\u00e8ces pour l\u2019inscription dans les universit\u00e9s \u00bb. Il a justifi\u00e9 la n\u00e9cessit\u00e9 d\u2019un tel dispositif par l\u2019importance de renforcer le civisme et la conscience citoyenne des jeunes : \u00ab Il s\u2019agit de favoriser le vivre-ensemble, il s\u2019agit de donner des valeurs \u00bb, a-t-il soulign\u00e9, \u00e9voquant certains comportements non citoyens observ\u00e9s dans les m\u00e9dias et les \u00e9tablissements.<\/p>\n<p>Il a \u00e9galement rappel\u00e9 que cette mesure s\u2019inscrit dans l\u2019initiative pr\u00e9sidentielle pour une \u00e9ducation de qualit\u00e9 et vise \u00e0 doter les \u00e9l\u00e8ves de comp\u00e9tences utiles pour leur insertion dans la vie active. \u00ab D\u2019autres aspects sont trait\u00e9s, notamment sur le num\u00e9rique et aussi sur l\u2019entrepreneuriat \u00bb, a-t-il ajout\u00e9. Concernant l\u2019obligation de participation, Aboubacar Savadogo a \u00e9t\u00e9 formel : toute absence injustifi\u00e9e fera l\u2019objet de sanctions l\u00e9gales.<\/p>\n<p>\u00ab Dans le d\u00e9cret et l\u2019arr\u00eat\u00e9 qui a \u00e9t\u00e9 pris, il est dit que lorsque vous \u00eates convoqu\u00e9 pour l\u2019immersion patriotique obligatoire, si vous refusez, ce sont les termes de la justice, ce qui est pr\u00e9vu par le code p\u00e9nal qui sera appliqu\u00e9 \u00bb, a-t-il averti, tout en pr\u00e9cisant que cette mesure ne visait pas \u00e0 punir ni \u00e0 envoyer les jeunes au front, mais \u00e0 leur transmettre des valeurs essentielles. Il a \u00e9galement rassur\u00e9 les \u00e9l\u00e8ves sur la gestion des cas sp\u00e9cifiques : ceux qui devront changer de r\u00e9gion pour des raisons valables pourront \u00eatre r\u00e9affect\u00e9s dans un autre centre.<\/p>\n<figure id=\"attachment_2053\" aria-describedby=\"caption-attachment-2053\" style=\"width: 640px\" class=\"wp-caption aligncenter\"><img loading=\"lazy\" decoding=\"async\" class=\"size-large wp-image-2053\" src=\"https:\/\/voxsahel.com\/wp-content\/uploads\/2025\/05\/WhatsApp-Image-2025-05-27-at-19.23.59-1024x768.jpeg\" alt=\"Ornella Balima rassur\u00e9e \u00e0 l'issue des \u00e9changes avec le ministre \" width=\"640\" height=\"480\" srcset=\"https:\/\/voxsahel.com\/wp-content\/uploads\/2025\/05\/WhatsApp-Image-2025-05-27-at-19.23.59-1024x768.jpeg 1024w, https:\/\/voxsahel.com\/wp-content\/uploads\/2025\/05\/WhatsApp-Image-2025-05-27-at-19.23.59-300x225.jpeg 300w, https:\/\/voxsahel.com\/wp-content\/uploads\/2025\/05\/WhatsApp-Image-2025-05-27-at-19.23.59-768x576.jpeg 768w, https:\/\/voxsahel.com\/wp-content\/uploads\/2025\/05\/WhatsApp-Image-2025-05-27-at-19.23.59-1536x1152.jpeg 1536w, https:\/\/voxsahel.com\/wp-content\/uploads\/2025\/05\/WhatsApp-Image-2025-05-27-at-19.23.59-2048x1536.jpeg 2048w, https:\/\/voxsahel.com\/wp-content\/uploads\/2025\/05\/WhatsApp-Image-2025-05-27-at-19.23.59-510x382.jpeg 510w, https:\/\/voxsahel.com\/wp-content\/uploads\/2025\/05\/WhatsApp-Image-2025-05-27-at-19.23.59-1080x810.jpeg 1080w, https:\/\/voxsahel.com\/wp-content\/uploads\/2025\/05\/WhatsApp-Image-2025-05-27-at-19.23.59-610x458.jpeg 610w, https:\/\/voxsahel.com\/wp-content\/uploads\/2025\/05\/WhatsApp-Image-2025-05-27-at-19.23.59-720x540.jpeg 720w\" sizes=\"(max-width: 640px) 100vw, 640px\" \/><figcaption id=\"caption-attachment-2053\" class=\"wp-caption-text\">Ornella Balima rassur\u00e9e \u00e0 l&rsquo;issue des \u00e9changes avec le ministre<\/figcaption><\/figure>\n<p>\u00ab Toutes les r\u00e9gions sont en train de s\u00e9lectionner les centres d\u2019accueil \u00bb, a-t-il affirm\u00e9. Cette rencontre a permis d\u2019\u00e9clairer les \u00e9l\u00e8ves et d\u2019apaiser les inqui\u00e9tudes. Ornella Balima, \u00e9l\u00e8ve au Lyc\u00e9e municipal Rimvougr\u00e9, a d\u00e9clar\u00e9 : \u00ab Avant de venir \u00e0 la rencontre, je croyais que l\u2019immersion \u00e9tait une formation militaire. Mais avec cette rencontre, j\u2019ai su que c\u2019est un acte de patriotisme, d\u2019amour pour sa patrie \u00bb. Pour elle, cette initiative permettra de renforcer les liens entre jeunes Burkinab\u00e8: \u00ab Cela va nous amener \u00e0 nous souder entre nous Burkinab\u00e8 \u00bb.<\/p>\n<p style=\"text-align: right;\"><strong>Par Amir BAKO<\/strong><\/p>\n","protected":false},"excerpt":{"rendered":"<p>Le 27 mai 2025, \u00e0 l\u2019Universit\u00e9 Joseph Ki-Zerbo, le ministre de l\u2019Enseignement secondaire, de la<\/p>\n","protected":false},"author":2,"featured_media":2051,"comment_status":"open","ping_status":"open","sticky":false,"template":"","format":"standard","meta":{"_et_pb_use_builder":"","_et_pb_old_content":"","_et_gb_content_width":"","footnotes":""},"categories":[9],"tags":[778,18,54,55,779],"class_list":["post-2048","post","type-post","status-publish","format-standard","has-post-thumbnail","hentry","category-education","tag-aboubacar-savadogo","tag-burkina-faso","tag-education","tag-formation","tag-immersion-patriotique-obligatoire"],"yoast_head":"<!-- This site is optimized with the Yoast SEO plugin v27.5 - https:\/\/yoast.com\/product\/yoast-seo-wordpress\/ -->\n<title>\u00a0Immersion patriotique obligatoire : le ministre Savadogo \u00e9change \u00e0 b\u00e2tons rompus avec \u00a0les futurs bacheliers - Vox Sahel<\/title>\n<meta name=\"robots\" content=\"index, follow, max-snippet:-1, max-image-preview:large, max-video-preview:-1\" \/>\n<link rel=\"canonical\" href=\"https:\/\/voxsahel.com\/?p=2048\" \/>\n<meta property=\"og:locale\" content=\"fr_FR\" \/>\n<meta property=\"og:type\" content=\"article\" \/>\n<meta property=\"og:title\" content=\"\u00a0Immersion patriotique obligatoire : le ministre Savadogo \u00e9change \u00e0 b\u00e2tons rompus avec \u00a0les futurs bacheliers - Vox Sahel\" \/>\n<meta property=\"og:description\" content=\"Le 27 mai 2025, \u00e0 l\u2019Universit\u00e9 Joseph Ki-Zerbo, le ministre de l\u2019Enseignement secondaire, de la\" \/>\n<meta property=\"og:url\" content=\"https:\/\/voxsahel.com\/?p=2048\" \/>\n<meta property=\"og:site_name\" content=\"Vox Sahel\" \/>\n<meta property=\"article:publisher\" content=\"https:\/\/www.facebook.com\/journal.voxsahel\" \/>\n<meta property=\"article:published_time\" content=\"2025-05-27T19:35:53+00:00\" \/>\n<meta property=\"article:modified_time\" content=\"2025-05-27T19:42:01+00:00\" \/>\n<meta property=\"og:image\" content=\"https:\/\/voxsahel.com\/wp-content\/uploads\/2025\/05\/WhatsApp-Image-2025-05-27-at-19.21.47.jpeg\" \/>\n\t<meta property=\"og:image:width\" content=\"1080\" \/>\n\t<meta property=\"og:image:height\" content=\"717\" \/>\n\t<meta property=\"og:image:type\" content=\"image\/jpeg\" \/>\n<meta name=\"author\" content=\"Vox Sahel\" \/>\n<meta name=\"twitter:card\" content=\"summary_large_image\" \/>\n<meta name=\"twitter:label1\" content=\"\u00c9crit par\" \/>\n\t<meta name=\"twitter:data1\" content=\"Vox Sahel\" \/>\n\t<meta name=\"twitter:label2\" content=\"Dur\u00e9e de lecture estim\u00e9e\" \/>\n\t<meta name=\"twitter:data2\" content=\"4 minutes\" \/>\n<script type=\"application\/ld+json\" class=\"yoast-schema-graph\">{\"@context\":\"https:\\\/\\\/schema.org\",\"@graph\":[{\"@type\":\"Article\",\"@id\":\"https:\\\/\\\/voxsahel.com\\\/?p=2048#article\",\"isPartOf\":{\"@id\":\"https:\\\/\\\/voxsahel.com\\\/?p=2048\"},\"author\":{\"name\":\"Vox Sahel\",\"@id\":\"https:\\\/\\\/voxsahel.com\\\/#\\\/schema\\\/person\\\/b4043608248f8fa227cd760e7ff1e19e\"},\"headline\":\"\u00a0Immersion patriotique obligatoire : le ministre Savadogo \u00e9change \u00e0 b\u00e2tons rompus avec \u00a0les futurs bacheliers\",\"datePublished\":\"2025-05-27T19:35:53+00:00\",\"dateModified\":\"2025-05-27T19:42:01+00:00\",\"mainEntityOfPage\":{\"@id\":\"https:\\\/\\\/voxsahel.com\\\/?p=2048\"},\"wordCount\":645,\"commentCount\":0,\"publisher\":{\"@id\":\"https:\\\/\\\/voxsahel.com\\\/#organization\"},\"image\":{\"@id\":\"https:\\\/\\\/voxsahel.com\\\/?p=2048#primaryimage\"},\"thumbnailUrl\":\"https:\\\/\\\/voxsahel.com\\\/wp-content\\\/uploads\\\/2025\\\/05\\\/WhatsApp-Image-2025-05-27-at-19.21.47.jpeg\",\"keywords\":[\"Aboubacar Savadogo\",\"Burkina Faso\",\"Education\",\"Formation\",\"Immersion patriotique obligatoire\"],\"articleSection\":[\"EDUCATION\"],\"inLanguage\":\"fr-FR\",\"potentialAction\":[{\"@type\":\"CommentAction\",\"name\":\"Comment\",\"target\":[\"https:\\\/\\\/voxsahel.com\\\/?p=2048#respond\"]}]},{\"@type\":\"WebPage\",\"@id\":\"https:\\\/\\\/voxsahel.com\\\/?p=2048\",\"url\":\"https:\\\/\\\/voxsahel.com\\\/?p=2048\",\"name\":\"\u00a0Immersion patriotique obligatoire : le ministre Savadogo \u00e9change \u00e0 b\u00e2tons rompus avec \u00a0les futurs bacheliers - Vox Sahel\",\"isPartOf\":{\"@id\":\"https:\\\/\\\/voxsahel.com\\\/#website\"},\"primaryImageOfPage\":{\"@id\":\"https:\\\/\\\/voxsahel.com\\\/?p=2048#primaryimage\"},\"image\":{\"@id\":\"https:\\\/\\\/voxsahel.com\\\/?p=2048#primaryimage\"},\"thumbnailUrl\":\"https:\\\/\\\/voxsahel.com\\\/wp-content\\\/uploads\\\/2025\\\/05\\\/WhatsApp-Image-2025-05-27-at-19.21.47.jpeg\",\"datePublished\":\"2025-05-27T19:35:53+00:00\",\"dateModified\":\"2025-05-27T19:42:01+00:00\",\"breadcrumb\":{\"@id\":\"https:\\\/\\\/voxsahel.com\\\/?p=2048#breadcrumb\"},\"inLanguage\":\"fr-FR\",\"potentialAction\":[{\"@type\":\"ReadAction\",\"target\":[\"https:\\\/\\\/voxsahel.com\\\/?p=2048\"]}]},{\"@type\":\"ImageObject\",\"inLanguage\":\"fr-FR\",\"@id\":\"https:\\\/\\\/voxsahel.com\\\/?p=2048#primaryimage\",\"url\":\"https:\\\/\\\/voxsahel.com\\\/wp-content\\\/uploads\\\/2025\\\/05\\\/WhatsApp-Image-2025-05-27-at-19.21.47.jpeg\",\"contentUrl\":\"https:\\\/\\\/voxsahel.com\\\/wp-content\\\/uploads\\\/2025\\\/05\\\/WhatsApp-Image-2025-05-27-at-19.21.47.jpeg\",\"width\":1080,\"height\":717,\"caption\":\"Les \u00e9l\u00e8ves lors des \u00e9changes avec le ministre Savadogo\"},{\"@type\":\"BreadcrumbList\",\"@id\":\"https:\\\/\\\/voxsahel.com\\\/?p=2048#breadcrumb\",\"itemListElement\":[{\"@type\":\"ListItem\",\"position\":1,\"name\":\"Home\",\"item\":\"https:\\\/\\\/voxsahel.com\\\/\"},{\"@type\":\"ListItem\",\"position\":2,\"name\":\"\u00a0Immersion patriotique obligatoire : le ministre Savadogo \u00e9change \u00e0 b\u00e2tons rompus avec \u00a0les futurs bacheliers\"}]},{\"@type\":\"WebSite\",\"@id\":\"https:\\\/\\\/voxsahel.com\\\/#website\",\"url\":\"https:\\\/\\\/voxsahel.com\\\/\",\"name\":\"Vox Sahel\",\"description\":\"Informez-vous sur le Sahel en un clic\",\"publisher\":{\"@id\":\"https:\\\/\\\/voxsahel.com\\\/#organization\"},\"potentialAction\":[{\"@type\":\"SearchAction\",\"target\":{\"@type\":\"EntryPoint\",\"urlTemplate\":\"https:\\\/\\\/voxsahel.com\\\/?s={search_term_string}\"},\"query-input\":{\"@type\":\"PropertyValueSpecification\",\"valueRequired\":true,\"valueName\":\"search_term_string\"}}],\"inLanguage\":\"fr-FR\"},{\"@type\":\"Organization\",\"@id\":\"https:\\\/\\\/voxsahel.com\\\/#organization\",\"name\":\"Vox Sahel\",\"url\":\"https:\\\/\\\/voxsahel.com\\\/\",\"logo\":{\"@type\":\"ImageObject\",\"inLanguage\":\"fr-FR\",\"@id\":\"https:\\\/\\\/voxsahel.com\\\/#\\\/schema\\\/logo\\\/image\\\/\",\"url\":\"https:\\\/\\\/voxsahel.com\\\/wp-content\\\/uploads\\\/2024\\\/09\\\/Logo-Vox-Sahel.jpg\",\"contentUrl\":\"https:\\\/\\\/voxsahel.com\\\/wp-content\\\/uploads\\\/2024\\\/09\\\/Logo-Vox-Sahel.jpg\",\"width\":1181,\"height\":848,\"caption\":\"Vox Sahel\"},\"image\":{\"@id\":\"https:\\\/\\\/voxsahel.com\\\/#\\\/schema\\\/logo\\\/image\\\/\"},\"sameAs\":[\"https:\\\/\\\/www.facebook.com\\\/journal.voxsahel\"]},{\"@type\":\"Person\",\"@id\":\"https:\\\/\\\/voxsahel.com\\\/#\\\/schema\\\/person\\\/b4043608248f8fa227cd760e7ff1e19e\",\"name\":\"Vox Sahel\",\"image\":{\"@type\":\"ImageObject\",\"inLanguage\":\"fr-FR\",\"@id\":\"https:\\\/\\\/secure.gravatar.com\\\/avatar\\\/f70e7fa0cb9b29d4a7c5788d6eb2e9ab4d3135cbae1c9161810fdf77a8964699?s=96&d=mm&r=g\",\"url\":\"https:\\\/\\\/secure.gravatar.com\\\/avatar\\\/f70e7fa0cb9b29d4a7c5788d6eb2e9ab4d3135cbae1c9161810fdf77a8964699?s=96&d=mm&r=g\",\"contentUrl\":\"https:\\\/\\\/secure.gravatar.com\\\/avatar\\\/f70e7fa0cb9b29d4a7c5788d6eb2e9ab4d3135cbae1c9161810fdf77a8964699?s=96&d=mm&r=g\",\"caption\":\"Vox Sahel\"},\"sameAs\":[\"http:\\\/\\\/www.voxsahel.com\"],\"url\":\"https:\\\/\\\/voxsahel.com\\\/?author=2\"}]}<\/script>\n<!-- \/ Yoast SEO plugin. -->","yoast_head_json":{"title":"\u00a0Immersion patriotique obligatoire : le ministre Savadogo \u00e9change \u00e0 b\u00e2tons rompus avec \u00a0les futurs bacheliers - Vox Sahel","robots":{"index":"index","follow":"follow","max-snippet":"max-snippet:-1","max-image-preview":"max-image-preview:large","max-video-preview":"max-video-preview:-1"},"canonical":"https:\/\/voxsahel.com\/?p=2048","og_locale":"fr_FR","og_type":"article","og_title":"\u00a0Immersion patriotique obligatoire : le ministre Savadogo \u00e9change \u00e0 b\u00e2tons rompus avec \u00a0les futurs bacheliers - Vox Sahel","og_description":"Le 27 mai 2025, \u00e0 l\u2019Universit\u00e9 Joseph Ki-Zerbo, le ministre de l\u2019Enseignement secondaire, de la","og_url":"https:\/\/voxsahel.com\/?p=2048","og_site_name":"Vox Sahel","article_publisher":"https:\/\/www.facebook.com\/journal.voxsahel","article_published_time":"2025-05-27T19:35:53+00:00","article_modified_time":"2025-05-27T19:42:01+00:00","og_image":[{"width":1080,"height":717,"url":"https:\/\/voxsahel.com\/wp-content\/uploads\/2025\/05\/WhatsApp-Image-2025-05-27-at-19.21.47.jpeg","type":"image\/jpeg"}],"author":"Vox Sahel","twitter_card":"summary_large_image","twitter_misc":{"\u00c9crit par":"Vox Sahel","Dur\u00e9e de lecture estim\u00e9e":"4 minutes"},"schema":{"@context":"https:\/\/schema.org","@graph":[{"@type":"Article","@id":"https:\/\/voxsahel.com\/?p=2048#article","isPartOf":{"@id":"https:\/\/voxsahel.com\/?p=2048"},"author":{"name":"Vox Sahel","@id":"https:\/\/voxsahel.com\/#\/schema\/person\/b4043608248f8fa227cd760e7ff1e19e"},"headline":"\u00a0Immersion patriotique obligatoire : le ministre Savadogo \u00e9change \u00e0 b\u00e2tons rompus avec \u00a0les futurs bacheliers","datePublished":"2025-05-27T19:35:53+00:00","dateModified":"2025-05-27T19:42:01+00:00","mainEntityOfPage":{"@id":"https:\/\/voxsahel.com\/?p=2048"},"wordCount":645,"commentCount":0,"publisher":{"@id":"https:\/\/voxsahel.com\/#organization"},"image":{"@id":"https:\/\/voxsahel.com\/?p=2048#primaryimage"},"thumbnailUrl":"https:\/\/voxsahel.com\/wp-content\/uploads\/2025\/05\/WhatsApp-Image-2025-05-27-at-19.21.47.jpeg","keywords":["Aboubacar Savadogo","Burkina Faso","Education","Formation","Immersion patriotique obligatoire"],"articleSection":["EDUCATION"],"inLanguage":"fr-FR","potentialAction":[{"@type":"CommentAction","name":"Comment","target":["https:\/\/voxsahel.com\/?p=2048#respond"]}]},{"@type":"WebPage","@id":"https:\/\/voxsahel.com\/?p=2048","url":"https:\/\/voxsahel.com\/?p=2048","name":"\u00a0Immersion patriotique obligatoire : le ministre Savadogo \u00e9change \u00e0 b\u00e2tons rompus avec \u00a0les futurs bacheliers - Vox Sahel","isPartOf":{"@id":"https:\/\/voxsahel.com\/#website"},"primaryImageOfPage":{"@id":"https:\/\/voxsahel.com\/?p=2048#primaryimage"},"image":{"@id":"https:\/\/voxsahel.com\/?p=2048#primaryimage"},"thumbnailUrl":"https:\/\/voxsahel.com\/wp-content\/uploads\/2025\/05\/WhatsApp-Image-2025-05-27-at-19.21.47.jpeg","datePublished":"2025-05-27T19:35:53+00:00","dateModified":"2025-05-27T19:42:01+00:00","breadcrumb":{"@id":"https:\/\/voxsahel.com\/?p=2048#breadcrumb"},"inLanguage":"fr-FR","potentialAction":[{"@type":"ReadAction","target":["https:\/\/voxsahel.com\/?p=2048"]}]},{"@type":"ImageObject","inLanguage":"fr-FR","@id":"https:\/\/voxsahel.com\/?p=2048#primaryimage","url":"https:\/\/voxsahel.com\/wp-content\/uploads\/2025\/05\/WhatsApp-Image-2025-05-27-at-19.21.47.jpeg","contentUrl":"https:\/\/voxsahel.com\/wp-content\/uploads\/2025\/05\/WhatsApp-Image-2025-05-27-at-19.21.47.jpeg","width":1080,"height":717,"caption":"Les \u00e9l\u00e8ves lors des \u00e9changes avec le ministre Savadogo"},{"@type":"BreadcrumbList","@id":"https:\/\/voxsahel.com\/?p=2048#breadcrumb","itemListElement":[{"@type":"ListItem","position":1,"name":"Home","item":"https:\/\/voxsahel.com\/"},{"@type":"ListItem","position":2,"name":"\u00a0Immersion patriotique obligatoire : le ministre Savadogo \u00e9change \u00e0 b\u00e2tons rompus avec \u00a0les futurs bacheliers"}]},{"@type":"WebSite","@id":"https:\/\/voxsahel.com\/#website","url":"https:\/\/voxsahel.com\/","name":"Vox Sahel","description":"Informez-vous sur le Sahel en un clic","publisher":{"@id":"https:\/\/voxsahel.com\/#organization"},"potentialAction":[{"@type":"SearchAction","target":{"@type":"EntryPoint","urlTemplate":"https:\/\/voxsahel.com\/?s={search_term_string}"},"query-input":{"@type":"PropertyValueSpecification","valueRequired":true,"valueName":"search_term_string"}}],"inLanguage":"fr-FR"},{"@type":"Organization","@id":"https:\/\/voxsahel.com\/#organization","name":"Vox Sahel","url":"https:\/\/voxsahel.com\/","logo":{"@type":"ImageObject","inLanguage":"fr-FR","@id":"https:\/\/voxsahel.com\/#\/schema\/logo\/image\/","url":"https:\/\/voxsahel.com\/wp-content\/uploads\/2024\/09\/Logo-Vox-Sahel.jpg","contentUrl":"https:\/\/voxsahel.com\/wp-content\/uploads\/2024\/09\/Logo-Vox-Sahel.jpg","width":1181,"height":848,"caption":"Vox Sahel"},"image":{"@id":"https:\/\/voxsahel.com\/#\/schema\/logo\/image\/"},"sameAs":["https:\/\/www.facebook.com\/journal.voxsahel"]},{"@type":"Person","@id":"https:\/\/voxsahel.com\/#\/schema\/person\/b4043608248f8fa227cd760e7ff1e19e","name":"Vox Sahel","image":{"@type":"ImageObject","inLanguage":"fr-FR","@id":"https:\/\/secure.gravatar.com\/avatar\/f70e7fa0cb9b29d4a7c5788d6eb2e9ab4d3135cbae1c9161810fdf77a8964699?s=96&d=mm&r=g","url":"https:\/\/secure.gravatar.com\/avatar\/f70e7fa0cb9b29d4a7c5788d6eb2e9ab4d3135cbae1c9161810fdf77a8964699?s=96&d=mm&r=g","contentUrl":"https:\/\/secure.gravatar.com\/avatar\/f70e7fa0cb9b29d4a7c5788d6eb2e9ab4d3135cbae1c9161810fdf77a8964699?s=96&d=mm&r=g","caption":"Vox Sahel"},"sameAs":["http:\/\/www.voxsahel.com"],"url":"https:\/\/voxsahel.com\/?author=2"}]}},"_links":{"self":[{"href":"https:\/\/voxsahel.com\/index.php?rest_route=\/wp\/v2\/posts\/2048","targetHints":{"allow":["GET"]}}],"collection":[{"href":"https:\/\/voxsahel.com\/index.php?rest_route=\/wp\/v2\/posts"}],"about":[{"href":"https:\/\/voxsahel.com\/index.php?rest_route=\/wp\/v2\/types\/post"}],"author":[{"embeddable":true,"href":"https:\/\/voxsahel.com\/index.php?rest_route=\/wp\/v2\/users\/2"}],"replies":[{"embeddable":true,"href":"https:\/\/voxsahel.com\/index.php?rest_route=%2Fwp%2Fv2%2Fcomments&post=2048"}],"version-history":[{"count":3,"href":"https:\/\/voxsahel.com\/index.php?rest_route=\/wp\/v2\/posts\/2048\/revisions"}],"predecessor-version":[{"id":2054,"href":"https:\/\/voxsahel.com\/index.php?rest_route=\/wp\/v2\/posts\/2048\/revisions\/2054"}],"wp:featuredmedia":[{"embeddable":true,"href":"https:\/\/voxsahel.com\/index.php?rest_route=\/wp\/v2\/media\/2051"}],"wp:attachment":[{"href":"https:\/\/voxsahel.com\/index.php?rest_route=%2Fwp%2Fv2%2Fmedia&parent=2048"}],"wp:term":[{"taxonomy":"category","embeddable":true,"href":"https:\/\/voxsahel.com\/index.php?rest_route=%2Fwp%2Fv2%2Fcategories&post=2048"},{"taxonomy":"post_tag","embeddable":true,"href":"https:\/\/voxsahel.com\/index.php?rest_route=%2Fwp%2Fv2%2Ftags&post=2048"}],"curies":[{"name":"wp","href":"https:\/\/api.w.org\/{rel}","templated":true}]}}