{"id":2038,"date":"2025-05-26T07:06:15","date_gmt":"2025-05-26T07:06:15","guid":{"rendered":"https:\/\/voxsahel.com\/?p=2038"},"modified":"2025-05-26T07:06:15","modified_gmt":"2025-05-26T07:06:15","slug":"edito-burkina-faso-preserver-la-paix-par-le-respect-des-croyances","status":"publish","type":"post","link":"https:\/\/voxsahel.com\/?p=2038","title":{"rendered":"Edito\/Burkina Faso : Pr\u00e9server la paix par le respect des croyances"},"content":{"rendered":"<p class=\"p1\"><span class=\"s1\">\u00a0<\/span><span class=\"s1\">Un climat pr\u00e9occupant s\u2019installe progressivement dans notre espace public. Les croyances religieuses, autrefois respect\u00e9es comme des expressions profondes de la spiritualit\u00e9 individuelle, deviennent aujourd\u2019hui des motifs de division, d\u2019agressions verbales et de stigmatisation. Les r\u00e9seaux sociaux, cens\u00e9s \u00eatre des vecteurs d\u2019\u00e9change et de compr\u00e9hension, se transforment en ar\u00e8nes de conflits o\u00f9 l\u2019on tourne en d\u00e9rision les pratiques religieuses, o\u00f9 l\u2019on s\u2019attaque aux convictions avec violence et d\u00e9rision.<\/span><\/p>\n<p class=\"p1\"><span class=\"s1\">Dans ce contexte tendu, le respect mutuel entre croyants de diff\u00e9rentes confessions devient une urgence nationale. Le Burkina Faso, riche de sa diversit\u00e9 religieuse, ne peut se permettre de voir cette pluralit\u00e9 devenir un facteur de conflit. L\u2019histoire montre que les fractures religieuses sont souvent le point de d\u00e9part de crises profondes et durables. Le pays a d\u00e9j\u00e0 trop souffert d\u2019instabilit\u00e9 pour laisser ce poison se r\u00e9pandre davantage.<\/span><\/p>\n<p class=\"p1\"><span class=\"s1\">La religion, dans sa vocation premi\u00e8re, \u00e9l\u00e8ve l\u2019homme, l\u2019oriente vers la paix, le respect et la solidarit\u00e9. Lorsqu\u2019elle est sinc\u00e8rement v\u00e9cue, elle rapproche les individus, forge des citoyens responsables, soucieux du bien commun. Ce n\u2019est pas la foi qui divise, mais son instrumentalisation \u00e0 des fins id\u00e9ologiques ou identitaires.<\/span><\/p>\n<p class=\"p1\"><span class=\"s1\">Il appartient aux autorit\u00e9s de prendre la pleine mesure de la menace. Il est temps de renforcer les m\u00e9canismes de pr\u00e9vention, de r\u00e9guler les discours publics en ligne, et de favoriser activement le dialogue interreligieux. Le silence face aux d\u00e9rives est un risque que le pays ne peut plus se permettre. Il faut agir avant que le seuil de l\u2019irr\u00e9parable ne soit franchi.<\/span><\/p>\n<p class=\"p1\" style=\"text-align: left;\"><span class=\"s1\">La paix sociale est un travail collectif, patient, exigeant. Elle se construit dans le respect des diff\u00e9rences, la reconnaissance de l\u2019autre, la responsabilit\u00e9 partag\u00e9e. Aujourd\u2019hui plus que jamais, le Burkina Faso a besoin de croyants sinc\u00e8res, de citoyens mod\u00e9r\u00e9s, et de dirigeants engag\u00e9s dans la d\u00e9fense de l\u2019unit\u00e9 nationale. La foi ne doit jamais devenir un pr\u00e9texte \u00e0 l\u2019exclusion, encore moins une arme contre le vivre-ensemble.<\/span><\/p>\n<p class=\"p1\" style=\"text-align: right;\"><strong><span class=\"s1\">La R\u00e9daction<\/span><\/strong><\/p>\n","protected":false},"excerpt":{"rendered":"<p>\u00a0Un climat pr\u00e9occupant s\u2019installe progressivement dans notre espace public. Les croyances religieuses, autrefois respect\u00e9es comme<\/p>\n","protected":false},"author":2,"featured_media":2039,"comment_status":"open","ping_status":"open","sticky":false,"template":"","format":"standard","meta":{"_et_pb_use_builder":"","_et_pb_old_content":"","_et_gb_content_width":"","footnotes":""},"categories":[5],"tags":[18,368,777,397,387,320],"class_list":["post-2038","post","type-post","status-publish","format-standard","has-post-thumbnail","hentry","category-societe","tag-burkina-faso","tag-communaute-musulmane-du-burkina-faso","tag-coutumes","tag-federation-des-associations-islamiques-du-burkina","tag-religion","tag-tradition"],"yoast_head":"<!-- This site is optimized with the Yoast SEO plugin v27.5 - https:\/\/yoast.com\/product\/yoast-seo-wordpress\/ -->\n<title>Edito\/Burkina Faso : Pr\u00e9server la paix par le respect des croyances - Vox Sahel<\/title>\n<meta name=\"robots\" content=\"index, follow, max-snippet:-1, max-image-preview:large, max-video-preview:-1\" \/>\n<link rel=\"canonical\" href=\"https:\/\/voxsahel.com\/?p=2038\" \/>\n<meta property=\"og:locale\" content=\"fr_FR\" \/>\n<meta property=\"og:type\" content=\"article\" \/>\n<meta property=\"og:title\" content=\"Edito\/Burkina Faso : Pr\u00e9server la paix par le respect des croyances - Vox Sahel\" \/>\n<meta property=\"og:description\" content=\"\u00a0Un climat pr\u00e9occupant s\u2019installe progressivement dans notre espace public. Les croyances religieuses, autrefois respect\u00e9es comme\" \/>\n<meta property=\"og:url\" content=\"https:\/\/voxsahel.com\/?p=2038\" \/>\n<meta property=\"og:site_name\" content=\"Vox Sahel\" \/>\n<meta property=\"article:publisher\" content=\"https:\/\/www.facebook.com\/journal.voxsahel\" \/>\n<meta property=\"article:published_time\" content=\"2025-05-26T07:06:15+00:00\" \/>\n<meta property=\"og:image\" content=\"https:\/\/voxsahel.com\/wp-content\/uploads\/2025\/05\/IMG_8322.jpeg\" \/>\n\t<meta property=\"og:image:width\" content=\"393\" \/>\n\t<meta property=\"og:image:height\" content=\"314\" \/>\n\t<meta property=\"og:image:type\" content=\"image\/jpeg\" \/>\n<meta name=\"author\" content=\"Vox Sahel\" \/>\n<meta name=\"twitter:card\" content=\"summary_large_image\" \/>\n<meta name=\"twitter:label1\" content=\"\u00c9crit par\" \/>\n\t<meta name=\"twitter:data1\" content=\"Vox Sahel\" \/>\n\t<meta name=\"twitter:label2\" content=\"Dur\u00e9e de lecture estim\u00e9e\" \/>\n\t<meta name=\"twitter:data2\" content=\"2 minutes\" \/>\n<script type=\"application\/ld+json\" class=\"yoast-schema-graph\">{\"@context\":\"https:\\\/\\\/schema.org\",\"@graph\":[{\"@type\":\"Article\",\"@id\":\"https:\\\/\\\/voxsahel.com\\\/?p=2038#article\",\"isPartOf\":{\"@id\":\"https:\\\/\\\/voxsahel.com\\\/?p=2038\"},\"author\":{\"name\":\"Vox Sahel\",\"@id\":\"https:\\\/\\\/voxsahel.com\\\/#\\\/schema\\\/person\\\/b4043608248f8fa227cd760e7ff1e19e\"},\"headline\":\"Edito\\\/Burkina Faso : Pr\u00e9server la paix par le respect des croyances\",\"datePublished\":\"2025-05-26T07:06:15+00:00\",\"mainEntityOfPage\":{\"@id\":\"https:\\\/\\\/voxsahel.com\\\/?p=2038\"},\"wordCount\":375,\"commentCount\":0,\"publisher\":{\"@id\":\"https:\\\/\\\/voxsahel.com\\\/#organization\"},\"image\":{\"@id\":\"https:\\\/\\\/voxsahel.com\\\/?p=2038#primaryimage\"},\"thumbnailUrl\":\"https:\\\/\\\/voxsahel.com\\\/wp-content\\\/uploads\\\/2025\\\/05\\\/IMG_8322.jpeg\",\"keywords\":[\"Burkina Faso\",\"Communaut\u00e9 musulmane du Burkina Faso\",\"Coutumes\",\"F\u00e9d\u00e9ration des associations islamiques du Burkina\",\"Religion\",\"Tradition\"],\"articleSection\":[\"SOCIETE\"],\"inLanguage\":\"fr-FR\",\"potentialAction\":[{\"@type\":\"CommentAction\",\"name\":\"Comment\",\"target\":[\"https:\\\/\\\/voxsahel.com\\\/?p=2038#respond\"]}]},{\"@type\":\"WebPage\",\"@id\":\"https:\\\/\\\/voxsahel.com\\\/?p=2038\",\"url\":\"https:\\\/\\\/voxsahel.com\\\/?p=2038\",\"name\":\"Edito\\\/Burkina Faso : Pr\u00e9server la paix par le respect des croyances - Vox Sahel\",\"isPartOf\":{\"@id\":\"https:\\\/\\\/voxsahel.com\\\/#website\"},\"primaryImageOfPage\":{\"@id\":\"https:\\\/\\\/voxsahel.com\\\/?p=2038#primaryimage\"},\"image\":{\"@id\":\"https:\\\/\\\/voxsahel.com\\\/?p=2038#primaryimage\"},\"thumbnailUrl\":\"https:\\\/\\\/voxsahel.com\\\/wp-content\\\/uploads\\\/2025\\\/05\\\/IMG_8322.jpeg\",\"datePublished\":\"2025-05-26T07:06:15+00:00\",\"breadcrumb\":{\"@id\":\"https:\\\/\\\/voxsahel.com\\\/?p=2038#breadcrumb\"},\"inLanguage\":\"fr-FR\",\"potentialAction\":[{\"@type\":\"ReadAction\",\"target\":[\"https:\\\/\\\/voxsahel.com\\\/?p=2038\"]}]},{\"@type\":\"ImageObject\",\"inLanguage\":\"fr-FR\",\"@id\":\"https:\\\/\\\/voxsahel.com\\\/?p=2038#primaryimage\",\"url\":\"https:\\\/\\\/voxsahel.com\\\/wp-content\\\/uploads\\\/2025\\\/05\\\/IMG_8322.jpeg\",\"contentUrl\":\"https:\\\/\\\/voxsahel.com\\\/wp-content\\\/uploads\\\/2025\\\/05\\\/IMG_8322.jpeg\",\"width\":393,\"height\":314},{\"@type\":\"BreadcrumbList\",\"@id\":\"https:\\\/\\\/voxsahel.com\\\/?p=2038#breadcrumb\",\"itemListElement\":[{\"@type\":\"ListItem\",\"position\":1,\"name\":\"Home\",\"item\":\"https:\\\/\\\/voxsahel.com\\\/\"},{\"@type\":\"ListItem\",\"position\":2,\"name\":\"Edito\\\/Burkina Faso : Pr\u00e9server la paix par le respect des croyances\"}]},{\"@type\":\"WebSite\",\"@id\":\"https:\\\/\\\/voxsahel.com\\\/#website\",\"url\":\"https:\\\/\\\/voxsahel.com\\\/\",\"name\":\"Vox Sahel\",\"description\":\"Informez-vous sur le Sahel en un clic\",\"publisher\":{\"@id\":\"https:\\\/\\\/voxsahel.com\\\/#organization\"},\"potentialAction\":[{\"@type\":\"SearchAction\",\"target\":{\"@type\":\"EntryPoint\",\"urlTemplate\":\"https:\\\/\\\/voxsahel.com\\\/?s={search_term_string}\"},\"query-input\":{\"@type\":\"PropertyValueSpecification\",\"valueRequired\":true,\"valueName\":\"search_term_string\"}}],\"inLanguage\":\"fr-FR\"},{\"@type\":\"Organization\",\"@id\":\"https:\\\/\\\/voxsahel.com\\\/#organization\",\"name\":\"Vox Sahel\",\"url\":\"https:\\\/\\\/voxsahel.com\\\/\",\"logo\":{\"@type\":\"ImageObject\",\"inLanguage\":\"fr-FR\",\"@id\":\"https:\\\/\\\/voxsahel.com\\\/#\\\/schema\\\/logo\\\/image\\\/\",\"url\":\"https:\\\/\\\/voxsahel.com\\\/wp-content\\\/uploads\\\/2024\\\/09\\\/Logo-Vox-Sahel.jpg\",\"contentUrl\":\"https:\\\/\\\/voxsahel.com\\\/wp-content\\\/uploads\\\/2024\\\/09\\\/Logo-Vox-Sahel.jpg\",\"width\":1181,\"height\":848,\"caption\":\"Vox Sahel\"},\"image\":{\"@id\":\"https:\\\/\\\/voxsahel.com\\\/#\\\/schema\\\/logo\\\/image\\\/\"},\"sameAs\":[\"https:\\\/\\\/www.facebook.com\\\/journal.voxsahel\"]},{\"@type\":\"Person\",\"@id\":\"https:\\\/\\\/voxsahel.com\\\/#\\\/schema\\\/person\\\/b4043608248f8fa227cd760e7ff1e19e\",\"name\":\"Vox Sahel\",\"image\":{\"@type\":\"ImageObject\",\"inLanguage\":\"fr-FR\",\"@id\":\"https:\\\/\\\/secure.gravatar.com\\\/avatar\\\/f70e7fa0cb9b29d4a7c5788d6eb2e9ab4d3135cbae1c9161810fdf77a8964699?s=96&d=mm&r=g\",\"url\":\"https:\\\/\\\/secure.gravatar.com\\\/avatar\\\/f70e7fa0cb9b29d4a7c5788d6eb2e9ab4d3135cbae1c9161810fdf77a8964699?s=96&d=mm&r=g\",\"contentUrl\":\"https:\\\/\\\/secure.gravatar.com\\\/avatar\\\/f70e7fa0cb9b29d4a7c5788d6eb2e9ab4d3135cbae1c9161810fdf77a8964699?s=96&d=mm&r=g\",\"caption\":\"Vox Sahel\"},\"sameAs\":[\"http:\\\/\\\/www.voxsahel.com\"],\"url\":\"https:\\\/\\\/voxsahel.com\\\/?author=2\"}]}<\/script>\n<!-- \/ Yoast SEO plugin. -->","yoast_head_json":{"title":"Edito\/Burkina Faso : Pr\u00e9server la paix par le respect des croyances - Vox Sahel","robots":{"index":"index","follow":"follow","max-snippet":"max-snippet:-1","max-image-preview":"max-image-preview:large","max-video-preview":"max-video-preview:-1"},"canonical":"https:\/\/voxsahel.com\/?p=2038","og_locale":"fr_FR","og_type":"article","og_title":"Edito\/Burkina Faso : Pr\u00e9server la paix par le respect des croyances - Vox Sahel","og_description":"\u00a0Un climat pr\u00e9occupant s\u2019installe progressivement dans notre espace public. Les croyances religieuses, autrefois respect\u00e9es comme","og_url":"https:\/\/voxsahel.com\/?p=2038","og_site_name":"Vox Sahel","article_publisher":"https:\/\/www.facebook.com\/journal.voxsahel","article_published_time":"2025-05-26T07:06:15+00:00","og_image":[{"width":393,"height":314,"url":"https:\/\/voxsahel.com\/wp-content\/uploads\/2025\/05\/IMG_8322.jpeg","type":"image\/jpeg"}],"author":"Vox Sahel","twitter_card":"summary_large_image","twitter_misc":{"\u00c9crit par":"Vox Sahel","Dur\u00e9e de lecture estim\u00e9e":"2 minutes"},"schema":{"@context":"https:\/\/schema.org","@graph":[{"@type":"Article","@id":"https:\/\/voxsahel.com\/?p=2038#article","isPartOf":{"@id":"https:\/\/voxsahel.com\/?p=2038"},"author":{"name":"Vox Sahel","@id":"https:\/\/voxsahel.com\/#\/schema\/person\/b4043608248f8fa227cd760e7ff1e19e"},"headline":"Edito\/Burkina Faso : Pr\u00e9server la paix par le respect des croyances","datePublished":"2025-05-26T07:06:15+00:00","mainEntityOfPage":{"@id":"https:\/\/voxsahel.com\/?p=2038"},"wordCount":375,"commentCount":0,"publisher":{"@id":"https:\/\/voxsahel.com\/#organization"},"image":{"@id":"https:\/\/voxsahel.com\/?p=2038#primaryimage"},"thumbnailUrl":"https:\/\/voxsahel.com\/wp-content\/uploads\/2025\/05\/IMG_8322.jpeg","keywords":["Burkina Faso","Communaut\u00e9 musulmane du Burkina Faso","Coutumes","F\u00e9d\u00e9ration des associations islamiques du Burkina","Religion","Tradition"],"articleSection":["SOCIETE"],"inLanguage":"fr-FR","potentialAction":[{"@type":"CommentAction","name":"Comment","target":["https:\/\/voxsahel.com\/?p=2038#respond"]}]},{"@type":"WebPage","@id":"https:\/\/voxsahel.com\/?p=2038","url":"https:\/\/voxsahel.com\/?p=2038","name":"Edito\/Burkina Faso : Pr\u00e9server la paix par le respect des croyances - Vox Sahel","isPartOf":{"@id":"https:\/\/voxsahel.com\/#website"},"primaryImageOfPage":{"@id":"https:\/\/voxsahel.com\/?p=2038#primaryimage"},"image":{"@id":"https:\/\/voxsahel.com\/?p=2038#primaryimage"},"thumbnailUrl":"https:\/\/voxsahel.com\/wp-content\/uploads\/2025\/05\/IMG_8322.jpeg","datePublished":"2025-05-26T07:06:15+00:00","breadcrumb":{"@id":"https:\/\/voxsahel.com\/?p=2038#breadcrumb"},"inLanguage":"fr-FR","potentialAction":[{"@type":"ReadAction","target":["https:\/\/voxsahel.com\/?p=2038"]}]},{"@type":"ImageObject","inLanguage":"fr-FR","@id":"https:\/\/voxsahel.com\/?p=2038#primaryimage","url":"https:\/\/voxsahel.com\/wp-content\/uploads\/2025\/05\/IMG_8322.jpeg","contentUrl":"https:\/\/voxsahel.com\/wp-content\/uploads\/2025\/05\/IMG_8322.jpeg","width":393,"height":314},{"@type":"BreadcrumbList","@id":"https:\/\/voxsahel.com\/?p=2038#breadcrumb","itemListElement":[{"@type":"ListItem","position":1,"name":"Home","item":"https:\/\/voxsahel.com\/"},{"@type":"ListItem","position":2,"name":"Edito\/Burkina Faso : Pr\u00e9server la paix par le respect des croyances"}]},{"@type":"WebSite","@id":"https:\/\/voxsahel.com\/#website","url":"https:\/\/voxsahel.com\/","name":"Vox Sahel","description":"Informez-vous sur le Sahel en un clic","publisher":{"@id":"https:\/\/voxsahel.com\/#organization"},"potentialAction":[{"@type":"SearchAction","target":{"@type":"EntryPoint","urlTemplate":"https:\/\/voxsahel.com\/?s={search_term_string}"},"query-input":{"@type":"PropertyValueSpecification","valueRequired":true,"valueName":"search_term_string"}}],"inLanguage":"fr-FR"},{"@type":"Organization","@id":"https:\/\/voxsahel.com\/#organization","name":"Vox Sahel","url":"https:\/\/voxsahel.com\/","logo":{"@type":"ImageObject","inLanguage":"fr-FR","@id":"https:\/\/voxsahel.com\/#\/schema\/logo\/image\/","url":"https:\/\/voxsahel.com\/wp-content\/uploads\/2024\/09\/Logo-Vox-Sahel.jpg","contentUrl":"https:\/\/voxsahel.com\/wp-content\/uploads\/2024\/09\/Logo-Vox-Sahel.jpg","width":1181,"height":848,"caption":"Vox Sahel"},"image":{"@id":"https:\/\/voxsahel.com\/#\/schema\/logo\/image\/"},"sameAs":["https:\/\/www.facebook.com\/journal.voxsahel"]},{"@type":"Person","@id":"https:\/\/voxsahel.com\/#\/schema\/person\/b4043608248f8fa227cd760e7ff1e19e","name":"Vox Sahel","image":{"@type":"ImageObject","inLanguage":"fr-FR","@id":"https:\/\/secure.gravatar.com\/avatar\/f70e7fa0cb9b29d4a7c5788d6eb2e9ab4d3135cbae1c9161810fdf77a8964699?s=96&d=mm&r=g","url":"https:\/\/secure.gravatar.com\/avatar\/f70e7fa0cb9b29d4a7c5788d6eb2e9ab4d3135cbae1c9161810fdf77a8964699?s=96&d=mm&r=g","contentUrl":"https:\/\/secure.gravatar.com\/avatar\/f70e7fa0cb9b29d4a7c5788d6eb2e9ab4d3135cbae1c9161810fdf77a8964699?s=96&d=mm&r=g","caption":"Vox Sahel"},"sameAs":["http:\/\/www.voxsahel.com"],"url":"https:\/\/voxsahel.com\/?author=2"}]}},"_links":{"self":[{"href":"https:\/\/voxsahel.com\/index.php?rest_route=\/wp\/v2\/posts\/2038","targetHints":{"allow":["GET"]}}],"collection":[{"href":"https:\/\/voxsahel.com\/index.php?rest_route=\/wp\/v2\/posts"}],"about":[{"href":"https:\/\/voxsahel.com\/index.php?rest_route=\/wp\/v2\/types\/post"}],"author":[{"embeddable":true,"href":"https:\/\/voxsahel.com\/index.php?rest_route=\/wp\/v2\/users\/2"}],"replies":[{"embeddable":true,"href":"https:\/\/voxsahel.com\/index.php?rest_route=%2Fwp%2Fv2%2Fcomments&post=2038"}],"version-history":[{"count":1,"href":"https:\/\/voxsahel.com\/index.php?rest_route=\/wp\/v2\/posts\/2038\/revisions"}],"predecessor-version":[{"id":2040,"href":"https:\/\/voxsahel.com\/index.php?rest_route=\/wp\/v2\/posts\/2038\/revisions\/2040"}],"wp:featuredmedia":[{"embeddable":true,"href":"https:\/\/voxsahel.com\/index.php?rest_route=\/wp\/v2\/media\/2039"}],"wp:attachment":[{"href":"https:\/\/voxsahel.com\/index.php?rest_route=%2Fwp%2Fv2%2Fmedia&parent=2038"}],"wp:term":[{"taxonomy":"category","embeddable":true,"href":"https:\/\/voxsahel.com\/index.php?rest_route=%2Fwp%2Fv2%2Fcategories&post=2038"},{"taxonomy":"post_tag","embeddable":true,"href":"https:\/\/voxsahel.com\/index.php?rest_route=%2Fwp%2Fv2%2Ftags&post=2038"}],"curies":[{"name":"wp","href":"https:\/\/api.w.org\/{rel}","templated":true}]}}