{"id":2035,"date":"2025-05-25T16:15:23","date_gmt":"2025-05-25T16:15:23","guid":{"rendered":"https:\/\/voxsahel.com\/?p=2035"},"modified":"2025-05-25T16:15:23","modified_gmt":"2025-05-25T16:15:23","slug":"coupe-caf-issoufou-dayo-et-la-rs-berkane-sur-le-toit-de-lafrique-pour-la-3e-fois","status":"publish","type":"post","link":"https:\/\/voxsahel.com\/?p=2035","title":{"rendered":"COUPE CAF : Issoufou Dayo et la RS Berkane sur le toit de l\u2019Afrique pour la 3e fois"},"content":{"rendered":"<p class=\"p1\"><span class=\"s2\">La RS Berkane est de nouveau championne de la Coupe de la Conf\u00e9d\u00e9ration africaine (CAF) ! Gr\u00e2ce \u00e0 un match aller parfaitement ma\u00eetris\u00e9 (2-0), le club marocain a su contenir les assauts du Simba SC (1-1 au retour) ce dimanche pour s\u2019offrir un troisi\u00e8me sacre continental. Un triomphe auquel a pleinement contribu\u00e9 le d\u00e9fenseur burkinab\u00e8 Issoufou Dayo, titulaire et imp\u00e9rial durant toute la rencontre.<\/span><\/p>\n<p class=\"p1\"><span class=\"s2\">D\u00e9j\u00e0 victorieux de la Coupe CAF en 2020 et 2022, Dayo ajoute un troisi\u00e8me titre continental \u00e0 son impressionnant palmar\u00e8s avec le club marocain. Solide en d\u00e9fense, le vice-capitaine des \u00c9talons a une nouvelle fois d\u00e9montr\u00e9 tout son leadership et son sang-froid dans une finale disput\u00e9e face \u00e0 une formation tanzanienne agressive, mais limit\u00e9e.<\/span><\/p>\n<p class=\"p1\"><span class=\"s2\">Apr\u00e8s une victoire 2-0 lors de la finale aller, la RS Berkane avait d\u00e9j\u00e0 pris une s\u00e9rieuse option sur le titre. Le match retour, disput\u00e9 \u00e0 Dar es Salaam, s\u2019est sold\u00e9 par un nul 1-1, suffisant pour sacrer les Marocains. Titulaire au coup d\u2019envoi, Dayo a disput\u00e9 l\u2019int\u00e9gralit\u00e9 de la rencontre, repoussant les rares assauts tanzaniens. En face, son compatriote Valentin Nouma, entr\u00e9 en jeu \u00e0 la 84e minute, n\u2019a pas pu inverser le cours du match.<\/span><\/p>\n<p class=\"p1\"><span class=\"s2\">Cette victoire continentale vient couronner une saison exceptionnelle pour Dayo. En plus de la Coupe CAF, le d\u00e9fenseur central a \u00e9galement remport\u00e9 le championnat marocain avec Berkane. Auteur de 11 buts et 4 passes d\u00e9cisives cette saison \u2014 des statistiques remarquables pour un d\u00e9fenseur \u2014 Dayo confirme son statut de pilier, aussi bien en club qu\u2019en s\u00e9lection nationale.<\/span><\/p>\n<p class=\"p1\"><span class=\"s2\">Vice-capitaine des \u00c9talons du Burkina Faso, Issoufou Dayo est en train de marquer durablement le football africain. \u00c0 32 ans, il combine exp\u00e9rience, efficacit\u00e9 et une \u00e9tonnante r\u00e9gularit\u00e9 au plus haut niveau. Sa contribution au sacre de Berkane ne fait que renforcer sa l\u00e9gitimit\u00e9 parmi les meilleurs d\u00e9fenseurs du continent.<\/span><\/p>\n<p class=\"p1\"><span class=\"s2\">Alors que la RS Berkane est toujours en lice pour la Coupe du Tr\u00f4ne, Dayo et ses co\u00e9quipiers ont encore la possibilit\u00e9 de conclure cette saison de r\u00eave avec un tripl\u00e9 historique.<\/span><\/p>\n<p class=\"p1\"><strong><span class=\"s1\">Palmar\u00e8s 2024-2025 pour Issoufou Dayo :<\/span><\/strong><\/p>\n<ul class=\"ul1\">\n<li class=\"li1\"><span class=\"s1\">Champion du Maroc<\/span><\/li>\n<li class=\"li1\"><span class=\"s1\">Vainqueur de la Coupe CAF<\/span><\/li>\n<li class=\"li1\"><span class=\"s1\">Toujours en course pour la Coupe du Tr\u00f4ne<\/span><\/li>\n<li class=\"li1\"><span class=\"s1\">11 buts, 4 passes d\u00e9cisives<\/span><\/li>\n<\/ul>\n","protected":false},"excerpt":{"rendered":"<p>La RS Berkane est de nouveau championne de la Coupe de la Conf\u00e9d\u00e9ration africaine (CAF)<\/p>\n","protected":false},"author":2,"featured_media":2036,"comment_status":"open","ping_status":"open","sticky":false,"template":"","format":"standard","meta":{"_et_pb_use_builder":"","_et_pb_old_content":"","_et_gb_content_width":"","footnotes":""},"categories":[1],"tags":[18,39,660,776,40,35,34],"class_list":["post-2035","post","type-post","status-publish","format-standard","has-post-thumbnail","hentry","category-faits-divers","tag-burkina-faso","tag-caf","tag-confederation-africaine-de-football","tag-coupe-caf","tag-federation-burkinabe-de-football","tag-football","tag-sport"],"yoast_head":"<!-- This site is optimized with the Yoast SEO plugin v27.5 - https:\/\/yoast.com\/product\/yoast-seo-wordpress\/ -->\n<title>COUPE CAF : Issoufou Dayo et la RS Berkane sur le toit de l\u2019Afrique pour la 3e fois - Vox Sahel<\/title>\n<meta name=\"robots\" content=\"index, follow, max-snippet:-1, max-image-preview:large, max-video-preview:-1\" \/>\n<link rel=\"canonical\" href=\"https:\/\/voxsahel.com\/?p=2035\" \/>\n<meta property=\"og:locale\" content=\"fr_FR\" \/>\n<meta property=\"og:type\" content=\"article\" \/>\n<meta property=\"og:title\" content=\"COUPE CAF : Issoufou Dayo et la RS Berkane sur le toit de l\u2019Afrique pour la 3e fois - Vox Sahel\" \/>\n<meta property=\"og:description\" content=\"La RS Berkane est de nouveau championne de la Coupe de la Conf\u00e9d\u00e9ration africaine (CAF)\" \/>\n<meta property=\"og:url\" content=\"https:\/\/voxsahel.com\/?p=2035\" \/>\n<meta property=\"og:site_name\" content=\"Vox Sahel\" \/>\n<meta property=\"article:publisher\" content=\"https:\/\/www.facebook.com\/journal.voxsahel\" \/>\n<meta property=\"article:published_time\" content=\"2025-05-25T16:15:23+00:00\" \/>\n<meta property=\"og:image\" content=\"https:\/\/voxsahel.com\/wp-content\/uploads\/2025\/05\/IMG_8263.jpeg\" \/>\n\t<meta property=\"og:image:width\" content=\"845\" \/>\n\t<meta property=\"og:image:height\" content=\"960\" \/>\n\t<meta property=\"og:image:type\" content=\"image\/jpeg\" \/>\n<meta name=\"author\" content=\"Vox Sahel\" \/>\n<meta name=\"twitter:card\" content=\"summary_large_image\" \/>\n<meta name=\"twitter:label1\" content=\"\u00c9crit par\" \/>\n\t<meta name=\"twitter:data1\" content=\"Vox Sahel\" \/>\n\t<meta name=\"twitter:label2\" content=\"Dur\u00e9e de lecture estim\u00e9e\" \/>\n\t<meta name=\"twitter:data2\" content=\"3 minutes\" \/>\n<script type=\"application\/ld+json\" class=\"yoast-schema-graph\">{\"@context\":\"https:\\\/\\\/schema.org\",\"@graph\":[{\"@type\":\"Article\",\"@id\":\"https:\\\/\\\/voxsahel.com\\\/?p=2035#article\",\"isPartOf\":{\"@id\":\"https:\\\/\\\/voxsahel.com\\\/?p=2035\"},\"author\":{\"name\":\"Vox Sahel\",\"@id\":\"https:\\\/\\\/voxsahel.com\\\/#\\\/schema\\\/person\\\/b4043608248f8fa227cd760e7ff1e19e\"},\"headline\":\"COUPE CAF : Issoufou Dayo et la RS Berkane sur le toit de l\u2019Afrique pour la 3e fois\",\"datePublished\":\"2025-05-25T16:15:23+00:00\",\"mainEntityOfPage\":{\"@id\":\"https:\\\/\\\/voxsahel.com\\\/?p=2035\"},\"wordCount\":401,\"commentCount\":0,\"publisher\":{\"@id\":\"https:\\\/\\\/voxsahel.com\\\/#organization\"},\"image\":{\"@id\":\"https:\\\/\\\/voxsahel.com\\\/?p=2035#primaryimage\"},\"thumbnailUrl\":\"https:\\\/\\\/voxsahel.com\\\/wp-content\\\/uploads\\\/2025\\\/05\\\/IMG_8263.jpeg\",\"keywords\":[\"Burkina Faso\",\"CAF\",\"Conf\u00e9d\u00e9ration Africaine de Football\",\"Coupe CAF\",\"F\u00e9d\u00e9ration Burkinab\u00e8 de Football\",\"Football\",\"Sport\"],\"articleSection\":[\"FAITS DIVERS\"],\"inLanguage\":\"fr-FR\",\"potentialAction\":[{\"@type\":\"CommentAction\",\"name\":\"Comment\",\"target\":[\"https:\\\/\\\/voxsahel.com\\\/?p=2035#respond\"]}]},{\"@type\":\"WebPage\",\"@id\":\"https:\\\/\\\/voxsahel.com\\\/?p=2035\",\"url\":\"https:\\\/\\\/voxsahel.com\\\/?p=2035\",\"name\":\"COUPE CAF : Issoufou Dayo et la RS Berkane sur le toit de l\u2019Afrique pour la 3e fois - Vox Sahel\",\"isPartOf\":{\"@id\":\"https:\\\/\\\/voxsahel.com\\\/#website\"},\"primaryImageOfPage\":{\"@id\":\"https:\\\/\\\/voxsahel.com\\\/?p=2035#primaryimage\"},\"image\":{\"@id\":\"https:\\\/\\\/voxsahel.com\\\/?p=2035#primaryimage\"},\"thumbnailUrl\":\"https:\\\/\\\/voxsahel.com\\\/wp-content\\\/uploads\\\/2025\\\/05\\\/IMG_8263.jpeg\",\"datePublished\":\"2025-05-25T16:15:23+00:00\",\"breadcrumb\":{\"@id\":\"https:\\\/\\\/voxsahel.com\\\/?p=2035#breadcrumb\"},\"inLanguage\":\"fr-FR\",\"potentialAction\":[{\"@type\":\"ReadAction\",\"target\":[\"https:\\\/\\\/voxsahel.com\\\/?p=2035\"]}]},{\"@type\":\"ImageObject\",\"inLanguage\":\"fr-FR\",\"@id\":\"https:\\\/\\\/voxsahel.com\\\/?p=2035#primaryimage\",\"url\":\"https:\\\/\\\/voxsahel.com\\\/wp-content\\\/uploads\\\/2025\\\/05\\\/IMG_8263.jpeg\",\"contentUrl\":\"https:\\\/\\\/voxsahel.com\\\/wp-content\\\/uploads\\\/2025\\\/05\\\/IMG_8263.jpeg\",\"width\":845,\"height\":960},{\"@type\":\"BreadcrumbList\",\"@id\":\"https:\\\/\\\/voxsahel.com\\\/?p=2035#breadcrumb\",\"itemListElement\":[{\"@type\":\"ListItem\",\"position\":1,\"name\":\"Home\",\"item\":\"https:\\\/\\\/voxsahel.com\\\/\"},{\"@type\":\"ListItem\",\"position\":2,\"name\":\"COUPE CAF : Issoufou Dayo et la RS Berkane sur le toit de l\u2019Afrique pour la 3e fois\"}]},{\"@type\":\"WebSite\",\"@id\":\"https:\\\/\\\/voxsahel.com\\\/#website\",\"url\":\"https:\\\/\\\/voxsahel.com\\\/\",\"name\":\"Vox Sahel\",\"description\":\"Informez-vous sur le Sahel en un clic\",\"publisher\":{\"@id\":\"https:\\\/\\\/voxsahel.com\\\/#organization\"},\"potentialAction\":[{\"@type\":\"SearchAction\",\"target\":{\"@type\":\"EntryPoint\",\"urlTemplate\":\"https:\\\/\\\/voxsahel.com\\\/?s={search_term_string}\"},\"query-input\":{\"@type\":\"PropertyValueSpecification\",\"valueRequired\":true,\"valueName\":\"search_term_string\"}}],\"inLanguage\":\"fr-FR\"},{\"@type\":\"Organization\",\"@id\":\"https:\\\/\\\/voxsahel.com\\\/#organization\",\"name\":\"Vox Sahel\",\"url\":\"https:\\\/\\\/voxsahel.com\\\/\",\"logo\":{\"@type\":\"ImageObject\",\"inLanguage\":\"fr-FR\",\"@id\":\"https:\\\/\\\/voxsahel.com\\\/#\\\/schema\\\/logo\\\/image\\\/\",\"url\":\"https:\\\/\\\/voxsahel.com\\\/wp-content\\\/uploads\\\/2024\\\/09\\\/Logo-Vox-Sahel.jpg\",\"contentUrl\":\"https:\\\/\\\/voxsahel.com\\\/wp-content\\\/uploads\\\/2024\\\/09\\\/Logo-Vox-Sahel.jpg\",\"width\":1181,\"height\":848,\"caption\":\"Vox Sahel\"},\"image\":{\"@id\":\"https:\\\/\\\/voxsahel.com\\\/#\\\/schema\\\/logo\\\/image\\\/\"},\"sameAs\":[\"https:\\\/\\\/www.facebook.com\\\/journal.voxsahel\"]},{\"@type\":\"Person\",\"@id\":\"https:\\\/\\\/voxsahel.com\\\/#\\\/schema\\\/person\\\/b4043608248f8fa227cd760e7ff1e19e\",\"name\":\"Vox Sahel\",\"image\":{\"@type\":\"ImageObject\",\"inLanguage\":\"fr-FR\",\"@id\":\"https:\\\/\\\/secure.gravatar.com\\\/avatar\\\/f70e7fa0cb9b29d4a7c5788d6eb2e9ab4d3135cbae1c9161810fdf77a8964699?s=96&d=mm&r=g\",\"url\":\"https:\\\/\\\/secure.gravatar.com\\\/avatar\\\/f70e7fa0cb9b29d4a7c5788d6eb2e9ab4d3135cbae1c9161810fdf77a8964699?s=96&d=mm&r=g\",\"contentUrl\":\"https:\\\/\\\/secure.gravatar.com\\\/avatar\\\/f70e7fa0cb9b29d4a7c5788d6eb2e9ab4d3135cbae1c9161810fdf77a8964699?s=96&d=mm&r=g\",\"caption\":\"Vox Sahel\"},\"sameAs\":[\"http:\\\/\\\/www.voxsahel.com\"],\"url\":\"https:\\\/\\\/voxsahel.com\\\/?author=2\"}]}<\/script>\n<!-- \/ Yoast SEO plugin. -->","yoast_head_json":{"title":"COUPE CAF : Issoufou Dayo et la RS Berkane sur le toit de l\u2019Afrique pour la 3e fois - Vox Sahel","robots":{"index":"index","follow":"follow","max-snippet":"max-snippet:-1","max-image-preview":"max-image-preview:large","max-video-preview":"max-video-preview:-1"},"canonical":"https:\/\/voxsahel.com\/?p=2035","og_locale":"fr_FR","og_type":"article","og_title":"COUPE CAF : Issoufou Dayo et la RS Berkane sur le toit de l\u2019Afrique pour la 3e fois - Vox Sahel","og_description":"La RS Berkane est de nouveau championne de la Coupe de la Conf\u00e9d\u00e9ration africaine (CAF)","og_url":"https:\/\/voxsahel.com\/?p=2035","og_site_name":"Vox Sahel","article_publisher":"https:\/\/www.facebook.com\/journal.voxsahel","article_published_time":"2025-05-25T16:15:23+00:00","og_image":[{"width":845,"height":960,"url":"https:\/\/voxsahel.com\/wp-content\/uploads\/2025\/05\/IMG_8263.jpeg","type":"image\/jpeg"}],"author":"Vox Sahel","twitter_card":"summary_large_image","twitter_misc":{"\u00c9crit par":"Vox Sahel","Dur\u00e9e de lecture estim\u00e9e":"3 minutes"},"schema":{"@context":"https:\/\/schema.org","@graph":[{"@type":"Article","@id":"https:\/\/voxsahel.com\/?p=2035#article","isPartOf":{"@id":"https:\/\/voxsahel.com\/?p=2035"},"author":{"name":"Vox Sahel","@id":"https:\/\/voxsahel.com\/#\/schema\/person\/b4043608248f8fa227cd760e7ff1e19e"},"headline":"COUPE CAF : Issoufou Dayo et la RS Berkane sur le toit de l\u2019Afrique pour la 3e fois","datePublished":"2025-05-25T16:15:23+00:00","mainEntityOfPage":{"@id":"https:\/\/voxsahel.com\/?p=2035"},"wordCount":401,"commentCount":0,"publisher":{"@id":"https:\/\/voxsahel.com\/#organization"},"image":{"@id":"https:\/\/voxsahel.com\/?p=2035#primaryimage"},"thumbnailUrl":"https:\/\/voxsahel.com\/wp-content\/uploads\/2025\/05\/IMG_8263.jpeg","keywords":["Burkina Faso","CAF","Conf\u00e9d\u00e9ration Africaine de Football","Coupe CAF","F\u00e9d\u00e9ration Burkinab\u00e8 de Football","Football","Sport"],"articleSection":["FAITS DIVERS"],"inLanguage":"fr-FR","potentialAction":[{"@type":"CommentAction","name":"Comment","target":["https:\/\/voxsahel.com\/?p=2035#respond"]}]},{"@type":"WebPage","@id":"https:\/\/voxsahel.com\/?p=2035","url":"https:\/\/voxsahel.com\/?p=2035","name":"COUPE CAF : Issoufou Dayo et la RS Berkane sur le toit de l\u2019Afrique pour la 3e fois - Vox Sahel","isPartOf":{"@id":"https:\/\/voxsahel.com\/#website"},"primaryImageOfPage":{"@id":"https:\/\/voxsahel.com\/?p=2035#primaryimage"},"image":{"@id":"https:\/\/voxsahel.com\/?p=2035#primaryimage"},"thumbnailUrl":"https:\/\/voxsahel.com\/wp-content\/uploads\/2025\/05\/IMG_8263.jpeg","datePublished":"2025-05-25T16:15:23+00:00","breadcrumb":{"@id":"https:\/\/voxsahel.com\/?p=2035#breadcrumb"},"inLanguage":"fr-FR","potentialAction":[{"@type":"ReadAction","target":["https:\/\/voxsahel.com\/?p=2035"]}]},{"@type":"ImageObject","inLanguage":"fr-FR","@id":"https:\/\/voxsahel.com\/?p=2035#primaryimage","url":"https:\/\/voxsahel.com\/wp-content\/uploads\/2025\/05\/IMG_8263.jpeg","contentUrl":"https:\/\/voxsahel.com\/wp-content\/uploads\/2025\/05\/IMG_8263.jpeg","width":845,"height":960},{"@type":"BreadcrumbList","@id":"https:\/\/voxsahel.com\/?p=2035#breadcrumb","itemListElement":[{"@type":"ListItem","position":1,"name":"Home","item":"https:\/\/voxsahel.com\/"},{"@type":"ListItem","position":2,"name":"COUPE CAF : Issoufou Dayo et la RS Berkane sur le toit de l\u2019Afrique pour la 3e fois"}]},{"@type":"WebSite","@id":"https:\/\/voxsahel.com\/#website","url":"https:\/\/voxsahel.com\/","name":"Vox Sahel","description":"Informez-vous sur le Sahel en un clic","publisher":{"@id":"https:\/\/voxsahel.com\/#organization"},"potentialAction":[{"@type":"SearchAction","target":{"@type":"EntryPoint","urlTemplate":"https:\/\/voxsahel.com\/?s={search_term_string}"},"query-input":{"@type":"PropertyValueSpecification","valueRequired":true,"valueName":"search_term_string"}}],"inLanguage":"fr-FR"},{"@type":"Organization","@id":"https:\/\/voxsahel.com\/#organization","name":"Vox Sahel","url":"https:\/\/voxsahel.com\/","logo":{"@type":"ImageObject","inLanguage":"fr-FR","@id":"https:\/\/voxsahel.com\/#\/schema\/logo\/image\/","url":"https:\/\/voxsahel.com\/wp-content\/uploads\/2024\/09\/Logo-Vox-Sahel.jpg","contentUrl":"https:\/\/voxsahel.com\/wp-content\/uploads\/2024\/09\/Logo-Vox-Sahel.jpg","width":1181,"height":848,"caption":"Vox Sahel"},"image":{"@id":"https:\/\/voxsahel.com\/#\/schema\/logo\/image\/"},"sameAs":["https:\/\/www.facebook.com\/journal.voxsahel"]},{"@type":"Person","@id":"https:\/\/voxsahel.com\/#\/schema\/person\/b4043608248f8fa227cd760e7ff1e19e","name":"Vox Sahel","image":{"@type":"ImageObject","inLanguage":"fr-FR","@id":"https:\/\/secure.gravatar.com\/avatar\/f70e7fa0cb9b29d4a7c5788d6eb2e9ab4d3135cbae1c9161810fdf77a8964699?s=96&d=mm&r=g","url":"https:\/\/secure.gravatar.com\/avatar\/f70e7fa0cb9b29d4a7c5788d6eb2e9ab4d3135cbae1c9161810fdf77a8964699?s=96&d=mm&r=g","contentUrl":"https:\/\/secure.gravatar.com\/avatar\/f70e7fa0cb9b29d4a7c5788d6eb2e9ab4d3135cbae1c9161810fdf77a8964699?s=96&d=mm&r=g","caption":"Vox Sahel"},"sameAs":["http:\/\/www.voxsahel.com"],"url":"https:\/\/voxsahel.com\/?author=2"}]}},"_links":{"self":[{"href":"https:\/\/voxsahel.com\/index.php?rest_route=\/wp\/v2\/posts\/2035","targetHints":{"allow":["GET"]}}],"collection":[{"href":"https:\/\/voxsahel.com\/index.php?rest_route=\/wp\/v2\/posts"}],"about":[{"href":"https:\/\/voxsahel.com\/index.php?rest_route=\/wp\/v2\/types\/post"}],"author":[{"embeddable":true,"href":"https:\/\/voxsahel.com\/index.php?rest_route=\/wp\/v2\/users\/2"}],"replies":[{"embeddable":true,"href":"https:\/\/voxsahel.com\/index.php?rest_route=%2Fwp%2Fv2%2Fcomments&post=2035"}],"version-history":[{"count":1,"href":"https:\/\/voxsahel.com\/index.php?rest_route=\/wp\/v2\/posts\/2035\/revisions"}],"predecessor-version":[{"id":2037,"href":"https:\/\/voxsahel.com\/index.php?rest_route=\/wp\/v2\/posts\/2035\/revisions\/2037"}],"wp:featuredmedia":[{"embeddable":true,"href":"https:\/\/voxsahel.com\/index.php?rest_route=\/wp\/v2\/media\/2036"}],"wp:attachment":[{"href":"https:\/\/voxsahel.com\/index.php?rest_route=%2Fwp%2Fv2%2Fmedia&parent=2035"}],"wp:term":[{"taxonomy":"category","embeddable":true,"href":"https:\/\/voxsahel.com\/index.php?rest_route=%2Fwp%2Fv2%2Fcategories&post=2035"},{"taxonomy":"post_tag","embeddable":true,"href":"https:\/\/voxsahel.com\/index.php?rest_route=%2Fwp%2Fv2%2Ftags&post=2035"}],"curies":[{"name":"wp","href":"https:\/\/api.w.org\/{rel}","templated":true}]}}