{"id":2031,"date":"2025-05-22T21:36:09","date_gmt":"2025-05-22T21:36:09","guid":{"rendered":"https:\/\/voxsahel.com\/?p=2031"},"modified":"2025-05-22T21:36:49","modified_gmt":"2025-05-22T21:36:49","slug":"2031","status":"publish","type":"post","link":"https:\/\/voxsahel.com\/?p=2031","title":{"rendered":"Rencontre AES-CEDEAO \u00c0 Bamako : Ouverture d\u2019un nouveau chapitre des relations dans la sous r\u00e9gion ouest-africaine"},"content":{"rendered":"<p class=\"p1\"><span class=\"s1\">Un pas significatif a \u00e9t\u00e9 franchi ce mercredi 22 mai 3025 \u00e0 Bamako, o\u00f9 se sont tenues des consultations de haut niveau entre, les ministres des Affaires \u00e9trang\u00e8res des pays membres de la Conf\u00e9d\u00e9ration de l\u2019Alliance des \u00c9tats du Sahel (AES) et le pr\u00e9sident de la Commission de la CEDEAO. Ces consultations de haut niveau, marquant le d\u00e9but d\u2019un processus de n\u00e9gociation post-retrait de l\u2019AES de la CEDEAO.<\/span><\/p>\n<p class=\"p1\"><span class=\"s1\"> La rencontre, qualifi\u00e9e de cordiale et constructive par les deux parties, visait \u00e0 jeter les bases d\u2019un cadre de n\u00e9gociation structur\u00e9 sur les questions d\u2019int\u00e9r\u00eat commun. \u00c0 l\u2019issue des \u00e9changes, un relev\u00e9 de conclusions a \u00e9t\u00e9 adopt\u00e9, ouvrant la voie au lancement des n\u00e9gociations officielles entre les deux entit\u00e9s.<\/span><\/p>\n<p class=\"p1\"><span class=\"s1\">Plusieurs sujets cruciaux ont \u00e9t\u00e9 abord\u00e9s, notamment les aspects politiques, diplomatiques, administratifs, institutionnels, juridiques, s\u00e9curitaires, ainsi que les enjeux de d\u00e9veloppement \u00e9conomique et social. Les deux parties ont r\u00e9affirm\u00e9 leur engagement \u00e0 pr\u00e9server les acquis de l\u2019int\u00e9gration sous-r\u00e9gionale, en particulier la libre circulation des personnes et des biens, en attendant l\u2019\u00e9tablissement de nouveaux accords.<\/span><\/p>\n<p class=\"p1\"><span class=\"s1\">La question s\u00e9curitaire, notamment la lutte contre le terrorisme, a occup\u00e9 une place centrale dans les discussions. Les participants ont exprim\u00e9 une pr\u00e9occupation commune face \u00e0 la persistance des menaces et ont convenu de l\u2019urgence de renforcer la coop\u00e9ration r\u00e9gionale dans ce domaine.<\/span><\/p>\n<p class=\"p1\"><span class=\"s1\">Cette premi\u00e8re rencontre directe a \u00e9t\u00e9 salu\u00e9e pour l\u2019esprit de fraternit\u00e9 et de responsabilit\u00e9 qui l\u2019a anim\u00e9e. Les deux parties se sont engag\u00e9es \u00e0 poursuivre les discussions dans le respect mutuel, avec pour objectif principal la stabilit\u00e9 et le bien-\u00eatre des populations ouest-africaines.<\/span><\/p>\n<p class=\"p1\"><span class=\"s2\">Un tournant diplomatique majeur<\/span><span class=\"s1\"><br \/>\nLe dialogue amorc\u00e9 \u00e0 Bamako pourrait constituer un tournant dans les relations entre la CEDEAO et la Conf\u00e9d\u00e9ration AES, qui regroupe le Mali, le Burkina Faso et le Niger. En misant sur le dialogue, les dirigeants de la sous-r\u00e9gion semblent d\u00e9termin\u00e9s \u00e0 surmonter les tensions r\u00e9centes et \u00e0 \u0153uvrer ensemble pour un avenir commun, fond\u00e9 sur le respect des souverainet\u00e9s et la coop\u00e9ration mutuellement b\u00e9n\u00e9fique.<\/span><\/p>\n<p class=\"p1\" style=\"text-align: right;\"><strong><span class=\"s1\">Par Vox Sahel <\/span><\/strong><\/p>\n","protected":false},"excerpt":{"rendered":"<p>Un pas significatif a \u00e9t\u00e9 franchi ce mercredi 22 mai 3025 \u00e0 Bamako, o\u00f9 se<\/p>\n","protected":false},"author":2,"featured_media":2032,"comment_status":"open","ping_status":"open","sticky":false,"template":"","format":"standard","meta":{"_et_pb_use_builder":"","_et_pb_old_content":"","_et_gb_content_width":"","footnotes":""},"categories":[6],"tags":[62,533,18,289,123,31,60,20],"class_list":["post-2031","post","type-post","status-publish","format-standard","has-post-thumbnail","hentry","category-politique","tag-alliance-des-etats-du-sahel","tag-bamako","tag-burkina-faso","tag-cedeao","tag-confederation-de-lalliances-des-etats-du-sahel","tag-mali","tag-niger","tag-terrorisme"],"yoast_head":"<!-- This site is optimized with the Yoast SEO plugin v27.5 - https:\/\/yoast.com\/product\/yoast-seo-wordpress\/ -->\n<title>Rencontre AES-CEDEAO \u00c0 Bamako : Ouverture d\u2019un nouveau chapitre des relations dans la sous r\u00e9gion ouest-africaine - Vox Sahel<\/title>\n<meta name=\"robots\" content=\"index, follow, max-snippet:-1, max-image-preview:large, max-video-preview:-1\" \/>\n<link rel=\"canonical\" href=\"https:\/\/voxsahel.com\/?p=2031\" \/>\n<meta property=\"og:locale\" content=\"fr_FR\" \/>\n<meta property=\"og:type\" content=\"article\" \/>\n<meta property=\"og:title\" content=\"Rencontre AES-CEDEAO \u00c0 Bamako : Ouverture d\u2019un nouveau chapitre des relations dans la sous r\u00e9gion ouest-africaine - Vox Sahel\" \/>\n<meta property=\"og:description\" content=\"Un pas significatif a \u00e9t\u00e9 franchi ce mercredi 22 mai 3025 \u00e0 Bamako, o\u00f9 se\" \/>\n<meta property=\"og:url\" content=\"https:\/\/voxsahel.com\/?p=2031\" \/>\n<meta property=\"og:site_name\" content=\"Vox Sahel\" \/>\n<meta property=\"article:publisher\" content=\"https:\/\/www.facebook.com\/journal.voxsahel\" \/>\n<meta property=\"article:published_time\" content=\"2025-05-22T21:36:09+00:00\" \/>\n<meta property=\"article:modified_time\" content=\"2025-05-22T21:36:49+00:00\" \/>\n<meta property=\"og:image\" content=\"https:\/\/voxsahel.com\/wp-content\/uploads\/2025\/05\/IMG_7369.jpeg\" \/>\n\t<meta property=\"og:image:width\" content=\"1080\" \/>\n\t<meta property=\"og:image:height\" content=\"720\" \/>\n\t<meta property=\"og:image:type\" content=\"image\/jpeg\" \/>\n<meta name=\"author\" content=\"Vox Sahel\" \/>\n<meta name=\"twitter:card\" content=\"summary_large_image\" \/>\n<meta name=\"twitter:label1\" content=\"\u00c9crit par\" \/>\n\t<meta name=\"twitter:data1\" content=\"Vox Sahel\" \/>\n\t<meta name=\"twitter:label2\" content=\"Dur\u00e9e de lecture estim\u00e9e\" \/>\n\t<meta name=\"twitter:data2\" content=\"2 minutes\" \/>\n<script type=\"application\/ld+json\" class=\"yoast-schema-graph\">{\"@context\":\"https:\\\/\\\/schema.org\",\"@graph\":[{\"@type\":\"Article\",\"@id\":\"https:\\\/\\\/voxsahel.com\\\/?p=2031#article\",\"isPartOf\":{\"@id\":\"https:\\\/\\\/voxsahel.com\\\/?p=2031\"},\"author\":{\"name\":\"Vox Sahel\",\"@id\":\"https:\\\/\\\/voxsahel.com\\\/#\\\/schema\\\/person\\\/b4043608248f8fa227cd760e7ff1e19e\"},\"headline\":\"Rencontre AES-CEDEAO \u00c0 Bamako : Ouverture d\u2019un nouveau chapitre des relations dans la sous r\u00e9gion ouest-africaine\",\"datePublished\":\"2025-05-22T21:36:09+00:00\",\"dateModified\":\"2025-05-22T21:36:49+00:00\",\"mainEntityOfPage\":{\"@id\":\"https:\\\/\\\/voxsahel.com\\\/?p=2031\"},\"wordCount\":383,\"commentCount\":0,\"publisher\":{\"@id\":\"https:\\\/\\\/voxsahel.com\\\/#organization\"},\"image\":{\"@id\":\"https:\\\/\\\/voxsahel.com\\\/?p=2031#primaryimage\"},\"thumbnailUrl\":\"https:\\\/\\\/voxsahel.com\\\/wp-content\\\/uploads\\\/2025\\\/05\\\/IMG_7369.jpeg\",\"keywords\":[\"Alliance des \u00c9tats du Sahel\",\"Bamako\",\"Burkina Faso\",\"CEDEAO\",\"Conf\u00e9d\u00e9ration de l\u2019Alliances des \u00c9tats du Sahel\",\"Mali\",\"Niger\",\"Terrorisme\"],\"articleSection\":[\"POLITIQUE\"],\"inLanguage\":\"fr-FR\",\"potentialAction\":[{\"@type\":\"CommentAction\",\"name\":\"Comment\",\"target\":[\"https:\\\/\\\/voxsahel.com\\\/?p=2031#respond\"]}]},{\"@type\":\"WebPage\",\"@id\":\"https:\\\/\\\/voxsahel.com\\\/?p=2031\",\"url\":\"https:\\\/\\\/voxsahel.com\\\/?p=2031\",\"name\":\"Rencontre AES-CEDEAO \u00c0 Bamako : Ouverture d\u2019un nouveau chapitre des relations dans la sous r\u00e9gion ouest-africaine - Vox Sahel\",\"isPartOf\":{\"@id\":\"https:\\\/\\\/voxsahel.com\\\/#website\"},\"primaryImageOfPage\":{\"@id\":\"https:\\\/\\\/voxsahel.com\\\/?p=2031#primaryimage\"},\"image\":{\"@id\":\"https:\\\/\\\/voxsahel.com\\\/?p=2031#primaryimage\"},\"thumbnailUrl\":\"https:\\\/\\\/voxsahel.com\\\/wp-content\\\/uploads\\\/2025\\\/05\\\/IMG_7369.jpeg\",\"datePublished\":\"2025-05-22T21:36:09+00:00\",\"dateModified\":\"2025-05-22T21:36:49+00:00\",\"breadcrumb\":{\"@id\":\"https:\\\/\\\/voxsahel.com\\\/?p=2031#breadcrumb\"},\"inLanguage\":\"fr-FR\",\"potentialAction\":[{\"@type\":\"ReadAction\",\"target\":[\"https:\\\/\\\/voxsahel.com\\\/?p=2031\"]}]},{\"@type\":\"ImageObject\",\"inLanguage\":\"fr-FR\",\"@id\":\"https:\\\/\\\/voxsahel.com\\\/?p=2031#primaryimage\",\"url\":\"https:\\\/\\\/voxsahel.com\\\/wp-content\\\/uploads\\\/2025\\\/05\\\/IMG_7369.jpeg\",\"contentUrl\":\"https:\\\/\\\/voxsahel.com\\\/wp-content\\\/uploads\\\/2025\\\/05\\\/IMG_7369.jpeg\",\"width\":1080,\"height\":720},{\"@type\":\"BreadcrumbList\",\"@id\":\"https:\\\/\\\/voxsahel.com\\\/?p=2031#breadcrumb\",\"itemListElement\":[{\"@type\":\"ListItem\",\"position\":1,\"name\":\"Home\",\"item\":\"https:\\\/\\\/voxsahel.com\\\/\"},{\"@type\":\"ListItem\",\"position\":2,\"name\":\"Rencontre AES-CEDEAO \u00c0 Bamako : Ouverture d\u2019un nouveau chapitre des relations dans la sous r\u00e9gion ouest-africaine\"}]},{\"@type\":\"WebSite\",\"@id\":\"https:\\\/\\\/voxsahel.com\\\/#website\",\"url\":\"https:\\\/\\\/voxsahel.com\\\/\",\"name\":\"Vox Sahel\",\"description\":\"Informez-vous sur le Sahel en un clic\",\"publisher\":{\"@id\":\"https:\\\/\\\/voxsahel.com\\\/#organization\"},\"potentialAction\":[{\"@type\":\"SearchAction\",\"target\":{\"@type\":\"EntryPoint\",\"urlTemplate\":\"https:\\\/\\\/voxsahel.com\\\/?s={search_term_string}\"},\"query-input\":{\"@type\":\"PropertyValueSpecification\",\"valueRequired\":true,\"valueName\":\"search_term_string\"}}],\"inLanguage\":\"fr-FR\"},{\"@type\":\"Organization\",\"@id\":\"https:\\\/\\\/voxsahel.com\\\/#organization\",\"name\":\"Vox Sahel\",\"url\":\"https:\\\/\\\/voxsahel.com\\\/\",\"logo\":{\"@type\":\"ImageObject\",\"inLanguage\":\"fr-FR\",\"@id\":\"https:\\\/\\\/voxsahel.com\\\/#\\\/schema\\\/logo\\\/image\\\/\",\"url\":\"https:\\\/\\\/voxsahel.com\\\/wp-content\\\/uploads\\\/2024\\\/09\\\/Logo-Vox-Sahel.jpg\",\"contentUrl\":\"https:\\\/\\\/voxsahel.com\\\/wp-content\\\/uploads\\\/2024\\\/09\\\/Logo-Vox-Sahel.jpg\",\"width\":1181,\"height\":848,\"caption\":\"Vox Sahel\"},\"image\":{\"@id\":\"https:\\\/\\\/voxsahel.com\\\/#\\\/schema\\\/logo\\\/image\\\/\"},\"sameAs\":[\"https:\\\/\\\/www.facebook.com\\\/journal.voxsahel\"]},{\"@type\":\"Person\",\"@id\":\"https:\\\/\\\/voxsahel.com\\\/#\\\/schema\\\/person\\\/b4043608248f8fa227cd760e7ff1e19e\",\"name\":\"Vox Sahel\",\"image\":{\"@type\":\"ImageObject\",\"inLanguage\":\"fr-FR\",\"@id\":\"https:\\\/\\\/secure.gravatar.com\\\/avatar\\\/f70e7fa0cb9b29d4a7c5788d6eb2e9ab4d3135cbae1c9161810fdf77a8964699?s=96&d=mm&r=g\",\"url\":\"https:\\\/\\\/secure.gravatar.com\\\/avatar\\\/f70e7fa0cb9b29d4a7c5788d6eb2e9ab4d3135cbae1c9161810fdf77a8964699?s=96&d=mm&r=g\",\"contentUrl\":\"https:\\\/\\\/secure.gravatar.com\\\/avatar\\\/f70e7fa0cb9b29d4a7c5788d6eb2e9ab4d3135cbae1c9161810fdf77a8964699?s=96&d=mm&r=g\",\"caption\":\"Vox Sahel\"},\"sameAs\":[\"http:\\\/\\\/www.voxsahel.com\"],\"url\":\"https:\\\/\\\/voxsahel.com\\\/?author=2\"}]}<\/script>\n<!-- \/ Yoast SEO plugin. -->","yoast_head_json":{"title":"Rencontre AES-CEDEAO \u00c0 Bamako : Ouverture d\u2019un nouveau chapitre des relations dans la sous r\u00e9gion ouest-africaine - Vox Sahel","robots":{"index":"index","follow":"follow","max-snippet":"max-snippet:-1","max-image-preview":"max-image-preview:large","max-video-preview":"max-video-preview:-1"},"canonical":"https:\/\/voxsahel.com\/?p=2031","og_locale":"fr_FR","og_type":"article","og_title":"Rencontre AES-CEDEAO \u00c0 Bamako : Ouverture d\u2019un nouveau chapitre des relations dans la sous r\u00e9gion ouest-africaine - Vox Sahel","og_description":"Un pas significatif a \u00e9t\u00e9 franchi ce mercredi 22 mai 3025 \u00e0 Bamako, o\u00f9 se","og_url":"https:\/\/voxsahel.com\/?p=2031","og_site_name":"Vox Sahel","article_publisher":"https:\/\/www.facebook.com\/journal.voxsahel","article_published_time":"2025-05-22T21:36:09+00:00","article_modified_time":"2025-05-22T21:36:49+00:00","og_image":[{"width":1080,"height":720,"url":"https:\/\/voxsahel.com\/wp-content\/uploads\/2025\/05\/IMG_7369.jpeg","type":"image\/jpeg"}],"author":"Vox Sahel","twitter_card":"summary_large_image","twitter_misc":{"\u00c9crit par":"Vox Sahel","Dur\u00e9e de lecture estim\u00e9e":"2 minutes"},"schema":{"@context":"https:\/\/schema.org","@graph":[{"@type":"Article","@id":"https:\/\/voxsahel.com\/?p=2031#article","isPartOf":{"@id":"https:\/\/voxsahel.com\/?p=2031"},"author":{"name":"Vox Sahel","@id":"https:\/\/voxsahel.com\/#\/schema\/person\/b4043608248f8fa227cd760e7ff1e19e"},"headline":"Rencontre AES-CEDEAO \u00c0 Bamako : Ouverture d\u2019un nouveau chapitre des relations dans la sous r\u00e9gion ouest-africaine","datePublished":"2025-05-22T21:36:09+00:00","dateModified":"2025-05-22T21:36:49+00:00","mainEntityOfPage":{"@id":"https:\/\/voxsahel.com\/?p=2031"},"wordCount":383,"commentCount":0,"publisher":{"@id":"https:\/\/voxsahel.com\/#organization"},"image":{"@id":"https:\/\/voxsahel.com\/?p=2031#primaryimage"},"thumbnailUrl":"https:\/\/voxsahel.com\/wp-content\/uploads\/2025\/05\/IMG_7369.jpeg","keywords":["Alliance des \u00c9tats du Sahel","Bamako","Burkina Faso","CEDEAO","Conf\u00e9d\u00e9ration de l\u2019Alliances des \u00c9tats du Sahel","Mali","Niger","Terrorisme"],"articleSection":["POLITIQUE"],"inLanguage":"fr-FR","potentialAction":[{"@type":"CommentAction","name":"Comment","target":["https:\/\/voxsahel.com\/?p=2031#respond"]}]},{"@type":"WebPage","@id":"https:\/\/voxsahel.com\/?p=2031","url":"https:\/\/voxsahel.com\/?p=2031","name":"Rencontre AES-CEDEAO \u00c0 Bamako : Ouverture d\u2019un nouveau chapitre des relations dans la sous r\u00e9gion ouest-africaine - Vox Sahel","isPartOf":{"@id":"https:\/\/voxsahel.com\/#website"},"primaryImageOfPage":{"@id":"https:\/\/voxsahel.com\/?p=2031#primaryimage"},"image":{"@id":"https:\/\/voxsahel.com\/?p=2031#primaryimage"},"thumbnailUrl":"https:\/\/voxsahel.com\/wp-content\/uploads\/2025\/05\/IMG_7369.jpeg","datePublished":"2025-05-22T21:36:09+00:00","dateModified":"2025-05-22T21:36:49+00:00","breadcrumb":{"@id":"https:\/\/voxsahel.com\/?p=2031#breadcrumb"},"inLanguage":"fr-FR","potentialAction":[{"@type":"ReadAction","target":["https:\/\/voxsahel.com\/?p=2031"]}]},{"@type":"ImageObject","inLanguage":"fr-FR","@id":"https:\/\/voxsahel.com\/?p=2031#primaryimage","url":"https:\/\/voxsahel.com\/wp-content\/uploads\/2025\/05\/IMG_7369.jpeg","contentUrl":"https:\/\/voxsahel.com\/wp-content\/uploads\/2025\/05\/IMG_7369.jpeg","width":1080,"height":720},{"@type":"BreadcrumbList","@id":"https:\/\/voxsahel.com\/?p=2031#breadcrumb","itemListElement":[{"@type":"ListItem","position":1,"name":"Home","item":"https:\/\/voxsahel.com\/"},{"@type":"ListItem","position":2,"name":"Rencontre AES-CEDEAO \u00c0 Bamako : Ouverture d\u2019un nouveau chapitre des relations dans la sous r\u00e9gion ouest-africaine"}]},{"@type":"WebSite","@id":"https:\/\/voxsahel.com\/#website","url":"https:\/\/voxsahel.com\/","name":"Vox Sahel","description":"Informez-vous sur le Sahel en un clic","publisher":{"@id":"https:\/\/voxsahel.com\/#organization"},"potentialAction":[{"@type":"SearchAction","target":{"@type":"EntryPoint","urlTemplate":"https:\/\/voxsahel.com\/?s={search_term_string}"},"query-input":{"@type":"PropertyValueSpecification","valueRequired":true,"valueName":"search_term_string"}}],"inLanguage":"fr-FR"},{"@type":"Organization","@id":"https:\/\/voxsahel.com\/#organization","name":"Vox Sahel","url":"https:\/\/voxsahel.com\/","logo":{"@type":"ImageObject","inLanguage":"fr-FR","@id":"https:\/\/voxsahel.com\/#\/schema\/logo\/image\/","url":"https:\/\/voxsahel.com\/wp-content\/uploads\/2024\/09\/Logo-Vox-Sahel.jpg","contentUrl":"https:\/\/voxsahel.com\/wp-content\/uploads\/2024\/09\/Logo-Vox-Sahel.jpg","width":1181,"height":848,"caption":"Vox Sahel"},"image":{"@id":"https:\/\/voxsahel.com\/#\/schema\/logo\/image\/"},"sameAs":["https:\/\/www.facebook.com\/journal.voxsahel"]},{"@type":"Person","@id":"https:\/\/voxsahel.com\/#\/schema\/person\/b4043608248f8fa227cd760e7ff1e19e","name":"Vox Sahel","image":{"@type":"ImageObject","inLanguage":"fr-FR","@id":"https:\/\/secure.gravatar.com\/avatar\/f70e7fa0cb9b29d4a7c5788d6eb2e9ab4d3135cbae1c9161810fdf77a8964699?s=96&d=mm&r=g","url":"https:\/\/secure.gravatar.com\/avatar\/f70e7fa0cb9b29d4a7c5788d6eb2e9ab4d3135cbae1c9161810fdf77a8964699?s=96&d=mm&r=g","contentUrl":"https:\/\/secure.gravatar.com\/avatar\/f70e7fa0cb9b29d4a7c5788d6eb2e9ab4d3135cbae1c9161810fdf77a8964699?s=96&d=mm&r=g","caption":"Vox Sahel"},"sameAs":["http:\/\/www.voxsahel.com"],"url":"https:\/\/voxsahel.com\/?author=2"}]}},"_links":{"self":[{"href":"https:\/\/voxsahel.com\/index.php?rest_route=\/wp\/v2\/posts\/2031","targetHints":{"allow":["GET"]}}],"collection":[{"href":"https:\/\/voxsahel.com\/index.php?rest_route=\/wp\/v2\/posts"}],"about":[{"href":"https:\/\/voxsahel.com\/index.php?rest_route=\/wp\/v2\/types\/post"}],"author":[{"embeddable":true,"href":"https:\/\/voxsahel.com\/index.php?rest_route=\/wp\/v2\/users\/2"}],"replies":[{"embeddable":true,"href":"https:\/\/voxsahel.com\/index.php?rest_route=%2Fwp%2Fv2%2Fcomments&post=2031"}],"version-history":[{"count":2,"href":"https:\/\/voxsahel.com\/index.php?rest_route=\/wp\/v2\/posts\/2031\/revisions"}],"predecessor-version":[{"id":2034,"href":"https:\/\/voxsahel.com\/index.php?rest_route=\/wp\/v2\/posts\/2031\/revisions\/2034"}],"wp:featuredmedia":[{"embeddable":true,"href":"https:\/\/voxsahel.com\/index.php?rest_route=\/wp\/v2\/media\/2032"}],"wp:attachment":[{"href":"https:\/\/voxsahel.com\/index.php?rest_route=%2Fwp%2Fv2%2Fmedia&parent=2031"}],"wp:term":[{"taxonomy":"category","embeddable":true,"href":"https:\/\/voxsahel.com\/index.php?rest_route=%2Fwp%2Fv2%2Fcategories&post=2031"},{"taxonomy":"post_tag","embeddable":true,"href":"https:\/\/voxsahel.com\/index.php?rest_route=%2Fwp%2Fv2%2Ftags&post=2031"}],"curies":[{"name":"wp","href":"https:\/\/api.w.org\/{rel}","templated":true}]}}