{"id":2022,"date":"2025-05-22T15:19:45","date_gmt":"2025-05-22T15:19:45","guid":{"rendered":"https:\/\/voxsahel.com\/?p=2022"},"modified":"2025-05-22T15:19:45","modified_gmt":"2025-05-22T15:19:45","slug":"ouagadougou-operation-coup-de-poing-contre-les-constructions-illegales-a-usage-commercial","status":"publish","type":"post","link":"https:\/\/voxsahel.com\/?p=2022","title":{"rendered":"Ouagadougou : op\u00e9ration coup de poing contre les constructions ill\u00e9gales \u00e0 usage commercial"},"content":{"rendered":"<p class=\"p1\"><span class=\"s3\">L\u2019Office national du contr\u00f4le des am\u00e9nagements et des constructions (ONC-AC) a men\u00e9 ce jeudi<\/span><span class=\"s2\"> 22 mai 2025, <\/span><span class=\"s3\"> une op\u00e9ration coup de poing dans les quartiers Larl\u00e9 et Hamdalaye pour lutter contre la prolif\u00e9ration des magasins construits ill\u00e9galement sur des parcelles \u00e0 usage d\u2019habitation.<\/span><\/p>\n<p class=\"p3\"><span class=\"s3\">Durant l\u2019occupation, une vingtaine de magasins ont \u00e9t\u00e9 inspect\u00e9s par les agents de l\u2019ONC-AC. R\u00e9sultat : plusieurs constructions ont \u00e9t\u00e9 marqu\u00e9es de l\u2019inscription \u00ab \u00e0 d\u00e9molir \u00bb pour les b\u00e2tis achev\u00e9s, et \u00ab arr\u00eat travaux \u00bb pour les chantiers en cours, tous r\u00e9alis\u00e9s sans autorisation conforme \u00e0 la destination des terrains.<\/span><\/p>\n<p class=\"p3\"><span class=\"s3\">Selon Yacouba Siko, directeur g\u00e9n\u00e9ral de l\u2019ONC-AC, ces constructions anarchiques sont non seulement ill\u00e9gales, mais \u00e9galement source d\u2019ins\u00e9curit\u00e9 pour les riverains. \u00ab Il ne s\u2019agit pas seulement d\u2019une infraction \u00e0 l\u2019urbanisme, mais aussi d\u2019un danger pour la s\u00e9curit\u00e9 publique \u00bb, a-t-il d\u00e9clar\u00e9.<\/span><\/p>\n<p class=\"p3\"><span class=\"s3\">Cette op\u00e9ration marque la phase de constatation et de sensibilisation. Mais l\u2019ONC-AC annonce d\u00e9j\u00e0 une deuxi\u00e8me \u00e9tape plus contraignante : \u00ab La prochaine fois, ce sera des mises en demeure, puis la d\u00e9molition pure et simple \u00bb, a averti M. Siko.<\/span><\/p>\n<p class=\"p3\"><span class=\"s3\">L\u2019ONC-AC rappelle que les parcelles en question ont \u00e9t\u00e9 attribu\u00e9es \u00e0 des particuliers pour des fins d\u2019habitation. Or, certains acqu\u00e9reurs y ont \u00e9rig\u00e9 des magasins d\u2019entreposage ou de commerce, en violation des r\u00e8gles d\u2019urbanisme et du cahier de charges initial.<\/span><\/p>\n<p class=\"p3\"><span class=\"s3\">Le message est clair : les contrevenants de tous les quartiers de la capitale sont appel\u00e9s \u00e0 se conformer \u00e0 la r\u00e9glementation sous peine de sanctions. \u00ab Cette supercherie ne peut pas passer. Nous allons nous assumer \u00bb, a martel\u00e9 le directeur g\u00e9n\u00e9ral.<\/span><\/p>\n<p class=\"p3\"><span class=\"s3\">Avec cette op\u00e9ration, l\u2019ONC-AC affirme sa volont\u00e9 de r\u00e9tablir l\u2019ordre urbain et de faire respecter la destination l\u00e9gale des parcelles sur l\u2019ensemble du territoire.<\/span><\/p>\n<p style=\"text-align: right;\"><strong>Par Vox Sahel\u00a0<\/strong><\/p>\n","protected":false},"excerpt":{"rendered":"<p>L\u2019Office national du contr\u00f4le des am\u00e9nagements et des constructions (ONC-AC) a men\u00e9 ce jeudi 22<\/p>\n","protected":false},"author":2,"featured_media":2024,"comment_status":"open","ping_status":"open","sticky":false,"template":"","format":"standard","meta":{"_et_pb_use_builder":"","_et_pb_old_content":"","_et_gb_content_width":"","footnotes":""},"categories":[5],"tags":[18,411,105,106,103,277],"class_list":["post-2022","post","type-post","status-publish","format-standard","has-post-thumbnail","hentry","category-societe","tag-burkina-faso","tag-commune-de-ouagadougou","tag-foncier","tag-habitat","tag-ouagadougou","tag-permis-urbain-dhabitation"],"yoast_head":"<!-- This site is optimized with the Yoast SEO plugin v27.5 - https:\/\/yoast.com\/product\/yoast-seo-wordpress\/ -->\n<title>Ouagadougou : op\u00e9ration coup de poing contre les constructions ill\u00e9gales \u00e0 usage commercial - Vox Sahel<\/title>\n<meta name=\"robots\" content=\"index, follow, max-snippet:-1, max-image-preview:large, max-video-preview:-1\" \/>\n<link rel=\"canonical\" href=\"https:\/\/voxsahel.com\/?p=2022\" \/>\n<meta property=\"og:locale\" content=\"fr_FR\" \/>\n<meta property=\"og:type\" content=\"article\" \/>\n<meta property=\"og:title\" content=\"Ouagadougou : op\u00e9ration coup de poing contre les constructions ill\u00e9gales \u00e0 usage commercial - Vox Sahel\" \/>\n<meta property=\"og:description\" content=\"L\u2019Office national du contr\u00f4le des am\u00e9nagements et des constructions (ONC-AC) a men\u00e9 ce jeudi 22\" \/>\n<meta property=\"og:url\" content=\"https:\/\/voxsahel.com\/?p=2022\" \/>\n<meta property=\"og:site_name\" content=\"Vox Sahel\" \/>\n<meta property=\"article:publisher\" content=\"https:\/\/www.facebook.com\/journal.voxsahel\" \/>\n<meta property=\"article:published_time\" content=\"2025-05-22T15:19:45+00:00\" \/>\n<meta property=\"og:image\" content=\"https:\/\/voxsahel.com\/wp-content\/uploads\/2025\/05\/IMG_7302.jpeg\" \/>\n\t<meta property=\"og:image:width\" content=\"1280\" \/>\n\t<meta property=\"og:image:height\" content=\"960\" \/>\n\t<meta property=\"og:image:type\" content=\"image\/jpeg\" \/>\n<meta name=\"author\" content=\"Vox Sahel\" \/>\n<meta name=\"twitter:card\" content=\"summary_large_image\" \/>\n<meta name=\"twitter:label1\" content=\"\u00c9crit par\" \/>\n\t<meta name=\"twitter:data1\" content=\"Vox Sahel\" \/>\n\t<meta name=\"twitter:label2\" content=\"Dur\u00e9e de lecture estim\u00e9e\" \/>\n\t<meta name=\"twitter:data2\" content=\"2 minutes\" \/>\n<script type=\"application\/ld+json\" class=\"yoast-schema-graph\">{\"@context\":\"https:\\\/\\\/schema.org\",\"@graph\":[{\"@type\":\"Article\",\"@id\":\"https:\\\/\\\/voxsahel.com\\\/?p=2022#article\",\"isPartOf\":{\"@id\":\"https:\\\/\\\/voxsahel.com\\\/?p=2022\"},\"author\":{\"name\":\"Vox Sahel\",\"@id\":\"https:\\\/\\\/voxsahel.com\\\/#\\\/schema\\\/person\\\/b4043608248f8fa227cd760e7ff1e19e\"},\"headline\":\"Ouagadougou : op\u00e9ration coup de poing contre les constructions ill\u00e9gales \u00e0 usage commercial\",\"datePublished\":\"2025-05-22T15:19:45+00:00\",\"mainEntityOfPage\":{\"@id\":\"https:\\\/\\\/voxsahel.com\\\/?p=2022\"},\"wordCount\":331,\"commentCount\":0,\"publisher\":{\"@id\":\"https:\\\/\\\/voxsahel.com\\\/#organization\"},\"image\":{\"@id\":\"https:\\\/\\\/voxsahel.com\\\/?p=2022#primaryimage\"},\"thumbnailUrl\":\"https:\\\/\\\/voxsahel.com\\\/wp-content\\\/uploads\\\/2025\\\/05\\\/IMG_7302.jpeg\",\"keywords\":[\"Burkina Faso\",\"Commune de Ouagadougou\",\"Foncier\",\"Habitat\",\"Ouagadougou\",\"Permis urbain d\u2019habitation\"],\"articleSection\":[\"SOCIETE\"],\"inLanguage\":\"fr-FR\",\"potentialAction\":[{\"@type\":\"CommentAction\",\"name\":\"Comment\",\"target\":[\"https:\\\/\\\/voxsahel.com\\\/?p=2022#respond\"]}]},{\"@type\":\"WebPage\",\"@id\":\"https:\\\/\\\/voxsahel.com\\\/?p=2022\",\"url\":\"https:\\\/\\\/voxsahel.com\\\/?p=2022\",\"name\":\"Ouagadougou : op\u00e9ration coup de poing contre les constructions ill\u00e9gales \u00e0 usage commercial - Vox Sahel\",\"isPartOf\":{\"@id\":\"https:\\\/\\\/voxsahel.com\\\/#website\"},\"primaryImageOfPage\":{\"@id\":\"https:\\\/\\\/voxsahel.com\\\/?p=2022#primaryimage\"},\"image\":{\"@id\":\"https:\\\/\\\/voxsahel.com\\\/?p=2022#primaryimage\"},\"thumbnailUrl\":\"https:\\\/\\\/voxsahel.com\\\/wp-content\\\/uploads\\\/2025\\\/05\\\/IMG_7302.jpeg\",\"datePublished\":\"2025-05-22T15:19:45+00:00\",\"breadcrumb\":{\"@id\":\"https:\\\/\\\/voxsahel.com\\\/?p=2022#breadcrumb\"},\"inLanguage\":\"fr-FR\",\"potentialAction\":[{\"@type\":\"ReadAction\",\"target\":[\"https:\\\/\\\/voxsahel.com\\\/?p=2022\"]}]},{\"@type\":\"ImageObject\",\"inLanguage\":\"fr-FR\",\"@id\":\"https:\\\/\\\/voxsahel.com\\\/?p=2022#primaryimage\",\"url\":\"https:\\\/\\\/voxsahel.com\\\/wp-content\\\/uploads\\\/2025\\\/05\\\/IMG_7302.jpeg\",\"contentUrl\":\"https:\\\/\\\/voxsahel.com\\\/wp-content\\\/uploads\\\/2025\\\/05\\\/IMG_7302.jpeg\",\"width\":1280,\"height\":960},{\"@type\":\"BreadcrumbList\",\"@id\":\"https:\\\/\\\/voxsahel.com\\\/?p=2022#breadcrumb\",\"itemListElement\":[{\"@type\":\"ListItem\",\"position\":1,\"name\":\"Home\",\"item\":\"https:\\\/\\\/voxsahel.com\\\/\"},{\"@type\":\"ListItem\",\"position\":2,\"name\":\"Ouagadougou : op\u00e9ration coup de poing contre les constructions ill\u00e9gales \u00e0 usage commercial\"}]},{\"@type\":\"WebSite\",\"@id\":\"https:\\\/\\\/voxsahel.com\\\/#website\",\"url\":\"https:\\\/\\\/voxsahel.com\\\/\",\"name\":\"Vox Sahel\",\"description\":\"Informez-vous sur le Sahel en un clic\",\"publisher\":{\"@id\":\"https:\\\/\\\/voxsahel.com\\\/#organization\"},\"potentialAction\":[{\"@type\":\"SearchAction\",\"target\":{\"@type\":\"EntryPoint\",\"urlTemplate\":\"https:\\\/\\\/voxsahel.com\\\/?s={search_term_string}\"},\"query-input\":{\"@type\":\"PropertyValueSpecification\",\"valueRequired\":true,\"valueName\":\"search_term_string\"}}],\"inLanguage\":\"fr-FR\"},{\"@type\":\"Organization\",\"@id\":\"https:\\\/\\\/voxsahel.com\\\/#organization\",\"name\":\"Vox Sahel\",\"url\":\"https:\\\/\\\/voxsahel.com\\\/\",\"logo\":{\"@type\":\"ImageObject\",\"inLanguage\":\"fr-FR\",\"@id\":\"https:\\\/\\\/voxsahel.com\\\/#\\\/schema\\\/logo\\\/image\\\/\",\"url\":\"https:\\\/\\\/voxsahel.com\\\/wp-content\\\/uploads\\\/2024\\\/09\\\/Logo-Vox-Sahel.jpg\",\"contentUrl\":\"https:\\\/\\\/voxsahel.com\\\/wp-content\\\/uploads\\\/2024\\\/09\\\/Logo-Vox-Sahel.jpg\",\"width\":1181,\"height\":848,\"caption\":\"Vox Sahel\"},\"image\":{\"@id\":\"https:\\\/\\\/voxsahel.com\\\/#\\\/schema\\\/logo\\\/image\\\/\"},\"sameAs\":[\"https:\\\/\\\/www.facebook.com\\\/journal.voxsahel\"]},{\"@type\":\"Person\",\"@id\":\"https:\\\/\\\/voxsahel.com\\\/#\\\/schema\\\/person\\\/b4043608248f8fa227cd760e7ff1e19e\",\"name\":\"Vox Sahel\",\"image\":{\"@type\":\"ImageObject\",\"inLanguage\":\"fr-FR\",\"@id\":\"https:\\\/\\\/secure.gravatar.com\\\/avatar\\\/f70e7fa0cb9b29d4a7c5788d6eb2e9ab4d3135cbae1c9161810fdf77a8964699?s=96&d=mm&r=g\",\"url\":\"https:\\\/\\\/secure.gravatar.com\\\/avatar\\\/f70e7fa0cb9b29d4a7c5788d6eb2e9ab4d3135cbae1c9161810fdf77a8964699?s=96&d=mm&r=g\",\"contentUrl\":\"https:\\\/\\\/secure.gravatar.com\\\/avatar\\\/f70e7fa0cb9b29d4a7c5788d6eb2e9ab4d3135cbae1c9161810fdf77a8964699?s=96&d=mm&r=g\",\"caption\":\"Vox Sahel\"},\"sameAs\":[\"http:\\\/\\\/www.voxsahel.com\"],\"url\":\"https:\\\/\\\/voxsahel.com\\\/?author=2\"}]}<\/script>\n<!-- \/ Yoast SEO plugin. -->","yoast_head_json":{"title":"Ouagadougou : op\u00e9ration coup de poing contre les constructions ill\u00e9gales \u00e0 usage commercial - Vox Sahel","robots":{"index":"index","follow":"follow","max-snippet":"max-snippet:-1","max-image-preview":"max-image-preview:large","max-video-preview":"max-video-preview:-1"},"canonical":"https:\/\/voxsahel.com\/?p=2022","og_locale":"fr_FR","og_type":"article","og_title":"Ouagadougou : op\u00e9ration coup de poing contre les constructions ill\u00e9gales \u00e0 usage commercial - Vox Sahel","og_description":"L\u2019Office national du contr\u00f4le des am\u00e9nagements et des constructions (ONC-AC) a men\u00e9 ce jeudi 22","og_url":"https:\/\/voxsahel.com\/?p=2022","og_site_name":"Vox Sahel","article_publisher":"https:\/\/www.facebook.com\/journal.voxsahel","article_published_time":"2025-05-22T15:19:45+00:00","og_image":[{"width":1280,"height":960,"url":"https:\/\/voxsahel.com\/wp-content\/uploads\/2025\/05\/IMG_7302.jpeg","type":"image\/jpeg"}],"author":"Vox Sahel","twitter_card":"summary_large_image","twitter_misc":{"\u00c9crit par":"Vox Sahel","Dur\u00e9e de lecture estim\u00e9e":"2 minutes"},"schema":{"@context":"https:\/\/schema.org","@graph":[{"@type":"Article","@id":"https:\/\/voxsahel.com\/?p=2022#article","isPartOf":{"@id":"https:\/\/voxsahel.com\/?p=2022"},"author":{"name":"Vox Sahel","@id":"https:\/\/voxsahel.com\/#\/schema\/person\/b4043608248f8fa227cd760e7ff1e19e"},"headline":"Ouagadougou : op\u00e9ration coup de poing contre les constructions ill\u00e9gales \u00e0 usage commercial","datePublished":"2025-05-22T15:19:45+00:00","mainEntityOfPage":{"@id":"https:\/\/voxsahel.com\/?p=2022"},"wordCount":331,"commentCount":0,"publisher":{"@id":"https:\/\/voxsahel.com\/#organization"},"image":{"@id":"https:\/\/voxsahel.com\/?p=2022#primaryimage"},"thumbnailUrl":"https:\/\/voxsahel.com\/wp-content\/uploads\/2025\/05\/IMG_7302.jpeg","keywords":["Burkina Faso","Commune de Ouagadougou","Foncier","Habitat","Ouagadougou","Permis urbain d\u2019habitation"],"articleSection":["SOCIETE"],"inLanguage":"fr-FR","potentialAction":[{"@type":"CommentAction","name":"Comment","target":["https:\/\/voxsahel.com\/?p=2022#respond"]}]},{"@type":"WebPage","@id":"https:\/\/voxsahel.com\/?p=2022","url":"https:\/\/voxsahel.com\/?p=2022","name":"Ouagadougou : op\u00e9ration coup de poing contre les constructions ill\u00e9gales \u00e0 usage commercial - Vox Sahel","isPartOf":{"@id":"https:\/\/voxsahel.com\/#website"},"primaryImageOfPage":{"@id":"https:\/\/voxsahel.com\/?p=2022#primaryimage"},"image":{"@id":"https:\/\/voxsahel.com\/?p=2022#primaryimage"},"thumbnailUrl":"https:\/\/voxsahel.com\/wp-content\/uploads\/2025\/05\/IMG_7302.jpeg","datePublished":"2025-05-22T15:19:45+00:00","breadcrumb":{"@id":"https:\/\/voxsahel.com\/?p=2022#breadcrumb"},"inLanguage":"fr-FR","potentialAction":[{"@type":"ReadAction","target":["https:\/\/voxsahel.com\/?p=2022"]}]},{"@type":"ImageObject","inLanguage":"fr-FR","@id":"https:\/\/voxsahel.com\/?p=2022#primaryimage","url":"https:\/\/voxsahel.com\/wp-content\/uploads\/2025\/05\/IMG_7302.jpeg","contentUrl":"https:\/\/voxsahel.com\/wp-content\/uploads\/2025\/05\/IMG_7302.jpeg","width":1280,"height":960},{"@type":"BreadcrumbList","@id":"https:\/\/voxsahel.com\/?p=2022#breadcrumb","itemListElement":[{"@type":"ListItem","position":1,"name":"Home","item":"https:\/\/voxsahel.com\/"},{"@type":"ListItem","position":2,"name":"Ouagadougou : op\u00e9ration coup de poing contre les constructions ill\u00e9gales \u00e0 usage commercial"}]},{"@type":"WebSite","@id":"https:\/\/voxsahel.com\/#website","url":"https:\/\/voxsahel.com\/","name":"Vox Sahel","description":"Informez-vous sur le Sahel en un clic","publisher":{"@id":"https:\/\/voxsahel.com\/#organization"},"potentialAction":[{"@type":"SearchAction","target":{"@type":"EntryPoint","urlTemplate":"https:\/\/voxsahel.com\/?s={search_term_string}"},"query-input":{"@type":"PropertyValueSpecification","valueRequired":true,"valueName":"search_term_string"}}],"inLanguage":"fr-FR"},{"@type":"Organization","@id":"https:\/\/voxsahel.com\/#organization","name":"Vox Sahel","url":"https:\/\/voxsahel.com\/","logo":{"@type":"ImageObject","inLanguage":"fr-FR","@id":"https:\/\/voxsahel.com\/#\/schema\/logo\/image\/","url":"https:\/\/voxsahel.com\/wp-content\/uploads\/2024\/09\/Logo-Vox-Sahel.jpg","contentUrl":"https:\/\/voxsahel.com\/wp-content\/uploads\/2024\/09\/Logo-Vox-Sahel.jpg","width":1181,"height":848,"caption":"Vox Sahel"},"image":{"@id":"https:\/\/voxsahel.com\/#\/schema\/logo\/image\/"},"sameAs":["https:\/\/www.facebook.com\/journal.voxsahel"]},{"@type":"Person","@id":"https:\/\/voxsahel.com\/#\/schema\/person\/b4043608248f8fa227cd760e7ff1e19e","name":"Vox Sahel","image":{"@type":"ImageObject","inLanguage":"fr-FR","@id":"https:\/\/secure.gravatar.com\/avatar\/f70e7fa0cb9b29d4a7c5788d6eb2e9ab4d3135cbae1c9161810fdf77a8964699?s=96&d=mm&r=g","url":"https:\/\/secure.gravatar.com\/avatar\/f70e7fa0cb9b29d4a7c5788d6eb2e9ab4d3135cbae1c9161810fdf77a8964699?s=96&d=mm&r=g","contentUrl":"https:\/\/secure.gravatar.com\/avatar\/f70e7fa0cb9b29d4a7c5788d6eb2e9ab4d3135cbae1c9161810fdf77a8964699?s=96&d=mm&r=g","caption":"Vox Sahel"},"sameAs":["http:\/\/www.voxsahel.com"],"url":"https:\/\/voxsahel.com\/?author=2"}]}},"_links":{"self":[{"href":"https:\/\/voxsahel.com\/index.php?rest_route=\/wp\/v2\/posts\/2022","targetHints":{"allow":["GET"]}}],"collection":[{"href":"https:\/\/voxsahel.com\/index.php?rest_route=\/wp\/v2\/posts"}],"about":[{"href":"https:\/\/voxsahel.com\/index.php?rest_route=\/wp\/v2\/types\/post"}],"author":[{"embeddable":true,"href":"https:\/\/voxsahel.com\/index.php?rest_route=\/wp\/v2\/users\/2"}],"replies":[{"embeddable":true,"href":"https:\/\/voxsahel.com\/index.php?rest_route=%2Fwp%2Fv2%2Fcomments&post=2022"}],"version-history":[{"count":1,"href":"https:\/\/voxsahel.com\/index.php?rest_route=\/wp\/v2\/posts\/2022\/revisions"}],"predecessor-version":[{"id":2025,"href":"https:\/\/voxsahel.com\/index.php?rest_route=\/wp\/v2\/posts\/2022\/revisions\/2025"}],"wp:featuredmedia":[{"embeddable":true,"href":"https:\/\/voxsahel.com\/index.php?rest_route=\/wp\/v2\/media\/2024"}],"wp:attachment":[{"href":"https:\/\/voxsahel.com\/index.php?rest_route=%2Fwp%2Fv2%2Fmedia&parent=2022"}],"wp:term":[{"taxonomy":"category","embeddable":true,"href":"https:\/\/voxsahel.com\/index.php?rest_route=%2Fwp%2Fv2%2Fcategories&post=2022"},{"taxonomy":"post_tag","embeddable":true,"href":"https:\/\/voxsahel.com\/index.php?rest_route=%2Fwp%2Fv2%2Ftags&post=2022"}],"curies":[{"name":"wp","href":"https:\/\/api.w.org\/{rel}","templated":true}]}}