{"id":2009,"date":"2025-05-19T06:18:45","date_gmt":"2025-05-19T06:18:45","guid":{"rendered":"https:\/\/voxsahel.com\/?p=2009"},"modified":"2025-05-19T06:18:45","modified_gmt":"2025-05-19T06:18:45","slug":"edito-inauguration-du-mausolee-thomas-sankara-un-symbole-vivant-de-memoire-et-de-renaissance","status":"publish","type":"post","link":"https:\/\/voxsahel.com\/?p=2009","title":{"rendered":"\u00c9dito\/Inauguration du Mausol\u00e9e Thomas Sankara : Un symbole vivant de m\u00e9moire et de renaissance"},"content":{"rendered":"<p class=\"p1\">L\u2019inauguration du Mausol\u00e9e Thomas Sankara, au c\u0153ur du futur m\u00e9morial qui lui est d\u00e9di\u00e9, marque un tournant historique pour le Burkina Faso. Plus qu\u2019un hommage, c\u2019est une r\u00e9surrection symbolique du p\u00e8re de la r\u00e9volution, une reconnaissance solennelle de son sacrifice et un acte de justice m\u00e9morielle attendu depuis plus de trois d\u00e9cennies.<\/p>\n<p class=\"p1\"><span class=\"s1\">Ce mausol\u00e9e, d\u00e9sormais \u00e9rig\u00e9 dans l\u2019espace sacr\u00e9 du Conseil de l\u2019Entente, devient un lieu de recueillement, mais aussi de conscience. L\u00e0 o\u00f9 reposent les restes du Pr\u00e9sident Sankara et de ses compagnons tomb\u00e9s le 15 octobre 1987, surgit aujourd\u2019hui un symbole de dignit\u00e9 retrouv\u00e9e. Ce n\u2019est pas qu\u2019un tombeau : c\u2019est un sanctuaire de r\u00e9sistance, de courage, et d\u2019id\u00e9al r\u00e9volutionnaire.<\/span><\/p>\n<p class=\"p1\"><span class=\"s1\"> En y gravant son nom dans la pierre, la nation burkinab\u00e8 affirme que l\u2019histoire ne s\u2019\u00e9crit pas avec l\u2019oubli, mais avec la fid\u00e9lit\u00e9 aux principes. Ce mausol\u00e9e s\u2019inscrit dans le projet plus vaste du M\u00e9morial Thomas Sankara, con\u00e7u par l\u2019architecte Francis K\u00e9r\u00e9. Une \u0153uvre ambitieuse, qui d\u00e9ploiera sur 14 hectares un ensemble de structures \u00e9ducatives, culturelles et symboliques, dont une tour de 37 m\u00e8tres, r\u00e9f\u00e9rence aux 37 ans de Sankara, ainsi qu\u2019une grande salle de conf\u00e9rence de 1 100 places. <\/span><\/p>\n<p class=\"p1\"><span class=\"s1\">Ce m\u00e9morial ne sera pas fig\u00e9 dans le pass\u00e9. Il s\u2019agira d\u2019un espace vivant, tourn\u00e9 vers l\u2019avenir, un lieu o\u00f9 les jeunes g\u00e9n\u00e9rations viendront apprendre, comprendre, d\u00e9battre et r\u00eaver.L\u2019inauguration du mausol\u00e9e est le premier acte fort de ce vaste chantier m\u00e9moriel. <\/span><\/p>\n<p class=\"p1\"><span class=\"s1\">Elle donne chair \u00e0 une promesse politique : celle de r\u00e9habiliter Sankara, non seulement comme h\u00e9ros national, mais comme figure panafricaine de la libert\u00e9 et de la justice. Elle incarne l\u2019engagement du Pr\u00e9sident Ibrahim Traor\u00e9 et de son gouvernement \u00e0 restaurer l\u2019honneur d\u2019un homme qui n\u2019a jamais trahi son peuple. <\/span><\/p>\n<p class=\"p1\"><span class=\"s1\">Avec ce mausol\u00e9e, le Burkina Faso envoie un message fort : on peut tuer un homme, mais pas ses id\u00e9es. Et aujourd\u2019hui plus que jamais, ces id\u00e9es r\u00e9sonnent dans les aspirations d\u2019une jeunesse en qu\u00eate d\u2019identit\u00e9, de dignit\u00e9 et de souverainet\u00e9. L\u2019Histoire ne se r\u00e9\u00e9crit pas, mais elle peut \u00eatre r\u00e9par\u00e9e. L\u2019inauguration du mausol\u00e9e de Thomas Sankara est cette r\u00e9paration. <\/span><\/p>\n<p class=\"p1\"><span class=\"s1\">Elle scelle un pacte entre le pass\u00e9 et l\u2019avenir, entre le sacrifice d\u2019hier et l\u2019esp\u00e9rance de demain. Un peuple sans m\u00e9moire est un peuple sans boussole. Gr\u00e2ce \u00e0 ce m\u00e9morial, le Burkina Faso retrouve la sienne.<\/span><\/p>\n<p class=\"p1\" style=\"text-align: right;\"><strong><span class=\"s1\">La R\u00e9daction<\/span><\/strong><\/p>\n","protected":false},"excerpt":{"rendered":"<p>L\u2019inauguration du Mausol\u00e9e Thomas Sankara, au c\u0153ur du futur m\u00e9morial qui lui est d\u00e9di\u00e9, marque<\/p>\n","protected":false},"author":2,"featured_media":2010,"comment_status":"open","ping_status":"open","sticky":false,"template":"","format":"standard","meta":{"_et_pb_use_builder":"","_et_pb_old_content":"","_et_gb_content_width":"","footnotes":""},"categories":[5],"tags":[18,174,411,769,771,609],"class_list":["post-2009","post","type-post","status-publish","format-standard","has-post-thumbnail","hentry","category-societe","tag-burkina-faso","tag-capitaine-ibrahim-traore","tag-commune-de-ouagadougou","tag-mausolee-thomas-sankara","tag-revolution-democratique-et-populaire","tag-thomas-sankara"],"yoast_head":"<!-- This site is optimized with the Yoast SEO plugin v27.5 - https:\/\/yoast.com\/product\/yoast-seo-wordpress\/ -->\n<title>\u00c9dito\/Inauguration du Mausol\u00e9e Thomas Sankara : Un symbole vivant de m\u00e9moire et de renaissance - Vox Sahel<\/title>\n<meta name=\"robots\" content=\"index, follow, max-snippet:-1, max-image-preview:large, max-video-preview:-1\" \/>\n<link rel=\"canonical\" href=\"https:\/\/voxsahel.com\/?p=2009\" \/>\n<meta property=\"og:locale\" content=\"fr_FR\" \/>\n<meta property=\"og:type\" content=\"article\" \/>\n<meta property=\"og:title\" content=\"\u00c9dito\/Inauguration du Mausol\u00e9e Thomas Sankara : Un symbole vivant de m\u00e9moire et de renaissance - Vox Sahel\" \/>\n<meta property=\"og:description\" content=\"L\u2019inauguration du Mausol\u00e9e Thomas Sankara, au c\u0153ur du futur m\u00e9morial qui lui est d\u00e9di\u00e9, marque\" \/>\n<meta property=\"og:url\" content=\"https:\/\/voxsahel.com\/?p=2009\" \/>\n<meta property=\"og:site_name\" content=\"Vox Sahel\" \/>\n<meta property=\"article:publisher\" content=\"https:\/\/www.facebook.com\/journal.voxsahel\" \/>\n<meta property=\"article:published_time\" content=\"2025-05-19T06:18:45+00:00\" \/>\n<meta property=\"og:image\" content=\"https:\/\/voxsahel.com\/wp-content\/uploads\/2025\/05\/IMG_5880.jpeg\" \/>\n\t<meta property=\"og:image:width\" content=\"393\" \/>\n\t<meta property=\"og:image:height\" content=\"314\" \/>\n\t<meta property=\"og:image:type\" content=\"image\/jpeg\" \/>\n<meta name=\"author\" content=\"Vox Sahel\" \/>\n<meta name=\"twitter:card\" content=\"summary_large_image\" \/>\n<meta name=\"twitter:label1\" content=\"\u00c9crit par\" \/>\n\t<meta name=\"twitter:data1\" content=\"Vox Sahel\" \/>\n\t<meta name=\"twitter:label2\" content=\"Dur\u00e9e de lecture estim\u00e9e\" \/>\n\t<meta name=\"twitter:data2\" content=\"3 minutes\" \/>\n<script type=\"application\/ld+json\" class=\"yoast-schema-graph\">{\"@context\":\"https:\\\/\\\/schema.org\",\"@graph\":[{\"@type\":\"Article\",\"@id\":\"https:\\\/\\\/voxsahel.com\\\/?p=2009#article\",\"isPartOf\":{\"@id\":\"https:\\\/\\\/voxsahel.com\\\/?p=2009\"},\"author\":{\"name\":\"Vox Sahel\",\"@id\":\"https:\\\/\\\/voxsahel.com\\\/#\\\/schema\\\/person\\\/b4043608248f8fa227cd760e7ff1e19e\"},\"headline\":\"\u00c9dito\\\/Inauguration du Mausol\u00e9e Thomas Sankara : Un symbole vivant de m\u00e9moire et de renaissance\",\"datePublished\":\"2025-05-19T06:18:45+00:00\",\"mainEntityOfPage\":{\"@id\":\"https:\\\/\\\/voxsahel.com\\\/?p=2009\"},\"wordCount\":469,\"commentCount\":0,\"publisher\":{\"@id\":\"https:\\\/\\\/voxsahel.com\\\/#organization\"},\"image\":{\"@id\":\"https:\\\/\\\/voxsahel.com\\\/?p=2009#primaryimage\"},\"thumbnailUrl\":\"https:\\\/\\\/voxsahel.com\\\/wp-content\\\/uploads\\\/2025\\\/05\\\/IMG_5880.jpeg\",\"keywords\":[\"Burkina Faso\",\"Capitaine Ibrahim Traor\u00e9\",\"Commune de Ouagadougou\",\"Mausol\u00e9e Thomas Sankara\",\"R\u00e9volution d\u00e9mocratique et populaire\",\"Thomas Sankara\"],\"articleSection\":[\"SOCIETE\"],\"inLanguage\":\"fr-FR\",\"potentialAction\":[{\"@type\":\"CommentAction\",\"name\":\"Comment\",\"target\":[\"https:\\\/\\\/voxsahel.com\\\/?p=2009#respond\"]}]},{\"@type\":\"WebPage\",\"@id\":\"https:\\\/\\\/voxsahel.com\\\/?p=2009\",\"url\":\"https:\\\/\\\/voxsahel.com\\\/?p=2009\",\"name\":\"\u00c9dito\\\/Inauguration du Mausol\u00e9e Thomas Sankara : Un symbole vivant de m\u00e9moire et de renaissance - Vox Sahel\",\"isPartOf\":{\"@id\":\"https:\\\/\\\/voxsahel.com\\\/#website\"},\"primaryImageOfPage\":{\"@id\":\"https:\\\/\\\/voxsahel.com\\\/?p=2009#primaryimage\"},\"image\":{\"@id\":\"https:\\\/\\\/voxsahel.com\\\/?p=2009#primaryimage\"},\"thumbnailUrl\":\"https:\\\/\\\/voxsahel.com\\\/wp-content\\\/uploads\\\/2025\\\/05\\\/IMG_5880.jpeg\",\"datePublished\":\"2025-05-19T06:18:45+00:00\",\"breadcrumb\":{\"@id\":\"https:\\\/\\\/voxsahel.com\\\/?p=2009#breadcrumb\"},\"inLanguage\":\"fr-FR\",\"potentialAction\":[{\"@type\":\"ReadAction\",\"target\":[\"https:\\\/\\\/voxsahel.com\\\/?p=2009\"]}]},{\"@type\":\"ImageObject\",\"inLanguage\":\"fr-FR\",\"@id\":\"https:\\\/\\\/voxsahel.com\\\/?p=2009#primaryimage\",\"url\":\"https:\\\/\\\/voxsahel.com\\\/wp-content\\\/uploads\\\/2025\\\/05\\\/IMG_5880.jpeg\",\"contentUrl\":\"https:\\\/\\\/voxsahel.com\\\/wp-content\\\/uploads\\\/2025\\\/05\\\/IMG_5880.jpeg\",\"width\":393,\"height\":314},{\"@type\":\"BreadcrumbList\",\"@id\":\"https:\\\/\\\/voxsahel.com\\\/?p=2009#breadcrumb\",\"itemListElement\":[{\"@type\":\"ListItem\",\"position\":1,\"name\":\"Home\",\"item\":\"https:\\\/\\\/voxsahel.com\\\/\"},{\"@type\":\"ListItem\",\"position\":2,\"name\":\"\u00c9dito\\\/Inauguration du Mausol\u00e9e Thomas Sankara : Un symbole vivant de m\u00e9moire et de renaissance\"}]},{\"@type\":\"WebSite\",\"@id\":\"https:\\\/\\\/voxsahel.com\\\/#website\",\"url\":\"https:\\\/\\\/voxsahel.com\\\/\",\"name\":\"Vox Sahel\",\"description\":\"Informez-vous sur le Sahel en un clic\",\"publisher\":{\"@id\":\"https:\\\/\\\/voxsahel.com\\\/#organization\"},\"potentialAction\":[{\"@type\":\"SearchAction\",\"target\":{\"@type\":\"EntryPoint\",\"urlTemplate\":\"https:\\\/\\\/voxsahel.com\\\/?s={search_term_string}\"},\"query-input\":{\"@type\":\"PropertyValueSpecification\",\"valueRequired\":true,\"valueName\":\"search_term_string\"}}],\"inLanguage\":\"fr-FR\"},{\"@type\":\"Organization\",\"@id\":\"https:\\\/\\\/voxsahel.com\\\/#organization\",\"name\":\"Vox Sahel\",\"url\":\"https:\\\/\\\/voxsahel.com\\\/\",\"logo\":{\"@type\":\"ImageObject\",\"inLanguage\":\"fr-FR\",\"@id\":\"https:\\\/\\\/voxsahel.com\\\/#\\\/schema\\\/logo\\\/image\\\/\",\"url\":\"https:\\\/\\\/voxsahel.com\\\/wp-content\\\/uploads\\\/2024\\\/09\\\/Logo-Vox-Sahel.jpg\",\"contentUrl\":\"https:\\\/\\\/voxsahel.com\\\/wp-content\\\/uploads\\\/2024\\\/09\\\/Logo-Vox-Sahel.jpg\",\"width\":1181,\"height\":848,\"caption\":\"Vox Sahel\"},\"image\":{\"@id\":\"https:\\\/\\\/voxsahel.com\\\/#\\\/schema\\\/logo\\\/image\\\/\"},\"sameAs\":[\"https:\\\/\\\/www.facebook.com\\\/journal.voxsahel\"]},{\"@type\":\"Person\",\"@id\":\"https:\\\/\\\/voxsahel.com\\\/#\\\/schema\\\/person\\\/b4043608248f8fa227cd760e7ff1e19e\",\"name\":\"Vox Sahel\",\"image\":{\"@type\":\"ImageObject\",\"inLanguage\":\"fr-FR\",\"@id\":\"https:\\\/\\\/secure.gravatar.com\\\/avatar\\\/f70e7fa0cb9b29d4a7c5788d6eb2e9ab4d3135cbae1c9161810fdf77a8964699?s=96&d=mm&r=g\",\"url\":\"https:\\\/\\\/secure.gravatar.com\\\/avatar\\\/f70e7fa0cb9b29d4a7c5788d6eb2e9ab4d3135cbae1c9161810fdf77a8964699?s=96&d=mm&r=g\",\"contentUrl\":\"https:\\\/\\\/secure.gravatar.com\\\/avatar\\\/f70e7fa0cb9b29d4a7c5788d6eb2e9ab4d3135cbae1c9161810fdf77a8964699?s=96&d=mm&r=g\",\"caption\":\"Vox Sahel\"},\"sameAs\":[\"http:\\\/\\\/www.voxsahel.com\"],\"url\":\"https:\\\/\\\/voxsahel.com\\\/?author=2\"}]}<\/script>\n<!-- \/ Yoast SEO plugin. -->","yoast_head_json":{"title":"\u00c9dito\/Inauguration du Mausol\u00e9e Thomas Sankara : Un symbole vivant de m\u00e9moire et de renaissance - Vox Sahel","robots":{"index":"index","follow":"follow","max-snippet":"max-snippet:-1","max-image-preview":"max-image-preview:large","max-video-preview":"max-video-preview:-1"},"canonical":"https:\/\/voxsahel.com\/?p=2009","og_locale":"fr_FR","og_type":"article","og_title":"\u00c9dito\/Inauguration du Mausol\u00e9e Thomas Sankara : Un symbole vivant de m\u00e9moire et de renaissance - Vox Sahel","og_description":"L\u2019inauguration du Mausol\u00e9e Thomas Sankara, au c\u0153ur du futur m\u00e9morial qui lui est d\u00e9di\u00e9, marque","og_url":"https:\/\/voxsahel.com\/?p=2009","og_site_name":"Vox Sahel","article_publisher":"https:\/\/www.facebook.com\/journal.voxsahel","article_published_time":"2025-05-19T06:18:45+00:00","og_image":[{"width":393,"height":314,"url":"https:\/\/voxsahel.com\/wp-content\/uploads\/2025\/05\/IMG_5880.jpeg","type":"image\/jpeg"}],"author":"Vox Sahel","twitter_card":"summary_large_image","twitter_misc":{"\u00c9crit par":"Vox Sahel","Dur\u00e9e de lecture estim\u00e9e":"3 minutes"},"schema":{"@context":"https:\/\/schema.org","@graph":[{"@type":"Article","@id":"https:\/\/voxsahel.com\/?p=2009#article","isPartOf":{"@id":"https:\/\/voxsahel.com\/?p=2009"},"author":{"name":"Vox Sahel","@id":"https:\/\/voxsahel.com\/#\/schema\/person\/b4043608248f8fa227cd760e7ff1e19e"},"headline":"\u00c9dito\/Inauguration du Mausol\u00e9e Thomas Sankara : Un symbole vivant de m\u00e9moire et de renaissance","datePublished":"2025-05-19T06:18:45+00:00","mainEntityOfPage":{"@id":"https:\/\/voxsahel.com\/?p=2009"},"wordCount":469,"commentCount":0,"publisher":{"@id":"https:\/\/voxsahel.com\/#organization"},"image":{"@id":"https:\/\/voxsahel.com\/?p=2009#primaryimage"},"thumbnailUrl":"https:\/\/voxsahel.com\/wp-content\/uploads\/2025\/05\/IMG_5880.jpeg","keywords":["Burkina Faso","Capitaine Ibrahim Traor\u00e9","Commune de Ouagadougou","Mausol\u00e9e Thomas Sankara","R\u00e9volution d\u00e9mocratique et populaire","Thomas Sankara"],"articleSection":["SOCIETE"],"inLanguage":"fr-FR","potentialAction":[{"@type":"CommentAction","name":"Comment","target":["https:\/\/voxsahel.com\/?p=2009#respond"]}]},{"@type":"WebPage","@id":"https:\/\/voxsahel.com\/?p=2009","url":"https:\/\/voxsahel.com\/?p=2009","name":"\u00c9dito\/Inauguration du Mausol\u00e9e Thomas Sankara : Un symbole vivant de m\u00e9moire et de renaissance - Vox Sahel","isPartOf":{"@id":"https:\/\/voxsahel.com\/#website"},"primaryImageOfPage":{"@id":"https:\/\/voxsahel.com\/?p=2009#primaryimage"},"image":{"@id":"https:\/\/voxsahel.com\/?p=2009#primaryimage"},"thumbnailUrl":"https:\/\/voxsahel.com\/wp-content\/uploads\/2025\/05\/IMG_5880.jpeg","datePublished":"2025-05-19T06:18:45+00:00","breadcrumb":{"@id":"https:\/\/voxsahel.com\/?p=2009#breadcrumb"},"inLanguage":"fr-FR","potentialAction":[{"@type":"ReadAction","target":["https:\/\/voxsahel.com\/?p=2009"]}]},{"@type":"ImageObject","inLanguage":"fr-FR","@id":"https:\/\/voxsahel.com\/?p=2009#primaryimage","url":"https:\/\/voxsahel.com\/wp-content\/uploads\/2025\/05\/IMG_5880.jpeg","contentUrl":"https:\/\/voxsahel.com\/wp-content\/uploads\/2025\/05\/IMG_5880.jpeg","width":393,"height":314},{"@type":"BreadcrumbList","@id":"https:\/\/voxsahel.com\/?p=2009#breadcrumb","itemListElement":[{"@type":"ListItem","position":1,"name":"Home","item":"https:\/\/voxsahel.com\/"},{"@type":"ListItem","position":2,"name":"\u00c9dito\/Inauguration du Mausol\u00e9e Thomas Sankara : Un symbole vivant de m\u00e9moire et de renaissance"}]},{"@type":"WebSite","@id":"https:\/\/voxsahel.com\/#website","url":"https:\/\/voxsahel.com\/","name":"Vox Sahel","description":"Informez-vous sur le Sahel en un clic","publisher":{"@id":"https:\/\/voxsahel.com\/#organization"},"potentialAction":[{"@type":"SearchAction","target":{"@type":"EntryPoint","urlTemplate":"https:\/\/voxsahel.com\/?s={search_term_string}"},"query-input":{"@type":"PropertyValueSpecification","valueRequired":true,"valueName":"search_term_string"}}],"inLanguage":"fr-FR"},{"@type":"Organization","@id":"https:\/\/voxsahel.com\/#organization","name":"Vox Sahel","url":"https:\/\/voxsahel.com\/","logo":{"@type":"ImageObject","inLanguage":"fr-FR","@id":"https:\/\/voxsahel.com\/#\/schema\/logo\/image\/","url":"https:\/\/voxsahel.com\/wp-content\/uploads\/2024\/09\/Logo-Vox-Sahel.jpg","contentUrl":"https:\/\/voxsahel.com\/wp-content\/uploads\/2024\/09\/Logo-Vox-Sahel.jpg","width":1181,"height":848,"caption":"Vox Sahel"},"image":{"@id":"https:\/\/voxsahel.com\/#\/schema\/logo\/image\/"},"sameAs":["https:\/\/www.facebook.com\/journal.voxsahel"]},{"@type":"Person","@id":"https:\/\/voxsahel.com\/#\/schema\/person\/b4043608248f8fa227cd760e7ff1e19e","name":"Vox Sahel","image":{"@type":"ImageObject","inLanguage":"fr-FR","@id":"https:\/\/secure.gravatar.com\/avatar\/f70e7fa0cb9b29d4a7c5788d6eb2e9ab4d3135cbae1c9161810fdf77a8964699?s=96&d=mm&r=g","url":"https:\/\/secure.gravatar.com\/avatar\/f70e7fa0cb9b29d4a7c5788d6eb2e9ab4d3135cbae1c9161810fdf77a8964699?s=96&d=mm&r=g","contentUrl":"https:\/\/secure.gravatar.com\/avatar\/f70e7fa0cb9b29d4a7c5788d6eb2e9ab4d3135cbae1c9161810fdf77a8964699?s=96&d=mm&r=g","caption":"Vox Sahel"},"sameAs":["http:\/\/www.voxsahel.com"],"url":"https:\/\/voxsahel.com\/?author=2"}]}},"_links":{"self":[{"href":"https:\/\/voxsahel.com\/index.php?rest_route=\/wp\/v2\/posts\/2009","targetHints":{"allow":["GET"]}}],"collection":[{"href":"https:\/\/voxsahel.com\/index.php?rest_route=\/wp\/v2\/posts"}],"about":[{"href":"https:\/\/voxsahel.com\/index.php?rest_route=\/wp\/v2\/types\/post"}],"author":[{"embeddable":true,"href":"https:\/\/voxsahel.com\/index.php?rest_route=\/wp\/v2\/users\/2"}],"replies":[{"embeddable":true,"href":"https:\/\/voxsahel.com\/index.php?rest_route=%2Fwp%2Fv2%2Fcomments&post=2009"}],"version-history":[{"count":1,"href":"https:\/\/voxsahel.com\/index.php?rest_route=\/wp\/v2\/posts\/2009\/revisions"}],"predecessor-version":[{"id":2011,"href":"https:\/\/voxsahel.com\/index.php?rest_route=\/wp\/v2\/posts\/2009\/revisions\/2011"}],"wp:featuredmedia":[{"embeddable":true,"href":"https:\/\/voxsahel.com\/index.php?rest_route=\/wp\/v2\/media\/2010"}],"wp:attachment":[{"href":"https:\/\/voxsahel.com\/index.php?rest_route=%2Fwp%2Fv2%2Fmedia&parent=2009"}],"wp:term":[{"taxonomy":"category","embeddable":true,"href":"https:\/\/voxsahel.com\/index.php?rest_route=%2Fwp%2Fv2%2Fcategories&post=2009"},{"taxonomy":"post_tag","embeddable":true,"href":"https:\/\/voxsahel.com\/index.php?rest_route=%2Fwp%2Fv2%2Ftags&post=2009"}],"curies":[{"name":"wp","href":"https:\/\/api.w.org\/{rel}","templated":true}]}}