{"id":1995,"date":"2025-05-17T23:32:10","date_gmt":"2025-05-17T23:32:10","guid":{"rendered":"https:\/\/voxsahel.com\/?p=1995"},"modified":"2025-05-17T23:32:10","modified_gmt":"2025-05-17T23:32:10","slug":"enseignement-superieur-au-burkina-liaic-celebre-10-ans-dengagement-academique-au-service-de-leconomie-culturelle","status":"publish","type":"post","link":"https:\/\/voxsahel.com\/?p=1995","title":{"rendered":"Enseignement sup\u00e9rieur au Burkina : L\u2019IAIC c\u00e9l\u00e8bre \u00a010 ans d\u2019engagement acad\u00e9mique au service de l\u2019\u00e9conomie culturelle"},"content":{"rendered":"<p><strong>Plac\u00e9e sous le haut patronage du ministre en charge de la communication et sous le parrainage des ministres de l\u2019Enseignement sup\u00e9rieur et de la S\u00e9curit\u00e9, ainsi que du pr\u00e9sident du Conseil national du patronat burkinab\u00e8, la c\u00e9l\u00e9bration du dixi\u00e8me anniversaire de l\u2019Institut Africain des Industries Culturelles (IAIC) s\u2019est tenue le 17 mai 2025 \u00e0 Ouagadougou. L\u2019\u00e9v\u00e9nement a rassembl\u00e9 partenaires nationaux et internationaux autour du th\u00e8me : \u00ab L\u2019\u00e9ducation \u00e0 l\u2019\u00e9conomie de la culture et la m\u00e9diation au service de la r\u00e9silience \u00bb.<\/strong><\/p>\n<p>Dix ans d\u2019engagement, d\u2019innovation et de consolidation d\u2019une vision ax\u00e9e sur la valorisation des industries culturelles africaines. L\u2019IAIC a franchi une \u00e9tape symbolique, en r\u00e9affirmant sa mission de former des cadres capables de contribuer \u00e0 la r\u00e9silience des soci\u00e9t\u00e9s africaines par le biais de la culture, de la m\u00e9diation et de la paix.<\/p>\n<figure id=\"attachment_1997\" aria-describedby=\"caption-attachment-1997\" style=\"width: 640px\" class=\"wp-caption aligncenter\"><img loading=\"lazy\" decoding=\"async\" class=\"wp-image-1997 size-large\" src=\"https:\/\/voxsahel.com\/wp-content\/uploads\/2025\/05\/WhatsApp-Image-2025-05-17-at-19.59.07-1024x680.jpeg\" alt=\"No\u00ebl Sanou fondateur de l'IAIC \" width=\"640\" height=\"425\" srcset=\"https:\/\/voxsahel.com\/wp-content\/uploads\/2025\/05\/WhatsApp-Image-2025-05-17-at-19.59.07-1024x680.jpeg 1024w, https:\/\/voxsahel.com\/wp-content\/uploads\/2025\/05\/WhatsApp-Image-2025-05-17-at-19.59.07-300x199.jpeg 300w, https:\/\/voxsahel.com\/wp-content\/uploads\/2025\/05\/WhatsApp-Image-2025-05-17-at-19.59.07-768x510.jpeg 768w, https:\/\/voxsahel.com\/wp-content\/uploads\/2025\/05\/WhatsApp-Image-2025-05-17-at-19.59.07-610x405.jpeg 610w, https:\/\/voxsahel.com\/wp-content\/uploads\/2025\/05\/WhatsApp-Image-2025-05-17-at-19.59.07.jpeg 1080w\" sizes=\"(max-width: 640px) 100vw, 640px\" \/><figcaption id=\"caption-attachment-1997\" class=\"wp-caption-text\"><strong>No\u00ebl Sanou fondateur de l&rsquo;IAIC<\/strong><\/figcaption><\/figure>\n<p>Une minute de silence. C\u2019est par cet hommage aux victimes du terrorisme que l\u2019Institut africain des industries culturelles (IAIC) a ouvert, le 17 mai 2025, la c\u00e9r\u00e9monie de comm\u00e9moration de ses dix ans d\u2019existence. Un moment de recueillement fort, dans un contexte o\u00f9 le Burkina Faso continue de faire face \u00e0 des d\u00e9fis s\u00e9curitaires majeurs, mais o\u00f9 \u00ab le soleil de la paix commence \u00e0 poindre \u00e0 l\u2019horizon \u00bb, selon les mots du fondateur de l\u2019Institut, Dr No\u00ebl Sanou.<\/p>\n<p>Dans son discours, Dr No\u00ebl Sanou a insist\u00e9 sur le caract\u00e8re introspectif de ce jubil\u00e9. \u00ab Ce n\u2019est pas un moment de f\u00eate pour nous, mais un moment d\u2019\u00e9valuation. Nous faisons le bilan, avec nos partenaires, pour voir ce qui a march\u00e9, ce qui n\u2019a pas march\u00e9, et comment mieux avancer. \u00bb, a-t-il fait savoir. Il a rappel\u00e9 que l\u2019IAIC, ouvert officiellement en octobre 2014, avait fait le pari audacieux de proposer des fili\u00e8res peu repr\u00e9sent\u00e9es dans la formation initiale, mais essentielles \u00e0 l\u2019essor du pays, telles que le tourisme, la gestion de crises, le marketing culturel ou encore la m\u00e9diation traditionnelle.<\/p>\n<figure id=\"attachment_1998\" aria-describedby=\"caption-attachment-1998\" style=\"width: 640px\" class=\"wp-caption aligncenter\"><img loading=\"lazy\" decoding=\"async\" class=\"wp-image-1998 size-large\" src=\"https:\/\/voxsahel.com\/wp-content\/uploads\/2025\/05\/WhatsApp-Image-2025-05-17-at-19.59.06-1-1024x680.jpeg\" alt=\"Jean C\u00e9lestin Ki, conseiller technique du ministre en charge de l'enseignement sup\u00e9rieur a repr\u00e9sent\u00e9 les parrains \" width=\"640\" height=\"425\" srcset=\"https:\/\/voxsahel.com\/wp-content\/uploads\/2025\/05\/WhatsApp-Image-2025-05-17-at-19.59.06-1-1024x680.jpeg 1024w, https:\/\/voxsahel.com\/wp-content\/uploads\/2025\/05\/WhatsApp-Image-2025-05-17-at-19.59.06-1-300x199.jpeg 300w, https:\/\/voxsahel.com\/wp-content\/uploads\/2025\/05\/WhatsApp-Image-2025-05-17-at-19.59.06-1-768x510.jpeg 768w, https:\/\/voxsahel.com\/wp-content\/uploads\/2025\/05\/WhatsApp-Image-2025-05-17-at-19.59.06-1-610x405.jpeg 610w, https:\/\/voxsahel.com\/wp-content\/uploads\/2025\/05\/WhatsApp-Image-2025-05-17-at-19.59.06-1.jpeg 1080w\" sizes=\"(max-width: 640px) 100vw, 640px\" \/><figcaption id=\"caption-attachment-1998\" class=\"wp-caption-text\"><strong>Jean C\u00e9lestin Ki, conseiller technique du ministre en charge de l&rsquo;enseignement sup\u00e9rieur a repr\u00e9sent\u00e9 les parrains<\/strong><\/figcaption><\/figure>\n<p>Depuis sa cr\u00e9ation, l\u2019institut a form\u00e9 625 \u00e9tudiants, dont 175 pris en charge par l\u2019\u00c9tat. Cinquante-six d\u2019entre eux ont d\u00e9croch\u00e9 un BTS, 150 une licence et 77 un master. L\u2019enseignement, structur\u00e9 selon le syst\u00e8me Licence-Master-Doctorat (LMD), repose sur une rigueur acad\u00e9mique assum\u00e9e, avec une moyenne de passage fix\u00e9e \u00e0 12\/20. \u00ab Ce choix est une garantie de qualit\u00e9 pour les dipl\u00f4m\u00e9s que nous mettons sur le march\u00e9 de l\u2019emploi \u00bb, a affirm\u00e9 Dr Sanou.<\/p>\n<p>Aujourd\u2019hui, 315 \u00e9tudiants suivent une formation en licence et 83 en master, encadr\u00e9s par 96 enseignants permanents et vacataires. L\u2019IAIC forme \u00e9galement des membres des Forces de d\u00e9fense et de s\u00e9curit\u00e9 qui b\u00e9n\u00e9ficient de r\u00e9ductions dans le cadre d\u2019un programme de soutien \u00e0 la paix. L\u2019institut est implant\u00e9 \u00e0 Ouagadougou, dans le quartier Wemtenga, et accueille des apprenants de toute l\u2019Afrique en formation initiale et continue. Repr\u00e9sentant les parrains de l\u2019\u00e9v\u00e9nement, Jean C\u00e9lestin Ki, conseiller technique du ministre de l\u2019Enseignement sup\u00e9rieur, a salu\u00e9 la pertinence du th\u00e8me choisi pour la comm\u00e9moration : \u00ab L\u2019\u00e9ducation \u00e0 l\u2019\u00e9conomie de la culture et la m\u00e9diation au service de la r\u00e9silience \u00bb.<\/p>\n<p>Un th\u00e8me en phase avec les r\u00e9alit\u00e9s du pays, selon lui. \u00ab C\u2019est une probl\u00e9matique d\u2019actualit\u00e9 au Burkina Faso. Le minist\u00e8re a naturellement accept\u00e9 de parrainer cette c\u00e9l\u00e9bration, car il affecte des \u00e9tudiants \u00e0 l\u2019IAIC en raison de la qualit\u00e9 de la formation et des d\u00e9bouch\u00e9s qu\u2019elle offre. \u00bb, est-il soulign\u00e9. Les festivit\u00e9s du dixi\u00e8me anniversaire se d\u00e9clinent autour de trois grandes activit\u00e9s : une Journ\u00e9e des industries culturelles et de la m\u00e9diation traditionnelle, des panels th\u00e9matiques sur l\u2019h\u00f4tellerie, l\u2019\u00e9conomie culturelle et la m\u00e9diation, ainsi qu\u2019un colloque international en lien avec le th\u00e8me central du jubil\u00e9.<\/p>\n<figure id=\"attachment_1996\" aria-describedby=\"caption-attachment-1996\" style=\"width: 640px\" class=\"wp-caption aligncenter\"><img loading=\"lazy\" decoding=\"async\" class=\"size-large wp-image-1996\" src=\"https:\/\/voxsahel.com\/wp-content\/uploads\/2025\/05\/WhatsApp-Image-2025-05-17-at-19.59.06-1024x680.jpeg\" alt=\"Photo de famille \u00e0 l'issue de la c\u00e9r\u00e9monie \" width=\"640\" height=\"425\" srcset=\"https:\/\/voxsahel.com\/wp-content\/uploads\/2025\/05\/WhatsApp-Image-2025-05-17-at-19.59.06-1024x680.jpeg 1024w, https:\/\/voxsahel.com\/wp-content\/uploads\/2025\/05\/WhatsApp-Image-2025-05-17-at-19.59.06-300x199.jpeg 300w, https:\/\/voxsahel.com\/wp-content\/uploads\/2025\/05\/WhatsApp-Image-2025-05-17-at-19.59.06-768x510.jpeg 768w, https:\/\/voxsahel.com\/wp-content\/uploads\/2025\/05\/WhatsApp-Image-2025-05-17-at-19.59.06-610x405.jpeg 610w, https:\/\/voxsahel.com\/wp-content\/uploads\/2025\/05\/WhatsApp-Image-2025-05-17-at-19.59.06.jpeg 1080w\" sizes=\"(max-width: 640px) 100vw, 640px\" \/><figcaption id=\"caption-attachment-1996\" class=\"wp-caption-text\"><strong>Photo de famille \u00e0 l&rsquo;issue de la c\u00e9r\u00e9monie<\/strong><\/figcaption><\/figure>\n<p>Dr Sanou a conclu son allocution en appelant \u00e0 un engagement renforc\u00e9 de la communaut\u00e9 acad\u00e9mique et des partenaires : \u00ab Il nous faut former des hommes capables de g\u00e9rer l\u2019\u00e9conomie du XXIe si\u00e8cle, qui est d\u2019abord une \u00e9conomie culturelle. Ce dixi\u00e8me anniversaire est un encouragement, mais aussi un rappel de notre responsabilit\u00e9. \u00bbEn cl\u00f4turant cette comm\u00e9moration, l\u2019IAIC a rappel\u00e9 que la culture peut \u00eatre un moteur de paix, de coh\u00e9sion et de progr\u00e8s. Dix ans apr\u00e8s sa cr\u00e9ation, l\u2019Institut continue de tracer une voie originale, en pla\u00e7ant l\u2019\u00e9ducation au c\u0153ur d\u2019un projet de soci\u00e9t\u00e9 fond\u00e9 sur l\u2019\u00e9conomie culturelle. Une d\u00e9cennie de d\u00e9fis, mais aussi de promesses renouvel\u00e9es.<\/p>\n<p style=\"text-align: right;\"><strong>Par Amir BAKO<\/strong><\/p>\n","protected":false},"excerpt":{"rendered":"<p>Plac\u00e9e sous le haut patronage du ministre en charge de la communication et sous le<\/p>\n","protected":false},"author":2,"featured_media":1996,"comment_status":"open","ping_status":"open","sticky":false,"template":"","format":"standard","meta":{"_et_pb_use_builder":"","_et_pb_old_content":"","_et_gb_content_width":"","footnotes":""},"categories":[9],"tags":[18,54,55,772],"class_list":["post-1995","post","type-post","status-publish","format-standard","has-post-thumbnail","hentry","category-education","tag-burkina-faso","tag-education","tag-formation","tag-institut-africain-des-industries-culturelles"],"yoast_head":"<!-- This site is optimized with the Yoast SEO plugin v27.5 - https:\/\/yoast.com\/product\/yoast-seo-wordpress\/ -->\n<title>Enseignement sup\u00e9rieur au Burkina : L\u2019IAIC c\u00e9l\u00e8bre \u00a010 ans d\u2019engagement acad\u00e9mique au service de l\u2019\u00e9conomie culturelle - Vox Sahel<\/title>\n<meta name=\"robots\" content=\"index, follow, max-snippet:-1, max-image-preview:large, max-video-preview:-1\" \/>\n<link rel=\"canonical\" href=\"https:\/\/voxsahel.com\/?p=1995\" \/>\n<meta property=\"og:locale\" content=\"fr_FR\" \/>\n<meta property=\"og:type\" content=\"article\" \/>\n<meta property=\"og:title\" content=\"Enseignement sup\u00e9rieur au Burkina : L\u2019IAIC c\u00e9l\u00e8bre \u00a010 ans d\u2019engagement acad\u00e9mique au service de l\u2019\u00e9conomie culturelle - Vox Sahel\" \/>\n<meta property=\"og:description\" content=\"Plac\u00e9e sous le haut patronage du ministre en charge de la communication et sous le\" \/>\n<meta property=\"og:url\" content=\"https:\/\/voxsahel.com\/?p=1995\" \/>\n<meta property=\"og:site_name\" content=\"Vox Sahel\" \/>\n<meta property=\"article:publisher\" content=\"https:\/\/www.facebook.com\/journal.voxsahel\" \/>\n<meta property=\"article:published_time\" content=\"2025-05-17T23:32:10+00:00\" \/>\n<meta property=\"og:image\" content=\"https:\/\/voxsahel.com\/wp-content\/uploads\/2025\/05\/WhatsApp-Image-2025-05-17-at-19.59.06.jpeg\" \/>\n\t<meta property=\"og:image:width\" content=\"1080\" \/>\n\t<meta property=\"og:image:height\" content=\"717\" \/>\n\t<meta property=\"og:image:type\" content=\"image\/jpeg\" \/>\n<meta name=\"author\" content=\"Vox Sahel\" \/>\n<meta name=\"twitter:card\" content=\"summary_large_image\" \/>\n<meta name=\"twitter:label1\" content=\"\u00c9crit par\" \/>\n\t<meta name=\"twitter:data1\" content=\"Vox Sahel\" \/>\n\t<meta name=\"twitter:label2\" content=\"Dur\u00e9e de lecture estim\u00e9e\" \/>\n\t<meta name=\"twitter:data2\" content=\"5 minutes\" \/>\n<script type=\"application\/ld+json\" class=\"yoast-schema-graph\">{\"@context\":\"https:\\\/\\\/schema.org\",\"@graph\":[{\"@type\":\"Article\",\"@id\":\"https:\\\/\\\/voxsahel.com\\\/?p=1995#article\",\"isPartOf\":{\"@id\":\"https:\\\/\\\/voxsahel.com\\\/?p=1995\"},\"author\":{\"name\":\"Vox Sahel\",\"@id\":\"https:\\\/\\\/voxsahel.com\\\/#\\\/schema\\\/person\\\/b4043608248f8fa227cd760e7ff1e19e\"},\"headline\":\"Enseignement sup\u00e9rieur au Burkina : L\u2019IAIC c\u00e9l\u00e8bre \u00a010 ans d\u2019engagement acad\u00e9mique au service de l\u2019\u00e9conomie culturelle\",\"datePublished\":\"2025-05-17T23:32:10+00:00\",\"mainEntityOfPage\":{\"@id\":\"https:\\\/\\\/voxsahel.com\\\/?p=1995\"},\"wordCount\":876,\"commentCount\":0,\"publisher\":{\"@id\":\"https:\\\/\\\/voxsahel.com\\\/#organization\"},\"image\":{\"@id\":\"https:\\\/\\\/voxsahel.com\\\/?p=1995#primaryimage\"},\"thumbnailUrl\":\"https:\\\/\\\/voxsahel.com\\\/wp-content\\\/uploads\\\/2025\\\/05\\\/WhatsApp-Image-2025-05-17-at-19.59.06.jpeg\",\"keywords\":[\"Burkina Faso\",\"Education\",\"Formation\",\"Institut Africain des Industries Culturelles\"],\"articleSection\":[\"EDUCATION\"],\"inLanguage\":\"fr-FR\",\"potentialAction\":[{\"@type\":\"CommentAction\",\"name\":\"Comment\",\"target\":[\"https:\\\/\\\/voxsahel.com\\\/?p=1995#respond\"]}]},{\"@type\":\"WebPage\",\"@id\":\"https:\\\/\\\/voxsahel.com\\\/?p=1995\",\"url\":\"https:\\\/\\\/voxsahel.com\\\/?p=1995\",\"name\":\"Enseignement sup\u00e9rieur au Burkina : L\u2019IAIC c\u00e9l\u00e8bre \u00a010 ans d\u2019engagement acad\u00e9mique au service de l\u2019\u00e9conomie culturelle - Vox Sahel\",\"isPartOf\":{\"@id\":\"https:\\\/\\\/voxsahel.com\\\/#website\"},\"primaryImageOfPage\":{\"@id\":\"https:\\\/\\\/voxsahel.com\\\/?p=1995#primaryimage\"},\"image\":{\"@id\":\"https:\\\/\\\/voxsahel.com\\\/?p=1995#primaryimage\"},\"thumbnailUrl\":\"https:\\\/\\\/voxsahel.com\\\/wp-content\\\/uploads\\\/2025\\\/05\\\/WhatsApp-Image-2025-05-17-at-19.59.06.jpeg\",\"datePublished\":\"2025-05-17T23:32:10+00:00\",\"breadcrumb\":{\"@id\":\"https:\\\/\\\/voxsahel.com\\\/?p=1995#breadcrumb\"},\"inLanguage\":\"fr-FR\",\"potentialAction\":[{\"@type\":\"ReadAction\",\"target\":[\"https:\\\/\\\/voxsahel.com\\\/?p=1995\"]}]},{\"@type\":\"ImageObject\",\"inLanguage\":\"fr-FR\",\"@id\":\"https:\\\/\\\/voxsahel.com\\\/?p=1995#primaryimage\",\"url\":\"https:\\\/\\\/voxsahel.com\\\/wp-content\\\/uploads\\\/2025\\\/05\\\/WhatsApp-Image-2025-05-17-at-19.59.06.jpeg\",\"contentUrl\":\"https:\\\/\\\/voxsahel.com\\\/wp-content\\\/uploads\\\/2025\\\/05\\\/WhatsApp-Image-2025-05-17-at-19.59.06.jpeg\",\"width\":1080,\"height\":717,\"caption\":\"Photo de famille \u00e0 l'issue de la c\u00e9r\u00e9monie\"},{\"@type\":\"BreadcrumbList\",\"@id\":\"https:\\\/\\\/voxsahel.com\\\/?p=1995#breadcrumb\",\"itemListElement\":[{\"@type\":\"ListItem\",\"position\":1,\"name\":\"Home\",\"item\":\"https:\\\/\\\/voxsahel.com\\\/\"},{\"@type\":\"ListItem\",\"position\":2,\"name\":\"Enseignement sup\u00e9rieur au Burkina : L\u2019IAIC c\u00e9l\u00e8bre \u00a010 ans d\u2019engagement acad\u00e9mique au service de l\u2019\u00e9conomie culturelle\"}]},{\"@type\":\"WebSite\",\"@id\":\"https:\\\/\\\/voxsahel.com\\\/#website\",\"url\":\"https:\\\/\\\/voxsahel.com\\\/\",\"name\":\"Vox Sahel\",\"description\":\"Informez-vous sur le Sahel en un clic\",\"publisher\":{\"@id\":\"https:\\\/\\\/voxsahel.com\\\/#organization\"},\"potentialAction\":[{\"@type\":\"SearchAction\",\"target\":{\"@type\":\"EntryPoint\",\"urlTemplate\":\"https:\\\/\\\/voxsahel.com\\\/?s={search_term_string}\"},\"query-input\":{\"@type\":\"PropertyValueSpecification\",\"valueRequired\":true,\"valueName\":\"search_term_string\"}}],\"inLanguage\":\"fr-FR\"},{\"@type\":\"Organization\",\"@id\":\"https:\\\/\\\/voxsahel.com\\\/#organization\",\"name\":\"Vox Sahel\",\"url\":\"https:\\\/\\\/voxsahel.com\\\/\",\"logo\":{\"@type\":\"ImageObject\",\"inLanguage\":\"fr-FR\",\"@id\":\"https:\\\/\\\/voxsahel.com\\\/#\\\/schema\\\/logo\\\/image\\\/\",\"url\":\"https:\\\/\\\/voxsahel.com\\\/wp-content\\\/uploads\\\/2024\\\/09\\\/Logo-Vox-Sahel.jpg\",\"contentUrl\":\"https:\\\/\\\/voxsahel.com\\\/wp-content\\\/uploads\\\/2024\\\/09\\\/Logo-Vox-Sahel.jpg\",\"width\":1181,\"height\":848,\"caption\":\"Vox Sahel\"},\"image\":{\"@id\":\"https:\\\/\\\/voxsahel.com\\\/#\\\/schema\\\/logo\\\/image\\\/\"},\"sameAs\":[\"https:\\\/\\\/www.facebook.com\\\/journal.voxsahel\"]},{\"@type\":\"Person\",\"@id\":\"https:\\\/\\\/voxsahel.com\\\/#\\\/schema\\\/person\\\/b4043608248f8fa227cd760e7ff1e19e\",\"name\":\"Vox Sahel\",\"image\":{\"@type\":\"ImageObject\",\"inLanguage\":\"fr-FR\",\"@id\":\"https:\\\/\\\/secure.gravatar.com\\\/avatar\\\/f70e7fa0cb9b29d4a7c5788d6eb2e9ab4d3135cbae1c9161810fdf77a8964699?s=96&d=mm&r=g\",\"url\":\"https:\\\/\\\/secure.gravatar.com\\\/avatar\\\/f70e7fa0cb9b29d4a7c5788d6eb2e9ab4d3135cbae1c9161810fdf77a8964699?s=96&d=mm&r=g\",\"contentUrl\":\"https:\\\/\\\/secure.gravatar.com\\\/avatar\\\/f70e7fa0cb9b29d4a7c5788d6eb2e9ab4d3135cbae1c9161810fdf77a8964699?s=96&d=mm&r=g\",\"caption\":\"Vox Sahel\"},\"sameAs\":[\"http:\\\/\\\/www.voxsahel.com\"],\"url\":\"https:\\\/\\\/voxsahel.com\\\/?author=2\"}]}<\/script>\n<!-- \/ Yoast SEO plugin. -->","yoast_head_json":{"title":"Enseignement sup\u00e9rieur au Burkina : L\u2019IAIC c\u00e9l\u00e8bre \u00a010 ans d\u2019engagement acad\u00e9mique au service de l\u2019\u00e9conomie culturelle - Vox Sahel","robots":{"index":"index","follow":"follow","max-snippet":"max-snippet:-1","max-image-preview":"max-image-preview:large","max-video-preview":"max-video-preview:-1"},"canonical":"https:\/\/voxsahel.com\/?p=1995","og_locale":"fr_FR","og_type":"article","og_title":"Enseignement sup\u00e9rieur au Burkina : L\u2019IAIC c\u00e9l\u00e8bre \u00a010 ans d\u2019engagement acad\u00e9mique au service de l\u2019\u00e9conomie culturelle - Vox Sahel","og_description":"Plac\u00e9e sous le haut patronage du ministre en charge de la communication et sous le","og_url":"https:\/\/voxsahel.com\/?p=1995","og_site_name":"Vox Sahel","article_publisher":"https:\/\/www.facebook.com\/journal.voxsahel","article_published_time":"2025-05-17T23:32:10+00:00","og_image":[{"width":1080,"height":717,"url":"https:\/\/voxsahel.com\/wp-content\/uploads\/2025\/05\/WhatsApp-Image-2025-05-17-at-19.59.06.jpeg","type":"image\/jpeg"}],"author":"Vox Sahel","twitter_card":"summary_large_image","twitter_misc":{"\u00c9crit par":"Vox Sahel","Dur\u00e9e de lecture estim\u00e9e":"5 minutes"},"schema":{"@context":"https:\/\/schema.org","@graph":[{"@type":"Article","@id":"https:\/\/voxsahel.com\/?p=1995#article","isPartOf":{"@id":"https:\/\/voxsahel.com\/?p=1995"},"author":{"name":"Vox Sahel","@id":"https:\/\/voxsahel.com\/#\/schema\/person\/b4043608248f8fa227cd760e7ff1e19e"},"headline":"Enseignement sup\u00e9rieur au Burkina : L\u2019IAIC c\u00e9l\u00e8bre \u00a010 ans d\u2019engagement acad\u00e9mique au service de l\u2019\u00e9conomie culturelle","datePublished":"2025-05-17T23:32:10+00:00","mainEntityOfPage":{"@id":"https:\/\/voxsahel.com\/?p=1995"},"wordCount":876,"commentCount":0,"publisher":{"@id":"https:\/\/voxsahel.com\/#organization"},"image":{"@id":"https:\/\/voxsahel.com\/?p=1995#primaryimage"},"thumbnailUrl":"https:\/\/voxsahel.com\/wp-content\/uploads\/2025\/05\/WhatsApp-Image-2025-05-17-at-19.59.06.jpeg","keywords":["Burkina Faso","Education","Formation","Institut Africain des Industries Culturelles"],"articleSection":["EDUCATION"],"inLanguage":"fr-FR","potentialAction":[{"@type":"CommentAction","name":"Comment","target":["https:\/\/voxsahel.com\/?p=1995#respond"]}]},{"@type":"WebPage","@id":"https:\/\/voxsahel.com\/?p=1995","url":"https:\/\/voxsahel.com\/?p=1995","name":"Enseignement sup\u00e9rieur au Burkina : L\u2019IAIC c\u00e9l\u00e8bre \u00a010 ans d\u2019engagement acad\u00e9mique au service de l\u2019\u00e9conomie culturelle - Vox Sahel","isPartOf":{"@id":"https:\/\/voxsahel.com\/#website"},"primaryImageOfPage":{"@id":"https:\/\/voxsahel.com\/?p=1995#primaryimage"},"image":{"@id":"https:\/\/voxsahel.com\/?p=1995#primaryimage"},"thumbnailUrl":"https:\/\/voxsahel.com\/wp-content\/uploads\/2025\/05\/WhatsApp-Image-2025-05-17-at-19.59.06.jpeg","datePublished":"2025-05-17T23:32:10+00:00","breadcrumb":{"@id":"https:\/\/voxsahel.com\/?p=1995#breadcrumb"},"inLanguage":"fr-FR","potentialAction":[{"@type":"ReadAction","target":["https:\/\/voxsahel.com\/?p=1995"]}]},{"@type":"ImageObject","inLanguage":"fr-FR","@id":"https:\/\/voxsahel.com\/?p=1995#primaryimage","url":"https:\/\/voxsahel.com\/wp-content\/uploads\/2025\/05\/WhatsApp-Image-2025-05-17-at-19.59.06.jpeg","contentUrl":"https:\/\/voxsahel.com\/wp-content\/uploads\/2025\/05\/WhatsApp-Image-2025-05-17-at-19.59.06.jpeg","width":1080,"height":717,"caption":"Photo de famille \u00e0 l'issue de la c\u00e9r\u00e9monie"},{"@type":"BreadcrumbList","@id":"https:\/\/voxsahel.com\/?p=1995#breadcrumb","itemListElement":[{"@type":"ListItem","position":1,"name":"Home","item":"https:\/\/voxsahel.com\/"},{"@type":"ListItem","position":2,"name":"Enseignement sup\u00e9rieur au Burkina : L\u2019IAIC c\u00e9l\u00e8bre \u00a010 ans d\u2019engagement acad\u00e9mique au service de l\u2019\u00e9conomie culturelle"}]},{"@type":"WebSite","@id":"https:\/\/voxsahel.com\/#website","url":"https:\/\/voxsahel.com\/","name":"Vox Sahel","description":"Informez-vous sur le Sahel en un clic","publisher":{"@id":"https:\/\/voxsahel.com\/#organization"},"potentialAction":[{"@type":"SearchAction","target":{"@type":"EntryPoint","urlTemplate":"https:\/\/voxsahel.com\/?s={search_term_string}"},"query-input":{"@type":"PropertyValueSpecification","valueRequired":true,"valueName":"search_term_string"}}],"inLanguage":"fr-FR"},{"@type":"Organization","@id":"https:\/\/voxsahel.com\/#organization","name":"Vox Sahel","url":"https:\/\/voxsahel.com\/","logo":{"@type":"ImageObject","inLanguage":"fr-FR","@id":"https:\/\/voxsahel.com\/#\/schema\/logo\/image\/","url":"https:\/\/voxsahel.com\/wp-content\/uploads\/2024\/09\/Logo-Vox-Sahel.jpg","contentUrl":"https:\/\/voxsahel.com\/wp-content\/uploads\/2024\/09\/Logo-Vox-Sahel.jpg","width":1181,"height":848,"caption":"Vox Sahel"},"image":{"@id":"https:\/\/voxsahel.com\/#\/schema\/logo\/image\/"},"sameAs":["https:\/\/www.facebook.com\/journal.voxsahel"]},{"@type":"Person","@id":"https:\/\/voxsahel.com\/#\/schema\/person\/b4043608248f8fa227cd760e7ff1e19e","name":"Vox Sahel","image":{"@type":"ImageObject","inLanguage":"fr-FR","@id":"https:\/\/secure.gravatar.com\/avatar\/f70e7fa0cb9b29d4a7c5788d6eb2e9ab4d3135cbae1c9161810fdf77a8964699?s=96&d=mm&r=g","url":"https:\/\/secure.gravatar.com\/avatar\/f70e7fa0cb9b29d4a7c5788d6eb2e9ab4d3135cbae1c9161810fdf77a8964699?s=96&d=mm&r=g","contentUrl":"https:\/\/secure.gravatar.com\/avatar\/f70e7fa0cb9b29d4a7c5788d6eb2e9ab4d3135cbae1c9161810fdf77a8964699?s=96&d=mm&r=g","caption":"Vox Sahel"},"sameAs":["http:\/\/www.voxsahel.com"],"url":"https:\/\/voxsahel.com\/?author=2"}]}},"_links":{"self":[{"href":"https:\/\/voxsahel.com\/index.php?rest_route=\/wp\/v2\/posts\/1995","targetHints":{"allow":["GET"]}}],"collection":[{"href":"https:\/\/voxsahel.com\/index.php?rest_route=\/wp\/v2\/posts"}],"about":[{"href":"https:\/\/voxsahel.com\/index.php?rest_route=\/wp\/v2\/types\/post"}],"author":[{"embeddable":true,"href":"https:\/\/voxsahel.com\/index.php?rest_route=\/wp\/v2\/users\/2"}],"replies":[{"embeddable":true,"href":"https:\/\/voxsahel.com\/index.php?rest_route=%2Fwp%2Fv2%2Fcomments&post=1995"}],"version-history":[{"count":1,"href":"https:\/\/voxsahel.com\/index.php?rest_route=\/wp\/v2\/posts\/1995\/revisions"}],"predecessor-version":[{"id":1999,"href":"https:\/\/voxsahel.com\/index.php?rest_route=\/wp\/v2\/posts\/1995\/revisions\/1999"}],"wp:featuredmedia":[{"embeddable":true,"href":"https:\/\/voxsahel.com\/index.php?rest_route=\/wp\/v2\/media\/1996"}],"wp:attachment":[{"href":"https:\/\/voxsahel.com\/index.php?rest_route=%2Fwp%2Fv2%2Fmedia&parent=1995"}],"wp:term":[{"taxonomy":"category","embeddable":true,"href":"https:\/\/voxsahel.com\/index.php?rest_route=%2Fwp%2Fv2%2Fcategories&post=1995"},{"taxonomy":"post_tag","embeddable":true,"href":"https:\/\/voxsahel.com\/index.php?rest_route=%2Fwp%2Fv2%2Ftags&post=1995"}],"curies":[{"name":"wp","href":"https:\/\/api.w.org\/{rel}","templated":true}]}}