{"id":1988,"date":"2025-05-16T18:55:39","date_gmt":"2025-05-16T18:55:39","guid":{"rendered":"https:\/\/voxsahel.com\/?p=1988"},"modified":"2025-05-16T18:55:39","modified_gmt":"2025-05-16T18:55:39","slug":"visite-du-premier-ministre-senegalais-a-ouagadougou-le-senegal-solidaire-du-burkina-faso-dans-la-situation-securitaire","status":"publish","type":"post","link":"https:\/\/voxsahel.com\/?p=1988","title":{"rendered":"VISITE DU PREMIER MINISTRE SENEGALAIS A OUAGADOUGOU : Le S\u00e9n\u00e9gal solidaire du Burkina Faso dans la situation s\u00e9curitaire"},"content":{"rendered":"<p class=\"p1\">&#8211; Participer \u00e0 la c\u00e9l\u00e9bration de Thomas SANKARA, digne fils d\u2019Afrique<\/p>\n<p class=\"p1\"><span class=\"s1\">(Ouagadougou, 16 mai 2025). Le Pr\u00e9sident du Faso, Chef de l\u2019\u00c9tat, le Capitaine Ibrahim TRAOR\u00c9, a accord\u00e9, ce vendredi en d\u00e9but d\u2019apr\u00e8s-midi, une audience au Premier ministre de la R\u00e9publique du S\u00e9n\u00e9gal, Ousmane SONKO, en visite de travail de 48 heures au Burkina Faso.<\/span><\/p>\n<p class=\"p1\"><span class=\"s1\">Accompagn\u00e9 de son homologue burkinab\u00e8, Rimtalba Jean Emmanuel OUEDRAOGO, le Premier ministre s\u00e9n\u00e9galais a eu des \u00e9changes fructueux avec le Pr\u00e9sident du Faso, le Capitaine Ibrahim TRAOR\u00c9. Au cours de cette audience avec le Chef de l\u2019\u00c9tat, le Premier ministre SONKO a exprim\u00e9 la solidarit\u00e9 du Pr\u00e9sident s\u00e9n\u00e9galais Bassirou Diomaye Diakhar FAYE et de son peuple au Burkina Faso face \u00e0 la situation s\u00e9curitaire.<\/span><\/p>\n<p class=\"p1\"><span class=\"s1\">Il s\u2019agit de \u00ab transmettre un message de soutien absolu au Pr\u00e9sident TRAOR\u00c9, \u00e0 tout son gouvernement, au peuple burkinab\u00e8 dans leur lutte contre ce terrorisme qui leur a \u00e9t\u00e9 impos\u00e9e, et envisager toute possibilit\u00e9 de collaboration et de soutien face \u00e0 cette \u00e9preuve \u00bb, indique le Premier ministre Ousmane SONKO. <\/span><\/p>\n<p class=\"p1\"><span class=\"s1\">Pour lui, il est illusoire de penser que cette \u00e9preuve subie par le Burkina Faso, le Mali et le Niger restera simplement dans les fronti\u00e8res de ces pays. Aucun pays de la sous-r\u00e9gion, selon lui, ne sera \u00e9pargn\u00e9 par cette gangr\u00e8ne, si elle continue de s\u2019\u00e9tendre \u00e0 travers l\u2019Afrique de l\u2019Ouest.<\/span><\/p>\n<p class=\"p1\"><span class=\"s1\">\u00ab C\u2019est pourquoi, le S\u00e9n\u00e9gal, au-del\u00e0 de la manifestation de la solidarit\u00e9 n\u2019exclura aucune forme de collaboration pour soutenir nos fr\u00e8res dans cette \u00e9preuve \u00bb, affirme l\u2019h\u00f4te du Pr\u00e9sident du Faso.<\/span><\/p>\n<p class=\"p1\"><span class=\"s1\">C\u00e9l\u00e9brer Thomas SANKARA, digne fils de l\u2019Afrique<\/span><\/p>\n<p class=\"p1\"><span class=\"s1\">Cette visite \u00e0 Ouagadougou du Premier ministre SONKO s\u2019inscrit dans le cadre de l\u2019inauguration du Mausol\u00e9e Thomas-SANKARA \u00ab pour participer \u00e0 la c\u00e9l\u00e9bration d\u2019un grand et digne fils de l\u2019Afrique, d\u2019un leader qui illumine depuis quelques d\u00e9cennies tous les combats patriotiques, panafricanistes et souverainistes du continent \u00bb. <\/span><\/p>\n<p class=\"p1\"><span class=\"s1\">Ce s\u00e9jour sera \u00e9galement une occasion pour lui et sa d\u00e9l\u00e9gation d\u2019avoir une s\u00e9ance de travail avec le gouvernement burkinab\u00e8 sur un certain nombre de th\u00e9matiques de coop\u00e9ration entre les deux pays. Dans le cadre bilat\u00e9ral, le S\u00e9n\u00e9gal envisage, selon son Premier ministre la poursuite et le renforcement de sa coop\u00e9ration avec le Burkina Faso, tr\u00e8s riche d\u2019une vingtaine d\u2019accords. <\/span><\/p>\n<p class=\"p1\"><span class=\"s1\">\u00ab Le Pr\u00e9sident du Faso a r\u00e9it\u00e9r\u00e9 son ouverture et celle du Burkina Faso \u00e0 rester un facteur d\u2019unit\u00e9 africaine, d\u2019unit\u00e9 dans la sous-r\u00e9gion, un facteur d\u2019ouverture dans la collaboration \u00e0 la fois \u00e9conomique et s\u00e9curitaire \u00bb, soutient le Premier ministre de la R\u00e9publique du S\u00e9n\u00e9gal qui dit sortir satisfait et r\u00e9confort\u00e9 de cette audience avec le Chef de l\u2019\u00c9tat.<\/span><\/p>\n<p class=\"p1\"><span class=\"s1\">Direction de la communication de la Pr\u00e9sidence du Faso<\/span><\/p>\n","protected":false},"excerpt":{"rendered":"<p>&#8211; Participer \u00e0 la c\u00e9l\u00e9bration de Thomas SANKARA, digne fils d\u2019Afrique (Ouagadougou, 16 mai 2025).<\/p>\n","protected":false},"author":2,"featured_media":1990,"comment_status":"open","ping_status":"open","sticky":false,"template":"","format":"standard","meta":{"_et_pb_use_builder":"","_et_pb_old_content":"","_et_gb_content_width":"","footnotes":""},"categories":[6],"tags":[18,174,766,103,328,74],"class_list":["post-1988","post","type-post","status-publish","format-standard","has-post-thumbnail","hentry","category-politique","tag-burkina-faso","tag-capitaine-ibrahim-traore","tag-dakar","tag-ouagadougou","tag-ousmane-sonko","tag-senegal"],"yoast_head":"<!-- This site is optimized with the Yoast SEO plugin v27.5 - https:\/\/yoast.com\/product\/yoast-seo-wordpress\/ -->\n<title>VISITE DU PREMIER MINISTRE SENEGALAIS A OUAGADOUGOU : Le S\u00e9n\u00e9gal solidaire du Burkina Faso dans la situation s\u00e9curitaire - Vox Sahel<\/title>\n<meta name=\"robots\" content=\"index, follow, max-snippet:-1, max-image-preview:large, max-video-preview:-1\" \/>\n<link rel=\"canonical\" href=\"https:\/\/voxsahel.com\/?p=1988\" \/>\n<meta property=\"og:locale\" content=\"fr_FR\" \/>\n<meta property=\"og:type\" content=\"article\" \/>\n<meta property=\"og:title\" content=\"VISITE DU PREMIER MINISTRE SENEGALAIS A OUAGADOUGOU : Le S\u00e9n\u00e9gal solidaire du Burkina Faso dans la situation s\u00e9curitaire - Vox Sahel\" \/>\n<meta property=\"og:description\" content=\"&#8211; Participer \u00e0 la c\u00e9l\u00e9bration de Thomas SANKARA, digne fils d\u2019Afrique (Ouagadougou, 16 mai 2025).\" \/>\n<meta property=\"og:url\" content=\"https:\/\/voxsahel.com\/?p=1988\" \/>\n<meta property=\"og:site_name\" content=\"Vox Sahel\" \/>\n<meta property=\"article:publisher\" content=\"https:\/\/www.facebook.com\/journal.voxsahel\" \/>\n<meta property=\"article:published_time\" content=\"2025-05-16T18:55:39+00:00\" \/>\n<meta property=\"og:image\" content=\"https:\/\/voxsahel.com\/wp-content\/uploads\/2025\/05\/IMG_5290-1.jpeg\" \/>\n\t<meta property=\"og:image:width\" content=\"1427\" \/>\n\t<meta property=\"og:image:height\" content=\"1600\" \/>\n\t<meta property=\"og:image:type\" content=\"image\/jpeg\" \/>\n<meta name=\"author\" content=\"Vox Sahel\" \/>\n<meta name=\"twitter:card\" content=\"summary_large_image\" \/>\n<meta name=\"twitter:label1\" content=\"\u00c9crit par\" \/>\n\t<meta name=\"twitter:data1\" content=\"Vox Sahel\" \/>\n\t<meta name=\"twitter:label2\" content=\"Dur\u00e9e de lecture estim\u00e9e\" \/>\n\t<meta name=\"twitter:data2\" content=\"3 minutes\" \/>\n<script type=\"application\/ld+json\" class=\"yoast-schema-graph\">{\"@context\":\"https:\\\/\\\/schema.org\",\"@graph\":[{\"@type\":\"Article\",\"@id\":\"https:\\\/\\\/voxsahel.com\\\/?p=1988#article\",\"isPartOf\":{\"@id\":\"https:\\\/\\\/voxsahel.com\\\/?p=1988\"},\"author\":{\"name\":\"Vox Sahel\",\"@id\":\"https:\\\/\\\/voxsahel.com\\\/#\\\/schema\\\/person\\\/b4043608248f8fa227cd760e7ff1e19e\"},\"headline\":\"VISITE DU PREMIER MINISTRE SENEGALAIS A OUAGADOUGOU : Le S\u00e9n\u00e9gal solidaire du Burkina Faso dans la situation s\u00e9curitaire\",\"datePublished\":\"2025-05-16T18:55:39+00:00\",\"mainEntityOfPage\":{\"@id\":\"https:\\\/\\\/voxsahel.com\\\/?p=1988\"},\"wordCount\":511,\"commentCount\":0,\"publisher\":{\"@id\":\"https:\\\/\\\/voxsahel.com\\\/#organization\"},\"image\":{\"@id\":\"https:\\\/\\\/voxsahel.com\\\/?p=1988#primaryimage\"},\"thumbnailUrl\":\"https:\\\/\\\/voxsahel.com\\\/wp-content\\\/uploads\\\/2025\\\/05\\\/IMG_5290-1.jpeg\",\"keywords\":[\"Burkina Faso\",\"Capitaine Ibrahim Traor\u00e9\",\"Dakar\",\"Ouagadougou\",\"Ousmane Sonko\",\"S\u00e9n\u00e9gal\"],\"articleSection\":[\"POLITIQUE\"],\"inLanguage\":\"fr-FR\",\"potentialAction\":[{\"@type\":\"CommentAction\",\"name\":\"Comment\",\"target\":[\"https:\\\/\\\/voxsahel.com\\\/?p=1988#respond\"]}]},{\"@type\":\"WebPage\",\"@id\":\"https:\\\/\\\/voxsahel.com\\\/?p=1988\",\"url\":\"https:\\\/\\\/voxsahel.com\\\/?p=1988\",\"name\":\"VISITE DU PREMIER MINISTRE SENEGALAIS A OUAGADOUGOU : Le S\u00e9n\u00e9gal solidaire du Burkina Faso dans la situation s\u00e9curitaire - Vox Sahel\",\"isPartOf\":{\"@id\":\"https:\\\/\\\/voxsahel.com\\\/#website\"},\"primaryImageOfPage\":{\"@id\":\"https:\\\/\\\/voxsahel.com\\\/?p=1988#primaryimage\"},\"image\":{\"@id\":\"https:\\\/\\\/voxsahel.com\\\/?p=1988#primaryimage\"},\"thumbnailUrl\":\"https:\\\/\\\/voxsahel.com\\\/wp-content\\\/uploads\\\/2025\\\/05\\\/IMG_5290-1.jpeg\",\"datePublished\":\"2025-05-16T18:55:39+00:00\",\"breadcrumb\":{\"@id\":\"https:\\\/\\\/voxsahel.com\\\/?p=1988#breadcrumb\"},\"inLanguage\":\"fr-FR\",\"potentialAction\":[{\"@type\":\"ReadAction\",\"target\":[\"https:\\\/\\\/voxsahel.com\\\/?p=1988\"]}]},{\"@type\":\"ImageObject\",\"inLanguage\":\"fr-FR\",\"@id\":\"https:\\\/\\\/voxsahel.com\\\/?p=1988#primaryimage\",\"url\":\"https:\\\/\\\/voxsahel.com\\\/wp-content\\\/uploads\\\/2025\\\/05\\\/IMG_5290-1.jpeg\",\"contentUrl\":\"https:\\\/\\\/voxsahel.com\\\/wp-content\\\/uploads\\\/2025\\\/05\\\/IMG_5290-1.jpeg\",\"width\":1427,\"height\":1600},{\"@type\":\"BreadcrumbList\",\"@id\":\"https:\\\/\\\/voxsahel.com\\\/?p=1988#breadcrumb\",\"itemListElement\":[{\"@type\":\"ListItem\",\"position\":1,\"name\":\"Home\",\"item\":\"https:\\\/\\\/voxsahel.com\\\/\"},{\"@type\":\"ListItem\",\"position\":2,\"name\":\"VISITE DU PREMIER MINISTRE SENEGALAIS A OUAGADOUGOU : Le S\u00e9n\u00e9gal solidaire du Burkina Faso dans la situation s\u00e9curitaire\"}]},{\"@type\":\"WebSite\",\"@id\":\"https:\\\/\\\/voxsahel.com\\\/#website\",\"url\":\"https:\\\/\\\/voxsahel.com\\\/\",\"name\":\"Vox Sahel\",\"description\":\"Informez-vous sur le Sahel en un clic\",\"publisher\":{\"@id\":\"https:\\\/\\\/voxsahel.com\\\/#organization\"},\"potentialAction\":[{\"@type\":\"SearchAction\",\"target\":{\"@type\":\"EntryPoint\",\"urlTemplate\":\"https:\\\/\\\/voxsahel.com\\\/?s={search_term_string}\"},\"query-input\":{\"@type\":\"PropertyValueSpecification\",\"valueRequired\":true,\"valueName\":\"search_term_string\"}}],\"inLanguage\":\"fr-FR\"},{\"@type\":\"Organization\",\"@id\":\"https:\\\/\\\/voxsahel.com\\\/#organization\",\"name\":\"Vox Sahel\",\"url\":\"https:\\\/\\\/voxsahel.com\\\/\",\"logo\":{\"@type\":\"ImageObject\",\"inLanguage\":\"fr-FR\",\"@id\":\"https:\\\/\\\/voxsahel.com\\\/#\\\/schema\\\/logo\\\/image\\\/\",\"url\":\"https:\\\/\\\/voxsahel.com\\\/wp-content\\\/uploads\\\/2024\\\/09\\\/Logo-Vox-Sahel.jpg\",\"contentUrl\":\"https:\\\/\\\/voxsahel.com\\\/wp-content\\\/uploads\\\/2024\\\/09\\\/Logo-Vox-Sahel.jpg\",\"width\":1181,\"height\":848,\"caption\":\"Vox Sahel\"},\"image\":{\"@id\":\"https:\\\/\\\/voxsahel.com\\\/#\\\/schema\\\/logo\\\/image\\\/\"},\"sameAs\":[\"https:\\\/\\\/www.facebook.com\\\/journal.voxsahel\"]},{\"@type\":\"Person\",\"@id\":\"https:\\\/\\\/voxsahel.com\\\/#\\\/schema\\\/person\\\/b4043608248f8fa227cd760e7ff1e19e\",\"name\":\"Vox Sahel\",\"image\":{\"@type\":\"ImageObject\",\"inLanguage\":\"fr-FR\",\"@id\":\"https:\\\/\\\/secure.gravatar.com\\\/avatar\\\/f70e7fa0cb9b29d4a7c5788d6eb2e9ab4d3135cbae1c9161810fdf77a8964699?s=96&d=mm&r=g\",\"url\":\"https:\\\/\\\/secure.gravatar.com\\\/avatar\\\/f70e7fa0cb9b29d4a7c5788d6eb2e9ab4d3135cbae1c9161810fdf77a8964699?s=96&d=mm&r=g\",\"contentUrl\":\"https:\\\/\\\/secure.gravatar.com\\\/avatar\\\/f70e7fa0cb9b29d4a7c5788d6eb2e9ab4d3135cbae1c9161810fdf77a8964699?s=96&d=mm&r=g\",\"caption\":\"Vox Sahel\"},\"sameAs\":[\"http:\\\/\\\/www.voxsahel.com\"],\"url\":\"https:\\\/\\\/voxsahel.com\\\/?author=2\"}]}<\/script>\n<!-- \/ Yoast SEO plugin. -->","yoast_head_json":{"title":"VISITE DU PREMIER MINISTRE SENEGALAIS A OUAGADOUGOU : Le S\u00e9n\u00e9gal solidaire du Burkina Faso dans la situation s\u00e9curitaire - Vox Sahel","robots":{"index":"index","follow":"follow","max-snippet":"max-snippet:-1","max-image-preview":"max-image-preview:large","max-video-preview":"max-video-preview:-1"},"canonical":"https:\/\/voxsahel.com\/?p=1988","og_locale":"fr_FR","og_type":"article","og_title":"VISITE DU PREMIER MINISTRE SENEGALAIS A OUAGADOUGOU : Le S\u00e9n\u00e9gal solidaire du Burkina Faso dans la situation s\u00e9curitaire - Vox Sahel","og_description":"&#8211; Participer \u00e0 la c\u00e9l\u00e9bration de Thomas SANKARA, digne fils d\u2019Afrique (Ouagadougou, 16 mai 2025).","og_url":"https:\/\/voxsahel.com\/?p=1988","og_site_name":"Vox Sahel","article_publisher":"https:\/\/www.facebook.com\/journal.voxsahel","article_published_time":"2025-05-16T18:55:39+00:00","og_image":[{"width":1427,"height":1600,"url":"https:\/\/voxsahel.com\/wp-content\/uploads\/2025\/05\/IMG_5290-1.jpeg","type":"image\/jpeg"}],"author":"Vox Sahel","twitter_card":"summary_large_image","twitter_misc":{"\u00c9crit par":"Vox Sahel","Dur\u00e9e de lecture estim\u00e9e":"3 minutes"},"schema":{"@context":"https:\/\/schema.org","@graph":[{"@type":"Article","@id":"https:\/\/voxsahel.com\/?p=1988#article","isPartOf":{"@id":"https:\/\/voxsahel.com\/?p=1988"},"author":{"name":"Vox Sahel","@id":"https:\/\/voxsahel.com\/#\/schema\/person\/b4043608248f8fa227cd760e7ff1e19e"},"headline":"VISITE DU PREMIER MINISTRE SENEGALAIS A OUAGADOUGOU : Le S\u00e9n\u00e9gal solidaire du Burkina Faso dans la situation s\u00e9curitaire","datePublished":"2025-05-16T18:55:39+00:00","mainEntityOfPage":{"@id":"https:\/\/voxsahel.com\/?p=1988"},"wordCount":511,"commentCount":0,"publisher":{"@id":"https:\/\/voxsahel.com\/#organization"},"image":{"@id":"https:\/\/voxsahel.com\/?p=1988#primaryimage"},"thumbnailUrl":"https:\/\/voxsahel.com\/wp-content\/uploads\/2025\/05\/IMG_5290-1.jpeg","keywords":["Burkina Faso","Capitaine Ibrahim Traor\u00e9","Dakar","Ouagadougou","Ousmane Sonko","S\u00e9n\u00e9gal"],"articleSection":["POLITIQUE"],"inLanguage":"fr-FR","potentialAction":[{"@type":"CommentAction","name":"Comment","target":["https:\/\/voxsahel.com\/?p=1988#respond"]}]},{"@type":"WebPage","@id":"https:\/\/voxsahel.com\/?p=1988","url":"https:\/\/voxsahel.com\/?p=1988","name":"VISITE DU PREMIER MINISTRE SENEGALAIS A OUAGADOUGOU : Le S\u00e9n\u00e9gal solidaire du Burkina Faso dans la situation s\u00e9curitaire - Vox Sahel","isPartOf":{"@id":"https:\/\/voxsahel.com\/#website"},"primaryImageOfPage":{"@id":"https:\/\/voxsahel.com\/?p=1988#primaryimage"},"image":{"@id":"https:\/\/voxsahel.com\/?p=1988#primaryimage"},"thumbnailUrl":"https:\/\/voxsahel.com\/wp-content\/uploads\/2025\/05\/IMG_5290-1.jpeg","datePublished":"2025-05-16T18:55:39+00:00","breadcrumb":{"@id":"https:\/\/voxsahel.com\/?p=1988#breadcrumb"},"inLanguage":"fr-FR","potentialAction":[{"@type":"ReadAction","target":["https:\/\/voxsahel.com\/?p=1988"]}]},{"@type":"ImageObject","inLanguage":"fr-FR","@id":"https:\/\/voxsahel.com\/?p=1988#primaryimage","url":"https:\/\/voxsahel.com\/wp-content\/uploads\/2025\/05\/IMG_5290-1.jpeg","contentUrl":"https:\/\/voxsahel.com\/wp-content\/uploads\/2025\/05\/IMG_5290-1.jpeg","width":1427,"height":1600},{"@type":"BreadcrumbList","@id":"https:\/\/voxsahel.com\/?p=1988#breadcrumb","itemListElement":[{"@type":"ListItem","position":1,"name":"Home","item":"https:\/\/voxsahel.com\/"},{"@type":"ListItem","position":2,"name":"VISITE DU PREMIER MINISTRE SENEGALAIS A OUAGADOUGOU : Le S\u00e9n\u00e9gal solidaire du Burkina Faso dans la situation s\u00e9curitaire"}]},{"@type":"WebSite","@id":"https:\/\/voxsahel.com\/#website","url":"https:\/\/voxsahel.com\/","name":"Vox Sahel","description":"Informez-vous sur le Sahel en un clic","publisher":{"@id":"https:\/\/voxsahel.com\/#organization"},"potentialAction":[{"@type":"SearchAction","target":{"@type":"EntryPoint","urlTemplate":"https:\/\/voxsahel.com\/?s={search_term_string}"},"query-input":{"@type":"PropertyValueSpecification","valueRequired":true,"valueName":"search_term_string"}}],"inLanguage":"fr-FR"},{"@type":"Organization","@id":"https:\/\/voxsahel.com\/#organization","name":"Vox Sahel","url":"https:\/\/voxsahel.com\/","logo":{"@type":"ImageObject","inLanguage":"fr-FR","@id":"https:\/\/voxsahel.com\/#\/schema\/logo\/image\/","url":"https:\/\/voxsahel.com\/wp-content\/uploads\/2024\/09\/Logo-Vox-Sahel.jpg","contentUrl":"https:\/\/voxsahel.com\/wp-content\/uploads\/2024\/09\/Logo-Vox-Sahel.jpg","width":1181,"height":848,"caption":"Vox Sahel"},"image":{"@id":"https:\/\/voxsahel.com\/#\/schema\/logo\/image\/"},"sameAs":["https:\/\/www.facebook.com\/journal.voxsahel"]},{"@type":"Person","@id":"https:\/\/voxsahel.com\/#\/schema\/person\/b4043608248f8fa227cd760e7ff1e19e","name":"Vox Sahel","image":{"@type":"ImageObject","inLanguage":"fr-FR","@id":"https:\/\/secure.gravatar.com\/avatar\/f70e7fa0cb9b29d4a7c5788d6eb2e9ab4d3135cbae1c9161810fdf77a8964699?s=96&d=mm&r=g","url":"https:\/\/secure.gravatar.com\/avatar\/f70e7fa0cb9b29d4a7c5788d6eb2e9ab4d3135cbae1c9161810fdf77a8964699?s=96&d=mm&r=g","contentUrl":"https:\/\/secure.gravatar.com\/avatar\/f70e7fa0cb9b29d4a7c5788d6eb2e9ab4d3135cbae1c9161810fdf77a8964699?s=96&d=mm&r=g","caption":"Vox Sahel"},"sameAs":["http:\/\/www.voxsahel.com"],"url":"https:\/\/voxsahel.com\/?author=2"}]}},"_links":{"self":[{"href":"https:\/\/voxsahel.com\/index.php?rest_route=\/wp\/v2\/posts\/1988","targetHints":{"allow":["GET"]}}],"collection":[{"href":"https:\/\/voxsahel.com\/index.php?rest_route=\/wp\/v2\/posts"}],"about":[{"href":"https:\/\/voxsahel.com\/index.php?rest_route=\/wp\/v2\/types\/post"}],"author":[{"embeddable":true,"href":"https:\/\/voxsahel.com\/index.php?rest_route=\/wp\/v2\/users\/2"}],"replies":[{"embeddable":true,"href":"https:\/\/voxsahel.com\/index.php?rest_route=%2Fwp%2Fv2%2Fcomments&post=1988"}],"version-history":[{"count":1,"href":"https:\/\/voxsahel.com\/index.php?rest_route=\/wp\/v2\/posts\/1988\/revisions"}],"predecessor-version":[{"id":1991,"href":"https:\/\/voxsahel.com\/index.php?rest_route=\/wp\/v2\/posts\/1988\/revisions\/1991"}],"wp:featuredmedia":[{"embeddable":true,"href":"https:\/\/voxsahel.com\/index.php?rest_route=\/wp\/v2\/media\/1990"}],"wp:attachment":[{"href":"https:\/\/voxsahel.com\/index.php?rest_route=%2Fwp%2Fv2%2Fmedia&parent=1988"}],"wp:term":[{"taxonomy":"category","embeddable":true,"href":"https:\/\/voxsahel.com\/index.php?rest_route=%2Fwp%2Fv2%2Fcategories&post=1988"},{"taxonomy":"post_tag","embeddable":true,"href":"https:\/\/voxsahel.com\/index.php?rest_route=%2Fwp%2Fv2%2Ftags&post=1988"}],"curies":[{"name":"wp","href":"https:\/\/api.w.org\/{rel}","templated":true}]}}