{"id":1983,"date":"2025-05-16T18:38:38","date_gmt":"2025-05-16T18:38:38","guid":{"rendered":"https:\/\/voxsahel.com\/?p=1983"},"modified":"2025-05-16T18:46:38","modified_gmt":"2025-05-16T18:46:38","slug":"hadj-2025-342-pelerins-burkinabe-senvolent-pour-les-lieux-saints-de-lislam","status":"publish","type":"post","link":"https:\/\/voxsahel.com\/?p=1983","title":{"rendered":"Hadj 2025: 342 p\u00e8lerins burkinab\u00e8 s\u2019envolent pour les Lieux Saints de l\u2019Islam"},"content":{"rendered":"<p><strong>Le premier vol de p\u00e8lerins burkinab\u00e8 \u00e0 destination de l\u2019Arabie Saoudite dans le cadre du Hadj 2025 a d\u00e9coll\u00e9 ce vendredi depuis l\u2019a\u00e9roport international de Ouagadougou. \u00c0 bord, 342 fid\u00e8les musulmans ont pris leur envol dans une atmosph\u00e8re empreinte de ferveur, de foi et d\u2019\u00e9motion.<\/strong><\/p>\n<p>Autorit\u00e9s, encadreurs et proches \u00e9taient massivement mobilis\u00e9s pour accompagner ces candidats au cinqui\u00e8me pilier de l\u2019Islam. Pri\u00e8re, b\u00e9n\u00e9dictions et encouragements ont rythm\u00e9 cette c\u00e9r\u00e9monie de d\u00e9part plac\u00e9e sous le signe de la solidarit\u00e9 et de la spiritualit\u00e9. Pr\u00e9sent \u00e0 l\u2019a\u00e9roport, le ministre d\u2019\u00c9tat, ministre de l\u2019Administration territoriale et de la Mobilit\u00e9, \u00c9mile Zerbo, a adress\u00e9 un message empreint de b\u00e9n\u00e9dictions et d\u2019espoir aux p\u00e8lerins.<\/p>\n<p>\u00ab Mon v\u0153u, c\u2019est que ceux qui embarquent pour le Hadj 2025 aient un p\u00e8lerinage b\u00e9ni. Ils y vont pour chercher Dieu, qu\u2019ils puissent le trouver, prier pour eux-m\u00eames, pour leurs familles, mais surtout pour le Burkina Faso \u00bb, a-t-il d\u00e9clar\u00e9 avec solennit\u00e9. Le ministre a \u00e9galement insist\u00e9 sur la n\u00e9cessit\u00e9 d\u2019un esprit de fraternit\u00e9 entre les p\u00e8lerins, les invitant \u00e0 prendre soin les uns des autres, notamment les personnes \u00e2g\u00e9es et celles souffrant de maladies chroniques.<\/p>\n<p>Il a exhort\u00e9 ces derni\u00e8res \u00e0 suivre scrupuleusement les consignes sanitaires, \u00e0 bien s\u2019hydrater et \u00e0 rester \u00e0 l\u2019\u00e9coute des encadreurs et m\u00e9decins. Satisfait de l\u2019organisation, \u00c9mile Zerbo a salu\u00e9 le travail de la F\u00e9d\u00e9ration des associations islamiques du Burkina (FAIB) et de l\u2019ensemble des acteurs impliqu\u00e9s dans la pr\u00e9paration du p\u00e8lerinage. \u00ab Je ne peux que m\u2019attendre \u00e0 un Hadj r\u00e9ussi \u00bb, a-t-il affirm\u00e9.<\/p>\n<p>De son c\u00f4t\u00e9, le repr\u00e9sentant de la FAIB, le Docteur Sidi Mohamed Ma\u00efga II, a f\u00e9licit\u00e9 les p\u00e8lerins pour leur engagement et les a invit\u00e9s \u00e0 formuler des pri\u00e8res pour un retour durable de la paix et de la s\u00e9curit\u00e9 au Burkina Faso. Parmi les p\u00e8lerins, l\u2019\u00e9motion \u00e9tait palpable. Rakiatou Linkon\u00e9 Balbon\u00e9, venue de Tenkodogo, confie vivre une exp\u00e9rience unique.<\/p>\n<p>\u00ab Je suis tr\u00e8s contente d&rsquo;aller voir la maison de Dieu, la tombe du proph\u00e8te Mohamed et de ses compagnons. J\u2019irai demander \u00e0 Dieu de me pardonner, de b\u00e9nir mes enfants et toute ma famille. Et surtout, prier pour la paix au Burkina Faso \u00bb, a-t-elle d\u00e9clar\u00e9, \u00e9mue. M\u00eame ferveur chez Amza Kiendrebeogo, qui effectue le voyage avec son \u00e9pouse. \u00ab Quand on va pour le Hadj, c\u2019est pour adorer Allah, implorer pour la paix et la s\u00e9curit\u00e9 dans notre pays. J\u2019ai foi en Allah, je crois profond\u00e9ment en l\u2019Islam \u00bb, t\u00e9moigne-t-il avec conviction. Ce premier vol marque ainsi le d\u00e9but officiel du d\u00e9part des p\u00e8lerins burkinab\u00e8 vers la Terre Sainte. Plusieurs autres convois sont attendus dans les jours \u00e0 venir, dans le respect des normes sanitaires et des exigences logistiques.<\/p>\n<p><strong>Par Amir BAKO<\/strong><\/p>\n","protected":false},"excerpt":{"rendered":"<p>Le premier vol de p\u00e8lerins burkinab\u00e8 \u00e0 destination de l\u2019Arabie Saoudite dans le cadre du<\/p>\n","protected":false},"author":2,"featured_media":1987,"comment_status":"open","ping_status":"open","sticky":false,"template":"","format":"standard","meta":{"_et_pb_use_builder":"","_et_pb_old_content":"","_et_gb_content_width":"","footnotes":""},"categories":[5],"tags":[376,18,368,397,670,389,544,387],"class_list":["post-1983","post","type-post","status-publish","format-standard","has-post-thumbnail","hentry","category-societe","tag-arabie-saoudite","tag-burkina-faso","tag-communaute-musulmane-du-burkina-faso","tag-federation-des-associations-islamiques-du-burkina","tag-islam","tag-mecque","tag-pelerinage","tag-religion"],"yoast_head":"<!-- This site is optimized with the Yoast SEO plugin v27.5 - https:\/\/yoast.com\/product\/yoast-seo-wordpress\/ -->\n<title>Hadj 2025: 342 p\u00e8lerins burkinab\u00e8 s\u2019envolent pour les Lieux Saints de l\u2019Islam - Vox Sahel<\/title>\n<meta name=\"robots\" content=\"index, follow, max-snippet:-1, max-image-preview:large, max-video-preview:-1\" \/>\n<link rel=\"canonical\" href=\"https:\/\/voxsahel.com\/?p=1983\" \/>\n<meta property=\"og:locale\" content=\"fr_FR\" \/>\n<meta property=\"og:type\" content=\"article\" \/>\n<meta property=\"og:title\" content=\"Hadj 2025: 342 p\u00e8lerins burkinab\u00e8 s\u2019envolent pour les Lieux Saints de l\u2019Islam - Vox Sahel\" \/>\n<meta property=\"og:description\" content=\"Le premier vol de p\u00e8lerins burkinab\u00e8 \u00e0 destination de l\u2019Arabie Saoudite dans le cadre du\" \/>\n<meta property=\"og:url\" content=\"https:\/\/voxsahel.com\/?p=1983\" \/>\n<meta property=\"og:site_name\" content=\"Vox Sahel\" \/>\n<meta property=\"article:publisher\" content=\"https:\/\/www.facebook.com\/journal.voxsahel\" \/>\n<meta property=\"article:published_time\" content=\"2025-05-16T18:38:38+00:00\" \/>\n<meta property=\"article:modified_time\" content=\"2025-05-16T18:46:38+00:00\" \/>\n<meta property=\"og:image\" content=\"https:\/\/voxsahel.com\/wp-content\/uploads\/2025\/05\/a77d4783-8dce-4abe-82c7-b9bbdf7df79e.jpeg\" \/>\n\t<meta property=\"og:image:width\" content=\"717\" \/>\n\t<meta property=\"og:image:height\" content=\"1080\" \/>\n\t<meta property=\"og:image:type\" content=\"image\/jpeg\" \/>\n<meta name=\"author\" content=\"Vox Sahel\" \/>\n<meta name=\"twitter:card\" content=\"summary_large_image\" \/>\n<meta name=\"twitter:label1\" content=\"\u00c9crit par\" \/>\n\t<meta name=\"twitter:data1\" content=\"Vox Sahel\" \/>\n\t<meta name=\"twitter:label2\" content=\"Dur\u00e9e de lecture estim\u00e9e\" \/>\n\t<meta name=\"twitter:data2\" content=\"3 minutes\" \/>\n<script type=\"application\/ld+json\" class=\"yoast-schema-graph\">{\"@context\":\"https:\\\/\\\/schema.org\",\"@graph\":[{\"@type\":\"Article\",\"@id\":\"https:\\\/\\\/voxsahel.com\\\/?p=1983#article\",\"isPartOf\":{\"@id\":\"https:\\\/\\\/voxsahel.com\\\/?p=1983\"},\"author\":{\"name\":\"Vox Sahel\",\"@id\":\"https:\\\/\\\/voxsahel.com\\\/#\\\/schema\\\/person\\\/b4043608248f8fa227cd760e7ff1e19e\"},\"headline\":\"Hadj 2025: 342 p\u00e8lerins burkinab\u00e8 s\u2019envolent pour les Lieux Saints de l\u2019Islam\",\"datePublished\":\"2025-05-16T18:38:38+00:00\",\"dateModified\":\"2025-05-16T18:46:38+00:00\",\"mainEntityOfPage\":{\"@id\":\"https:\\\/\\\/voxsahel.com\\\/?p=1983\"},\"wordCount\":514,\"commentCount\":0,\"publisher\":{\"@id\":\"https:\\\/\\\/voxsahel.com\\\/#organization\"},\"image\":{\"@id\":\"https:\\\/\\\/voxsahel.com\\\/?p=1983#primaryimage\"},\"thumbnailUrl\":\"https:\\\/\\\/voxsahel.com\\\/wp-content\\\/uploads\\\/2025\\\/05\\\/a77d4783-8dce-4abe-82c7-b9bbdf7df79e.jpeg\",\"keywords\":[\"Arabie Saoudite\",\"Burkina Faso\",\"Communaut\u00e9 musulmane du Burkina Faso\",\"F\u00e9d\u00e9ration des associations islamiques du Burkina\",\"Islam\",\"Mecque\",\"P\u00e8lerinage\",\"Religion\"],\"articleSection\":[\"SOCIETE\"],\"inLanguage\":\"fr-FR\",\"potentialAction\":[{\"@type\":\"CommentAction\",\"name\":\"Comment\",\"target\":[\"https:\\\/\\\/voxsahel.com\\\/?p=1983#respond\"]}]},{\"@type\":\"WebPage\",\"@id\":\"https:\\\/\\\/voxsahel.com\\\/?p=1983\",\"url\":\"https:\\\/\\\/voxsahel.com\\\/?p=1983\",\"name\":\"Hadj 2025: 342 p\u00e8lerins burkinab\u00e8 s\u2019envolent pour les Lieux Saints de l\u2019Islam - Vox Sahel\",\"isPartOf\":{\"@id\":\"https:\\\/\\\/voxsahel.com\\\/#website\"},\"primaryImageOfPage\":{\"@id\":\"https:\\\/\\\/voxsahel.com\\\/?p=1983#primaryimage\"},\"image\":{\"@id\":\"https:\\\/\\\/voxsahel.com\\\/?p=1983#primaryimage\"},\"thumbnailUrl\":\"https:\\\/\\\/voxsahel.com\\\/wp-content\\\/uploads\\\/2025\\\/05\\\/a77d4783-8dce-4abe-82c7-b9bbdf7df79e.jpeg\",\"datePublished\":\"2025-05-16T18:38:38+00:00\",\"dateModified\":\"2025-05-16T18:46:38+00:00\",\"breadcrumb\":{\"@id\":\"https:\\\/\\\/voxsahel.com\\\/?p=1983#breadcrumb\"},\"inLanguage\":\"fr-FR\",\"potentialAction\":[{\"@type\":\"ReadAction\",\"target\":[\"https:\\\/\\\/voxsahel.com\\\/?p=1983\"]}]},{\"@type\":\"ImageObject\",\"inLanguage\":\"fr-FR\",\"@id\":\"https:\\\/\\\/voxsahel.com\\\/?p=1983#primaryimage\",\"url\":\"https:\\\/\\\/voxsahel.com\\\/wp-content\\\/uploads\\\/2025\\\/05\\\/a77d4783-8dce-4abe-82c7-b9bbdf7df79e.jpeg\",\"contentUrl\":\"https:\\\/\\\/voxsahel.com\\\/wp-content\\\/uploads\\\/2025\\\/05\\\/a77d4783-8dce-4abe-82c7-b9bbdf7df79e.jpeg\",\"width\":717,\"height\":1080},{\"@type\":\"BreadcrumbList\",\"@id\":\"https:\\\/\\\/voxsahel.com\\\/?p=1983#breadcrumb\",\"itemListElement\":[{\"@type\":\"ListItem\",\"position\":1,\"name\":\"Home\",\"item\":\"https:\\\/\\\/voxsahel.com\\\/\"},{\"@type\":\"ListItem\",\"position\":2,\"name\":\"Hadj 2025: 342 p\u00e8lerins burkinab\u00e8 s\u2019envolent pour les Lieux Saints de l\u2019Islam\"}]},{\"@type\":\"WebSite\",\"@id\":\"https:\\\/\\\/voxsahel.com\\\/#website\",\"url\":\"https:\\\/\\\/voxsahel.com\\\/\",\"name\":\"Vox Sahel\",\"description\":\"Informez-vous sur le Sahel en un clic\",\"publisher\":{\"@id\":\"https:\\\/\\\/voxsahel.com\\\/#organization\"},\"potentialAction\":[{\"@type\":\"SearchAction\",\"target\":{\"@type\":\"EntryPoint\",\"urlTemplate\":\"https:\\\/\\\/voxsahel.com\\\/?s={search_term_string}\"},\"query-input\":{\"@type\":\"PropertyValueSpecification\",\"valueRequired\":true,\"valueName\":\"search_term_string\"}}],\"inLanguage\":\"fr-FR\"},{\"@type\":\"Organization\",\"@id\":\"https:\\\/\\\/voxsahel.com\\\/#organization\",\"name\":\"Vox Sahel\",\"url\":\"https:\\\/\\\/voxsahel.com\\\/\",\"logo\":{\"@type\":\"ImageObject\",\"inLanguage\":\"fr-FR\",\"@id\":\"https:\\\/\\\/voxsahel.com\\\/#\\\/schema\\\/logo\\\/image\\\/\",\"url\":\"https:\\\/\\\/voxsahel.com\\\/wp-content\\\/uploads\\\/2024\\\/09\\\/Logo-Vox-Sahel.jpg\",\"contentUrl\":\"https:\\\/\\\/voxsahel.com\\\/wp-content\\\/uploads\\\/2024\\\/09\\\/Logo-Vox-Sahel.jpg\",\"width\":1181,\"height\":848,\"caption\":\"Vox Sahel\"},\"image\":{\"@id\":\"https:\\\/\\\/voxsahel.com\\\/#\\\/schema\\\/logo\\\/image\\\/\"},\"sameAs\":[\"https:\\\/\\\/www.facebook.com\\\/journal.voxsahel\"]},{\"@type\":\"Person\",\"@id\":\"https:\\\/\\\/voxsahel.com\\\/#\\\/schema\\\/person\\\/b4043608248f8fa227cd760e7ff1e19e\",\"name\":\"Vox Sahel\",\"image\":{\"@type\":\"ImageObject\",\"inLanguage\":\"fr-FR\",\"@id\":\"https:\\\/\\\/secure.gravatar.com\\\/avatar\\\/f70e7fa0cb9b29d4a7c5788d6eb2e9ab4d3135cbae1c9161810fdf77a8964699?s=96&d=mm&r=g\",\"url\":\"https:\\\/\\\/secure.gravatar.com\\\/avatar\\\/f70e7fa0cb9b29d4a7c5788d6eb2e9ab4d3135cbae1c9161810fdf77a8964699?s=96&d=mm&r=g\",\"contentUrl\":\"https:\\\/\\\/secure.gravatar.com\\\/avatar\\\/f70e7fa0cb9b29d4a7c5788d6eb2e9ab4d3135cbae1c9161810fdf77a8964699?s=96&d=mm&r=g\",\"caption\":\"Vox Sahel\"},\"sameAs\":[\"http:\\\/\\\/www.voxsahel.com\"],\"url\":\"https:\\\/\\\/voxsahel.com\\\/?author=2\"}]}<\/script>\n<!-- \/ Yoast SEO plugin. -->","yoast_head_json":{"title":"Hadj 2025: 342 p\u00e8lerins burkinab\u00e8 s\u2019envolent pour les Lieux Saints de l\u2019Islam - Vox Sahel","robots":{"index":"index","follow":"follow","max-snippet":"max-snippet:-1","max-image-preview":"max-image-preview:large","max-video-preview":"max-video-preview:-1"},"canonical":"https:\/\/voxsahel.com\/?p=1983","og_locale":"fr_FR","og_type":"article","og_title":"Hadj 2025: 342 p\u00e8lerins burkinab\u00e8 s\u2019envolent pour les Lieux Saints de l\u2019Islam - Vox Sahel","og_description":"Le premier vol de p\u00e8lerins burkinab\u00e8 \u00e0 destination de l\u2019Arabie Saoudite dans le cadre du","og_url":"https:\/\/voxsahel.com\/?p=1983","og_site_name":"Vox Sahel","article_publisher":"https:\/\/www.facebook.com\/journal.voxsahel","article_published_time":"2025-05-16T18:38:38+00:00","article_modified_time":"2025-05-16T18:46:38+00:00","og_image":[{"width":717,"height":1080,"url":"https:\/\/voxsahel.com\/wp-content\/uploads\/2025\/05\/a77d4783-8dce-4abe-82c7-b9bbdf7df79e.jpeg","type":"image\/jpeg"}],"author":"Vox Sahel","twitter_card":"summary_large_image","twitter_misc":{"\u00c9crit par":"Vox Sahel","Dur\u00e9e de lecture estim\u00e9e":"3 minutes"},"schema":{"@context":"https:\/\/schema.org","@graph":[{"@type":"Article","@id":"https:\/\/voxsahel.com\/?p=1983#article","isPartOf":{"@id":"https:\/\/voxsahel.com\/?p=1983"},"author":{"name":"Vox Sahel","@id":"https:\/\/voxsahel.com\/#\/schema\/person\/b4043608248f8fa227cd760e7ff1e19e"},"headline":"Hadj 2025: 342 p\u00e8lerins burkinab\u00e8 s\u2019envolent pour les Lieux Saints de l\u2019Islam","datePublished":"2025-05-16T18:38:38+00:00","dateModified":"2025-05-16T18:46:38+00:00","mainEntityOfPage":{"@id":"https:\/\/voxsahel.com\/?p=1983"},"wordCount":514,"commentCount":0,"publisher":{"@id":"https:\/\/voxsahel.com\/#organization"},"image":{"@id":"https:\/\/voxsahel.com\/?p=1983#primaryimage"},"thumbnailUrl":"https:\/\/voxsahel.com\/wp-content\/uploads\/2025\/05\/a77d4783-8dce-4abe-82c7-b9bbdf7df79e.jpeg","keywords":["Arabie Saoudite","Burkina Faso","Communaut\u00e9 musulmane du Burkina Faso","F\u00e9d\u00e9ration des associations islamiques du Burkina","Islam","Mecque","P\u00e8lerinage","Religion"],"articleSection":["SOCIETE"],"inLanguage":"fr-FR","potentialAction":[{"@type":"CommentAction","name":"Comment","target":["https:\/\/voxsahel.com\/?p=1983#respond"]}]},{"@type":"WebPage","@id":"https:\/\/voxsahel.com\/?p=1983","url":"https:\/\/voxsahel.com\/?p=1983","name":"Hadj 2025: 342 p\u00e8lerins burkinab\u00e8 s\u2019envolent pour les Lieux Saints de l\u2019Islam - Vox Sahel","isPartOf":{"@id":"https:\/\/voxsahel.com\/#website"},"primaryImageOfPage":{"@id":"https:\/\/voxsahel.com\/?p=1983#primaryimage"},"image":{"@id":"https:\/\/voxsahel.com\/?p=1983#primaryimage"},"thumbnailUrl":"https:\/\/voxsahel.com\/wp-content\/uploads\/2025\/05\/a77d4783-8dce-4abe-82c7-b9bbdf7df79e.jpeg","datePublished":"2025-05-16T18:38:38+00:00","dateModified":"2025-05-16T18:46:38+00:00","breadcrumb":{"@id":"https:\/\/voxsahel.com\/?p=1983#breadcrumb"},"inLanguage":"fr-FR","potentialAction":[{"@type":"ReadAction","target":["https:\/\/voxsahel.com\/?p=1983"]}]},{"@type":"ImageObject","inLanguage":"fr-FR","@id":"https:\/\/voxsahel.com\/?p=1983#primaryimage","url":"https:\/\/voxsahel.com\/wp-content\/uploads\/2025\/05\/a77d4783-8dce-4abe-82c7-b9bbdf7df79e.jpeg","contentUrl":"https:\/\/voxsahel.com\/wp-content\/uploads\/2025\/05\/a77d4783-8dce-4abe-82c7-b9bbdf7df79e.jpeg","width":717,"height":1080},{"@type":"BreadcrumbList","@id":"https:\/\/voxsahel.com\/?p=1983#breadcrumb","itemListElement":[{"@type":"ListItem","position":1,"name":"Home","item":"https:\/\/voxsahel.com\/"},{"@type":"ListItem","position":2,"name":"Hadj 2025: 342 p\u00e8lerins burkinab\u00e8 s\u2019envolent pour les Lieux Saints de l\u2019Islam"}]},{"@type":"WebSite","@id":"https:\/\/voxsahel.com\/#website","url":"https:\/\/voxsahel.com\/","name":"Vox Sahel","description":"Informez-vous sur le Sahel en un clic","publisher":{"@id":"https:\/\/voxsahel.com\/#organization"},"potentialAction":[{"@type":"SearchAction","target":{"@type":"EntryPoint","urlTemplate":"https:\/\/voxsahel.com\/?s={search_term_string}"},"query-input":{"@type":"PropertyValueSpecification","valueRequired":true,"valueName":"search_term_string"}}],"inLanguage":"fr-FR"},{"@type":"Organization","@id":"https:\/\/voxsahel.com\/#organization","name":"Vox Sahel","url":"https:\/\/voxsahel.com\/","logo":{"@type":"ImageObject","inLanguage":"fr-FR","@id":"https:\/\/voxsahel.com\/#\/schema\/logo\/image\/","url":"https:\/\/voxsahel.com\/wp-content\/uploads\/2024\/09\/Logo-Vox-Sahel.jpg","contentUrl":"https:\/\/voxsahel.com\/wp-content\/uploads\/2024\/09\/Logo-Vox-Sahel.jpg","width":1181,"height":848,"caption":"Vox Sahel"},"image":{"@id":"https:\/\/voxsahel.com\/#\/schema\/logo\/image\/"},"sameAs":["https:\/\/www.facebook.com\/journal.voxsahel"]},{"@type":"Person","@id":"https:\/\/voxsahel.com\/#\/schema\/person\/b4043608248f8fa227cd760e7ff1e19e","name":"Vox Sahel","image":{"@type":"ImageObject","inLanguage":"fr-FR","@id":"https:\/\/secure.gravatar.com\/avatar\/f70e7fa0cb9b29d4a7c5788d6eb2e9ab4d3135cbae1c9161810fdf77a8964699?s=96&d=mm&r=g","url":"https:\/\/secure.gravatar.com\/avatar\/f70e7fa0cb9b29d4a7c5788d6eb2e9ab4d3135cbae1c9161810fdf77a8964699?s=96&d=mm&r=g","contentUrl":"https:\/\/secure.gravatar.com\/avatar\/f70e7fa0cb9b29d4a7c5788d6eb2e9ab4d3135cbae1c9161810fdf77a8964699?s=96&d=mm&r=g","caption":"Vox Sahel"},"sameAs":["http:\/\/www.voxsahel.com"],"url":"https:\/\/voxsahel.com\/?author=2"}]}},"_links":{"self":[{"href":"https:\/\/voxsahel.com\/index.php?rest_route=\/wp\/v2\/posts\/1983","targetHints":{"allow":["GET"]}}],"collection":[{"href":"https:\/\/voxsahel.com\/index.php?rest_route=\/wp\/v2\/posts"}],"about":[{"href":"https:\/\/voxsahel.com\/index.php?rest_route=\/wp\/v2\/types\/post"}],"author":[{"embeddable":true,"href":"https:\/\/voxsahel.com\/index.php?rest_route=\/wp\/v2\/users\/2"}],"replies":[{"embeddable":true,"href":"https:\/\/voxsahel.com\/index.php?rest_route=%2Fwp%2Fv2%2Fcomments&post=1983"}],"version-history":[{"count":1,"href":"https:\/\/voxsahel.com\/index.php?rest_route=\/wp\/v2\/posts\/1983\/revisions"}],"predecessor-version":[{"id":1984,"href":"https:\/\/voxsahel.com\/index.php?rest_route=\/wp\/v2\/posts\/1983\/revisions\/1984"}],"wp:featuredmedia":[{"embeddable":true,"href":"https:\/\/voxsahel.com\/index.php?rest_route=\/wp\/v2\/media\/1987"}],"wp:attachment":[{"href":"https:\/\/voxsahel.com\/index.php?rest_route=%2Fwp%2Fv2%2Fmedia&parent=1983"}],"wp:term":[{"taxonomy":"category","embeddable":true,"href":"https:\/\/voxsahel.com\/index.php?rest_route=%2Fwp%2Fv2%2Fcategories&post=1983"},{"taxonomy":"post_tag","embeddable":true,"href":"https:\/\/voxsahel.com\/index.php?rest_route=%2Fwp%2Fv2%2Ftags&post=1983"}],"curies":[{"name":"wp","href":"https:\/\/api.w.org\/{rel}","templated":true}]}}