{"id":1970,"date":"2025-05-16T13:44:59","date_gmt":"2025-05-16T13:44:59","guid":{"rendered":"https:\/\/voxsahel.com\/?p=1970"},"modified":"2025-05-16T13:44:59","modified_gmt":"2025-05-16T13:44:59","slug":"initiative-presidentielle-pour-la-production-agricole-le-cfp-meb-recoit-une-mission-du-bureau-national-des-grandsprojets-du-burkina","status":"publish","type":"post","link":"https:\/\/voxsahel.com\/?p=1970","title":{"rendered":"Initiative Pr\u00e9sidentielle pour la Production Agricole : Le CFP-MEB re\u00e7oit une mission du Bureau National des GrandsProjets du Burkina"},"content":{"rendered":"<p class=\"p1\"><span class=\"s1\">Dans le cadre de la cl\u00f4ture prochaine de la formation des jeunes, le Bureau National des Grands Projets du Burkina (BN-GPB) a effectu\u00e9, le mercredi 14 mai 2025, une mission de terrain au Centre deFormation Professionnelle aux M\u00e9tiers \u00c9mergents Bangr Nooma(CFP-MEB). L\u2019objectif de cette visite \u00e9tait de constater et d\u2019\u00e9valuer leniveau d\u2019acquisition des comp\u00e9tences des apprenants form\u00e9s dans lecadre de l\u2019Initiative Pr\u00e9sidentielle pour la Production Agricole etl\u2019Autosuffisance Alimentaire (IP-3A).<\/span><\/p>\n<figure id=\"attachment_1973\" aria-describedby=\"caption-attachment-1973\" style=\"width: 300px\" class=\"wp-caption aligncenter\"><img loading=\"lazy\" decoding=\"async\" class=\"size-medium wp-image-1973\" src=\"https:\/\/voxsahel.com\/wp-content\/uploads\/2025\/05\/15bfc906-87bb-4891-afa5-dc2039c82170-300x225.jpeg\" alt=\"Constat du niveau d\u2019acquisition des comp\u00e9tences des apprenants\" width=\"300\" height=\"225\" srcset=\"https:\/\/voxsahel.com\/wp-content\/uploads\/2025\/05\/15bfc906-87bb-4891-afa5-dc2039c82170-300x225.jpeg 300w, https:\/\/voxsahel.com\/wp-content\/uploads\/2025\/05\/15bfc906-87bb-4891-afa5-dc2039c82170-768x576.jpeg 768w, https:\/\/voxsahel.com\/wp-content\/uploads\/2025\/05\/15bfc906-87bb-4891-afa5-dc2039c82170-510x382.jpeg 510w, https:\/\/voxsahel.com\/wp-content\/uploads\/2025\/05\/15bfc906-87bb-4891-afa5-dc2039c82170-610x458.jpeg 610w, https:\/\/voxsahel.com\/wp-content\/uploads\/2025\/05\/15bfc906-87bb-4891-afa5-dc2039c82170-720x540.jpeg 720w, https:\/\/voxsahel.com\/wp-content\/uploads\/2025\/05\/15bfc906-87bb-4891-afa5-dc2039c82170.jpeg 960w\" sizes=\"(max-width: 300px) 100vw, 300px\" \/><figcaption id=\"caption-attachment-1973\" class=\"wp-caption-text\">Constat du niveau d\u2019acquisition des comp\u00e9tences des apprenants<\/figcaption><\/figure>\n<p class=\"p1\" style=\"text-align: left;\"><span class=\"s1\">\u00c0 l\u2019approche de la fin du cycle de formation, cette mission avait pour but de dresser un \u00e9tat des lieux des r\u00e9sultats obtenus. La d\u00e9l\u00e9gation,conduite par le Coordonnateur de l\u2019IP-P3A et accompagn\u00e9e de sescollaborateurs ainsi que de la presse, a \u00e9t\u00e9 accueillie chaleureusementpar la direction du centre et les formateurs. Sur le terrain, les visiteurs ont pu appr\u00e9cier de mani\u00e8re concr\u00e8te les acquis pratiques \u00a0des apprenants, notamment dans les domaines de l\u2019agriculture, de la pisciculture et de la transformation agroalimentaire.<\/span><\/p>\n<p class=\"p1\" style=\"text-align: left;\"><span class=\"s1\">Parmi les d\u00e9monstrations les plus marquantes figuraient la culture et la transformation de la tomate en pur\u00e9e et en tomate pel\u00e9e, la culture de l\u2019arachide avec sa transformation en arachide pan\u00e9e et en p\u00e2te, ainsi que la valorisation du bl\u00e9 localement cultiv\u00e9. La ma\u00eetrise de la conduite des motoculteurs a \u00e9galement suscit\u00e9 un vif int\u00e9r\u00eat. Impressionn\u00e9 par la qualit\u00e9 du travail r\u00e9alis\u00e9, le coordonnateur de l\u2019initiative a exprim\u00e9 sa grande satisfaction. Il a salu\u00e9 non seulement le professionnalisme du CFP-MEB, mais surtout l\u2019engagement des jeunes, qu\u2019il a qualifi\u00e9s de \u00ab VDP de l\u2019agriculture \u00bb,en r\u00e9f\u00e9rence aux Volontaires pour la D\u00e9fense de la Patrie.<\/span><\/p>\n<figure id=\"attachment_1974\" aria-describedby=\"caption-attachment-1974\" style=\"width: 300px\" class=\"wp-caption aligncenter\"><img loading=\"lazy\" decoding=\"async\" class=\"size-medium wp-image-1974\" src=\"https:\/\/voxsahel.com\/wp-content\/uploads\/2025\/05\/b956cb3e-ac7e-4908-93aa-0be90ab7450b-300x225.jpeg\" alt=\"Le coordonnateur de l\u2019initiative salue le professionnalisme duCFP-MEB\" width=\"300\" height=\"225\" srcset=\"https:\/\/voxsahel.com\/wp-content\/uploads\/2025\/05\/b956cb3e-ac7e-4908-93aa-0be90ab7450b-300x225.jpeg 300w, https:\/\/voxsahel.com\/wp-content\/uploads\/2025\/05\/b956cb3e-ac7e-4908-93aa-0be90ab7450b-768x576.jpeg 768w, https:\/\/voxsahel.com\/wp-content\/uploads\/2025\/05\/b956cb3e-ac7e-4908-93aa-0be90ab7450b-510x382.jpeg 510w, https:\/\/voxsahel.com\/wp-content\/uploads\/2025\/05\/b956cb3e-ac7e-4908-93aa-0be90ab7450b-610x458.jpeg 610w, https:\/\/voxsahel.com\/wp-content\/uploads\/2025\/05\/b956cb3e-ac7e-4908-93aa-0be90ab7450b-720x540.jpeg 720w, https:\/\/voxsahel.com\/wp-content\/uploads\/2025\/05\/b956cb3e-ac7e-4908-93aa-0be90ab7450b.jpeg 960w\" sizes=\"(max-width: 300px) 100vw, 300px\" \/><figcaption id=\"caption-attachment-1974\" class=\"wp-caption-text\">Le coordonnateur de l\u2019initiative salue le professionnalisme duCFP-MEB<\/figcaption><\/figure>\n<p class=\"p1\" style=\"text-align: left;\"><span class=\"s1\"> \u00ab Ces jeunessont des forces vives de notre nation. Ils d\u00e9fendent le pays \u00e0 leurmani\u00e8re, en luttant contre la faim, le ch\u00f4mage et la pauvret\u00e9. Leurengagement m\u00e9rite d\u2019\u00eatre salu\u00e9 et soutenu \u00bb, a-t-il d\u00e9clar\u00e9.La missions\u2019est ensuite poursuivie sur le second site du CFP-MEB \u00e0 Koubri, o\u00f9un constat tout aussi positif a \u00e9t\u00e9 fait. L\u2019ensemble de la visite a abouti \u00e0 une \u00e9valuation globalement satisfaisante.<\/span><\/p>\n<figure id=\"attachment_1975\" aria-describedby=\"caption-attachment-1975\" style=\"width: 300px\" class=\"wp-caption aligncenter\"><img loading=\"lazy\" decoding=\"async\" class=\"size-medium wp-image-1975\" src=\"https:\/\/voxsahel.com\/wp-content\/uploads\/2025\/05\/061f0fdd-5618-4e6f-b0b7-17b6217ac83c-300x225.jpeg\" alt=\"Les apprenants d\u00e9montrent leur engagement citoyen\" width=\"300\" height=\"225\" srcset=\"https:\/\/voxsahel.com\/wp-content\/uploads\/2025\/05\/061f0fdd-5618-4e6f-b0b7-17b6217ac83c-300x225.jpeg 300w, https:\/\/voxsahel.com\/wp-content\/uploads\/2025\/05\/061f0fdd-5618-4e6f-b0b7-17b6217ac83c-768x576.jpeg 768w, https:\/\/voxsahel.com\/wp-content\/uploads\/2025\/05\/061f0fdd-5618-4e6f-b0b7-17b6217ac83c-510x382.jpeg 510w, https:\/\/voxsahel.com\/wp-content\/uploads\/2025\/05\/061f0fdd-5618-4e6f-b0b7-17b6217ac83c-610x458.jpeg 610w, https:\/\/voxsahel.com\/wp-content\/uploads\/2025\/05\/061f0fdd-5618-4e6f-b0b7-17b6217ac83c-720x540.jpeg 720w, https:\/\/voxsahel.com\/wp-content\/uploads\/2025\/05\/061f0fdd-5618-4e6f-b0b7-17b6217ac83c.jpeg 960w\" sizes=\"(max-width: 300px) 100vw, 300px\" \/><figcaption id=\"caption-attachment-1975\" class=\"wp-caption-text\">Les apprenants d\u00e9montrent leur engagement citoyen<\/figcaption><\/figure>\n<p class=\"p1\" style=\"text-align: left;\"><span class=\"s1\">Ce d\u00e9placement a \u00e9galement \u00e9t\u00e9 l\u2019occasion pour les apprenants d\u2019exprimer leur connaissance et leur sens du devoir citoyen. Dans un \u00e9lan de solidarit\u00e9, ils ont collect\u00e9 la somme de 50 300 francs CFA, qu\u2019ils ont souhait\u00e9 remettre en contribution \u00e0 l\u2019effort de paix dans le pays. Ce geste symbolique, enti\u00e8rement initi\u00e9 par les jeunes eux-m\u00eames, illustre les valeurs de responsabilit\u00e9, de solidarit\u00e9 et de patriotisme qu\u2019ils ont int\u00e9gr\u00e9es au terme de leur formation.<\/span><\/p>\n<p class=\"p1\"><strong><span class=\"s1\">Par Amir BAKO<\/span><\/strong><\/p>\n","protected":false},"excerpt":{"rendered":"<p>Dans le cadre de la cl\u00f4ture prochaine de la formation des jeunes, le Bureau National<\/p>\n","protected":false},"author":2,"featured_media":1972,"comment_status":"open","ping_status":"open","sticky":false,"template":"","format":"standard","meta":{"_et_pb_use_builder":"","_et_pb_old_content":"","_et_gb_content_width":"","footnotes":""},"categories":[8],"tags":[81,767,18,55],"class_list":["post-1970","post","type-post","status-publish","format-standard","has-post-thumbnail","hentry","category-developpement","tag-agriculture","tag-autosuffisance-alimentaire","tag-burkina-faso","tag-formation"],"yoast_head":"<!-- This site is optimized with the Yoast SEO plugin v27.5 - https:\/\/yoast.com\/product\/yoast-seo-wordpress\/ -->\n<title>Initiative Pr\u00e9sidentielle pour la Production Agricole : Le CFP-MEB re\u00e7oit une mission du Bureau National des GrandsProjets du Burkina - Vox Sahel<\/title>\n<meta name=\"robots\" content=\"index, follow, max-snippet:-1, max-image-preview:large, max-video-preview:-1\" \/>\n<link rel=\"canonical\" href=\"https:\/\/voxsahel.com\/?p=1970\" \/>\n<meta property=\"og:locale\" content=\"fr_FR\" \/>\n<meta property=\"og:type\" content=\"article\" \/>\n<meta property=\"og:title\" content=\"Initiative Pr\u00e9sidentielle pour la Production Agricole : Le CFP-MEB re\u00e7oit une mission du Bureau National des GrandsProjets du Burkina - Vox Sahel\" \/>\n<meta property=\"og:description\" content=\"Dans le cadre de la cl\u00f4ture prochaine de la formation des jeunes, le Bureau National\" \/>\n<meta property=\"og:url\" content=\"https:\/\/voxsahel.com\/?p=1970\" \/>\n<meta property=\"og:site_name\" content=\"Vox Sahel\" \/>\n<meta property=\"article:publisher\" content=\"https:\/\/www.facebook.com\/journal.voxsahel\" \/>\n<meta property=\"article:published_time\" content=\"2025-05-16T13:44:59+00:00\" \/>\n<meta property=\"og:image\" content=\"https:\/\/voxsahel.com\/wp-content\/uploads\/2025\/05\/40f7cfe6-47f4-4d50-a6a8-e58c79942542.jpeg\" \/>\n\t<meta property=\"og:image:width\" content=\"960\" \/>\n\t<meta property=\"og:image:height\" content=\"720\" \/>\n\t<meta property=\"og:image:type\" content=\"image\/jpeg\" \/>\n<meta name=\"author\" content=\"Vox Sahel\" \/>\n<meta name=\"twitter:card\" content=\"summary_large_image\" \/>\n<meta name=\"twitter:label1\" content=\"\u00c9crit par\" \/>\n\t<meta name=\"twitter:data1\" content=\"Vox Sahel\" \/>\n\t<meta name=\"twitter:label2\" content=\"Dur\u00e9e de lecture estim\u00e9e\" \/>\n\t<meta name=\"twitter:data2\" content=\"3 minutes\" \/>\n<script type=\"application\/ld+json\" class=\"yoast-schema-graph\">{\"@context\":\"https:\\\/\\\/schema.org\",\"@graph\":[{\"@type\":\"Article\",\"@id\":\"https:\\\/\\\/voxsahel.com\\\/?p=1970#article\",\"isPartOf\":{\"@id\":\"https:\\\/\\\/voxsahel.com\\\/?p=1970\"},\"author\":{\"name\":\"Vox Sahel\",\"@id\":\"https:\\\/\\\/voxsahel.com\\\/#\\\/schema\\\/person\\\/b4043608248f8fa227cd760e7ff1e19e\"},\"headline\":\"Initiative Pr\u00e9sidentielle pour la Production Agricole : Le CFP-MEB re\u00e7oit une mission du Bureau National des GrandsProjets du Burkina\",\"datePublished\":\"2025-05-16T13:44:59+00:00\",\"mainEntityOfPage\":{\"@id\":\"https:\\\/\\\/voxsahel.com\\\/?p=1970\"},\"wordCount\":509,\"commentCount\":0,\"publisher\":{\"@id\":\"https:\\\/\\\/voxsahel.com\\\/#organization\"},\"image\":{\"@id\":\"https:\\\/\\\/voxsahel.com\\\/?p=1970#primaryimage\"},\"thumbnailUrl\":\"https:\\\/\\\/voxsahel.com\\\/wp-content\\\/uploads\\\/2025\\\/05\\\/40f7cfe6-47f4-4d50-a6a8-e58c79942542.jpeg\",\"keywords\":[\"Agriculture\",\"Autosuffisance alimentaire\",\"Burkina Faso\",\"Formation\"],\"articleSection\":[\"DEVELOPPEMENT\"],\"inLanguage\":\"fr-FR\",\"potentialAction\":[{\"@type\":\"CommentAction\",\"name\":\"Comment\",\"target\":[\"https:\\\/\\\/voxsahel.com\\\/?p=1970#respond\"]}]},{\"@type\":\"WebPage\",\"@id\":\"https:\\\/\\\/voxsahel.com\\\/?p=1970\",\"url\":\"https:\\\/\\\/voxsahel.com\\\/?p=1970\",\"name\":\"Initiative Pr\u00e9sidentielle pour la Production Agricole : Le CFP-MEB re\u00e7oit une mission du Bureau National des GrandsProjets du Burkina - Vox Sahel\",\"isPartOf\":{\"@id\":\"https:\\\/\\\/voxsahel.com\\\/#website\"},\"primaryImageOfPage\":{\"@id\":\"https:\\\/\\\/voxsahel.com\\\/?p=1970#primaryimage\"},\"image\":{\"@id\":\"https:\\\/\\\/voxsahel.com\\\/?p=1970#primaryimage\"},\"thumbnailUrl\":\"https:\\\/\\\/voxsahel.com\\\/wp-content\\\/uploads\\\/2025\\\/05\\\/40f7cfe6-47f4-4d50-a6a8-e58c79942542.jpeg\",\"datePublished\":\"2025-05-16T13:44:59+00:00\",\"breadcrumb\":{\"@id\":\"https:\\\/\\\/voxsahel.com\\\/?p=1970#breadcrumb\"},\"inLanguage\":\"fr-FR\",\"potentialAction\":[{\"@type\":\"ReadAction\",\"target\":[\"https:\\\/\\\/voxsahel.com\\\/?p=1970\"]}]},{\"@type\":\"ImageObject\",\"inLanguage\":\"fr-FR\",\"@id\":\"https:\\\/\\\/voxsahel.com\\\/?p=1970#primaryimage\",\"url\":\"https:\\\/\\\/voxsahel.com\\\/wp-content\\\/uploads\\\/2025\\\/05\\\/40f7cfe6-47f4-4d50-a6a8-e58c79942542.jpeg\",\"contentUrl\":\"https:\\\/\\\/voxsahel.com\\\/wp-content\\\/uploads\\\/2025\\\/05\\\/40f7cfe6-47f4-4d50-a6a8-e58c79942542.jpeg\",\"width\":960,\"height\":720},{\"@type\":\"BreadcrumbList\",\"@id\":\"https:\\\/\\\/voxsahel.com\\\/?p=1970#breadcrumb\",\"itemListElement\":[{\"@type\":\"ListItem\",\"position\":1,\"name\":\"Home\",\"item\":\"https:\\\/\\\/voxsahel.com\\\/\"},{\"@type\":\"ListItem\",\"position\":2,\"name\":\"Initiative Pr\u00e9sidentielle pour la Production Agricole : Le CFP-MEB re\u00e7oit une mission du Bureau National des GrandsProjets du Burkina\"}]},{\"@type\":\"WebSite\",\"@id\":\"https:\\\/\\\/voxsahel.com\\\/#website\",\"url\":\"https:\\\/\\\/voxsahel.com\\\/\",\"name\":\"Vox Sahel\",\"description\":\"Informez-vous sur le Sahel en un clic\",\"publisher\":{\"@id\":\"https:\\\/\\\/voxsahel.com\\\/#organization\"},\"potentialAction\":[{\"@type\":\"SearchAction\",\"target\":{\"@type\":\"EntryPoint\",\"urlTemplate\":\"https:\\\/\\\/voxsahel.com\\\/?s={search_term_string}\"},\"query-input\":{\"@type\":\"PropertyValueSpecification\",\"valueRequired\":true,\"valueName\":\"search_term_string\"}}],\"inLanguage\":\"fr-FR\"},{\"@type\":\"Organization\",\"@id\":\"https:\\\/\\\/voxsahel.com\\\/#organization\",\"name\":\"Vox Sahel\",\"url\":\"https:\\\/\\\/voxsahel.com\\\/\",\"logo\":{\"@type\":\"ImageObject\",\"inLanguage\":\"fr-FR\",\"@id\":\"https:\\\/\\\/voxsahel.com\\\/#\\\/schema\\\/logo\\\/image\\\/\",\"url\":\"https:\\\/\\\/voxsahel.com\\\/wp-content\\\/uploads\\\/2024\\\/09\\\/Logo-Vox-Sahel.jpg\",\"contentUrl\":\"https:\\\/\\\/voxsahel.com\\\/wp-content\\\/uploads\\\/2024\\\/09\\\/Logo-Vox-Sahel.jpg\",\"width\":1181,\"height\":848,\"caption\":\"Vox Sahel\"},\"image\":{\"@id\":\"https:\\\/\\\/voxsahel.com\\\/#\\\/schema\\\/logo\\\/image\\\/\"},\"sameAs\":[\"https:\\\/\\\/www.facebook.com\\\/journal.voxsahel\"]},{\"@type\":\"Person\",\"@id\":\"https:\\\/\\\/voxsahel.com\\\/#\\\/schema\\\/person\\\/b4043608248f8fa227cd760e7ff1e19e\",\"name\":\"Vox Sahel\",\"image\":{\"@type\":\"ImageObject\",\"inLanguage\":\"fr-FR\",\"@id\":\"https:\\\/\\\/secure.gravatar.com\\\/avatar\\\/f70e7fa0cb9b29d4a7c5788d6eb2e9ab4d3135cbae1c9161810fdf77a8964699?s=96&d=mm&r=g\",\"url\":\"https:\\\/\\\/secure.gravatar.com\\\/avatar\\\/f70e7fa0cb9b29d4a7c5788d6eb2e9ab4d3135cbae1c9161810fdf77a8964699?s=96&d=mm&r=g\",\"contentUrl\":\"https:\\\/\\\/secure.gravatar.com\\\/avatar\\\/f70e7fa0cb9b29d4a7c5788d6eb2e9ab4d3135cbae1c9161810fdf77a8964699?s=96&d=mm&r=g\",\"caption\":\"Vox Sahel\"},\"sameAs\":[\"http:\\\/\\\/www.voxsahel.com\"],\"url\":\"https:\\\/\\\/voxsahel.com\\\/?author=2\"}]}<\/script>\n<!-- \/ Yoast SEO plugin. -->","yoast_head_json":{"title":"Initiative Pr\u00e9sidentielle pour la Production Agricole : Le CFP-MEB re\u00e7oit une mission du Bureau National des GrandsProjets du Burkina - Vox Sahel","robots":{"index":"index","follow":"follow","max-snippet":"max-snippet:-1","max-image-preview":"max-image-preview:large","max-video-preview":"max-video-preview:-1"},"canonical":"https:\/\/voxsahel.com\/?p=1970","og_locale":"fr_FR","og_type":"article","og_title":"Initiative Pr\u00e9sidentielle pour la Production Agricole : Le CFP-MEB re\u00e7oit une mission du Bureau National des GrandsProjets du Burkina - Vox Sahel","og_description":"Dans le cadre de la cl\u00f4ture prochaine de la formation des jeunes, le Bureau National","og_url":"https:\/\/voxsahel.com\/?p=1970","og_site_name":"Vox Sahel","article_publisher":"https:\/\/www.facebook.com\/journal.voxsahel","article_published_time":"2025-05-16T13:44:59+00:00","og_image":[{"width":960,"height":720,"url":"https:\/\/voxsahel.com\/wp-content\/uploads\/2025\/05\/40f7cfe6-47f4-4d50-a6a8-e58c79942542.jpeg","type":"image\/jpeg"}],"author":"Vox Sahel","twitter_card":"summary_large_image","twitter_misc":{"\u00c9crit par":"Vox Sahel","Dur\u00e9e de lecture estim\u00e9e":"3 minutes"},"schema":{"@context":"https:\/\/schema.org","@graph":[{"@type":"Article","@id":"https:\/\/voxsahel.com\/?p=1970#article","isPartOf":{"@id":"https:\/\/voxsahel.com\/?p=1970"},"author":{"name":"Vox Sahel","@id":"https:\/\/voxsahel.com\/#\/schema\/person\/b4043608248f8fa227cd760e7ff1e19e"},"headline":"Initiative Pr\u00e9sidentielle pour la Production Agricole : Le CFP-MEB re\u00e7oit une mission du Bureau National des GrandsProjets du Burkina","datePublished":"2025-05-16T13:44:59+00:00","mainEntityOfPage":{"@id":"https:\/\/voxsahel.com\/?p=1970"},"wordCount":509,"commentCount":0,"publisher":{"@id":"https:\/\/voxsahel.com\/#organization"},"image":{"@id":"https:\/\/voxsahel.com\/?p=1970#primaryimage"},"thumbnailUrl":"https:\/\/voxsahel.com\/wp-content\/uploads\/2025\/05\/40f7cfe6-47f4-4d50-a6a8-e58c79942542.jpeg","keywords":["Agriculture","Autosuffisance alimentaire","Burkina Faso","Formation"],"articleSection":["DEVELOPPEMENT"],"inLanguage":"fr-FR","potentialAction":[{"@type":"CommentAction","name":"Comment","target":["https:\/\/voxsahel.com\/?p=1970#respond"]}]},{"@type":"WebPage","@id":"https:\/\/voxsahel.com\/?p=1970","url":"https:\/\/voxsahel.com\/?p=1970","name":"Initiative Pr\u00e9sidentielle pour la Production Agricole : Le CFP-MEB re\u00e7oit une mission du Bureau National des GrandsProjets du Burkina - Vox Sahel","isPartOf":{"@id":"https:\/\/voxsahel.com\/#website"},"primaryImageOfPage":{"@id":"https:\/\/voxsahel.com\/?p=1970#primaryimage"},"image":{"@id":"https:\/\/voxsahel.com\/?p=1970#primaryimage"},"thumbnailUrl":"https:\/\/voxsahel.com\/wp-content\/uploads\/2025\/05\/40f7cfe6-47f4-4d50-a6a8-e58c79942542.jpeg","datePublished":"2025-05-16T13:44:59+00:00","breadcrumb":{"@id":"https:\/\/voxsahel.com\/?p=1970#breadcrumb"},"inLanguage":"fr-FR","potentialAction":[{"@type":"ReadAction","target":["https:\/\/voxsahel.com\/?p=1970"]}]},{"@type":"ImageObject","inLanguage":"fr-FR","@id":"https:\/\/voxsahel.com\/?p=1970#primaryimage","url":"https:\/\/voxsahel.com\/wp-content\/uploads\/2025\/05\/40f7cfe6-47f4-4d50-a6a8-e58c79942542.jpeg","contentUrl":"https:\/\/voxsahel.com\/wp-content\/uploads\/2025\/05\/40f7cfe6-47f4-4d50-a6a8-e58c79942542.jpeg","width":960,"height":720},{"@type":"BreadcrumbList","@id":"https:\/\/voxsahel.com\/?p=1970#breadcrumb","itemListElement":[{"@type":"ListItem","position":1,"name":"Home","item":"https:\/\/voxsahel.com\/"},{"@type":"ListItem","position":2,"name":"Initiative Pr\u00e9sidentielle pour la Production Agricole : Le CFP-MEB re\u00e7oit une mission du Bureau National des GrandsProjets du Burkina"}]},{"@type":"WebSite","@id":"https:\/\/voxsahel.com\/#website","url":"https:\/\/voxsahel.com\/","name":"Vox Sahel","description":"Informez-vous sur le Sahel en un clic","publisher":{"@id":"https:\/\/voxsahel.com\/#organization"},"potentialAction":[{"@type":"SearchAction","target":{"@type":"EntryPoint","urlTemplate":"https:\/\/voxsahel.com\/?s={search_term_string}"},"query-input":{"@type":"PropertyValueSpecification","valueRequired":true,"valueName":"search_term_string"}}],"inLanguage":"fr-FR"},{"@type":"Organization","@id":"https:\/\/voxsahel.com\/#organization","name":"Vox Sahel","url":"https:\/\/voxsahel.com\/","logo":{"@type":"ImageObject","inLanguage":"fr-FR","@id":"https:\/\/voxsahel.com\/#\/schema\/logo\/image\/","url":"https:\/\/voxsahel.com\/wp-content\/uploads\/2024\/09\/Logo-Vox-Sahel.jpg","contentUrl":"https:\/\/voxsahel.com\/wp-content\/uploads\/2024\/09\/Logo-Vox-Sahel.jpg","width":1181,"height":848,"caption":"Vox Sahel"},"image":{"@id":"https:\/\/voxsahel.com\/#\/schema\/logo\/image\/"},"sameAs":["https:\/\/www.facebook.com\/journal.voxsahel"]},{"@type":"Person","@id":"https:\/\/voxsahel.com\/#\/schema\/person\/b4043608248f8fa227cd760e7ff1e19e","name":"Vox Sahel","image":{"@type":"ImageObject","inLanguage":"fr-FR","@id":"https:\/\/secure.gravatar.com\/avatar\/f70e7fa0cb9b29d4a7c5788d6eb2e9ab4d3135cbae1c9161810fdf77a8964699?s=96&d=mm&r=g","url":"https:\/\/secure.gravatar.com\/avatar\/f70e7fa0cb9b29d4a7c5788d6eb2e9ab4d3135cbae1c9161810fdf77a8964699?s=96&d=mm&r=g","contentUrl":"https:\/\/secure.gravatar.com\/avatar\/f70e7fa0cb9b29d4a7c5788d6eb2e9ab4d3135cbae1c9161810fdf77a8964699?s=96&d=mm&r=g","caption":"Vox Sahel"},"sameAs":["http:\/\/www.voxsahel.com"],"url":"https:\/\/voxsahel.com\/?author=2"}]}},"_links":{"self":[{"href":"https:\/\/voxsahel.com\/index.php?rest_route=\/wp\/v2\/posts\/1970","targetHints":{"allow":["GET"]}}],"collection":[{"href":"https:\/\/voxsahel.com\/index.php?rest_route=\/wp\/v2\/posts"}],"about":[{"href":"https:\/\/voxsahel.com\/index.php?rest_route=\/wp\/v2\/types\/post"}],"author":[{"embeddable":true,"href":"https:\/\/voxsahel.com\/index.php?rest_route=\/wp\/v2\/users\/2"}],"replies":[{"embeddable":true,"href":"https:\/\/voxsahel.com\/index.php?rest_route=%2Fwp%2Fv2%2Fcomments&post=1970"}],"version-history":[{"count":1,"href":"https:\/\/voxsahel.com\/index.php?rest_route=\/wp\/v2\/posts\/1970\/revisions"}],"predecessor-version":[{"id":1976,"href":"https:\/\/voxsahel.com\/index.php?rest_route=\/wp\/v2\/posts\/1970\/revisions\/1976"}],"wp:featuredmedia":[{"embeddable":true,"href":"https:\/\/voxsahel.com\/index.php?rest_route=\/wp\/v2\/media\/1972"}],"wp:attachment":[{"href":"https:\/\/voxsahel.com\/index.php?rest_route=%2Fwp%2Fv2%2Fmedia&parent=1970"}],"wp:term":[{"taxonomy":"category","embeddable":true,"href":"https:\/\/voxsahel.com\/index.php?rest_route=%2Fwp%2Fv2%2Fcategories&post=1970"},{"taxonomy":"post_tag","embeddable":true,"href":"https:\/\/voxsahel.com\/index.php?rest_route=%2Fwp%2Fv2%2Ftags&post=1970"}],"curies":[{"name":"wp","href":"https:\/\/api.w.org\/{rel}","templated":true}]}}