{"id":1967,"date":"2025-05-16T12:24:10","date_gmt":"2025-05-16T12:24:10","guid":{"rendered":"https:\/\/voxsahel.com\/?p=1967"},"modified":"2025-05-16T12:24:26","modified_gmt":"2025-05-16T12:24:26","slug":"senegal-le-premier-ministre-senegalais-ousmane-sonko-en-visite-officielle-de-48-heures-a-ouagadougou","status":"publish","type":"post","link":"https:\/\/voxsahel.com\/?p=1967","title":{"rendered":"S\u00e9n\u00e9gal : Le Premier ministre s\u00e9n\u00e9galais Ousmane Sonko en visite officielle de 48 heures \u00e0 Ouagadougou"},"content":{"rendered":"<p class=\"p1\">Le Premier ministre du S\u00e9n\u00e9gal, Ousmane Sonko, est arriv\u00e9 ce vendredi \u00e0 Ouagadougou pour une visite officielle de 48 heures. Ce d\u00e9placement s\u2019inscrit dans le cadre du renforcement des liens bilat\u00e9raux entre le S\u00e9n\u00e9gal et le Burkina Faso.<\/p>\n<p class=\"p1\"><span class=\"s2\">Au cours de son s\u00e9jour, M. Sonko s\u2019entretiendra avec le pr\u00e9sident de la transition burkinab\u00e8, le capitaine Ibrahim Traor\u00e9, ainsi qu\u2019avec son homologue, le Premier ministre Jean Emmanuel Ou\u00e9draogo. Les discussions porteront notamment sur la coop\u00e9ration r\u00e9gionale, la s\u00e9curit\u00e9 au Sahel, et les \u00e9changes \u00e9conomiques entre les deux pays.<\/span><\/p>\n<p class=\"p1\"><span class=\"s2\">Le programme du chef du gouvernement s\u00e9n\u00e9galais comprend \u00e9galement une rencontre avec la communaut\u00e9 s\u00e9n\u00e9galaise vivant au Burkina Faso, une interview \u00e0 la Radiodiffusion T\u00e9l\u00e9vision du Burkina (RTB), ainsi que la participation \u00e0 la c\u00e9r\u00e9monie d\u2019inauguration du mausol\u00e9e d\u00e9di\u00e9 \u00e0 l\u2019ancien pr\u00e9sident Thomas Sankara.<\/span><\/p>\n<p class=\"p1\"><span class=\"s2\">M. Sonko est accompagn\u00e9 d\u2019une d\u00e9l\u00e9gation minist\u00e9rielle comprenant notamment les ministres des Affaires \u00e9trang\u00e8res, des Forces arm\u00e9es et des Sports.<\/span><\/p>\n<p class=\"p1\"><span class=\"s2\">Cette visite s&rsquo;inscrit dans une dynamique de rapprochement entre les deux pays, dans un contexte r\u00e9gional marqu\u00e9 par de profonds bouleversements politiques et s\u00e9curitaires.<\/span><\/p>\n<p style=\"text-align: right;\"><b>Par Vox Sahel\u00a0<\/b><\/p>\n","protected":false},"excerpt":{"rendered":"<p>Le Premier ministre du S\u00e9n\u00e9gal, Ousmane Sonko, est arriv\u00e9 ce vendredi \u00e0 Ouagadougou pour une<\/p>\n","protected":false},"author":2,"featured_media":1968,"comment_status":"open","ping_status":"open","sticky":false,"template":"","format":"standard","meta":{"_et_pb_use_builder":"","_et_pb_old_content":"","_et_gb_content_width":"","footnotes":""},"categories":[15],"tags":[18,411,766,103,328,74],"class_list":["post-1967","post","type-post","status-publish","format-standard","has-post-thumbnail","hentry","category-international","tag-burkina-faso","tag-commune-de-ouagadougou","tag-dakar","tag-ouagadougou","tag-ousmane-sonko","tag-senegal"],"yoast_head":"<!-- This site is optimized with the Yoast SEO plugin v27.5 - https:\/\/yoast.com\/product\/yoast-seo-wordpress\/ -->\n<title>S\u00e9n\u00e9gal : Le Premier ministre s\u00e9n\u00e9galais Ousmane Sonko en visite officielle de 48 heures \u00e0 Ouagadougou - Vox Sahel<\/title>\n<meta name=\"robots\" content=\"index, follow, max-snippet:-1, max-image-preview:large, max-video-preview:-1\" \/>\n<link rel=\"canonical\" href=\"https:\/\/voxsahel.com\/?p=1967\" \/>\n<meta property=\"og:locale\" content=\"fr_FR\" \/>\n<meta property=\"og:type\" content=\"article\" \/>\n<meta property=\"og:title\" content=\"S\u00e9n\u00e9gal : Le Premier ministre s\u00e9n\u00e9galais Ousmane Sonko en visite officielle de 48 heures \u00e0 Ouagadougou - Vox Sahel\" \/>\n<meta property=\"og:description\" content=\"Le Premier ministre du S\u00e9n\u00e9gal, Ousmane Sonko, est arriv\u00e9 ce vendredi \u00e0 Ouagadougou pour une\" \/>\n<meta property=\"og:url\" content=\"https:\/\/voxsahel.com\/?p=1967\" \/>\n<meta property=\"og:site_name\" content=\"Vox Sahel\" \/>\n<meta property=\"article:publisher\" content=\"https:\/\/www.facebook.com\/journal.voxsahel\" \/>\n<meta property=\"article:published_time\" content=\"2025-05-16T12:24:10+00:00\" \/>\n<meta property=\"article:modified_time\" content=\"2025-05-16T12:24:26+00:00\" \/>\n<meta property=\"og:image\" content=\"https:\/\/voxsahel.com\/wp-content\/uploads\/2025\/05\/IMG_5171-scaled.jpeg\" \/>\n\t<meta property=\"og:image:width\" content=\"1903\" \/>\n\t<meta property=\"og:image:height\" content=\"2560\" \/>\n\t<meta property=\"og:image:type\" content=\"image\/jpeg\" \/>\n<meta name=\"author\" content=\"Vox Sahel\" \/>\n<meta name=\"twitter:card\" content=\"summary_large_image\" \/>\n<meta name=\"twitter:label1\" content=\"\u00c9crit par\" \/>\n\t<meta name=\"twitter:data1\" content=\"Vox Sahel\" \/>\n\t<meta name=\"twitter:label2\" content=\"Dur\u00e9e de lecture estim\u00e9e\" \/>\n\t<meta name=\"twitter:data2\" content=\"2 minutes\" \/>\n<script type=\"application\/ld+json\" class=\"yoast-schema-graph\">{\"@context\":\"https:\\\/\\\/schema.org\",\"@graph\":[{\"@type\":\"Article\",\"@id\":\"https:\\\/\\\/voxsahel.com\\\/?p=1967#article\",\"isPartOf\":{\"@id\":\"https:\\\/\\\/voxsahel.com\\\/?p=1967\"},\"author\":{\"name\":\"Vox Sahel\",\"@id\":\"https:\\\/\\\/voxsahel.com\\\/#\\\/schema\\\/person\\\/b4043608248f8fa227cd760e7ff1e19e\"},\"headline\":\"S\u00e9n\u00e9gal : Le Premier ministre s\u00e9n\u00e9galais Ousmane Sonko en visite officielle de 48 heures \u00e0 Ouagadougou\",\"datePublished\":\"2025-05-16T12:24:10+00:00\",\"dateModified\":\"2025-05-16T12:24:26+00:00\",\"mainEntityOfPage\":{\"@id\":\"https:\\\/\\\/voxsahel.com\\\/?p=1967\"},\"wordCount\":227,\"commentCount\":0,\"publisher\":{\"@id\":\"https:\\\/\\\/voxsahel.com\\\/#organization\"},\"image\":{\"@id\":\"https:\\\/\\\/voxsahel.com\\\/?p=1967#primaryimage\"},\"thumbnailUrl\":\"https:\\\/\\\/voxsahel.com\\\/wp-content\\\/uploads\\\/2025\\\/05\\\/IMG_5171-scaled.jpeg\",\"keywords\":[\"Burkina Faso\",\"Commune de Ouagadougou\",\"Dakar\",\"Ouagadougou\",\"Ousmane Sonko\",\"S\u00e9n\u00e9gal\"],\"articleSection\":[\"INTERNATIONAL\"],\"inLanguage\":\"fr-FR\",\"potentialAction\":[{\"@type\":\"CommentAction\",\"name\":\"Comment\",\"target\":[\"https:\\\/\\\/voxsahel.com\\\/?p=1967#respond\"]}]},{\"@type\":\"WebPage\",\"@id\":\"https:\\\/\\\/voxsahel.com\\\/?p=1967\",\"url\":\"https:\\\/\\\/voxsahel.com\\\/?p=1967\",\"name\":\"S\u00e9n\u00e9gal : Le Premier ministre s\u00e9n\u00e9galais Ousmane Sonko en visite officielle de 48 heures \u00e0 Ouagadougou - Vox Sahel\",\"isPartOf\":{\"@id\":\"https:\\\/\\\/voxsahel.com\\\/#website\"},\"primaryImageOfPage\":{\"@id\":\"https:\\\/\\\/voxsahel.com\\\/?p=1967#primaryimage\"},\"image\":{\"@id\":\"https:\\\/\\\/voxsahel.com\\\/?p=1967#primaryimage\"},\"thumbnailUrl\":\"https:\\\/\\\/voxsahel.com\\\/wp-content\\\/uploads\\\/2025\\\/05\\\/IMG_5171-scaled.jpeg\",\"datePublished\":\"2025-05-16T12:24:10+00:00\",\"dateModified\":\"2025-05-16T12:24:26+00:00\",\"breadcrumb\":{\"@id\":\"https:\\\/\\\/voxsahel.com\\\/?p=1967#breadcrumb\"},\"inLanguage\":\"fr-FR\",\"potentialAction\":[{\"@type\":\"ReadAction\",\"target\":[\"https:\\\/\\\/voxsahel.com\\\/?p=1967\"]}]},{\"@type\":\"ImageObject\",\"inLanguage\":\"fr-FR\",\"@id\":\"https:\\\/\\\/voxsahel.com\\\/?p=1967#primaryimage\",\"url\":\"https:\\\/\\\/voxsahel.com\\\/wp-content\\\/uploads\\\/2025\\\/05\\\/IMG_5171-scaled.jpeg\",\"contentUrl\":\"https:\\\/\\\/voxsahel.com\\\/wp-content\\\/uploads\\\/2025\\\/05\\\/IMG_5171-scaled.jpeg\",\"width\":1903,\"height\":2560},{\"@type\":\"BreadcrumbList\",\"@id\":\"https:\\\/\\\/voxsahel.com\\\/?p=1967#breadcrumb\",\"itemListElement\":[{\"@type\":\"ListItem\",\"position\":1,\"name\":\"Home\",\"item\":\"https:\\\/\\\/voxsahel.com\\\/\"},{\"@type\":\"ListItem\",\"position\":2,\"name\":\"S\u00e9n\u00e9gal : Le Premier ministre s\u00e9n\u00e9galais Ousmane Sonko en visite officielle de 48 heures \u00e0 Ouagadougou\"}]},{\"@type\":\"WebSite\",\"@id\":\"https:\\\/\\\/voxsahel.com\\\/#website\",\"url\":\"https:\\\/\\\/voxsahel.com\\\/\",\"name\":\"Vox Sahel\",\"description\":\"Informez-vous sur le Sahel en un clic\",\"publisher\":{\"@id\":\"https:\\\/\\\/voxsahel.com\\\/#organization\"},\"potentialAction\":[{\"@type\":\"SearchAction\",\"target\":{\"@type\":\"EntryPoint\",\"urlTemplate\":\"https:\\\/\\\/voxsahel.com\\\/?s={search_term_string}\"},\"query-input\":{\"@type\":\"PropertyValueSpecification\",\"valueRequired\":true,\"valueName\":\"search_term_string\"}}],\"inLanguage\":\"fr-FR\"},{\"@type\":\"Organization\",\"@id\":\"https:\\\/\\\/voxsahel.com\\\/#organization\",\"name\":\"Vox Sahel\",\"url\":\"https:\\\/\\\/voxsahel.com\\\/\",\"logo\":{\"@type\":\"ImageObject\",\"inLanguage\":\"fr-FR\",\"@id\":\"https:\\\/\\\/voxsahel.com\\\/#\\\/schema\\\/logo\\\/image\\\/\",\"url\":\"https:\\\/\\\/voxsahel.com\\\/wp-content\\\/uploads\\\/2024\\\/09\\\/Logo-Vox-Sahel.jpg\",\"contentUrl\":\"https:\\\/\\\/voxsahel.com\\\/wp-content\\\/uploads\\\/2024\\\/09\\\/Logo-Vox-Sahel.jpg\",\"width\":1181,\"height\":848,\"caption\":\"Vox Sahel\"},\"image\":{\"@id\":\"https:\\\/\\\/voxsahel.com\\\/#\\\/schema\\\/logo\\\/image\\\/\"},\"sameAs\":[\"https:\\\/\\\/www.facebook.com\\\/journal.voxsahel\"]},{\"@type\":\"Person\",\"@id\":\"https:\\\/\\\/voxsahel.com\\\/#\\\/schema\\\/person\\\/b4043608248f8fa227cd760e7ff1e19e\",\"name\":\"Vox Sahel\",\"image\":{\"@type\":\"ImageObject\",\"inLanguage\":\"fr-FR\",\"@id\":\"https:\\\/\\\/secure.gravatar.com\\\/avatar\\\/f70e7fa0cb9b29d4a7c5788d6eb2e9ab4d3135cbae1c9161810fdf77a8964699?s=96&d=mm&r=g\",\"url\":\"https:\\\/\\\/secure.gravatar.com\\\/avatar\\\/f70e7fa0cb9b29d4a7c5788d6eb2e9ab4d3135cbae1c9161810fdf77a8964699?s=96&d=mm&r=g\",\"contentUrl\":\"https:\\\/\\\/secure.gravatar.com\\\/avatar\\\/f70e7fa0cb9b29d4a7c5788d6eb2e9ab4d3135cbae1c9161810fdf77a8964699?s=96&d=mm&r=g\",\"caption\":\"Vox Sahel\"},\"sameAs\":[\"http:\\\/\\\/www.voxsahel.com\"],\"url\":\"https:\\\/\\\/voxsahel.com\\\/?author=2\"}]}<\/script>\n<!-- \/ Yoast SEO plugin. -->","yoast_head_json":{"title":"S\u00e9n\u00e9gal : Le Premier ministre s\u00e9n\u00e9galais Ousmane Sonko en visite officielle de 48 heures \u00e0 Ouagadougou - Vox Sahel","robots":{"index":"index","follow":"follow","max-snippet":"max-snippet:-1","max-image-preview":"max-image-preview:large","max-video-preview":"max-video-preview:-1"},"canonical":"https:\/\/voxsahel.com\/?p=1967","og_locale":"fr_FR","og_type":"article","og_title":"S\u00e9n\u00e9gal : Le Premier ministre s\u00e9n\u00e9galais Ousmane Sonko en visite officielle de 48 heures \u00e0 Ouagadougou - Vox Sahel","og_description":"Le Premier ministre du S\u00e9n\u00e9gal, Ousmane Sonko, est arriv\u00e9 ce vendredi \u00e0 Ouagadougou pour une","og_url":"https:\/\/voxsahel.com\/?p=1967","og_site_name":"Vox Sahel","article_publisher":"https:\/\/www.facebook.com\/journal.voxsahel","article_published_time":"2025-05-16T12:24:10+00:00","article_modified_time":"2025-05-16T12:24:26+00:00","og_image":[{"width":1903,"height":2560,"url":"https:\/\/voxsahel.com\/wp-content\/uploads\/2025\/05\/IMG_5171-scaled.jpeg","type":"image\/jpeg"}],"author":"Vox Sahel","twitter_card":"summary_large_image","twitter_misc":{"\u00c9crit par":"Vox Sahel","Dur\u00e9e de lecture estim\u00e9e":"2 minutes"},"schema":{"@context":"https:\/\/schema.org","@graph":[{"@type":"Article","@id":"https:\/\/voxsahel.com\/?p=1967#article","isPartOf":{"@id":"https:\/\/voxsahel.com\/?p=1967"},"author":{"name":"Vox Sahel","@id":"https:\/\/voxsahel.com\/#\/schema\/person\/b4043608248f8fa227cd760e7ff1e19e"},"headline":"S\u00e9n\u00e9gal : Le Premier ministre s\u00e9n\u00e9galais Ousmane Sonko en visite officielle de 48 heures \u00e0 Ouagadougou","datePublished":"2025-05-16T12:24:10+00:00","dateModified":"2025-05-16T12:24:26+00:00","mainEntityOfPage":{"@id":"https:\/\/voxsahel.com\/?p=1967"},"wordCount":227,"commentCount":0,"publisher":{"@id":"https:\/\/voxsahel.com\/#organization"},"image":{"@id":"https:\/\/voxsahel.com\/?p=1967#primaryimage"},"thumbnailUrl":"https:\/\/voxsahel.com\/wp-content\/uploads\/2025\/05\/IMG_5171-scaled.jpeg","keywords":["Burkina Faso","Commune de Ouagadougou","Dakar","Ouagadougou","Ousmane Sonko","S\u00e9n\u00e9gal"],"articleSection":["INTERNATIONAL"],"inLanguage":"fr-FR","potentialAction":[{"@type":"CommentAction","name":"Comment","target":["https:\/\/voxsahel.com\/?p=1967#respond"]}]},{"@type":"WebPage","@id":"https:\/\/voxsahel.com\/?p=1967","url":"https:\/\/voxsahel.com\/?p=1967","name":"S\u00e9n\u00e9gal : Le Premier ministre s\u00e9n\u00e9galais Ousmane Sonko en visite officielle de 48 heures \u00e0 Ouagadougou - Vox Sahel","isPartOf":{"@id":"https:\/\/voxsahel.com\/#website"},"primaryImageOfPage":{"@id":"https:\/\/voxsahel.com\/?p=1967#primaryimage"},"image":{"@id":"https:\/\/voxsahel.com\/?p=1967#primaryimage"},"thumbnailUrl":"https:\/\/voxsahel.com\/wp-content\/uploads\/2025\/05\/IMG_5171-scaled.jpeg","datePublished":"2025-05-16T12:24:10+00:00","dateModified":"2025-05-16T12:24:26+00:00","breadcrumb":{"@id":"https:\/\/voxsahel.com\/?p=1967#breadcrumb"},"inLanguage":"fr-FR","potentialAction":[{"@type":"ReadAction","target":["https:\/\/voxsahel.com\/?p=1967"]}]},{"@type":"ImageObject","inLanguage":"fr-FR","@id":"https:\/\/voxsahel.com\/?p=1967#primaryimage","url":"https:\/\/voxsahel.com\/wp-content\/uploads\/2025\/05\/IMG_5171-scaled.jpeg","contentUrl":"https:\/\/voxsahel.com\/wp-content\/uploads\/2025\/05\/IMG_5171-scaled.jpeg","width":1903,"height":2560},{"@type":"BreadcrumbList","@id":"https:\/\/voxsahel.com\/?p=1967#breadcrumb","itemListElement":[{"@type":"ListItem","position":1,"name":"Home","item":"https:\/\/voxsahel.com\/"},{"@type":"ListItem","position":2,"name":"S\u00e9n\u00e9gal : Le Premier ministre s\u00e9n\u00e9galais Ousmane Sonko en visite officielle de 48 heures \u00e0 Ouagadougou"}]},{"@type":"WebSite","@id":"https:\/\/voxsahel.com\/#website","url":"https:\/\/voxsahel.com\/","name":"Vox Sahel","description":"Informez-vous sur le Sahel en un clic","publisher":{"@id":"https:\/\/voxsahel.com\/#organization"},"potentialAction":[{"@type":"SearchAction","target":{"@type":"EntryPoint","urlTemplate":"https:\/\/voxsahel.com\/?s={search_term_string}"},"query-input":{"@type":"PropertyValueSpecification","valueRequired":true,"valueName":"search_term_string"}}],"inLanguage":"fr-FR"},{"@type":"Organization","@id":"https:\/\/voxsahel.com\/#organization","name":"Vox Sahel","url":"https:\/\/voxsahel.com\/","logo":{"@type":"ImageObject","inLanguage":"fr-FR","@id":"https:\/\/voxsahel.com\/#\/schema\/logo\/image\/","url":"https:\/\/voxsahel.com\/wp-content\/uploads\/2024\/09\/Logo-Vox-Sahel.jpg","contentUrl":"https:\/\/voxsahel.com\/wp-content\/uploads\/2024\/09\/Logo-Vox-Sahel.jpg","width":1181,"height":848,"caption":"Vox Sahel"},"image":{"@id":"https:\/\/voxsahel.com\/#\/schema\/logo\/image\/"},"sameAs":["https:\/\/www.facebook.com\/journal.voxsahel"]},{"@type":"Person","@id":"https:\/\/voxsahel.com\/#\/schema\/person\/b4043608248f8fa227cd760e7ff1e19e","name":"Vox Sahel","image":{"@type":"ImageObject","inLanguage":"fr-FR","@id":"https:\/\/secure.gravatar.com\/avatar\/f70e7fa0cb9b29d4a7c5788d6eb2e9ab4d3135cbae1c9161810fdf77a8964699?s=96&d=mm&r=g","url":"https:\/\/secure.gravatar.com\/avatar\/f70e7fa0cb9b29d4a7c5788d6eb2e9ab4d3135cbae1c9161810fdf77a8964699?s=96&d=mm&r=g","contentUrl":"https:\/\/secure.gravatar.com\/avatar\/f70e7fa0cb9b29d4a7c5788d6eb2e9ab4d3135cbae1c9161810fdf77a8964699?s=96&d=mm&r=g","caption":"Vox Sahel"},"sameAs":["http:\/\/www.voxsahel.com"],"url":"https:\/\/voxsahel.com\/?author=2"}]}},"_links":{"self":[{"href":"https:\/\/voxsahel.com\/index.php?rest_route=\/wp\/v2\/posts\/1967","targetHints":{"allow":["GET"]}}],"collection":[{"href":"https:\/\/voxsahel.com\/index.php?rest_route=\/wp\/v2\/posts"}],"about":[{"href":"https:\/\/voxsahel.com\/index.php?rest_route=\/wp\/v2\/types\/post"}],"author":[{"embeddable":true,"href":"https:\/\/voxsahel.com\/index.php?rest_route=\/wp\/v2\/users\/2"}],"replies":[{"embeddable":true,"href":"https:\/\/voxsahel.com\/index.php?rest_route=%2Fwp%2Fv2%2Fcomments&post=1967"}],"version-history":[{"count":1,"href":"https:\/\/voxsahel.com\/index.php?rest_route=\/wp\/v2\/posts\/1967\/revisions"}],"predecessor-version":[{"id":1969,"href":"https:\/\/voxsahel.com\/index.php?rest_route=\/wp\/v2\/posts\/1967\/revisions\/1969"}],"wp:featuredmedia":[{"embeddable":true,"href":"https:\/\/voxsahel.com\/index.php?rest_route=\/wp\/v2\/media\/1968"}],"wp:attachment":[{"href":"https:\/\/voxsahel.com\/index.php?rest_route=%2Fwp%2Fv2%2Fmedia&parent=1967"}],"wp:term":[{"taxonomy":"category","embeddable":true,"href":"https:\/\/voxsahel.com\/index.php?rest_route=%2Fwp%2Fv2%2Fcategories&post=1967"},{"taxonomy":"post_tag","embeddable":true,"href":"https:\/\/voxsahel.com\/index.php?rest_route=%2Fwp%2Fv2%2Ftags&post=1967"}],"curies":[{"name":"wp","href":"https:\/\/api.w.org\/{rel}","templated":true}]}}