{"id":1948,"date":"2025-05-12T17:12:07","date_gmt":"2025-05-12T17:12:07","guid":{"rendered":"https:\/\/voxsahel.com\/?p=1948"},"modified":"2025-05-12T17:47:54","modified_gmt":"2025-05-12T17:47:54","slug":"clovis-compaore-president-de-lassociation-des-burkinabe-de-houston-texas-usa-a-letrange-aujourdhui-cest-une-fierte-de-dire-que-tu-es-burkin","status":"publish","type":"post","link":"https:\/\/voxsahel.com\/?p=1948","title":{"rendered":"Clovis Compaor\u00e9, pr\u00e9sident de l\u2019Association des Burkinab\u00e8 de Houston\/ Texas (USA)\u00a0: \u00ab\u00a0A l\u2019\u00e9tranger, aujourd\u2019hui, c\u2019est une fiert\u00e9 de dire que tu es Burkinab\u00e8\u00a0\u00bb"},"content":{"rendered":"<p><strong>Clovis Compaor\u00e9, Pr\u00e9sident de l\u2019Association des Burkinab\u00e8 de Houston en visite \u00e0 Ouagadougou, a accept\u00e9 nous accorder un entretien exclusif. Dans cet \u00e9change, il a abord\u00e9 plusieurs th\u00e9matiques importantes concernant la vie associative et les d\u00e9fis rencontr\u00e9s par les Burkinab\u00e8 r\u00e9sidant aux Etats-Unis. Il a notamment mis en lumi\u00e8re les conditions de vie des membres de la diaspora \u00e0 Houston, tout en soulignant l&rsquo;impact majeur de cette association dans le renforcement des liens au sein de la communaut\u00e9 burkinab\u00e8. Clovis Compaor\u00e9 a \u00e9galement profit\u00e9 de cette occasion pour partager son point de vue sur des questions relatives \u00e0 la situation politique et sociale du pays.<\/strong><\/p>\n<p><strong>\u00a0<\/strong><\/p>\n<p><strong>En tant que pr\u00e9sident de l&rsquo;Association des Burkinab\u00e8 de Houston, comment se porte votre structure\u00a0? <\/strong><\/p>\n<p>L&rsquo;Association des Burkinab\u00e8 de Houston (ABH) se porte tr\u00e8s bien. En ce moment, nous pr\u00e9parons activement notre gala annuel, un \u00e9v\u00e9nement que nous avions mis en pause depuis la pand\u00e9mie de la Covid-19. C\u2019est une tradition que nous tenons \u00e0 faire revivre, et le bureau actuel s\u2019est engag\u00e9 \u00e0 la relancer d\u00e8s le mois de janvier.<\/p>\n<p>Parmi les \u00e9v\u00e9nements majeurs r\u00e9cents, nous avons eu l\u2019honneur d\u2019accueillir une mission consulaire, envoy\u00e9e par l\u2019ambassade. Ce fut un v\u00e9ritable soulagement pour notre communaut\u00e9. Plus de 200 passeports ont pu \u00eatre trait\u00e9s \u00e0 cette occasion. Des compatriotes sont venus de l\u2019Oklahoma, de Dallas et d&rsquo;autres villes pour en b\u00e9n\u00e9ficier. L\u2019initiative a \u00e9t\u00e9 grandement appr\u00e9ci\u00e9e, m\u00eame si nous attendons encore la livraison des passeports, en raison de certaines difficult\u00e9s li\u00e9es aux documents CEDEAO. Nous travaillons actuellement \u00e0 faciliter leur remise aux b\u00e9n\u00e9ficiaires. Globalement, l\u2019ABH va bien. Nous faisons de notre mieux pour servir notre communaut\u00e9, renforcer la solidarit\u00e9 et continuer \u00e0 travailler ensemble dans une bonne dynamique.<\/p>\n<p><strong>\u00a0<\/strong><strong>Quels sont justement les plus grands d\u00e9fis auxquels votre association fait face actuellement ? <\/strong><\/p>\n<p>Je disais plus t\u00f4t que nous ne sommes pas parfaits et nul ne l\u2019est d\u2019ailleurs. Il y a donc de nombreux d\u00e9fis. En tant que pr\u00e9sident, l\u2019un des objectifs que j\u2019ai fix\u00e9s \u00e0 mon \u00e9quipe \u00e9tait de rassembler les multinationales autour de notre communaut\u00e9. \u00c0 cet effet, nous avons innov\u00e9 avec des initiatives telles que l\u2019A\u00efkido communautaire, un moment de communion avec nos fr\u00e8res musulmans durant le mois de Ramadan \u2014 un mois b\u00e9ni et sacr\u00e9. Cela renforce fortement le sentiment d\u2019appartenance. Nous avons \u00e9t\u00e9 pr\u00e9sents, nous avons accompagn\u00e9.<\/p>\n<p>Mais les d\u00e9fis sont bien r\u00e9els. Le premier, \u00e0 notre niveau, est l\u2019insertion. Beaucoup de nos compatriotes burkinab\u00e8 rencontrent des difficult\u00e9s \u00e0 s\u2019ins\u00e9rer dans la soci\u00e9t\u00e9, ici aux Etats-Unis. Certains arrivent apr\u00e8s un parcours \u00e9prouvant. Et comme vous le savez, notre association est \u00e0 but non lucratif. Elle fonctionne essentiellement gr\u00e2ce aux dons. Or, quand les demandes d\u2019assistance augmentent et que les dons diminuent, cela fragilise notre fonctionnement. Il m\u2019arrive, \u00e0 titre personnel, d\u2019h\u00e9berger des compatriotes chez moi. Ce n\u2019est pas facile, mais c\u2019est n\u00e9cessaire. Un autre d\u00e9fi est li\u00e9 \u00e0 la vie associative elle-m\u00eame, qui n\u2019est pas toujours de tout repos. Il arrive qu\u2019il y ait des tensions, des malentendus. Mais nous faisons tout pour les apaiser, pour maintenir un climat fraternel. Dans le domaine des affaires \u00e9galement, des diff\u00e9rends peuvent survenir entre partenaires. Mais jusqu\u2019\u00e0 pr\u00e9sent, nous avons su installer des cadres de dialogue pour rappeler \u00e0 chacun que nous sommes avant tout des fr\u00e8res, enfants du m\u00eame pays. Ce n\u2019est pas \u00e0 6 000 miles du Burkina Faso que nous devons nous diviser. Outre les difficult\u00e9s financi\u00e8res et les d\u00e9fis li\u00e9s \u00e0 la participation et aux cotisations, nous parvenons toujours \u00e0 trouver des solutions. L\u2019union et la coh\u00e9sion demeurent nos priorit\u00e9s.\u00a0 Je le rappelle constamment \u00e0 mes amis : ici, \u00e0 Houston, quand un probl\u00e8me surgit, c\u2019est l\u2019association d\u2019abord, la famille ensuite. Parce que nous sommes d\u00e9j\u00e0 sur place, pr\u00eats \u00e0 agir. Nous sommes comme une brigade d\u2019intervention rapide. Nous intervenons avant m\u00eame de rendre compte. En ce sens, la communaut\u00e9 devient notre premi\u00e8re famille.<\/p>\n<blockquote><p><strong>\u00ab\u00a0Nous devons encourager le capitaine Ibrahim Traor\u00e9\u00a0 et rester dispos\u00e9s \u00e0 soutenir tout gouvernement dont la priorit\u00e9 est la lib\u00e9ration et le d\u00e9veloppement du Burkina Faso\u00a0\u00bb<\/strong><\/p><\/blockquote>\n<p><strong>La ville de New York \u00a0a c\u00e9l\u00e9br\u00e9 le Burkina Faso et la communaut\u00e9 burkinab\u00e8 vivant aux Etats-Unis \u00e0 travers la c\u00e9l\u00e9bration en diff\u00e9r\u00e9 des 64 ans de l&rsquo;ind\u00e9pendance du Burkina Faso. Comment\u00a0\u00a0 avez-vous \u00a0accueilli cet hommage rendu \u00e0 votre pays ? <\/strong><\/p>\n<p>C&rsquo;\u00e9tait une premi\u00e8re, et nous avons vraiment \u00e9t\u00e9 tr\u00e8s heureux de c\u00e9l\u00e9brer la f\u00eate de l&rsquo;ind\u00e9pendance \u00e0 New York. C\u2019est avant tout un sentiment de joie et de fiert\u00e9 : la joie de se souvenir que notre pays, jadis opprim\u00e9, a su conqu\u00e9rir son ind\u00e9pendance. C\u2019est aussi un rappel fort que la libert\u00e9 se gagne au prix du combat. La question qui se pose maintenant est : pourquoi avoir choisi la ville de New York ? Je dirais que c\u2019est parce que c\u2019est l\u00e0 que r\u00e9side la plus grande concentration de Burkinab\u00e8 aux Etats-Unis. Cela dit, je profite de votre micro pour rappeler qu\u2019il y a aussi de nombreux compatriotes dans d\u2019autres villes.<\/p>\n<p>Nous avons constat\u00e9 que beaucoup d\u2019\u00e9v\u00e9nements sont organis\u00e9s \u00e0 New York et au New Jersey. Ce qui est une excellente chose. Les Burkinab\u00e8 des environs y participent activement et soutiennent ces initiatives. Mais il est peut-\u00eatre temps de r\u00e9fl\u00e9chir \u00e0 une certaine d\u00e9centralisation de ces \u00e9v\u00e9nements. Cela permettrait d\u2019impliquer davantage les Burkinab\u00e8 vivant ailleurs \u00a0et de renforcer leur sentiment d\u2019appartenance \u00e0 la communaut\u00e9. A Houston, l\u2019on compte environ 3 000 Burkinab\u00e8. Il y a aussi la c\u00f4te-ouest, notamment la Californie, o\u00f9 vivent \u00e9galement de nombreux compatriotes. Beaucoup d\u2019entre eux se sentent parfois oubli\u00e9s lorsque tous les grands \u00e9v\u00e9nements se tiennent uniquement \u00e0 New York. C\u2019est un l\u00e9ger malaise, certes, mais r\u00e9el. Nous souhaiterions simplement pouvoir vivre ces moments forts, m\u00eame \u00e0 distance, car tout le monde n\u2019a pas les moyens de se rendre \u00e0 New York, que ce soit pour des raisons \u00e9conomiques ou li\u00e9es \u00e0 leur situation migratoire.<\/p>\n<p>Certains aimeraient contribuer financi\u00e8rement ou autrement, mais se sentent un peu mis \u00e0 l\u2019\u00e9cart. Pourtant, c\u00e9l\u00e9brer notre ind\u00e9pendance, m\u00eame sur le sol am\u00e9ricain, reste toujours un grand moment de joie et de fiert\u00e9 nationale. Dans cet esprit, continuons d\u2019\u0153uvrer ensemble, dans le cadre de la diplomatie, pour une diaspora unie et solidaire.<\/p>\n<p><strong>Quelles sont vos relations avec les autorit\u00e9s consulaires et les institutions burkinab\u00e8, comme l&rsquo;ambassade ou le minist\u00e8re ? <\/strong><\/p>\n<p>Ici \u00e0 Houston, nous entretenons une excellente relation avec les autorit\u00e9s. D\u00e8s le d\u00e9but de la mise en place de l\u2019ex\u00e9cutif local, nous avons eu la chance d\u2019accueillir une mission consulaire d\u00e9p\u00each\u00e9e depuis Washington. Cela a permis d\u2019instaurer un v\u00e9ritable dialogue : nous \u00e9changeons r\u00e9guli\u00e8rement et trouvons ensemble des solutions adapt\u00e9es. Lorsqu\u2019un de nos compatriotes rencontre des difficult\u00e9s, nous collaborons \u00e9troitement avec l\u2019ambassade et les diff\u00e9rents consulats pour organiser, par exemple, des rapatriements de corps ou r\u00e9soudre d&rsquo;autres situations sensibles. Gr\u00e2ce aux avanc\u00e9es technologiques, il est m\u00eame possible de d\u00e9livrer des laissez-passer en seulement quelques minutes. Nous tenons \u00e0 saluer l&rsquo;engagement du personnel de l\u2019ambassade, qui accomplit un travail remarquable. A ce titre, Monsieur Bourgou Michel, charg\u00e9 de mission consulaire \u00e0 Washington, se distingue particuli\u00e8rement par sa disponibilit\u00e9. \u00a0Il r\u00e9pond \u00e0 nos sollicitations 24 heures sur 24. C\u2019est une personne dynamique, profond\u00e9ment investie pour la diaspora. J\u2019ai eu la chance de collaborer personnellement avec lui, et il est toujours \u00e0 l\u2019\u00e9coute, pr\u00eat \u00e0 apporter son soutien.<\/p>\n<p><strong>Quelle appr\u00e9ciation faites-vous de la nomination de Jean Emmanuel Ou\u00e9draogo en tant que Premier ministre en remplacement de Kyelem de Temb\u00e8la\u00a0? <\/strong><\/p>\n<p><strong>\u00a0<\/strong>Sur cette question, je serai assez direct. En tant que leader d\u2019une petite communaut\u00e9, je tiens \u00e0 f\u00e9liciter le capitaine Ibrahim Traor\u00e9 qui contribue grandement \u00e0 raviver en nous le sentiment d\u2019appartenance et de fiert\u00e9 nationale. Il r\u00e9ussit \u00e0 faire rena\u00eetre cet esprit de patriotisme qui nous unit en tant que Burkinab\u00e8.<\/p>\n<p>La premi\u00e8re \u00e9tape pour r\u00e9soudre un probl\u00e8me, c\u2019est de l\u2019identifier clairement, puis d\u2019avoir le courage de prendre les d\u00e9cisions n\u00e9cessaires pour y rem\u00e9dier. Et cela, je l\u2019admire profond\u00e9ment chez notre pr\u00e9sident. Nous avons un nouveau gouvernement, et nous savons tous que tout changement vise \u00e0 am\u00e9liorer les actions entreprises, pour obtenir des r\u00e9sultats encore meilleurs. La nomination du nouveau Premier ministre a \u00e9t\u00e9 accueillie avec enthousiasme, notamment par la diaspora. Cet homme, par le pass\u00e9, s\u2019est montr\u00e9 ouvert, accessible et toujours \u00e0 l\u2019\u00e9coute. Il recevait volontiers les membres de la diaspora, ne refusait jamais une audience, et cela a marqu\u00e9 les esprits.<\/p>\n<p>C\u2019est exactement le type de leader dont nous avons besoin aujourd\u2019hui, \u00a0quelqu\u2019un qui \u00e9coute, qui comprend et qui agit dans l\u2019int\u00e9r\u00eat du peuple. Ce\u00a0 gouvernement suscite beaucoup d\u2019espoir, particuli\u00e8rement au sein de notre communaut\u00e9. Cela montre \u00e0 quel point les attentes sont grandes, mais aussi \u00e0 quel point la confiance est r\u00e9elle. Nous sommes convaincus qu\u2019il saura relever les d\u00e9fis, car il a d\u00e9j\u00e0 prouv\u00e9, par le pass\u00e9, sa capacit\u00e9 \u00e0 produire des r\u00e9sultats concrets et positifs.<\/p>\n<blockquote><p><strong><em>\u00ab\u00a0Le capitaine Ibrahim Traor\u00e9 a pris des d\u00e9cisions courageuses, assumant des risques importants pour redonner espoir \u00e0 une nation qui en manquait cruellement<\/em>\u00a0\u00bb<\/strong><\/p><\/blockquote>\n<p><strong>Quelle\u00a0 est votre appr\u00e9ciation de la gouvernance actuelle\u00a0?<\/strong><\/p>\n<p><strong>\u00a0<\/strong>Avant toute chose, je tiens \u00e0 pr\u00e9ciser que je m\u2019exprime en tant que simple citoyen sur ce sujet. Il ne m\u2019appartient pas de porter un jugement absolu sur le travail du gouvernement, mais je peux partager mon opinion. Le pays traversait une crise profonde, presque d\u00e9sesp\u00e9r\u00e9e. Dans ce contexte difficile, le capitaine Ibrahim Traor\u00e9 a pris des d\u00e9cisions courageuses, assumant des risques importants pour redonner espoir \u00e0 une nation qui en manquait cruellement.<\/p>\n<p>Compte tenu de la situation dans laquelle il a pris les r\u00eanes du pays. Je pense qu\u2019il a d\u00e9j\u00e0 accompli beaucoup de choses. Bien entendu, rien ne se fait par magie. \u00a0Tout changement demande du temps, de l&rsquo;effort et de la construction patiente. Mais jusqu\u2019\u00e0 pr\u00e9sent, nous pouvons observer des r\u00e9sultats encourageants. Tout n\u2019est pas parfait, aucun \u00eatre humain ne l\u2019est, mais la voie choisie par ce gouvernement me semble positive. Elle n\u2019est peut-\u00eatre pas la seule possible, mais elle a le m\u00e9rite d\u2019apporter un certain soulagement \u00e0 nos populations. Nous \u00e9tions confront\u00e9s \u00e0 des attaques constantes, et il \u00e9tait \u00e9vident que nous devions nous d\u00e9fendre. L\u2019\u00e9lan de solidarit\u00e9 s\u2019est m\u00eame \u00e9tendu \u00e0 l\u2019\u00e9chelle communautaire, avec la participation active des fonctionnaires.<\/p>\n<p>Le peuple a fait confiance \u00e0 ce gouvernement, et nous esp\u00e9rons sinc\u00e8rement qu\u2019il saura nous conduire vers un avenir meilleur. Je ne peux pas nier les efforts qui ont \u00e9t\u00e9 faits. Ils sont visibles et appr\u00e9ciables. A l\u2019\u00e9tranger aujourd\u2019hui, \u00a0c\u2019est une fiert\u00e9 \u00a0de dire que tu es Burkinab\u00e8. J\u2019ai des amis camerounais qui, malgr\u00e9 les difficult\u00e9s actuelles, expriment leur admiration pour lui. Ce type de reconnaissance montre qu\u2019un v\u00e9ritable changement est en cours et nous y adh\u00e9rons. Nous devons encourager le capitaine Ibrahim Traor\u00e9 \u00a0et rester dispos\u00e9s \u00e0 soutenir tout gouvernement dont la priorit\u00e9 est la lib\u00e9ration et le d\u00e9veloppement du Burkina Faso.<\/p>\n<p><strong>Comment appr\u00e9ciez-vous la gestion de la crise s\u00e9curitaire\u00a0?<\/strong><\/p>\n<p>Une crise de cette ampleur est avant tout une trag\u00e9die, car elle entra\u00eene la perte de nombreuses vies humaines. Ce que nous d\u00e9plorons profond\u00e9ment. Beaucoup de familles ont \u00e9t\u00e9 d\u00e9plac\u00e9es, et c\u2019est dans ce contexte que nous saluons les actions entreprises par le gouvernement pour apporter un soulagement aux victimes de cette crise. Cependant, nous appelons \u00e9galement \u00e0 renforcer le soutien aux familles des bless\u00e9s de guerre et des militaires tomb\u00e9s lors de ces attaques.<\/p>\n<p>Nous proposons de mettre en place un fonds de solidarit\u00e9 aliment\u00e9 de mani\u00e8re r\u00e9guli\u00e8re, afin de permettre \u00e0 la diaspora de contribuer de mani\u00e8re continue \u00e0 l\u2019aide des familles touch\u00e9es. Il serait pertinent d\u2019ouvrir des canaux d\u00e9di\u00e9s aux dons, avec la possibilit\u00e9 de contribuer par ville, que ce soit sur une base semestrielle ou annuelle, afin de garantir un soutien constant.<\/p>\n<p>Il est important de souligner que l\u2019aide ne se limite pas \u00e0 un soutien financier. Par exemple, \u00e0 Houston, nous avons initi\u00e9 une collecte de v\u00eatements pour enfants et femmes, que nous enverrons bient\u00f4t \u00e0 Ouagadougou pour les personnes d\u00e9plac\u00e9es internes . C\u2019est une contribution concr\u00e8te, mais d\u2019autres formes de soutien peuvent \u00eatre envisag\u00e9es.<\/p>\n<p>Nous pensons qu\u2019il est essentiel de maintenir un contact permanent avec la diaspora, afin qu\u2019elle puisse se r\u00e9unir r\u00e9guli\u00e8rement et continuer \u00e0 apporter son aide, quelle qu\u2019en soit la forme, pour accompagner le gouvernement dans la gestion de cette crise. Bien que les efforts d\u00e9ploy\u00e9s soient visibles, avec notamment l\u2019acquisition de nouveaux armements, nous encourageons le gouvernement \u00e0 poursuivre ses actions pour r\u00e9tablir la paix et offrir aux populations la s\u00e9curit\u00e9 et la tranquillit\u00e9 qu\u2019elles m\u00e9ritent.<\/p>\n<p><strong>Pour venir \u00e0 bout de cette crise, le gouvernement a fait appel \u00e0 tous les Burkinab\u00e8 pour qu&rsquo;ils puissent contribuer \u00e0 l&rsquo;effort de paix, pour\u00a0 faire face \u00e0 la crise.<\/strong> <strong>Au niveau de Houston, comment cela\u00a0 se passe-t-il concr\u00e8tement \u00a0? <\/strong><\/p>\n<p>A Houston, nous n\u2019avons pas attendu l\u2019appel du pr\u00e9sident pour agir. L\u2019initiative de collecter des v\u00eatements pour les d\u00e9plac\u00e9s internes a \u00e9t\u00e9 lanc\u00e9e par moi-m\u00eame. Nous sommes donc actuellement en train de remplir notre troisi\u00e8me conteneur de v\u00eatements. Ces derniers ont \u00e9t\u00e9 soigneusement lav\u00e9s et pli\u00e9s dans l\u2019objectif de venir en aide aux personnes d\u00e9plac\u00e9es internes. Nous savons que la situation est difficile et que nos compatriotes burkinab\u00e8 supportent les diverses taxes et coupures sur leurs salaires.<\/p>\n<p>Nous appelons \u00e0 la r\u00e9silience, car nous sommes convaincus qu\u2019au bout des efforts, il y a une r\u00e9compense. Nous croyons \u00e9galement que les autorit\u00e9s actuelles sont conscientes de nos actions et qu\u2019elles travaillent pour que nos efforts ne soient pas vains. Nous demandons, comme nous l\u2019avons d\u00e9j\u00e0 exprim\u00e9, la cr\u00e9ation de canaux suppl\u00e9mentaires pour pouvoir contribuer davantage aux diff\u00e9rentes d\u00e9marches. Que ce soit pour apporter de la nourriture ou offrir une aide rapide, nous sommes pr\u00eats \u00e0 intervenir. Nous restons d\u00e9termin\u00e9s \u00e0 soutenir toutes les initiatives visant \u00e0 mettre fin \u00e0 cette crise.<\/p>\n<p><strong>Vous avez appel\u00e9 les membres de votre association, et surtout la diaspora burkinab\u00e8 \u00e0 contribuer \u00a0\u00e0 l\u2019actionnariat populaire ici au Burkina Faso.<\/strong><strong> Une appr\u00e9ciation sur cette initiative qui fait d\u00e9j\u00e0 ses preuves. <\/strong><\/p>\n<p><strong>\u00a0<\/strong>Depuis le d\u00e9but, d\u00e8s que j\u2019ai d\u00e9couvert le projet de l\u2019actionnariat populaire et que je m\u2019y suis int\u00e9ress\u00e9, j\u2019ai tout de suite compris qu\u2019il s\u2019agissait l\u00e0 d\u2019une opportunit\u00e9 rare. Je ne dirai pas que c\u2019est l\u2019unique moyen de contribuer au d\u00e9veloppement du Burkina Faso, mais c\u2019est sans doute l\u2019un des plus judicieux. C\u2019est une d\u00e9marche concr\u00e8te. \u00a0Consommer ce que nous produisons nous-m\u00eames, investir dans nos propres usines. J\u2019ai vraiment appr\u00e9ci\u00e9 cette initiative, d\u2019autant plus que les r\u00e9sultats sont d\u00e9j\u00e0 visibles. L\u2019appel a \u00e9t\u00e9 lanc\u00e9 et des actions ont suivi \u2014 promesse tenue. J\u2019ai rencontr\u00e9 \u00e0 plusieurs reprises le directeur du projet o\u00f9 j\u2019ai sugg\u00e9r\u00e9 la mise en place d\u2019un programme de suivi pour \u00e9viter que nos propres productions ne deviennent probl\u00e9matiques. Il a accueilli mes remarques avec ouverture et bienveillance. Ce qui m\u2019a profond\u00e9ment marqu\u00e9. L\u2019actionnariat populaire est, \u00e0 mon sens, un excellent moyen de rapatrier les capitaux et de soutenir l\u2019ambition du gouvernement. Industrialiser notre \u00e9conomie par l\u2019innovation. Je continue de soutenir cette d\u00e9marche et j\u2019encourage vivement toutes les communaut\u00e9s \u00e0 y investir davantage. Car si, au lieu de contracter des pr\u00eats nous misons sur nos propres ressources, il n\u2019y a aucune raison pour que nous n\u2019atteignions pas rapidement nos objectifs<\/p>\n<p><strong>Qu&rsquo;est-ce que vous attendez de ce gouvernement en tant qu&rsquo;association de la diaspora ? <\/strong><\/p>\n<p>Permettez-moi d\u2019\u00eatre direct. La majorit\u00e9 des Burkinab\u00e8 vivant aux Etats-Unis a pour objectif d\u2019investir au Burkina Faso. J\u2019en ai parl\u00e9 \u00e0 plusieurs reprises, notamment au ministre Bassolma Bazi\u00e9 en son temps \u00a0et \u00e0 l\u2019ancienne ministre des Affaires \u00e9trang\u00e8res. Nous souhaitons un canal direct pour l\u2019investissement dans l\u2019agriculture. L\u2019APEC repr\u00e9sente un moyen d\u2019y parvenir. Prenons un exemple : r\u00e9cemment, nous avons re\u00e7u une d\u00e9l\u00e9gation du bureau des grands investisseurs \u00e0 Houston. Cependant, je dois dire que, malheureusement, et je le r\u00e9p\u00e8te \u00e0 votre micro, ils n\u2019ont pas jug\u00e9 bon d\u2019inviter la communaut\u00e9 burkinab\u00e8. Ce fut une d\u00e9cision que j\u2019ai vraiment d\u00e9plor\u00e9e. Personnellement, on m\u2019a invit\u00e9 parce que j\u2019avais pour objectif de franchiser une compagnie. A l\u2019\u00e9poque, j\u2019avais expliqu\u00e9 que le premier investisseur au Burkina Faso, c\u2019est le Burkinab\u00e8 lui-m\u00eame. Alors, si vous arrivez et que vous d\u00e9cidez de ne pas inviter la communaut\u00e9, en privil\u00e9giant des partenaires priv\u00e9s qui n\u2019ont aucun int\u00e9r\u00eat \u00e0 investir dans notre pays, cela cr\u00e9e une frustration profonde, notamment chez les Burkinab\u00e8 de Houston. Je ne suis sans doute pas le seul \u00e0 avoir des projets de ce genre. D\u2019autres pourraient suivre. Il est donc essentiel de r\u00e9duire la bureaucratie et de pr\u00eater attention \u00e0 la diaspora. Une fois que le gouvernement a mis en place une agence pour la diaspora, il est important d\u2019engager un dialogue avec les communaut\u00e9s locales, qui pourront orienter les initiatives vers des secteurs sp\u00e9cifiques.<\/p>\n<p>Prenons l\u2019exemple de Houston, nous avons une chambre de commerce, fond\u00e9e et dirig\u00e9e par un Burkinab\u00e8 qui a r\u00e9ussi \u00e0 signer des investissements de 13 milliards de dollars en Guin\u00e9e. Si vous venez dans une ville o\u00f9 ces atouts existent et que vous d\u00e9cidez de les ignorer au profit des Burkinab\u00e8 moins exp\u00e9riment\u00e9s, cela cr\u00e9e une zone de malaise. De plus, vous ne maximisez pas les revenus que vous esp\u00e9rez.<\/p>\n<p>J\u2019ai \u00e9t\u00e9 particuli\u00e8rement d\u00e9\u00e7u \u00e0 l\u2019\u00e9poque, car nous avons de nombreux entrepreneurs \u00e0 Houston. Nous avons une chambre de commerce dynamique. Alors, lorsqu\u2019une d\u00e9l\u00e9gation gouvernementale se rend dans une ville comme Houston pour rencontrer des investisseurs, il serait plus judicieux d\u2019\u00e9couter les opportunit\u00e9s locales et de prendre en compte l\u2019expertise de la diaspora. La majorit\u00e9 des citoyens ne connaissent pas les opportunit\u00e9s d\u2019investissement disponibles au Burkina Faso, que ce soit dans les mines ou dans l\u2019agriculture. Sans cette connaissance, m\u00eame un investisseur dispos\u00e9 \u00e0 investir 50 millions dans l\u2019agriculture se retrouve dans l\u2019incapacit\u00e9 de savoir o\u00f9 et comment investir.<\/p>\n<p>Nous esp\u00e9rons donc que le gouvernement ouvrira une voie de communication avec la diaspora, et que celle-ci pourra \u00eatre entendue. Il ne s\u2019agit pas uniquement de soutenir financi\u00e8rement, mais aussi de permettre \u00e0 ceux d\u2019entre nous qui sont pr\u00eats \u00e0 investir de le faire. Certains sont m\u00eame pr\u00eats \u00e0 investir avec leurs fonds personnels. Ce que nous attendons, c\u2019est que l\u2019on nous \u00e9coute et que l\u2019on nous laisse proposer des solutions sans avoir besoin de contacts privil\u00e9gi\u00e9s. J\u2019attends du \u00a0gouvernement \u00a0qu\u2019il nous laisse la possibilit\u00e9 de contribuer activement au d\u00e9veloppement de notre pays.<\/p>\n<blockquote><p><em><strong>\u00ab\u00a0Il est essentiel de maintenir un contact permanent avec la diaspora, afin qu\u2019elle puisse se r\u00e9unir r\u00e9guli\u00e8rement et continuer \u00e0 apporter son aide\u00a0\u00bb<\/strong><\/em><\/p><\/blockquote>\n<p><strong>Dans le cadre de la bonne gouvernance et de la lutte contre la corruption au niveau de l&rsquo;administration publique, il y a eu l&rsquo;affaire Teignan. Un commentaire sur ce proc\u00e8s. <\/strong><\/p>\n<p>La corruption est un fl\u00e9au mondial qui touche tous les syst\u00e8mes, m\u00eame ceux qui sont les mieux gouvern\u00e9s. C\u2019est un mal profond et persistant. En ce sens, je consid\u00e8re que l\u2019action entreprise par le gouvernement est un premier pas important. Cependant, Monsieur Teignan n&rsquo;est qu&rsquo;un petit maillon dans une cha\u00eene bien plus large.<\/p>\n<p>Je suis convaincu que si ce travail se poursuit, d&rsquo;autres personnes devront \u00e9galement rendre des comptes devant la justice. C&rsquo;est une initiative positive qui permet de redonner espoir \u00e0 ceux qui, au quotidien, se retrouvent d\u00e9munis, et de montrer que le gouvernement \u0153uvre pour une gestion transparente des biens publics.<\/p>\n<p>\u00c0 titre personnel, je pense qu\u2019il est imp\u00e9ratif de revoir certains aspects de l\u2019appareil administratif afin de mieux s\u00e9curiser les biens de l&rsquo;Etat. Le minist\u00e8re de l&rsquo;Action sociale n\u2019est qu\u2019un exemple parmi tant d&rsquo;autres. Nous sommes tous conscients des failles qui existent dans notre syst\u00e8me, et il est essentiel de les combler pour assurer une gestion rigoureuse et efficace des ressources publiques. Ce qui est certain, c&rsquo;est que le gouvernement doit maintenir cette pression et continuer \u00e0 lutter contre la corruption afin de garantir une v\u00e9ritable justice pour tous les Burkinab\u00e8. Les biens de l&rsquo;Etat appartiennent \u00e0 chaque citoyen, et leur bonne gestion devrait all\u00e9ger les difficult\u00e9s quotidiennes de la population.<\/p>\n<p>Nous demandons simplement que les imp\u00f4ts et taxes que nous payons soient utilis\u00e9s de mani\u00e8re transparente et pour des investissements b\u00e9n\u00e9fiques pour tous. En somme, l\u2019action gouvernementale doit continuer, mais aussi se renforcer, pour \u00e9radiquer la corruption et restaurer la confiance du peuple. Car tant que des groupes restreints continuent de se servir, pendant que la majorit\u00e9 vit dans la pauvret\u00e9, nous risquons de perdre toute l\u00e9gitimit\u00e9.<\/p>\n<p><strong>Quel commentaire sur la mobilisation de soutien au capitaine \u00a0Ibrahim Traor\u00e9 le 30 avril dernier ?<\/strong><\/p>\n<p><strong>\u00a0<\/strong>Le 30 avril dernier, il s\u2019est tenu une marche mondiale pour soutenir le capitaine Ibrahim Traor\u00e9 pr\u00e9sident du Burkina Faso. C\u2019\u00e9tait avec un sentiment de fiert\u00e9 que nous tous avons souhait\u00e9 nous \u00a0\u00a0joindre la marche pour envoyer un message non seulement aux membres du gouvernement et t\u00e9moigner de notre soutien cat\u00e9gorique. C&rsquo;est aussi un message que nous envoyons \u00e0 d&rsquo;autres pays et aux personnes qui sont contre le r\u00e9gime du capitaine Ibrahim Traor\u00e9, de savoir que nous sommes tous mobilis\u00e9s autour de notre pr\u00e9sident. \u00a0Nous sommes pr\u00eats \u00e0 le d\u00e9fendre contre toute sorte de complots et d&rsquo;intemp\u00e9ries. Le message est clair, \u00a0tous ceux et celles qui sont contre notre pr\u00e9sident, \u00a0qu\u2019ils sachent que nous sommes pr\u00e8s \u00e0 donner nos vies pour prot\u00e9ger le capitaine Ibrahim Traor\u00e9. A Houston nous sommes en train d\u2019organiser une marche pour aussi t\u00e9moigner de notre soutien ind\u00e9fectible a notre pr\u00e9sident le Capitaine Ibrahim Traore.<\/p>\n<p><strong>Nous sommes en fin d\u2019entretien. Avez-vous quelque chose \u00e0 ajouter pour clore\u00a0?<\/strong><\/p>\n<p>En tant que membres de l&rsquo;ABH, nous attendons simplement qu&rsquo;on nous donne une voix, un espace pour \u00e9changer, proposer des solutions, et nous rapprocher des communaut\u00e9s vivant aux Etats-Unis, qui ont \u00e9norm\u00e9ment \u00e0 offrir. Elles regorgent de ressources, de comp\u00e9tences et d&rsquo;une force qu&rsquo;il ne faut pas sous-estimer. En dehors de cela, j&rsquo;encourage vivement le gouvernement et le peuple du Burkina Faso \u00e0 maintenir leur vigilance, \u00e0 faire preuve de r\u00e9silience, car la temp\u00eate finira par passer.<\/p>\n<p style=\"text-align: right;\"><strong>Par Vox Sahel <\/strong><\/p>\n","protected":false},"excerpt":{"rendered":"<p>Clovis Compaor\u00e9, Pr\u00e9sident de l\u2019Association des Burkinab\u00e8 de Houston en visite \u00e0 Ouagadougou, a accept\u00e9<\/p>\n","protected":false},"author":2,"featured_media":1950,"comment_status":"open","ping_status":"open","sticky":false,"template":"","format":"standard","meta":{"_et_pb_use_builder":"","_et_pb_old_content":"","_et_gb_content_width":"","footnotes":""},"categories":[11],"tags":[757,436,361,18,758,362,429,98,760,409,20,759,97],"class_list":["post-1948","post","type-post","status-publish","format-standard","has-post-thumbnail","hentry","category-interview","tag-abh","tag-actionnariat-populaire","tag-association-des-burkinabe-vivant-a-houston","tag-burkina-faso","tag-clovis-compaore","tag-diaspora","tag-effort-de-paix","tag-etats-unis","tag-houston","tag-new-york","tag-terrorisme","tag-texas","tag-usa"],"yoast_head":"<!-- This site is optimized with the Yoast SEO plugin v27.5 - https:\/\/yoast.com\/product\/yoast-seo-wordpress\/ -->\n<title>Clovis Compaor\u00e9, pr\u00e9sident de l\u2019Association des Burkinab\u00e8 de Houston\/ Texas (USA)\u00a0: \u00ab\u00a0A l\u2019\u00e9tranger, aujourd\u2019hui, c\u2019est une fiert\u00e9 de dire que tu es Burkinab\u00e8\u00a0\u00bb - Vox Sahel<\/title>\n<meta name=\"robots\" content=\"index, follow, max-snippet:-1, max-image-preview:large, max-video-preview:-1\" \/>\n<link rel=\"canonical\" href=\"https:\/\/voxsahel.com\/?p=1948\" \/>\n<meta property=\"og:locale\" content=\"fr_FR\" \/>\n<meta property=\"og:type\" content=\"article\" \/>\n<meta property=\"og:title\" content=\"Clovis Compaor\u00e9, pr\u00e9sident de l\u2019Association des Burkinab\u00e8 de Houston\/ Texas (USA)\u00a0: \u00ab\u00a0A l\u2019\u00e9tranger, aujourd\u2019hui, c\u2019est une fiert\u00e9 de dire que tu es Burkinab\u00e8\u00a0\u00bb - Vox Sahel\" \/>\n<meta property=\"og:description\" content=\"Clovis Compaor\u00e9, Pr\u00e9sident de l\u2019Association des Burkinab\u00e8 de Houston en visite \u00e0 Ouagadougou, a accept\u00e9\" \/>\n<meta property=\"og:url\" content=\"https:\/\/voxsahel.com\/?p=1948\" \/>\n<meta property=\"og:site_name\" content=\"Vox Sahel\" \/>\n<meta property=\"article:publisher\" content=\"https:\/\/www.facebook.com\/journal.voxsahel\" \/>\n<meta property=\"article:published_time\" content=\"2025-05-12T17:12:07+00:00\" \/>\n<meta property=\"article:modified_time\" content=\"2025-05-12T17:47:54+00:00\" \/>\n<meta property=\"og:image\" content=\"https:\/\/voxsahel.com\/wp-content\/uploads\/2025\/05\/26ea1ecb-fb8c-4e24-9e92-5219bd70ca2a.jpeg\" \/>\n\t<meta property=\"og:image:width\" content=\"607\" \/>\n\t<meta property=\"og:image:height\" content=\"607\" \/>\n\t<meta property=\"og:image:type\" content=\"image\/jpeg\" \/>\n<meta name=\"author\" content=\"Vox Sahel\" \/>\n<meta name=\"twitter:card\" content=\"summary_large_image\" \/>\n<meta name=\"twitter:label1\" content=\"\u00c9crit par\" \/>\n\t<meta name=\"twitter:data1\" content=\"Vox Sahel\" \/>\n\t<meta name=\"twitter:label2\" content=\"Dur\u00e9e de lecture estim\u00e9e\" \/>\n\t<meta name=\"twitter:data2\" content=\"19 minutes\" \/>\n<script type=\"application\/ld+json\" class=\"yoast-schema-graph\">{\"@context\":\"https:\\\/\\\/schema.org\",\"@graph\":[{\"@type\":\"Article\",\"@id\":\"https:\\\/\\\/voxsahel.com\\\/?p=1948#article\",\"isPartOf\":{\"@id\":\"https:\\\/\\\/voxsahel.com\\\/?p=1948\"},\"author\":{\"name\":\"Vox Sahel\",\"@id\":\"https:\\\/\\\/voxsahel.com\\\/#\\\/schema\\\/person\\\/b4043608248f8fa227cd760e7ff1e19e\"},\"headline\":\"Clovis Compaor\u00e9, pr\u00e9sident de l\u2019Association des Burkinab\u00e8 de Houston\\\/ Texas (USA)\u00a0: \u00ab\u00a0A l\u2019\u00e9tranger, aujourd\u2019hui, c\u2019est une fiert\u00e9 de dire que tu es Burkinab\u00e8\u00a0\u00bb\",\"datePublished\":\"2025-05-12T17:12:07+00:00\",\"dateModified\":\"2025-05-12T17:47:54+00:00\",\"mainEntityOfPage\":{\"@id\":\"https:\\\/\\\/voxsahel.com\\\/?p=1948\"},\"wordCount\":4049,\"commentCount\":0,\"publisher\":{\"@id\":\"https:\\\/\\\/voxsahel.com\\\/#organization\"},\"image\":{\"@id\":\"https:\\\/\\\/voxsahel.com\\\/?p=1948#primaryimage\"},\"thumbnailUrl\":\"https:\\\/\\\/voxsahel.com\\\/wp-content\\\/uploads\\\/2025\\\/05\\\/26ea1ecb-fb8c-4e24-9e92-5219bd70ca2a.jpeg\",\"keywords\":[\"ABH\",\"Actionnariat populaire\",\"Association des Burkinab\u00e8 vivant \u00e0 Houston\",\"Burkina Faso\",\"Clovis Compaor\u00e9\",\"Diaspora\",\"Effort de Paix\",\"Etats-Unis\",\"Houston\",\"New York\",\"Terrorisme\",\"Texas\",\"USA\"],\"articleSection\":[\"INTERVIEW\"],\"inLanguage\":\"fr-FR\",\"potentialAction\":[{\"@type\":\"CommentAction\",\"name\":\"Comment\",\"target\":[\"https:\\\/\\\/voxsahel.com\\\/?p=1948#respond\"]}]},{\"@type\":\"WebPage\",\"@id\":\"https:\\\/\\\/voxsahel.com\\\/?p=1948\",\"url\":\"https:\\\/\\\/voxsahel.com\\\/?p=1948\",\"name\":\"Clovis Compaor\u00e9, pr\u00e9sident de l\u2019Association des Burkinab\u00e8 de Houston\\\/ Texas (USA)\u00a0: \u00ab\u00a0A l\u2019\u00e9tranger, aujourd\u2019hui, c\u2019est une fiert\u00e9 de dire que tu es Burkinab\u00e8\u00a0\u00bb - Vox Sahel\",\"isPartOf\":{\"@id\":\"https:\\\/\\\/voxsahel.com\\\/#website\"},\"primaryImageOfPage\":{\"@id\":\"https:\\\/\\\/voxsahel.com\\\/?p=1948#primaryimage\"},\"image\":{\"@id\":\"https:\\\/\\\/voxsahel.com\\\/?p=1948#primaryimage\"},\"thumbnailUrl\":\"https:\\\/\\\/voxsahel.com\\\/wp-content\\\/uploads\\\/2025\\\/05\\\/26ea1ecb-fb8c-4e24-9e92-5219bd70ca2a.jpeg\",\"datePublished\":\"2025-05-12T17:12:07+00:00\",\"dateModified\":\"2025-05-12T17:47:54+00:00\",\"breadcrumb\":{\"@id\":\"https:\\\/\\\/voxsahel.com\\\/?p=1948#breadcrumb\"},\"inLanguage\":\"fr-FR\",\"potentialAction\":[{\"@type\":\"ReadAction\",\"target\":[\"https:\\\/\\\/voxsahel.com\\\/?p=1948\"]}]},{\"@type\":\"ImageObject\",\"inLanguage\":\"fr-FR\",\"@id\":\"https:\\\/\\\/voxsahel.com\\\/?p=1948#primaryimage\",\"url\":\"https:\\\/\\\/voxsahel.com\\\/wp-content\\\/uploads\\\/2025\\\/05\\\/26ea1ecb-fb8c-4e24-9e92-5219bd70ca2a.jpeg\",\"contentUrl\":\"https:\\\/\\\/voxsahel.com\\\/wp-content\\\/uploads\\\/2025\\\/05\\\/26ea1ecb-fb8c-4e24-9e92-5219bd70ca2a.jpeg\",\"width\":607,\"height\":607},{\"@type\":\"BreadcrumbList\",\"@id\":\"https:\\\/\\\/voxsahel.com\\\/?p=1948#breadcrumb\",\"itemListElement\":[{\"@type\":\"ListItem\",\"position\":1,\"name\":\"Home\",\"item\":\"https:\\\/\\\/voxsahel.com\\\/\"},{\"@type\":\"ListItem\",\"position\":2,\"name\":\"Clovis Compaor\u00e9, pr\u00e9sident de l\u2019Association des Burkinab\u00e8 de Houston\\\/ Texas (USA)\u00a0: \u00ab\u00a0A l\u2019\u00e9tranger, aujourd\u2019hui, c\u2019est une fiert\u00e9 de dire que tu es Burkinab\u00e8\u00a0\u00bb\"}]},{\"@type\":\"WebSite\",\"@id\":\"https:\\\/\\\/voxsahel.com\\\/#website\",\"url\":\"https:\\\/\\\/voxsahel.com\\\/\",\"name\":\"Vox Sahel\",\"description\":\"Informez-vous sur le Sahel en un clic\",\"publisher\":{\"@id\":\"https:\\\/\\\/voxsahel.com\\\/#organization\"},\"potentialAction\":[{\"@type\":\"SearchAction\",\"target\":{\"@type\":\"EntryPoint\",\"urlTemplate\":\"https:\\\/\\\/voxsahel.com\\\/?s={search_term_string}\"},\"query-input\":{\"@type\":\"PropertyValueSpecification\",\"valueRequired\":true,\"valueName\":\"search_term_string\"}}],\"inLanguage\":\"fr-FR\"},{\"@type\":\"Organization\",\"@id\":\"https:\\\/\\\/voxsahel.com\\\/#organization\",\"name\":\"Vox Sahel\",\"url\":\"https:\\\/\\\/voxsahel.com\\\/\",\"logo\":{\"@type\":\"ImageObject\",\"inLanguage\":\"fr-FR\",\"@id\":\"https:\\\/\\\/voxsahel.com\\\/#\\\/schema\\\/logo\\\/image\\\/\",\"url\":\"https:\\\/\\\/voxsahel.com\\\/wp-content\\\/uploads\\\/2024\\\/09\\\/Logo-Vox-Sahel.jpg\",\"contentUrl\":\"https:\\\/\\\/voxsahel.com\\\/wp-content\\\/uploads\\\/2024\\\/09\\\/Logo-Vox-Sahel.jpg\",\"width\":1181,\"height\":848,\"caption\":\"Vox Sahel\"},\"image\":{\"@id\":\"https:\\\/\\\/voxsahel.com\\\/#\\\/schema\\\/logo\\\/image\\\/\"},\"sameAs\":[\"https:\\\/\\\/www.facebook.com\\\/journal.voxsahel\"]},{\"@type\":\"Person\",\"@id\":\"https:\\\/\\\/voxsahel.com\\\/#\\\/schema\\\/person\\\/b4043608248f8fa227cd760e7ff1e19e\",\"name\":\"Vox Sahel\",\"image\":{\"@type\":\"ImageObject\",\"inLanguage\":\"fr-FR\",\"@id\":\"https:\\\/\\\/secure.gravatar.com\\\/avatar\\\/f70e7fa0cb9b29d4a7c5788d6eb2e9ab4d3135cbae1c9161810fdf77a8964699?s=96&d=mm&r=g\",\"url\":\"https:\\\/\\\/secure.gravatar.com\\\/avatar\\\/f70e7fa0cb9b29d4a7c5788d6eb2e9ab4d3135cbae1c9161810fdf77a8964699?s=96&d=mm&r=g\",\"contentUrl\":\"https:\\\/\\\/secure.gravatar.com\\\/avatar\\\/f70e7fa0cb9b29d4a7c5788d6eb2e9ab4d3135cbae1c9161810fdf77a8964699?s=96&d=mm&r=g\",\"caption\":\"Vox Sahel\"},\"sameAs\":[\"http:\\\/\\\/www.voxsahel.com\"],\"url\":\"https:\\\/\\\/voxsahel.com\\\/?author=2\"}]}<\/script>\n<!-- \/ Yoast SEO plugin. -->","yoast_head_json":{"title":"Clovis Compaor\u00e9, pr\u00e9sident de l\u2019Association des Burkinab\u00e8 de Houston\/ Texas (USA)\u00a0: \u00ab\u00a0A l\u2019\u00e9tranger, aujourd\u2019hui, c\u2019est une fiert\u00e9 de dire que tu es Burkinab\u00e8\u00a0\u00bb - Vox Sahel","robots":{"index":"index","follow":"follow","max-snippet":"max-snippet:-1","max-image-preview":"max-image-preview:large","max-video-preview":"max-video-preview:-1"},"canonical":"https:\/\/voxsahel.com\/?p=1948","og_locale":"fr_FR","og_type":"article","og_title":"Clovis Compaor\u00e9, pr\u00e9sident de l\u2019Association des Burkinab\u00e8 de Houston\/ Texas (USA)\u00a0: \u00ab\u00a0A l\u2019\u00e9tranger, aujourd\u2019hui, c\u2019est une fiert\u00e9 de dire que tu es Burkinab\u00e8\u00a0\u00bb - Vox Sahel","og_description":"Clovis Compaor\u00e9, Pr\u00e9sident de l\u2019Association des Burkinab\u00e8 de Houston en visite \u00e0 Ouagadougou, a accept\u00e9","og_url":"https:\/\/voxsahel.com\/?p=1948","og_site_name":"Vox Sahel","article_publisher":"https:\/\/www.facebook.com\/journal.voxsahel","article_published_time":"2025-05-12T17:12:07+00:00","article_modified_time":"2025-05-12T17:47:54+00:00","og_image":[{"width":607,"height":607,"url":"https:\/\/voxsahel.com\/wp-content\/uploads\/2025\/05\/26ea1ecb-fb8c-4e24-9e92-5219bd70ca2a.jpeg","type":"image\/jpeg"}],"author":"Vox Sahel","twitter_card":"summary_large_image","twitter_misc":{"\u00c9crit par":"Vox Sahel","Dur\u00e9e de lecture estim\u00e9e":"19 minutes"},"schema":{"@context":"https:\/\/schema.org","@graph":[{"@type":"Article","@id":"https:\/\/voxsahel.com\/?p=1948#article","isPartOf":{"@id":"https:\/\/voxsahel.com\/?p=1948"},"author":{"name":"Vox Sahel","@id":"https:\/\/voxsahel.com\/#\/schema\/person\/b4043608248f8fa227cd760e7ff1e19e"},"headline":"Clovis Compaor\u00e9, pr\u00e9sident de l\u2019Association des Burkinab\u00e8 de Houston\/ Texas (USA)\u00a0: \u00ab\u00a0A l\u2019\u00e9tranger, aujourd\u2019hui, c\u2019est une fiert\u00e9 de dire que tu es Burkinab\u00e8\u00a0\u00bb","datePublished":"2025-05-12T17:12:07+00:00","dateModified":"2025-05-12T17:47:54+00:00","mainEntityOfPage":{"@id":"https:\/\/voxsahel.com\/?p=1948"},"wordCount":4049,"commentCount":0,"publisher":{"@id":"https:\/\/voxsahel.com\/#organization"},"image":{"@id":"https:\/\/voxsahel.com\/?p=1948#primaryimage"},"thumbnailUrl":"https:\/\/voxsahel.com\/wp-content\/uploads\/2025\/05\/26ea1ecb-fb8c-4e24-9e92-5219bd70ca2a.jpeg","keywords":["ABH","Actionnariat populaire","Association des Burkinab\u00e8 vivant \u00e0 Houston","Burkina Faso","Clovis Compaor\u00e9","Diaspora","Effort de Paix","Etats-Unis","Houston","New York","Terrorisme","Texas","USA"],"articleSection":["INTERVIEW"],"inLanguage":"fr-FR","potentialAction":[{"@type":"CommentAction","name":"Comment","target":["https:\/\/voxsahel.com\/?p=1948#respond"]}]},{"@type":"WebPage","@id":"https:\/\/voxsahel.com\/?p=1948","url":"https:\/\/voxsahel.com\/?p=1948","name":"Clovis Compaor\u00e9, pr\u00e9sident de l\u2019Association des Burkinab\u00e8 de Houston\/ Texas (USA)\u00a0: \u00ab\u00a0A l\u2019\u00e9tranger, aujourd\u2019hui, c\u2019est une fiert\u00e9 de dire que tu es Burkinab\u00e8\u00a0\u00bb - Vox Sahel","isPartOf":{"@id":"https:\/\/voxsahel.com\/#website"},"primaryImageOfPage":{"@id":"https:\/\/voxsahel.com\/?p=1948#primaryimage"},"image":{"@id":"https:\/\/voxsahel.com\/?p=1948#primaryimage"},"thumbnailUrl":"https:\/\/voxsahel.com\/wp-content\/uploads\/2025\/05\/26ea1ecb-fb8c-4e24-9e92-5219bd70ca2a.jpeg","datePublished":"2025-05-12T17:12:07+00:00","dateModified":"2025-05-12T17:47:54+00:00","breadcrumb":{"@id":"https:\/\/voxsahel.com\/?p=1948#breadcrumb"},"inLanguage":"fr-FR","potentialAction":[{"@type":"ReadAction","target":["https:\/\/voxsahel.com\/?p=1948"]}]},{"@type":"ImageObject","inLanguage":"fr-FR","@id":"https:\/\/voxsahel.com\/?p=1948#primaryimage","url":"https:\/\/voxsahel.com\/wp-content\/uploads\/2025\/05\/26ea1ecb-fb8c-4e24-9e92-5219bd70ca2a.jpeg","contentUrl":"https:\/\/voxsahel.com\/wp-content\/uploads\/2025\/05\/26ea1ecb-fb8c-4e24-9e92-5219bd70ca2a.jpeg","width":607,"height":607},{"@type":"BreadcrumbList","@id":"https:\/\/voxsahel.com\/?p=1948#breadcrumb","itemListElement":[{"@type":"ListItem","position":1,"name":"Home","item":"https:\/\/voxsahel.com\/"},{"@type":"ListItem","position":2,"name":"Clovis Compaor\u00e9, pr\u00e9sident de l\u2019Association des Burkinab\u00e8 de Houston\/ Texas (USA)\u00a0: \u00ab\u00a0A l\u2019\u00e9tranger, aujourd\u2019hui, c\u2019est une fiert\u00e9 de dire que tu es Burkinab\u00e8\u00a0\u00bb"}]},{"@type":"WebSite","@id":"https:\/\/voxsahel.com\/#website","url":"https:\/\/voxsahel.com\/","name":"Vox Sahel","description":"Informez-vous sur le Sahel en un clic","publisher":{"@id":"https:\/\/voxsahel.com\/#organization"},"potentialAction":[{"@type":"SearchAction","target":{"@type":"EntryPoint","urlTemplate":"https:\/\/voxsahel.com\/?s={search_term_string}"},"query-input":{"@type":"PropertyValueSpecification","valueRequired":true,"valueName":"search_term_string"}}],"inLanguage":"fr-FR"},{"@type":"Organization","@id":"https:\/\/voxsahel.com\/#organization","name":"Vox Sahel","url":"https:\/\/voxsahel.com\/","logo":{"@type":"ImageObject","inLanguage":"fr-FR","@id":"https:\/\/voxsahel.com\/#\/schema\/logo\/image\/","url":"https:\/\/voxsahel.com\/wp-content\/uploads\/2024\/09\/Logo-Vox-Sahel.jpg","contentUrl":"https:\/\/voxsahel.com\/wp-content\/uploads\/2024\/09\/Logo-Vox-Sahel.jpg","width":1181,"height":848,"caption":"Vox Sahel"},"image":{"@id":"https:\/\/voxsahel.com\/#\/schema\/logo\/image\/"},"sameAs":["https:\/\/www.facebook.com\/journal.voxsahel"]},{"@type":"Person","@id":"https:\/\/voxsahel.com\/#\/schema\/person\/b4043608248f8fa227cd760e7ff1e19e","name":"Vox Sahel","image":{"@type":"ImageObject","inLanguage":"fr-FR","@id":"https:\/\/secure.gravatar.com\/avatar\/f70e7fa0cb9b29d4a7c5788d6eb2e9ab4d3135cbae1c9161810fdf77a8964699?s=96&d=mm&r=g","url":"https:\/\/secure.gravatar.com\/avatar\/f70e7fa0cb9b29d4a7c5788d6eb2e9ab4d3135cbae1c9161810fdf77a8964699?s=96&d=mm&r=g","contentUrl":"https:\/\/secure.gravatar.com\/avatar\/f70e7fa0cb9b29d4a7c5788d6eb2e9ab4d3135cbae1c9161810fdf77a8964699?s=96&d=mm&r=g","caption":"Vox Sahel"},"sameAs":["http:\/\/www.voxsahel.com"],"url":"https:\/\/voxsahel.com\/?author=2"}]}},"_links":{"self":[{"href":"https:\/\/voxsahel.com\/index.php?rest_route=\/wp\/v2\/posts\/1948","targetHints":{"allow":["GET"]}}],"collection":[{"href":"https:\/\/voxsahel.com\/index.php?rest_route=\/wp\/v2\/posts"}],"about":[{"href":"https:\/\/voxsahel.com\/index.php?rest_route=\/wp\/v2\/types\/post"}],"author":[{"embeddable":true,"href":"https:\/\/voxsahel.com\/index.php?rest_route=\/wp\/v2\/users\/2"}],"replies":[{"embeddable":true,"href":"https:\/\/voxsahel.com\/index.php?rest_route=%2Fwp%2Fv2%2Fcomments&post=1948"}],"version-history":[{"count":3,"href":"https:\/\/voxsahel.com\/index.php?rest_route=\/wp\/v2\/posts\/1948\/revisions"}],"predecessor-version":[{"id":1952,"href":"https:\/\/voxsahel.com\/index.php?rest_route=\/wp\/v2\/posts\/1948\/revisions\/1952"}],"wp:featuredmedia":[{"embeddable":true,"href":"https:\/\/voxsahel.com\/index.php?rest_route=\/wp\/v2\/media\/1950"}],"wp:attachment":[{"href":"https:\/\/voxsahel.com\/index.php?rest_route=%2Fwp%2Fv2%2Fmedia&parent=1948"}],"wp:term":[{"taxonomy":"category","embeddable":true,"href":"https:\/\/voxsahel.com\/index.php?rest_route=%2Fwp%2Fv2%2Fcategories&post=1948"},{"taxonomy":"post_tag","embeddable":true,"href":"https:\/\/voxsahel.com\/index.php?rest_route=%2Fwp%2Fv2%2Ftags&post=1948"}],"curies":[{"name":"wp","href":"https:\/\/api.w.org\/{rel}","templated":true}]}}