{"id":1942,"date":"2025-05-12T06:54:24","date_gmt":"2025-05-12T06:54:24","guid":{"rendered":"https:\/\/voxsahel.com\/?p=1942"},"modified":"2025-05-12T07:01:55","modified_gmt":"2025-05-12T07:01:55","slug":"edito-de-la-semaine-russie-burkina-un-partenariat-strategique-dans-un-monde-en-mutation","status":"publish","type":"post","link":"https:\/\/voxsahel.com\/?p=1942","title":{"rendered":"\u00c9dito de la semaine\/Russie-Burkina : Un partenariat strat\u00e9gique dans un monde en mutation"},"content":{"rendered":"<p class=\"p1\" style=\"text-align: left;\"><span class=\"s1\">Le Burkina Faso continue de surprendre. Sous la houlette du Capitaine Ibrahim Traor\u00e9, le pays s\u2019impose progressivement comme un acteur qui compte sur la sc\u00e8ne internationale. \u00c0 l\u2019occasion de sa rencontre avec Vladimir Poutine, en marge des c\u00e9l\u00e9brations du 80e anniversaire de la victoire contre le nazisme, le pr\u00e9sident burkinab\u00e8 a une fois de plus affich\u00e9 avec clart\u00e9 la trajectoire diplomatique qu\u2019il entend suivre : celle d\u2019un partenariat strat\u00e9gique, sinc\u00e8re et tourn\u00e9 vers l\u2019avenir avec la Russie.<\/span><\/p>\n<p class=\"p1\" style=\"text-align: left;\"><span class=\"s1\">Ce n\u2019est plus un simple rapprochement circonstanciel, mais bien une red\u00e9finition profonde des alliances. Le Burkina se tourne r\u00e9solument vers l\u2019Est, assumant une rupture avec les sch\u00e9mas anciens. En face, la Russie ne voit pas dans ce partenariat un simple prolongement de son influence, mais une r\u00e9elle opportunit\u00e9 de coop\u00e9ration gagnant-gagnant, fond\u00e9e sur le respect, la souverainet\u00e9 et le d\u00e9veloppement mutuel.<\/span><\/p>\n<p class=\"p1\" style=\"text-align: left;\"><span class=\"s1\">Loin des discours de d\u00e9pendance, le Capitaine Traor\u00e9 a exprim\u00e9 un d\u00e9sir d\u2019\u00e9mancipation : pas de sollicitations mat\u00e9rielles excessives, mais une demande claire de transfert de comp\u00e9tences, d\u2019acc\u00e8s \u00e0 l\u2019\u00e9ducation scientifique, et de soutien \u00e0 l\u2019industrialisation locale. C\u2019est une coop\u00e9ration d\u2019un nouveau genre qui se dessine, centr\u00e9e sur la mont\u00e9e en puissance du Burkina dans les domaines cl\u00e9s que sont la d\u00e9fense, la technologie, et l\u2019\u00e9ducation.<\/span><\/p>\n<p class=\"p1\" style=\"text-align: left;\"><span class=\"s1\">Ce positionnement, assum\u00e9, s\u2019inscrit dans une dynamique plus large : celle d\u2019une Afrique qui refuse d\u00e9sormais les partenariats d\u00e9s\u00e9quilibr\u00e9s et entend choisir librement ses alli\u00e9s. Le Burkina devient l\u2019un des symboles de cette Afrique nouvelle, fi\u00e8re, lucide et tourn\u00e9e vers un d\u00e9veloppement endog\u00e8ne.<\/span><\/p>\n<p class=\"p1\" style=\"text-align: left;\"><span class=\"s1\">En affirmant sa voix face \u00e0 des puissances mondiales, en tra\u00e7ant une voie ind\u00e9pendante et en valorisant ses int\u00e9r\u00eats strat\u00e9giques, le Burkina Faso d\u00e9montre qu\u2019il ne subit plus les r\u00e8gles du jeu international, mais qu\u2019il y participe activement. Et cela, dans un contexte mondial en pleine recomposition, donne au pays une visibilit\u00e9 et une l\u00e9gitimit\u00e9 nouvelles.<\/span><\/p>\n<p class=\"p1\" style=\"text-align: left;\"><span class=\"s1\">Le partenariat entre la Russie et le Burkina Faso n\u2019est donc pas un simple alignement politique. Il est le reflet d\u2019une nouvelle g\u00e9opolitique africaine, dans laquelle les nations, fortes de leur souverainet\u00e9 retrouv\u00e9e, red\u00e9finissent les contours de leur destin. Le Burkina s\u2019affirme. Et le monde commence \u00e0 l\u2019\u00e9couter.<\/span><\/p>\n<p class=\"p1\" style=\"text-align: right;\"><strong><span class=\"s1\"><br \/>\nLa R\u00e9daction <\/span><\/strong><\/p>\n","protected":false},"excerpt":{"rendered":"<p>Le Burkina Faso continue de surprendre. Sous la houlette du Capitaine Ibrahim Traor\u00e9, le pays<\/p>\n","protected":false},"author":2,"featured_media":1943,"comment_status":"open","ping_status":"open","sticky":false,"template":"","format":"standard","meta":{"_et_pb_use_builder":"","_et_pb_old_content":"","_et_gb_content_width":"","footnotes":""},"categories":[6],"tags":[18,174,411,655,87,49,416,715,103,75,392,20,752],"class_list":["post-1942","post","type-post","status-publish","format-standard","has-post-thumbnail","hentry","category-politique","tag-burkina-faso","tag-capitaine-ibrahim-traore","tag-commune-de-ouagadougou","tag-cooperation","tag-diplomatie","tag-geopolitique","tag-missions-diplomatiques","tag-moscou","tag-ouagadougou","tag-politique","tag-russie","tag-terrorisme","tag-vladimir-poutine"],"yoast_head":"<!-- This site is optimized with the Yoast SEO plugin v27.5 - https:\/\/yoast.com\/product\/yoast-seo-wordpress\/ -->\n<title>\u00c9dito de la semaine\/Russie-Burkina : Un partenariat strat\u00e9gique dans un monde en mutation - Vox Sahel<\/title>\n<meta name=\"robots\" content=\"index, follow, max-snippet:-1, max-image-preview:large, max-video-preview:-1\" \/>\n<link rel=\"canonical\" href=\"https:\/\/voxsahel.com\/?p=1942\" \/>\n<meta property=\"og:locale\" content=\"fr_FR\" \/>\n<meta property=\"og:type\" content=\"article\" \/>\n<meta property=\"og:title\" content=\"\u00c9dito de la semaine\/Russie-Burkina : Un partenariat strat\u00e9gique dans un monde en mutation - Vox Sahel\" \/>\n<meta property=\"og:description\" content=\"Le Burkina Faso continue de surprendre. Sous la houlette du Capitaine Ibrahim Traor\u00e9, le pays\" \/>\n<meta property=\"og:url\" content=\"https:\/\/voxsahel.com\/?p=1942\" \/>\n<meta property=\"og:site_name\" content=\"Vox Sahel\" \/>\n<meta property=\"article:publisher\" content=\"https:\/\/www.facebook.com\/journal.voxsahel\" \/>\n<meta property=\"article:published_time\" content=\"2025-05-12T06:54:24+00:00\" \/>\n<meta property=\"article:modified_time\" content=\"2025-05-12T07:01:55+00:00\" \/>\n<meta property=\"og:image\" content=\"https:\/\/voxsahel.com\/wp-content\/uploads\/2025\/05\/IMG_3480.jpeg\" \/>\n\t<meta property=\"og:image:width\" content=\"1179\" \/>\n\t<meta property=\"og:image:height\" content=\"752\" \/>\n\t<meta property=\"og:image:type\" content=\"image\/jpeg\" \/>\n<meta name=\"author\" content=\"Vox Sahel\" \/>\n<meta name=\"twitter:card\" content=\"summary_large_image\" \/>\n<meta name=\"twitter:label1\" content=\"\u00c9crit par\" \/>\n\t<meta name=\"twitter:data1\" content=\"Vox Sahel\" \/>\n\t<meta name=\"twitter:label2\" content=\"Dur\u00e9e de lecture estim\u00e9e\" \/>\n\t<meta name=\"twitter:data2\" content=\"2 minutes\" \/>\n<script type=\"application\/ld+json\" class=\"yoast-schema-graph\">{\"@context\":\"https:\\\/\\\/schema.org\",\"@graph\":[{\"@type\":\"Article\",\"@id\":\"https:\\\/\\\/voxsahel.com\\\/?p=1942#article\",\"isPartOf\":{\"@id\":\"https:\\\/\\\/voxsahel.com\\\/?p=1942\"},\"author\":{\"name\":\"Vox Sahel\",\"@id\":\"https:\\\/\\\/voxsahel.com\\\/#\\\/schema\\\/person\\\/b4043608248f8fa227cd760e7ff1e19e\"},\"headline\":\"\u00c9dito de la semaine\\\/Russie-Burkina : Un partenariat strat\u00e9gique dans un monde en mutation\",\"datePublished\":\"2025-05-12T06:54:24+00:00\",\"dateModified\":\"2025-05-12T07:01:55+00:00\",\"mainEntityOfPage\":{\"@id\":\"https:\\\/\\\/voxsahel.com\\\/?p=1942\"},\"wordCount\":426,\"commentCount\":0,\"publisher\":{\"@id\":\"https:\\\/\\\/voxsahel.com\\\/#organization\"},\"image\":{\"@id\":\"https:\\\/\\\/voxsahel.com\\\/?p=1942#primaryimage\"},\"thumbnailUrl\":\"https:\\\/\\\/voxsahel.com\\\/wp-content\\\/uploads\\\/2025\\\/05\\\/IMG_3480.jpeg\",\"keywords\":[\"Burkina Faso\",\"Capitaine Ibrahim Traor\u00e9\",\"Commune de Ouagadougou\",\"Coop\u00e9ration\",\"Diplomatie\",\"G\u00e9opolitique\",\"Missions diplomatiques\",\"Moscou\",\"Ouagadougou\",\"Politique\",\"Russie\",\"Terrorisme\",\"Vladimir Poutine\"],\"articleSection\":[\"POLITIQUE\"],\"inLanguage\":\"fr-FR\",\"potentialAction\":[{\"@type\":\"CommentAction\",\"name\":\"Comment\",\"target\":[\"https:\\\/\\\/voxsahel.com\\\/?p=1942#respond\"]}]},{\"@type\":\"WebPage\",\"@id\":\"https:\\\/\\\/voxsahel.com\\\/?p=1942\",\"url\":\"https:\\\/\\\/voxsahel.com\\\/?p=1942\",\"name\":\"\u00c9dito de la semaine\\\/Russie-Burkina : Un partenariat strat\u00e9gique dans un monde en mutation - Vox Sahel\",\"isPartOf\":{\"@id\":\"https:\\\/\\\/voxsahel.com\\\/#website\"},\"primaryImageOfPage\":{\"@id\":\"https:\\\/\\\/voxsahel.com\\\/?p=1942#primaryimage\"},\"image\":{\"@id\":\"https:\\\/\\\/voxsahel.com\\\/?p=1942#primaryimage\"},\"thumbnailUrl\":\"https:\\\/\\\/voxsahel.com\\\/wp-content\\\/uploads\\\/2025\\\/05\\\/IMG_3480.jpeg\",\"datePublished\":\"2025-05-12T06:54:24+00:00\",\"dateModified\":\"2025-05-12T07:01:55+00:00\",\"breadcrumb\":{\"@id\":\"https:\\\/\\\/voxsahel.com\\\/?p=1942#breadcrumb\"},\"inLanguage\":\"fr-FR\",\"potentialAction\":[{\"@type\":\"ReadAction\",\"target\":[\"https:\\\/\\\/voxsahel.com\\\/?p=1942\"]}]},{\"@type\":\"ImageObject\",\"inLanguage\":\"fr-FR\",\"@id\":\"https:\\\/\\\/voxsahel.com\\\/?p=1942#primaryimage\",\"url\":\"https:\\\/\\\/voxsahel.com\\\/wp-content\\\/uploads\\\/2025\\\/05\\\/IMG_3480.jpeg\",\"contentUrl\":\"https:\\\/\\\/voxsahel.com\\\/wp-content\\\/uploads\\\/2025\\\/05\\\/IMG_3480.jpeg\",\"width\":1179,\"height\":752},{\"@type\":\"BreadcrumbList\",\"@id\":\"https:\\\/\\\/voxsahel.com\\\/?p=1942#breadcrumb\",\"itemListElement\":[{\"@type\":\"ListItem\",\"position\":1,\"name\":\"Home\",\"item\":\"https:\\\/\\\/voxsahel.com\\\/\"},{\"@type\":\"ListItem\",\"position\":2,\"name\":\"\u00c9dito de la semaine\\\/Russie-Burkina : Un partenariat strat\u00e9gique dans un monde en mutation\"}]},{\"@type\":\"WebSite\",\"@id\":\"https:\\\/\\\/voxsahel.com\\\/#website\",\"url\":\"https:\\\/\\\/voxsahel.com\\\/\",\"name\":\"Vox Sahel\",\"description\":\"Informez-vous sur le Sahel en un clic\",\"publisher\":{\"@id\":\"https:\\\/\\\/voxsahel.com\\\/#organization\"},\"potentialAction\":[{\"@type\":\"SearchAction\",\"target\":{\"@type\":\"EntryPoint\",\"urlTemplate\":\"https:\\\/\\\/voxsahel.com\\\/?s={search_term_string}\"},\"query-input\":{\"@type\":\"PropertyValueSpecification\",\"valueRequired\":true,\"valueName\":\"search_term_string\"}}],\"inLanguage\":\"fr-FR\"},{\"@type\":\"Organization\",\"@id\":\"https:\\\/\\\/voxsahel.com\\\/#organization\",\"name\":\"Vox Sahel\",\"url\":\"https:\\\/\\\/voxsahel.com\\\/\",\"logo\":{\"@type\":\"ImageObject\",\"inLanguage\":\"fr-FR\",\"@id\":\"https:\\\/\\\/voxsahel.com\\\/#\\\/schema\\\/logo\\\/image\\\/\",\"url\":\"https:\\\/\\\/voxsahel.com\\\/wp-content\\\/uploads\\\/2024\\\/09\\\/Logo-Vox-Sahel.jpg\",\"contentUrl\":\"https:\\\/\\\/voxsahel.com\\\/wp-content\\\/uploads\\\/2024\\\/09\\\/Logo-Vox-Sahel.jpg\",\"width\":1181,\"height\":848,\"caption\":\"Vox Sahel\"},\"image\":{\"@id\":\"https:\\\/\\\/voxsahel.com\\\/#\\\/schema\\\/logo\\\/image\\\/\"},\"sameAs\":[\"https:\\\/\\\/www.facebook.com\\\/journal.voxsahel\"]},{\"@type\":\"Person\",\"@id\":\"https:\\\/\\\/voxsahel.com\\\/#\\\/schema\\\/person\\\/b4043608248f8fa227cd760e7ff1e19e\",\"name\":\"Vox Sahel\",\"image\":{\"@type\":\"ImageObject\",\"inLanguage\":\"fr-FR\",\"@id\":\"https:\\\/\\\/secure.gravatar.com\\\/avatar\\\/f70e7fa0cb9b29d4a7c5788d6eb2e9ab4d3135cbae1c9161810fdf77a8964699?s=96&d=mm&r=g\",\"url\":\"https:\\\/\\\/secure.gravatar.com\\\/avatar\\\/f70e7fa0cb9b29d4a7c5788d6eb2e9ab4d3135cbae1c9161810fdf77a8964699?s=96&d=mm&r=g\",\"contentUrl\":\"https:\\\/\\\/secure.gravatar.com\\\/avatar\\\/f70e7fa0cb9b29d4a7c5788d6eb2e9ab4d3135cbae1c9161810fdf77a8964699?s=96&d=mm&r=g\",\"caption\":\"Vox Sahel\"},\"sameAs\":[\"http:\\\/\\\/www.voxsahel.com\"],\"url\":\"https:\\\/\\\/voxsahel.com\\\/?author=2\"}]}<\/script>\n<!-- \/ Yoast SEO plugin. -->","yoast_head_json":{"title":"\u00c9dito de la semaine\/Russie-Burkina : Un partenariat strat\u00e9gique dans un monde en mutation - Vox Sahel","robots":{"index":"index","follow":"follow","max-snippet":"max-snippet:-1","max-image-preview":"max-image-preview:large","max-video-preview":"max-video-preview:-1"},"canonical":"https:\/\/voxsahel.com\/?p=1942","og_locale":"fr_FR","og_type":"article","og_title":"\u00c9dito de la semaine\/Russie-Burkina : Un partenariat strat\u00e9gique dans un monde en mutation - Vox Sahel","og_description":"Le Burkina Faso continue de surprendre. Sous la houlette du Capitaine Ibrahim Traor\u00e9, le pays","og_url":"https:\/\/voxsahel.com\/?p=1942","og_site_name":"Vox Sahel","article_publisher":"https:\/\/www.facebook.com\/journal.voxsahel","article_published_time":"2025-05-12T06:54:24+00:00","article_modified_time":"2025-05-12T07:01:55+00:00","og_image":[{"width":1179,"height":752,"url":"https:\/\/voxsahel.com\/wp-content\/uploads\/2025\/05\/IMG_3480.jpeg","type":"image\/jpeg"}],"author":"Vox Sahel","twitter_card":"summary_large_image","twitter_misc":{"\u00c9crit par":"Vox Sahel","Dur\u00e9e de lecture estim\u00e9e":"2 minutes"},"schema":{"@context":"https:\/\/schema.org","@graph":[{"@type":"Article","@id":"https:\/\/voxsahel.com\/?p=1942#article","isPartOf":{"@id":"https:\/\/voxsahel.com\/?p=1942"},"author":{"name":"Vox Sahel","@id":"https:\/\/voxsahel.com\/#\/schema\/person\/b4043608248f8fa227cd760e7ff1e19e"},"headline":"\u00c9dito de la semaine\/Russie-Burkina : Un partenariat strat\u00e9gique dans un monde en mutation","datePublished":"2025-05-12T06:54:24+00:00","dateModified":"2025-05-12T07:01:55+00:00","mainEntityOfPage":{"@id":"https:\/\/voxsahel.com\/?p=1942"},"wordCount":426,"commentCount":0,"publisher":{"@id":"https:\/\/voxsahel.com\/#organization"},"image":{"@id":"https:\/\/voxsahel.com\/?p=1942#primaryimage"},"thumbnailUrl":"https:\/\/voxsahel.com\/wp-content\/uploads\/2025\/05\/IMG_3480.jpeg","keywords":["Burkina Faso","Capitaine Ibrahim Traor\u00e9","Commune de Ouagadougou","Coop\u00e9ration","Diplomatie","G\u00e9opolitique","Missions diplomatiques","Moscou","Ouagadougou","Politique","Russie","Terrorisme","Vladimir Poutine"],"articleSection":["POLITIQUE"],"inLanguage":"fr-FR","potentialAction":[{"@type":"CommentAction","name":"Comment","target":["https:\/\/voxsahel.com\/?p=1942#respond"]}]},{"@type":"WebPage","@id":"https:\/\/voxsahel.com\/?p=1942","url":"https:\/\/voxsahel.com\/?p=1942","name":"\u00c9dito de la semaine\/Russie-Burkina : Un partenariat strat\u00e9gique dans un monde en mutation - Vox Sahel","isPartOf":{"@id":"https:\/\/voxsahel.com\/#website"},"primaryImageOfPage":{"@id":"https:\/\/voxsahel.com\/?p=1942#primaryimage"},"image":{"@id":"https:\/\/voxsahel.com\/?p=1942#primaryimage"},"thumbnailUrl":"https:\/\/voxsahel.com\/wp-content\/uploads\/2025\/05\/IMG_3480.jpeg","datePublished":"2025-05-12T06:54:24+00:00","dateModified":"2025-05-12T07:01:55+00:00","breadcrumb":{"@id":"https:\/\/voxsahel.com\/?p=1942#breadcrumb"},"inLanguage":"fr-FR","potentialAction":[{"@type":"ReadAction","target":["https:\/\/voxsahel.com\/?p=1942"]}]},{"@type":"ImageObject","inLanguage":"fr-FR","@id":"https:\/\/voxsahel.com\/?p=1942#primaryimage","url":"https:\/\/voxsahel.com\/wp-content\/uploads\/2025\/05\/IMG_3480.jpeg","contentUrl":"https:\/\/voxsahel.com\/wp-content\/uploads\/2025\/05\/IMG_3480.jpeg","width":1179,"height":752},{"@type":"BreadcrumbList","@id":"https:\/\/voxsahel.com\/?p=1942#breadcrumb","itemListElement":[{"@type":"ListItem","position":1,"name":"Home","item":"https:\/\/voxsahel.com\/"},{"@type":"ListItem","position":2,"name":"\u00c9dito de la semaine\/Russie-Burkina : Un partenariat strat\u00e9gique dans un monde en mutation"}]},{"@type":"WebSite","@id":"https:\/\/voxsahel.com\/#website","url":"https:\/\/voxsahel.com\/","name":"Vox Sahel","description":"Informez-vous sur le Sahel en un clic","publisher":{"@id":"https:\/\/voxsahel.com\/#organization"},"potentialAction":[{"@type":"SearchAction","target":{"@type":"EntryPoint","urlTemplate":"https:\/\/voxsahel.com\/?s={search_term_string}"},"query-input":{"@type":"PropertyValueSpecification","valueRequired":true,"valueName":"search_term_string"}}],"inLanguage":"fr-FR"},{"@type":"Organization","@id":"https:\/\/voxsahel.com\/#organization","name":"Vox Sahel","url":"https:\/\/voxsahel.com\/","logo":{"@type":"ImageObject","inLanguage":"fr-FR","@id":"https:\/\/voxsahel.com\/#\/schema\/logo\/image\/","url":"https:\/\/voxsahel.com\/wp-content\/uploads\/2024\/09\/Logo-Vox-Sahel.jpg","contentUrl":"https:\/\/voxsahel.com\/wp-content\/uploads\/2024\/09\/Logo-Vox-Sahel.jpg","width":1181,"height":848,"caption":"Vox Sahel"},"image":{"@id":"https:\/\/voxsahel.com\/#\/schema\/logo\/image\/"},"sameAs":["https:\/\/www.facebook.com\/journal.voxsahel"]},{"@type":"Person","@id":"https:\/\/voxsahel.com\/#\/schema\/person\/b4043608248f8fa227cd760e7ff1e19e","name":"Vox Sahel","image":{"@type":"ImageObject","inLanguage":"fr-FR","@id":"https:\/\/secure.gravatar.com\/avatar\/f70e7fa0cb9b29d4a7c5788d6eb2e9ab4d3135cbae1c9161810fdf77a8964699?s=96&d=mm&r=g","url":"https:\/\/secure.gravatar.com\/avatar\/f70e7fa0cb9b29d4a7c5788d6eb2e9ab4d3135cbae1c9161810fdf77a8964699?s=96&d=mm&r=g","contentUrl":"https:\/\/secure.gravatar.com\/avatar\/f70e7fa0cb9b29d4a7c5788d6eb2e9ab4d3135cbae1c9161810fdf77a8964699?s=96&d=mm&r=g","caption":"Vox Sahel"},"sameAs":["http:\/\/www.voxsahel.com"],"url":"https:\/\/voxsahel.com\/?author=2"}]}},"_links":{"self":[{"href":"https:\/\/voxsahel.com\/index.php?rest_route=\/wp\/v2\/posts\/1942","targetHints":{"allow":["GET"]}}],"collection":[{"href":"https:\/\/voxsahel.com\/index.php?rest_route=\/wp\/v2\/posts"}],"about":[{"href":"https:\/\/voxsahel.com\/index.php?rest_route=\/wp\/v2\/types\/post"}],"author":[{"embeddable":true,"href":"https:\/\/voxsahel.com\/index.php?rest_route=\/wp\/v2\/users\/2"}],"replies":[{"embeddable":true,"href":"https:\/\/voxsahel.com\/index.php?rest_route=%2Fwp%2Fv2%2Fcomments&post=1942"}],"version-history":[{"count":1,"href":"https:\/\/voxsahel.com\/index.php?rest_route=\/wp\/v2\/posts\/1942\/revisions"}],"predecessor-version":[{"id":1944,"href":"https:\/\/voxsahel.com\/index.php?rest_route=\/wp\/v2\/posts\/1942\/revisions\/1944"}],"wp:featuredmedia":[{"embeddable":true,"href":"https:\/\/voxsahel.com\/index.php?rest_route=\/wp\/v2\/media\/1943"}],"wp:attachment":[{"href":"https:\/\/voxsahel.com\/index.php?rest_route=%2Fwp%2Fv2%2Fmedia&parent=1942"}],"wp:term":[{"taxonomy":"category","embeddable":true,"href":"https:\/\/voxsahel.com\/index.php?rest_route=%2Fwp%2Fv2%2Fcategories&post=1942"},{"taxonomy":"post_tag","embeddable":true,"href":"https:\/\/voxsahel.com\/index.php?rest_route=%2Fwp%2Fv2%2Ftags&post=1942"}],"curies":[{"name":"wp","href":"https:\/\/api.w.org\/{rel}","templated":true}]}}