{"id":1935,"date":"2025-05-10T23:19:36","date_gmt":"2025-05-10T23:19:36","guid":{"rendered":"https:\/\/voxsahel.com\/?p=1935"},"modified":"2025-05-10T23:19:36","modified_gmt":"2025-05-10T23:19:36","slug":"renforcement-de-la-cooperation-russo-burkinabe-ibrahim-traore-plaide-pour-un-transfert-de-connaissances-a-moscou","status":"publish","type":"post","link":"https:\/\/voxsahel.com\/?p=1935","title":{"rendered":"Renforcement de la coop\u00e9ration russo-burkinab\u00e8 : Ibrahim Traor\u00e9 plaide pour un transfert de connaissances \u00e0 Moscou"},"content":{"rendered":"<p class=\"p1\">En visite officielle en Russie \u00e0 l\u2019occasion du 80e anniversaire de la Victoire sur l\u2019Allemagne nazie, le Pr\u00e9sident de la Transition du Burkina Faso, le capitaine Ibrahim Traor\u00e9, a r\u00e9affirm\u00e9 ce samedi la volont\u00e9 de son pays de renforcer ses liens strat\u00e9giques avec Moscou, au-del\u00e0 des domaines s\u00e9curitaires.<\/p>\n<p class=\"p1\"><span class=\"s2\">Lors de sa rencontre avec son homologue russe Vladimir Poutine, le chef de l\u2019\u00c9tat burkinab\u00e8 a clairement affich\u00e9 ses ambitions : <\/span><span class=\"s3\">\u00ab Nous ne demandons pas de l\u2019aide, nous demandons un transfert de connaissances \u00bb<\/span><span class=\"s2\">, a-t-il d\u00e9clar\u00e9, soulignant le besoin de son pays de s\u2019appuyer sur l\u2019expertise russe pour b\u00e2tir son ind\u00e9pendance \u00e9ducative, scientifique, technologique et industrielle.<\/span><\/p>\n<p class=\"p1\"><strong><span class=\"s1\">Un hub du savoir pour l\u2019Afrique de l\u2019Ouest<\/span><\/strong><\/p>\n<p class=\"p1\"><span class=\"s2\">Parmi les priorit\u00e9s expos\u00e9es, le Pr\u00e9sident Traor\u00e9 a propos\u00e9 la duplication d\u2019universit\u00e9s russes au Burkina Faso. Objectif : faire du pays un v\u00e9ritable <\/span><span class=\"s3\">hub du savoir<\/span><span class=\"s2\"> pour la jeunesse africaine. Il souhaite que des jeunes venus de toute l\u2019Afrique puissent venir se former au Burkina Faso dans des fili\u00e8res scientifiques, techniques et industrielles, gr\u00e2ce \u00e0 des partenariats universitaires renforc\u00e9s.<\/span><\/p>\n<p class=\"p1\"><span class=\"s2\">La Russie semble r\u00e9pondre favorablement \u00e0 cet appel. Vladimir Poutine a annonc\u00e9 un doublement des bourses d&rsquo;\u00c9tat accord\u00e9es aux \u00e9tudiants burkinab\u00e8 pour l\u2019ann\u00e9e universitaire 2024-2025. Par ailleurs, la <\/span><span class=\"s3\">Maison russe<\/span><span class=\"s2\"> \u00e0 Ouagadougou, d\u00e9j\u00e0 active dans la promotion de la langue et de la culture russes, joue un r\u00f4le croissant dans le rapprochement entre les deux peuples.<\/span><\/p>\n<p class=\"p1\"><span class=\"s2\">Si la coop\u00e9ration militaire reste un pilier central des relations russo-burkinab\u00e8, notamment dans la lutte contre les groupes radicaux, les deux chefs d\u2019\u00c9tat ont mis en avant la n\u00e9cessit\u00e9 de diversifier leurs \u00e9changes. Vladimir Poutine a salu\u00e9 l\u2019augmentation du chiffre d\u2019affaires commercial entre les deux pays et a appel\u00e9 \u00e0 <\/span><span class=\"s3\">\u00ab\u00a0renforcer davantage les liens \u00e9conomiques et diversifier les \u00e9changes mutuels.\u00a0\u00bb<\/span><\/p>\n<p class=\"p1\"><span class=\"s2\">En mati\u00e8re humanitaire, le pr\u00e9sident russe a rappel\u00e9 l\u2019envoi de 25 000 tonnes de bl\u00e9 au Burkina Faso en 2024. Il a \u00e9galement soulign\u00e9 l\u2019apport historique du Burkina dans la Seconde Guerre mondiale, rappelant que pr\u00e8s de 30 000 soldats burkinab\u00e8 ont combattu aux c\u00f4t\u00e9s des Alli\u00e9s.<\/span><\/p>\n<p class=\"p1\"><span class=\"s2\">Abordant la situation s\u00e9curitaire au Burkina Faso, le capitaine Traor\u00e9 a soulign\u00e9 que la guerre dans son pays ne se limite pas \u00e0 une lutte contre le terrorisme. <\/span><span class=\"s3\">\u00ab C\u2019est une guerre contre l\u2019imp\u00e9rialisme qui veut s\u2019accaparer de nos terres \u00bb<\/span><span class=\"s2\">, a-t-il lanc\u00e9, dans une critique implicite de certaines puissances \u00e9trang\u00e8res pr\u00e9sentes dans la r\u00e9gion.<\/span><\/p>\n<p class=\"p1\"><strong><span class=\"s1\">L\u2019AES, symbole d\u2019une souverainet\u00e9 retrouv\u00e9e<\/span><\/strong><\/p>\n<p class=\"p1\"><span class=\"s2\">La visite de Traor\u00e9 \u00e0 Moscou s\u2019inscrit aussi dans un contexte g\u00e9opolitique plus large. Le ministre russe de la D\u00e9fense a exprim\u00e9 son soutien \u00e0 la Conf\u00e9d\u00e9ration des \u00c9tats du Sahel (AES), saluant la <\/span><span class=\"s3\">\u00ab\u00a0d\u00e9termination du Burkina Faso, du Mali et du Niger \u00e0 mener une politique \u00e9trang\u00e8re ind\u00e9pendante.\u00a0\u00bb<\/span><\/p>\n<p class=\"p1\"><strong><span class=\"s1\">Une visite hautement symbolique<\/span><\/strong><\/p>\n<p class=\"p1\"><span class=\"s2\">Le pr\u00e9sident Traor\u00e9 a particip\u00e9 le 9 mai au prestigieux d\u00e9fil\u00e9 de la Victoire sur la Place Rouge, rendant un salut militaire \u00e0 Vladimir Poutine, qu\u2019il a appel\u00e9 <\/span><span class=\"s3\">\u00ab camarade Pr\u00e9sident \u00bb<\/span><span class=\"s2\"> en russe, avant de lui souhaiter <\/span><span class=\"s3\">\u00ab bonne sant\u00e9 \u00bb<\/span><span class=\"s2\">, non sans humour sur sa prononciation.<\/span><\/p>\n<p class=\"p1\"><span class=\"s2\">Ce d\u00e9placement marque un tournant dans la diplomatie burkinab\u00e8, qui entend d\u00e9sormais s\u2019ouvrir \u00e0 de nouveaux partenariats fond\u00e9s sur le respect mutuel, la souverainet\u00e9 et le transfert de comp\u00e9tences.<\/span><\/p>\n<p class=\"p1\" style=\"text-align: right;\"><strong><span class=\"s2\">Par Vox Sahel <\/span><\/strong><\/p>\n","protected":false},"excerpt":{"rendered":"<p>En visite officielle en Russie \u00e0 l\u2019occasion du 80e anniversaire de la Victoire sur l\u2019Allemagne<\/p>\n","protected":false},"author":2,"featured_media":1936,"comment_status":"open","ping_status":"open","sticky":false,"template":"","format":"standard","meta":{"_et_pb_use_builder":"","_et_pb_old_content":"","_et_gb_content_width":"","footnotes":""},"categories":[15],"tags":[18,174,392,20,752],"class_list":["post-1935","post","type-post","status-publish","format-standard","has-post-thumbnail","hentry","category-international","tag-burkina-faso","tag-capitaine-ibrahim-traore","tag-russie","tag-terrorisme","tag-vladimir-poutine"],"yoast_head":"<!-- This site is optimized with the Yoast SEO plugin v27.5 - https:\/\/yoast.com\/product\/yoast-seo-wordpress\/ -->\n<title>Renforcement de la coop\u00e9ration russo-burkinab\u00e8 : Ibrahim Traor\u00e9 plaide pour un transfert de connaissances \u00e0 Moscou - Vox Sahel<\/title>\n<meta name=\"robots\" content=\"index, follow, max-snippet:-1, max-image-preview:large, max-video-preview:-1\" \/>\n<link rel=\"canonical\" href=\"https:\/\/voxsahel.com\/?p=1935\" \/>\n<meta property=\"og:locale\" content=\"fr_FR\" \/>\n<meta property=\"og:type\" content=\"article\" \/>\n<meta property=\"og:title\" content=\"Renforcement de la coop\u00e9ration russo-burkinab\u00e8 : Ibrahim Traor\u00e9 plaide pour un transfert de connaissances \u00e0 Moscou - Vox Sahel\" \/>\n<meta property=\"og:description\" content=\"En visite officielle en Russie \u00e0 l\u2019occasion du 80e anniversaire de la Victoire sur l\u2019Allemagne\" \/>\n<meta property=\"og:url\" content=\"https:\/\/voxsahel.com\/?p=1935\" \/>\n<meta property=\"og:site_name\" content=\"Vox Sahel\" \/>\n<meta property=\"article:publisher\" content=\"https:\/\/www.facebook.com\/journal.voxsahel\" \/>\n<meta property=\"article:published_time\" content=\"2025-05-10T23:19:36+00:00\" \/>\n<meta property=\"og:image\" content=\"https:\/\/voxsahel.com\/wp-content\/uploads\/2025\/05\/IMG_3170.jpeg\" \/>\n\t<meta property=\"og:image:width\" content=\"720\" \/>\n\t<meta property=\"og:image:height\" content=\"444\" \/>\n\t<meta property=\"og:image:type\" content=\"image\/jpeg\" \/>\n<meta name=\"author\" content=\"Vox Sahel\" \/>\n<meta name=\"twitter:card\" content=\"summary_large_image\" \/>\n<meta name=\"twitter:label1\" content=\"\u00c9crit par\" \/>\n\t<meta name=\"twitter:data1\" content=\"Vox Sahel\" \/>\n\t<meta name=\"twitter:label2\" content=\"Dur\u00e9e de lecture estim\u00e9e\" \/>\n\t<meta name=\"twitter:data2\" content=\"3 minutes\" \/>\n<script type=\"application\/ld+json\" class=\"yoast-schema-graph\">{\"@context\":\"https:\\\/\\\/schema.org\",\"@graph\":[{\"@type\":\"Article\",\"@id\":\"https:\\\/\\\/voxsahel.com\\\/?p=1935#article\",\"isPartOf\":{\"@id\":\"https:\\\/\\\/voxsahel.com\\\/?p=1935\"},\"author\":{\"name\":\"Vox Sahel\",\"@id\":\"https:\\\/\\\/voxsahel.com\\\/#\\\/schema\\\/person\\\/b4043608248f8fa227cd760e7ff1e19e\"},\"headline\":\"Renforcement de la coop\u00e9ration russo-burkinab\u00e8 : Ibrahim Traor\u00e9 plaide pour un transfert de connaissances \u00e0 Moscou\",\"datePublished\":\"2025-05-10T23:19:36+00:00\",\"mainEntityOfPage\":{\"@id\":\"https:\\\/\\\/voxsahel.com\\\/?p=1935\"},\"wordCount\":589,\"commentCount\":0,\"publisher\":{\"@id\":\"https:\\\/\\\/voxsahel.com\\\/#organization\"},\"image\":{\"@id\":\"https:\\\/\\\/voxsahel.com\\\/?p=1935#primaryimage\"},\"thumbnailUrl\":\"https:\\\/\\\/voxsahel.com\\\/wp-content\\\/uploads\\\/2025\\\/05\\\/IMG_3170.jpeg\",\"keywords\":[\"Burkina Faso\",\"Capitaine Ibrahim Traor\u00e9\",\"Russie\",\"Terrorisme\",\"Vladimir Poutine\"],\"articleSection\":[\"INTERNATIONAL\"],\"inLanguage\":\"fr-FR\",\"potentialAction\":[{\"@type\":\"CommentAction\",\"name\":\"Comment\",\"target\":[\"https:\\\/\\\/voxsahel.com\\\/?p=1935#respond\"]}]},{\"@type\":\"WebPage\",\"@id\":\"https:\\\/\\\/voxsahel.com\\\/?p=1935\",\"url\":\"https:\\\/\\\/voxsahel.com\\\/?p=1935\",\"name\":\"Renforcement de la coop\u00e9ration russo-burkinab\u00e8 : Ibrahim Traor\u00e9 plaide pour un transfert de connaissances \u00e0 Moscou - Vox Sahel\",\"isPartOf\":{\"@id\":\"https:\\\/\\\/voxsahel.com\\\/#website\"},\"primaryImageOfPage\":{\"@id\":\"https:\\\/\\\/voxsahel.com\\\/?p=1935#primaryimage\"},\"image\":{\"@id\":\"https:\\\/\\\/voxsahel.com\\\/?p=1935#primaryimage\"},\"thumbnailUrl\":\"https:\\\/\\\/voxsahel.com\\\/wp-content\\\/uploads\\\/2025\\\/05\\\/IMG_3170.jpeg\",\"datePublished\":\"2025-05-10T23:19:36+00:00\",\"breadcrumb\":{\"@id\":\"https:\\\/\\\/voxsahel.com\\\/?p=1935#breadcrumb\"},\"inLanguage\":\"fr-FR\",\"potentialAction\":[{\"@type\":\"ReadAction\",\"target\":[\"https:\\\/\\\/voxsahel.com\\\/?p=1935\"]}]},{\"@type\":\"ImageObject\",\"inLanguage\":\"fr-FR\",\"@id\":\"https:\\\/\\\/voxsahel.com\\\/?p=1935#primaryimage\",\"url\":\"https:\\\/\\\/voxsahel.com\\\/wp-content\\\/uploads\\\/2025\\\/05\\\/IMG_3170.jpeg\",\"contentUrl\":\"https:\\\/\\\/voxsahel.com\\\/wp-content\\\/uploads\\\/2025\\\/05\\\/IMG_3170.jpeg\",\"width\":720,\"height\":444},{\"@type\":\"BreadcrumbList\",\"@id\":\"https:\\\/\\\/voxsahel.com\\\/?p=1935#breadcrumb\",\"itemListElement\":[{\"@type\":\"ListItem\",\"position\":1,\"name\":\"Home\",\"item\":\"https:\\\/\\\/voxsahel.com\\\/\"},{\"@type\":\"ListItem\",\"position\":2,\"name\":\"Renforcement de la coop\u00e9ration russo-burkinab\u00e8 : Ibrahim Traor\u00e9 plaide pour un transfert de connaissances \u00e0 Moscou\"}]},{\"@type\":\"WebSite\",\"@id\":\"https:\\\/\\\/voxsahel.com\\\/#website\",\"url\":\"https:\\\/\\\/voxsahel.com\\\/\",\"name\":\"Vox Sahel\",\"description\":\"Informez-vous sur le Sahel en un clic\",\"publisher\":{\"@id\":\"https:\\\/\\\/voxsahel.com\\\/#organization\"},\"potentialAction\":[{\"@type\":\"SearchAction\",\"target\":{\"@type\":\"EntryPoint\",\"urlTemplate\":\"https:\\\/\\\/voxsahel.com\\\/?s={search_term_string}\"},\"query-input\":{\"@type\":\"PropertyValueSpecification\",\"valueRequired\":true,\"valueName\":\"search_term_string\"}}],\"inLanguage\":\"fr-FR\"},{\"@type\":\"Organization\",\"@id\":\"https:\\\/\\\/voxsahel.com\\\/#organization\",\"name\":\"Vox Sahel\",\"url\":\"https:\\\/\\\/voxsahel.com\\\/\",\"logo\":{\"@type\":\"ImageObject\",\"inLanguage\":\"fr-FR\",\"@id\":\"https:\\\/\\\/voxsahel.com\\\/#\\\/schema\\\/logo\\\/image\\\/\",\"url\":\"https:\\\/\\\/voxsahel.com\\\/wp-content\\\/uploads\\\/2024\\\/09\\\/Logo-Vox-Sahel.jpg\",\"contentUrl\":\"https:\\\/\\\/voxsahel.com\\\/wp-content\\\/uploads\\\/2024\\\/09\\\/Logo-Vox-Sahel.jpg\",\"width\":1181,\"height\":848,\"caption\":\"Vox Sahel\"},\"image\":{\"@id\":\"https:\\\/\\\/voxsahel.com\\\/#\\\/schema\\\/logo\\\/image\\\/\"},\"sameAs\":[\"https:\\\/\\\/www.facebook.com\\\/journal.voxsahel\"]},{\"@type\":\"Person\",\"@id\":\"https:\\\/\\\/voxsahel.com\\\/#\\\/schema\\\/person\\\/b4043608248f8fa227cd760e7ff1e19e\",\"name\":\"Vox Sahel\",\"image\":{\"@type\":\"ImageObject\",\"inLanguage\":\"fr-FR\",\"@id\":\"https:\\\/\\\/secure.gravatar.com\\\/avatar\\\/f70e7fa0cb9b29d4a7c5788d6eb2e9ab4d3135cbae1c9161810fdf77a8964699?s=96&d=mm&r=g\",\"url\":\"https:\\\/\\\/secure.gravatar.com\\\/avatar\\\/f70e7fa0cb9b29d4a7c5788d6eb2e9ab4d3135cbae1c9161810fdf77a8964699?s=96&d=mm&r=g\",\"contentUrl\":\"https:\\\/\\\/secure.gravatar.com\\\/avatar\\\/f70e7fa0cb9b29d4a7c5788d6eb2e9ab4d3135cbae1c9161810fdf77a8964699?s=96&d=mm&r=g\",\"caption\":\"Vox Sahel\"},\"sameAs\":[\"http:\\\/\\\/www.voxsahel.com\"],\"url\":\"https:\\\/\\\/voxsahel.com\\\/?author=2\"}]}<\/script>\n<!-- \/ Yoast SEO plugin. -->","yoast_head_json":{"title":"Renforcement de la coop\u00e9ration russo-burkinab\u00e8 : Ibrahim Traor\u00e9 plaide pour un transfert de connaissances \u00e0 Moscou - Vox Sahel","robots":{"index":"index","follow":"follow","max-snippet":"max-snippet:-1","max-image-preview":"max-image-preview:large","max-video-preview":"max-video-preview:-1"},"canonical":"https:\/\/voxsahel.com\/?p=1935","og_locale":"fr_FR","og_type":"article","og_title":"Renforcement de la coop\u00e9ration russo-burkinab\u00e8 : Ibrahim Traor\u00e9 plaide pour un transfert de connaissances \u00e0 Moscou - Vox Sahel","og_description":"En visite officielle en Russie \u00e0 l\u2019occasion du 80e anniversaire de la Victoire sur l\u2019Allemagne","og_url":"https:\/\/voxsahel.com\/?p=1935","og_site_name":"Vox Sahel","article_publisher":"https:\/\/www.facebook.com\/journal.voxsahel","article_published_time":"2025-05-10T23:19:36+00:00","og_image":[{"width":720,"height":444,"url":"https:\/\/voxsahel.com\/wp-content\/uploads\/2025\/05\/IMG_3170.jpeg","type":"image\/jpeg"}],"author":"Vox Sahel","twitter_card":"summary_large_image","twitter_misc":{"\u00c9crit par":"Vox Sahel","Dur\u00e9e de lecture estim\u00e9e":"3 minutes"},"schema":{"@context":"https:\/\/schema.org","@graph":[{"@type":"Article","@id":"https:\/\/voxsahel.com\/?p=1935#article","isPartOf":{"@id":"https:\/\/voxsahel.com\/?p=1935"},"author":{"name":"Vox Sahel","@id":"https:\/\/voxsahel.com\/#\/schema\/person\/b4043608248f8fa227cd760e7ff1e19e"},"headline":"Renforcement de la coop\u00e9ration russo-burkinab\u00e8 : Ibrahim Traor\u00e9 plaide pour un transfert de connaissances \u00e0 Moscou","datePublished":"2025-05-10T23:19:36+00:00","mainEntityOfPage":{"@id":"https:\/\/voxsahel.com\/?p=1935"},"wordCount":589,"commentCount":0,"publisher":{"@id":"https:\/\/voxsahel.com\/#organization"},"image":{"@id":"https:\/\/voxsahel.com\/?p=1935#primaryimage"},"thumbnailUrl":"https:\/\/voxsahel.com\/wp-content\/uploads\/2025\/05\/IMG_3170.jpeg","keywords":["Burkina Faso","Capitaine Ibrahim Traor\u00e9","Russie","Terrorisme","Vladimir Poutine"],"articleSection":["INTERNATIONAL"],"inLanguage":"fr-FR","potentialAction":[{"@type":"CommentAction","name":"Comment","target":["https:\/\/voxsahel.com\/?p=1935#respond"]}]},{"@type":"WebPage","@id":"https:\/\/voxsahel.com\/?p=1935","url":"https:\/\/voxsahel.com\/?p=1935","name":"Renforcement de la coop\u00e9ration russo-burkinab\u00e8 : Ibrahim Traor\u00e9 plaide pour un transfert de connaissances \u00e0 Moscou - Vox Sahel","isPartOf":{"@id":"https:\/\/voxsahel.com\/#website"},"primaryImageOfPage":{"@id":"https:\/\/voxsahel.com\/?p=1935#primaryimage"},"image":{"@id":"https:\/\/voxsahel.com\/?p=1935#primaryimage"},"thumbnailUrl":"https:\/\/voxsahel.com\/wp-content\/uploads\/2025\/05\/IMG_3170.jpeg","datePublished":"2025-05-10T23:19:36+00:00","breadcrumb":{"@id":"https:\/\/voxsahel.com\/?p=1935#breadcrumb"},"inLanguage":"fr-FR","potentialAction":[{"@type":"ReadAction","target":["https:\/\/voxsahel.com\/?p=1935"]}]},{"@type":"ImageObject","inLanguage":"fr-FR","@id":"https:\/\/voxsahel.com\/?p=1935#primaryimage","url":"https:\/\/voxsahel.com\/wp-content\/uploads\/2025\/05\/IMG_3170.jpeg","contentUrl":"https:\/\/voxsahel.com\/wp-content\/uploads\/2025\/05\/IMG_3170.jpeg","width":720,"height":444},{"@type":"BreadcrumbList","@id":"https:\/\/voxsahel.com\/?p=1935#breadcrumb","itemListElement":[{"@type":"ListItem","position":1,"name":"Home","item":"https:\/\/voxsahel.com\/"},{"@type":"ListItem","position":2,"name":"Renforcement de la coop\u00e9ration russo-burkinab\u00e8 : Ibrahim Traor\u00e9 plaide pour un transfert de connaissances \u00e0 Moscou"}]},{"@type":"WebSite","@id":"https:\/\/voxsahel.com\/#website","url":"https:\/\/voxsahel.com\/","name":"Vox Sahel","description":"Informez-vous sur le Sahel en un clic","publisher":{"@id":"https:\/\/voxsahel.com\/#organization"},"potentialAction":[{"@type":"SearchAction","target":{"@type":"EntryPoint","urlTemplate":"https:\/\/voxsahel.com\/?s={search_term_string}"},"query-input":{"@type":"PropertyValueSpecification","valueRequired":true,"valueName":"search_term_string"}}],"inLanguage":"fr-FR"},{"@type":"Organization","@id":"https:\/\/voxsahel.com\/#organization","name":"Vox Sahel","url":"https:\/\/voxsahel.com\/","logo":{"@type":"ImageObject","inLanguage":"fr-FR","@id":"https:\/\/voxsahel.com\/#\/schema\/logo\/image\/","url":"https:\/\/voxsahel.com\/wp-content\/uploads\/2024\/09\/Logo-Vox-Sahel.jpg","contentUrl":"https:\/\/voxsahel.com\/wp-content\/uploads\/2024\/09\/Logo-Vox-Sahel.jpg","width":1181,"height":848,"caption":"Vox Sahel"},"image":{"@id":"https:\/\/voxsahel.com\/#\/schema\/logo\/image\/"},"sameAs":["https:\/\/www.facebook.com\/journal.voxsahel"]},{"@type":"Person","@id":"https:\/\/voxsahel.com\/#\/schema\/person\/b4043608248f8fa227cd760e7ff1e19e","name":"Vox Sahel","image":{"@type":"ImageObject","inLanguage":"fr-FR","@id":"https:\/\/secure.gravatar.com\/avatar\/f70e7fa0cb9b29d4a7c5788d6eb2e9ab4d3135cbae1c9161810fdf77a8964699?s=96&d=mm&r=g","url":"https:\/\/secure.gravatar.com\/avatar\/f70e7fa0cb9b29d4a7c5788d6eb2e9ab4d3135cbae1c9161810fdf77a8964699?s=96&d=mm&r=g","contentUrl":"https:\/\/secure.gravatar.com\/avatar\/f70e7fa0cb9b29d4a7c5788d6eb2e9ab4d3135cbae1c9161810fdf77a8964699?s=96&d=mm&r=g","caption":"Vox Sahel"},"sameAs":["http:\/\/www.voxsahel.com"],"url":"https:\/\/voxsahel.com\/?author=2"}]}},"_links":{"self":[{"href":"https:\/\/voxsahel.com\/index.php?rest_route=\/wp\/v2\/posts\/1935","targetHints":{"allow":["GET"]}}],"collection":[{"href":"https:\/\/voxsahel.com\/index.php?rest_route=\/wp\/v2\/posts"}],"about":[{"href":"https:\/\/voxsahel.com\/index.php?rest_route=\/wp\/v2\/types\/post"}],"author":[{"embeddable":true,"href":"https:\/\/voxsahel.com\/index.php?rest_route=\/wp\/v2\/users\/2"}],"replies":[{"embeddable":true,"href":"https:\/\/voxsahel.com\/index.php?rest_route=%2Fwp%2Fv2%2Fcomments&post=1935"}],"version-history":[{"count":1,"href":"https:\/\/voxsahel.com\/index.php?rest_route=\/wp\/v2\/posts\/1935\/revisions"}],"predecessor-version":[{"id":1937,"href":"https:\/\/voxsahel.com\/index.php?rest_route=\/wp\/v2\/posts\/1935\/revisions\/1937"}],"wp:featuredmedia":[{"embeddable":true,"href":"https:\/\/voxsahel.com\/index.php?rest_route=\/wp\/v2\/media\/1936"}],"wp:attachment":[{"href":"https:\/\/voxsahel.com\/index.php?rest_route=%2Fwp%2Fv2%2Fmedia&parent=1935"}],"wp:term":[{"taxonomy":"category","embeddable":true,"href":"https:\/\/voxsahel.com\/index.php?rest_route=%2Fwp%2Fv2%2Fcategories&post=1935"},{"taxonomy":"post_tag","embeddable":true,"href":"https:\/\/voxsahel.com\/index.php?rest_route=%2Fwp%2Fv2%2Ftags&post=1935"}],"curies":[{"name":"wp","href":"https:\/\/api.w.org\/{rel}","templated":true}]}}