{"id":1931,"date":"2025-05-09T18:26:59","date_gmt":"2025-05-09T18:26:59","guid":{"rendered":"https:\/\/voxsahel.com\/?p=1931"},"modified":"2025-05-09T18:28:38","modified_gmt":"2025-05-09T18:28:38","slug":"jour-de-la-victoire-en-russie-le-president-burkinabe-au-coeur-des-festivites-a-moscou","status":"publish","type":"post","link":"https:\/\/voxsahel.com\/?p=1931","title":{"rendered":"Jour de la Victoire en Russie : Le pr\u00e9sident burkinab\u00e8 au c\u0153ur des festivit\u00e9s \u00e0 Moscou"},"content":{"rendered":"<p>La Russie a c\u00e9l\u00e9br\u00e9 ce jeudi 9 mai 2025, le 80e anniversaire de la victoire contre l\u2019Allemagne nazie. Comme chaque ann\u00e9e, une grande parade militaire s\u2019est tenue sur la place Rouge, en pr\u00e9sence du pr\u00e9sident Vladimir Poutine et de plusieurs dirigeants \u00e9trangers. Parmi eux, la pr\u00e9sence remarqu\u00e9e du capitaine Ibrahim Traor\u00e9, pr\u00e9sident de la transition burkinab\u00e8, n\u2019est pas pass\u00e9e inaper\u00e7ue.<\/p>\n<p>Invit\u00e9 de marque du Kremlin, le chef de l\u2019\u00c9tat burkinab\u00e8 a fait une entr\u00e9e remarqu\u00e9e \u00e0 Moscou. Selon plusieurs sources diplomatiques, un avion sp\u00e9cial aurait \u00e9t\u00e9 affr\u00e9t\u00e9 par les autorit\u00e9s russes pour son d\u00e9placement, accompagn\u00e9 d\u2019une escorte d\u2019avions de chasse. Un protocole rare, qui illustre le renforcement des liens entre Ouagadougou et Moscou.<\/p>\n<p>Il s\u2019agit du deuxi\u00e8me s\u00e9jour d\u2019Ibrahim Traor\u00e9 en Russie depuis son arriv\u00e9e au pouvoir en 2022. Il avait d\u00e9j\u00e0 particip\u00e9 au sommet Russie-Afrique en juillet 2023. Cette fois, il fait partie d\u2019une poign\u00e9e de dirigeants africains pr\u00e9sents pour les comm\u00e9morations du 9 mai, aux c\u00f4t\u00e9s de ses homologues d\u2019\u00c9gypte, du Congo, du Zimbabwe, de la Guin\u00e9e \u00e9quatoriale et de la Guin\u00e9e-Bissau.<\/p>\n<p>Mais c\u2019est la figure du jeune pr\u00e9sident burkinab\u00e8 qui a capt\u00e9 les projecteurs, tant en raison de son statut de nouvel acteur politique au Sahel que du signal diplomatique qu\u2019envoie sa mise en avant par Moscou.<\/p>\n<p>Au cours de son s\u00e9jour, Ibrahim Traor\u00e9 doit s\u2019entretenir avec Vladimir Poutine sur plusieurs dossiers strat\u00e9giques, notamment la coop\u00e9ration militaire et \u00e9conomique entre les deux pays. Des rencontres avec la diaspora burkinab\u00e8 et les membres de l\u2019Alliance des \u00c9tats du Sahel install\u00e9s en Russie sont \u00e9galement pr\u00e9vues.<\/p>\n<p>Ce d\u00e9placement s\u2019inscrit dans un contexte r\u00e9gional tendu, o\u00f9 plusieurs pays sah\u00e9liens, dont le Burkina Faso, cherchent \u00e0 diversifier leurs partenariats internationaux apr\u00e8s la d\u00e9gradation de leurs relations avec certaines puissances occidentales.<\/p>\n<p style=\"text-align: right;\"><strong>Par Vox Sahel<\/strong><\/p>\n","protected":false},"excerpt":{"rendered":"<p>La Russie a c\u00e9l\u00e9br\u00e9 ce jeudi 9 mai 2025, le 80e anniversaire de la victoire<\/p>\n","protected":false},"author":2,"featured_media":1934,"comment_status":"open","ping_status":"open","sticky":false,"template":"","format":"standard","meta":{"_et_pb_use_builder":"","_et_pb_old_content":"","_et_gb_content_width":"","footnotes":""},"categories":[15],"tags":[751,18,174,753,392,752],"class_list":["post-1931","post","type-post","status-publish","format-standard","has-post-thumbnail","hentry","category-international","tag-allemagne-nazie","tag-burkina-faso","tag-capitaine-ibrahim-traore","tag-kremlin","tag-russie","tag-vladimir-poutine"],"yoast_head":"<!-- This site is optimized with the Yoast SEO plugin v27.5 - https:\/\/yoast.com\/product\/yoast-seo-wordpress\/ -->\n<title>Jour de la Victoire en Russie : Le pr\u00e9sident burkinab\u00e8 au c\u0153ur des festivit\u00e9s \u00e0 Moscou - Vox Sahel<\/title>\n<meta name=\"robots\" content=\"index, follow, max-snippet:-1, max-image-preview:large, max-video-preview:-1\" \/>\n<link rel=\"canonical\" href=\"https:\/\/voxsahel.com\/?p=1931\" \/>\n<meta property=\"og:locale\" content=\"fr_FR\" \/>\n<meta property=\"og:type\" content=\"article\" \/>\n<meta property=\"og:title\" content=\"Jour de la Victoire en Russie : Le pr\u00e9sident burkinab\u00e8 au c\u0153ur des festivit\u00e9s \u00e0 Moscou - Vox Sahel\" \/>\n<meta property=\"og:description\" content=\"La Russie a c\u00e9l\u00e9br\u00e9 ce jeudi 9 mai 2025, le 80e anniversaire de la victoire\" \/>\n<meta property=\"og:url\" content=\"https:\/\/voxsahel.com\/?p=1931\" \/>\n<meta property=\"og:site_name\" content=\"Vox Sahel\" \/>\n<meta property=\"article:publisher\" content=\"https:\/\/www.facebook.com\/journal.voxsahel\" \/>\n<meta property=\"article:published_time\" content=\"2025-05-09T18:26:59+00:00\" \/>\n<meta property=\"article:modified_time\" content=\"2025-05-09T18:28:38+00:00\" \/>\n<meta property=\"og:image\" content=\"https:\/\/voxsahel.com\/wp-content\/uploads\/2025\/05\/589e954b-c861-4473-8d24-68ad38e37121-scaled.jpeg\" \/>\n\t<meta property=\"og:image:width\" content=\"2560\" \/>\n\t<meta property=\"og:image:height\" content=\"1549\" \/>\n\t<meta property=\"og:image:type\" content=\"image\/jpeg\" \/>\n<meta name=\"author\" content=\"Vox Sahel\" \/>\n<meta name=\"twitter:card\" content=\"summary_large_image\" \/>\n<meta name=\"twitter:label1\" content=\"\u00c9crit par\" \/>\n\t<meta name=\"twitter:data1\" content=\"Vox Sahel\" \/>\n\t<meta name=\"twitter:label2\" content=\"Dur\u00e9e de lecture estim\u00e9e\" \/>\n\t<meta name=\"twitter:data2\" content=\"2 minutes\" \/>\n<script type=\"application\/ld+json\" class=\"yoast-schema-graph\">{\"@context\":\"https:\\\/\\\/schema.org\",\"@graph\":[{\"@type\":\"Article\",\"@id\":\"https:\\\/\\\/voxsahel.com\\\/?p=1931#article\",\"isPartOf\":{\"@id\":\"https:\\\/\\\/voxsahel.com\\\/?p=1931\"},\"author\":{\"name\":\"Vox Sahel\",\"@id\":\"https:\\\/\\\/voxsahel.com\\\/#\\\/schema\\\/person\\\/b4043608248f8fa227cd760e7ff1e19e\"},\"headline\":\"Jour de la Victoire en Russie : Le pr\u00e9sident burkinab\u00e8 au c\u0153ur des festivit\u00e9s \u00e0 Moscou\",\"datePublished\":\"2025-05-09T18:26:59+00:00\",\"dateModified\":\"2025-05-09T18:28:38+00:00\",\"mainEntityOfPage\":{\"@id\":\"https:\\\/\\\/voxsahel.com\\\/?p=1931\"},\"wordCount\":355,\"commentCount\":0,\"publisher\":{\"@id\":\"https:\\\/\\\/voxsahel.com\\\/#organization\"},\"image\":{\"@id\":\"https:\\\/\\\/voxsahel.com\\\/?p=1931#primaryimage\"},\"thumbnailUrl\":\"https:\\\/\\\/voxsahel.com\\\/wp-content\\\/uploads\\\/2025\\\/05\\\/589e954b-c861-4473-8d24-68ad38e37121-scaled.jpeg\",\"keywords\":[\"Allemagne nazie\",\"Burkina Faso\",\"Capitaine Ibrahim Traor\u00e9\",\"Kremlin\",\"Russie\",\"Vladimir Poutine\"],\"articleSection\":[\"INTERNATIONAL\"],\"inLanguage\":\"fr-FR\",\"potentialAction\":[{\"@type\":\"CommentAction\",\"name\":\"Comment\",\"target\":[\"https:\\\/\\\/voxsahel.com\\\/?p=1931#respond\"]}]},{\"@type\":\"WebPage\",\"@id\":\"https:\\\/\\\/voxsahel.com\\\/?p=1931\",\"url\":\"https:\\\/\\\/voxsahel.com\\\/?p=1931\",\"name\":\"Jour de la Victoire en Russie : Le pr\u00e9sident burkinab\u00e8 au c\u0153ur des festivit\u00e9s \u00e0 Moscou - Vox Sahel\",\"isPartOf\":{\"@id\":\"https:\\\/\\\/voxsahel.com\\\/#website\"},\"primaryImageOfPage\":{\"@id\":\"https:\\\/\\\/voxsahel.com\\\/?p=1931#primaryimage\"},\"image\":{\"@id\":\"https:\\\/\\\/voxsahel.com\\\/?p=1931#primaryimage\"},\"thumbnailUrl\":\"https:\\\/\\\/voxsahel.com\\\/wp-content\\\/uploads\\\/2025\\\/05\\\/589e954b-c861-4473-8d24-68ad38e37121-scaled.jpeg\",\"datePublished\":\"2025-05-09T18:26:59+00:00\",\"dateModified\":\"2025-05-09T18:28:38+00:00\",\"breadcrumb\":{\"@id\":\"https:\\\/\\\/voxsahel.com\\\/?p=1931#breadcrumb\"},\"inLanguage\":\"fr-FR\",\"potentialAction\":[{\"@type\":\"ReadAction\",\"target\":[\"https:\\\/\\\/voxsahel.com\\\/?p=1931\"]}]},{\"@type\":\"ImageObject\",\"inLanguage\":\"fr-FR\",\"@id\":\"https:\\\/\\\/voxsahel.com\\\/?p=1931#primaryimage\",\"url\":\"https:\\\/\\\/voxsahel.com\\\/wp-content\\\/uploads\\\/2025\\\/05\\\/589e954b-c861-4473-8d24-68ad38e37121-scaled.jpeg\",\"contentUrl\":\"https:\\\/\\\/voxsahel.com\\\/wp-content\\\/uploads\\\/2025\\\/05\\\/589e954b-c861-4473-8d24-68ad38e37121-scaled.jpeg\",\"width\":2560,\"height\":1549},{\"@type\":\"BreadcrumbList\",\"@id\":\"https:\\\/\\\/voxsahel.com\\\/?p=1931#breadcrumb\",\"itemListElement\":[{\"@type\":\"ListItem\",\"position\":1,\"name\":\"Home\",\"item\":\"https:\\\/\\\/voxsahel.com\\\/\"},{\"@type\":\"ListItem\",\"position\":2,\"name\":\"Jour de la Victoire en Russie : Le pr\u00e9sident burkinab\u00e8 au c\u0153ur des festivit\u00e9s \u00e0 Moscou\"}]},{\"@type\":\"WebSite\",\"@id\":\"https:\\\/\\\/voxsahel.com\\\/#website\",\"url\":\"https:\\\/\\\/voxsahel.com\\\/\",\"name\":\"Vox Sahel\",\"description\":\"Informez-vous sur le Sahel en un clic\",\"publisher\":{\"@id\":\"https:\\\/\\\/voxsahel.com\\\/#organization\"},\"potentialAction\":[{\"@type\":\"SearchAction\",\"target\":{\"@type\":\"EntryPoint\",\"urlTemplate\":\"https:\\\/\\\/voxsahel.com\\\/?s={search_term_string}\"},\"query-input\":{\"@type\":\"PropertyValueSpecification\",\"valueRequired\":true,\"valueName\":\"search_term_string\"}}],\"inLanguage\":\"fr-FR\"},{\"@type\":\"Organization\",\"@id\":\"https:\\\/\\\/voxsahel.com\\\/#organization\",\"name\":\"Vox Sahel\",\"url\":\"https:\\\/\\\/voxsahel.com\\\/\",\"logo\":{\"@type\":\"ImageObject\",\"inLanguage\":\"fr-FR\",\"@id\":\"https:\\\/\\\/voxsahel.com\\\/#\\\/schema\\\/logo\\\/image\\\/\",\"url\":\"https:\\\/\\\/voxsahel.com\\\/wp-content\\\/uploads\\\/2024\\\/09\\\/Logo-Vox-Sahel.jpg\",\"contentUrl\":\"https:\\\/\\\/voxsahel.com\\\/wp-content\\\/uploads\\\/2024\\\/09\\\/Logo-Vox-Sahel.jpg\",\"width\":1181,\"height\":848,\"caption\":\"Vox Sahel\"},\"image\":{\"@id\":\"https:\\\/\\\/voxsahel.com\\\/#\\\/schema\\\/logo\\\/image\\\/\"},\"sameAs\":[\"https:\\\/\\\/www.facebook.com\\\/journal.voxsahel\"]},{\"@type\":\"Person\",\"@id\":\"https:\\\/\\\/voxsahel.com\\\/#\\\/schema\\\/person\\\/b4043608248f8fa227cd760e7ff1e19e\",\"name\":\"Vox Sahel\",\"image\":{\"@type\":\"ImageObject\",\"inLanguage\":\"fr-FR\",\"@id\":\"https:\\\/\\\/secure.gravatar.com\\\/avatar\\\/f70e7fa0cb9b29d4a7c5788d6eb2e9ab4d3135cbae1c9161810fdf77a8964699?s=96&d=mm&r=g\",\"url\":\"https:\\\/\\\/secure.gravatar.com\\\/avatar\\\/f70e7fa0cb9b29d4a7c5788d6eb2e9ab4d3135cbae1c9161810fdf77a8964699?s=96&d=mm&r=g\",\"contentUrl\":\"https:\\\/\\\/secure.gravatar.com\\\/avatar\\\/f70e7fa0cb9b29d4a7c5788d6eb2e9ab4d3135cbae1c9161810fdf77a8964699?s=96&d=mm&r=g\",\"caption\":\"Vox Sahel\"},\"sameAs\":[\"http:\\\/\\\/www.voxsahel.com\"],\"url\":\"https:\\\/\\\/voxsahel.com\\\/?author=2\"}]}<\/script>\n<!-- \/ Yoast SEO plugin. -->","yoast_head_json":{"title":"Jour de la Victoire en Russie : Le pr\u00e9sident burkinab\u00e8 au c\u0153ur des festivit\u00e9s \u00e0 Moscou - Vox Sahel","robots":{"index":"index","follow":"follow","max-snippet":"max-snippet:-1","max-image-preview":"max-image-preview:large","max-video-preview":"max-video-preview:-1"},"canonical":"https:\/\/voxsahel.com\/?p=1931","og_locale":"fr_FR","og_type":"article","og_title":"Jour de la Victoire en Russie : Le pr\u00e9sident burkinab\u00e8 au c\u0153ur des festivit\u00e9s \u00e0 Moscou - Vox Sahel","og_description":"La Russie a c\u00e9l\u00e9br\u00e9 ce jeudi 9 mai 2025, le 80e anniversaire de la victoire","og_url":"https:\/\/voxsahel.com\/?p=1931","og_site_name":"Vox Sahel","article_publisher":"https:\/\/www.facebook.com\/journal.voxsahel","article_published_time":"2025-05-09T18:26:59+00:00","article_modified_time":"2025-05-09T18:28:38+00:00","og_image":[{"width":2560,"height":1549,"url":"https:\/\/voxsahel.com\/wp-content\/uploads\/2025\/05\/589e954b-c861-4473-8d24-68ad38e37121-scaled.jpeg","type":"image\/jpeg"}],"author":"Vox Sahel","twitter_card":"summary_large_image","twitter_misc":{"\u00c9crit par":"Vox Sahel","Dur\u00e9e de lecture estim\u00e9e":"2 minutes"},"schema":{"@context":"https:\/\/schema.org","@graph":[{"@type":"Article","@id":"https:\/\/voxsahel.com\/?p=1931#article","isPartOf":{"@id":"https:\/\/voxsahel.com\/?p=1931"},"author":{"name":"Vox Sahel","@id":"https:\/\/voxsahel.com\/#\/schema\/person\/b4043608248f8fa227cd760e7ff1e19e"},"headline":"Jour de la Victoire en Russie : Le pr\u00e9sident burkinab\u00e8 au c\u0153ur des festivit\u00e9s \u00e0 Moscou","datePublished":"2025-05-09T18:26:59+00:00","dateModified":"2025-05-09T18:28:38+00:00","mainEntityOfPage":{"@id":"https:\/\/voxsahel.com\/?p=1931"},"wordCount":355,"commentCount":0,"publisher":{"@id":"https:\/\/voxsahel.com\/#organization"},"image":{"@id":"https:\/\/voxsahel.com\/?p=1931#primaryimage"},"thumbnailUrl":"https:\/\/voxsahel.com\/wp-content\/uploads\/2025\/05\/589e954b-c861-4473-8d24-68ad38e37121-scaled.jpeg","keywords":["Allemagne nazie","Burkina Faso","Capitaine Ibrahim Traor\u00e9","Kremlin","Russie","Vladimir Poutine"],"articleSection":["INTERNATIONAL"],"inLanguage":"fr-FR","potentialAction":[{"@type":"CommentAction","name":"Comment","target":["https:\/\/voxsahel.com\/?p=1931#respond"]}]},{"@type":"WebPage","@id":"https:\/\/voxsahel.com\/?p=1931","url":"https:\/\/voxsahel.com\/?p=1931","name":"Jour de la Victoire en Russie : Le pr\u00e9sident burkinab\u00e8 au c\u0153ur des festivit\u00e9s \u00e0 Moscou - Vox Sahel","isPartOf":{"@id":"https:\/\/voxsahel.com\/#website"},"primaryImageOfPage":{"@id":"https:\/\/voxsahel.com\/?p=1931#primaryimage"},"image":{"@id":"https:\/\/voxsahel.com\/?p=1931#primaryimage"},"thumbnailUrl":"https:\/\/voxsahel.com\/wp-content\/uploads\/2025\/05\/589e954b-c861-4473-8d24-68ad38e37121-scaled.jpeg","datePublished":"2025-05-09T18:26:59+00:00","dateModified":"2025-05-09T18:28:38+00:00","breadcrumb":{"@id":"https:\/\/voxsahel.com\/?p=1931#breadcrumb"},"inLanguage":"fr-FR","potentialAction":[{"@type":"ReadAction","target":["https:\/\/voxsahel.com\/?p=1931"]}]},{"@type":"ImageObject","inLanguage":"fr-FR","@id":"https:\/\/voxsahel.com\/?p=1931#primaryimage","url":"https:\/\/voxsahel.com\/wp-content\/uploads\/2025\/05\/589e954b-c861-4473-8d24-68ad38e37121-scaled.jpeg","contentUrl":"https:\/\/voxsahel.com\/wp-content\/uploads\/2025\/05\/589e954b-c861-4473-8d24-68ad38e37121-scaled.jpeg","width":2560,"height":1549},{"@type":"BreadcrumbList","@id":"https:\/\/voxsahel.com\/?p=1931#breadcrumb","itemListElement":[{"@type":"ListItem","position":1,"name":"Home","item":"https:\/\/voxsahel.com\/"},{"@type":"ListItem","position":2,"name":"Jour de la Victoire en Russie : Le pr\u00e9sident burkinab\u00e8 au c\u0153ur des festivit\u00e9s \u00e0 Moscou"}]},{"@type":"WebSite","@id":"https:\/\/voxsahel.com\/#website","url":"https:\/\/voxsahel.com\/","name":"Vox Sahel","description":"Informez-vous sur le Sahel en un clic","publisher":{"@id":"https:\/\/voxsahel.com\/#organization"},"potentialAction":[{"@type":"SearchAction","target":{"@type":"EntryPoint","urlTemplate":"https:\/\/voxsahel.com\/?s={search_term_string}"},"query-input":{"@type":"PropertyValueSpecification","valueRequired":true,"valueName":"search_term_string"}}],"inLanguage":"fr-FR"},{"@type":"Organization","@id":"https:\/\/voxsahel.com\/#organization","name":"Vox Sahel","url":"https:\/\/voxsahel.com\/","logo":{"@type":"ImageObject","inLanguage":"fr-FR","@id":"https:\/\/voxsahel.com\/#\/schema\/logo\/image\/","url":"https:\/\/voxsahel.com\/wp-content\/uploads\/2024\/09\/Logo-Vox-Sahel.jpg","contentUrl":"https:\/\/voxsahel.com\/wp-content\/uploads\/2024\/09\/Logo-Vox-Sahel.jpg","width":1181,"height":848,"caption":"Vox Sahel"},"image":{"@id":"https:\/\/voxsahel.com\/#\/schema\/logo\/image\/"},"sameAs":["https:\/\/www.facebook.com\/journal.voxsahel"]},{"@type":"Person","@id":"https:\/\/voxsahel.com\/#\/schema\/person\/b4043608248f8fa227cd760e7ff1e19e","name":"Vox Sahel","image":{"@type":"ImageObject","inLanguage":"fr-FR","@id":"https:\/\/secure.gravatar.com\/avatar\/f70e7fa0cb9b29d4a7c5788d6eb2e9ab4d3135cbae1c9161810fdf77a8964699?s=96&d=mm&r=g","url":"https:\/\/secure.gravatar.com\/avatar\/f70e7fa0cb9b29d4a7c5788d6eb2e9ab4d3135cbae1c9161810fdf77a8964699?s=96&d=mm&r=g","contentUrl":"https:\/\/secure.gravatar.com\/avatar\/f70e7fa0cb9b29d4a7c5788d6eb2e9ab4d3135cbae1c9161810fdf77a8964699?s=96&d=mm&r=g","caption":"Vox Sahel"},"sameAs":["http:\/\/www.voxsahel.com"],"url":"https:\/\/voxsahel.com\/?author=2"}]}},"_links":{"self":[{"href":"https:\/\/voxsahel.com\/index.php?rest_route=\/wp\/v2\/posts\/1931","targetHints":{"allow":["GET"]}}],"collection":[{"href":"https:\/\/voxsahel.com\/index.php?rest_route=\/wp\/v2\/posts"}],"about":[{"href":"https:\/\/voxsahel.com\/index.php?rest_route=\/wp\/v2\/types\/post"}],"author":[{"embeddable":true,"href":"https:\/\/voxsahel.com\/index.php?rest_route=\/wp\/v2\/users\/2"}],"replies":[{"embeddable":true,"href":"https:\/\/voxsahel.com\/index.php?rest_route=%2Fwp%2Fv2%2Fcomments&post=1931"}],"version-history":[{"count":1,"href":"https:\/\/voxsahel.com\/index.php?rest_route=\/wp\/v2\/posts\/1931\/revisions"}],"predecessor-version":[{"id":1932,"href":"https:\/\/voxsahel.com\/index.php?rest_route=\/wp\/v2\/posts\/1931\/revisions\/1932"}],"wp:featuredmedia":[{"embeddable":true,"href":"https:\/\/voxsahel.com\/index.php?rest_route=\/wp\/v2\/media\/1934"}],"wp:attachment":[{"href":"https:\/\/voxsahel.com\/index.php?rest_route=%2Fwp%2Fv2%2Fmedia&parent=1931"}],"wp:term":[{"taxonomy":"category","embeddable":true,"href":"https:\/\/voxsahel.com\/index.php?rest_route=%2Fwp%2Fv2%2Fcategories&post=1931"},{"taxonomy":"post_tag","embeddable":true,"href":"https:\/\/voxsahel.com\/index.php?rest_route=%2Fwp%2Fv2%2Ftags&post=1931"}],"curies":[{"name":"wp","href":"https:\/\/api.w.org\/{rel}","templated":true}]}}