{"id":1919,"date":"2025-05-08T16:14:23","date_gmt":"2025-05-08T16:14:23","guid":{"rendered":"https:\/\/voxsahel.com\/?p=1919"},"modified":"2025-05-08T16:26:20","modified_gmt":"2025-05-08T16:26:20","slug":"bakary-josephat-diarra-alias-vieri-le-guerrier-du-milieu","status":"publish","type":"post","link":"https:\/\/voxsahel.com\/?p=1919","title":{"rendered":"Portrait\/Bakary Jos\u00e9phat Diarra, alias Vi\u00e9ri : le guerrier du milieu du RCB"},"content":{"rendered":"<p class=\"\" data-start=\"155\" data-end=\"536\">Dans les entrailles de la Ligue 1 burkinab\u00e8, au c\u0153ur du Racing Club de Bobo (RCB), brille une \u00e9toile discr\u00e8te mais redoutablement efficace : <strong data-start=\"296\" data-end=\"322\">Bakary Jos\u00e9phat Diarra<\/strong>, que tous surnomment avec respect <strong data-start=\"357\" data-end=\"366\">Vi\u00e9ri<\/strong>. Un sobriquet emprunt\u00e9 aux plus grands, mais derri\u00e8re lequel se cache un joueur au <strong data-start=\"450\" data-end=\"466\">c\u0153ur de lion<\/strong>, \u00e0 la <strong data-start=\"473\" data-end=\"494\">mentalit\u00e9 d&rsquo;acier<\/strong>, et \u00e0 la <strong data-start=\"504\" data-end=\"535\">science du jeu chirurgicale<\/strong>.<\/p>\n<p class=\"\" data-start=\"538\" data-end=\"961\">Milieu d\u00e9fensif par fonction, <strong data-start=\"568\" data-end=\"593\">collectif par essence<\/strong>, Diarra n\u2019est pas seulement un r\u00e9cup\u00e9rateur. Il est un r\u00e9gulateur, un chef d\u2019orchestre des basses fr\u00e9quences, celui qui nettoie les fautes de go\u00fbt d\u2019un match et relance avec justesse. Que le ballon tra\u00eene ou qu\u2019un adversaire s\u2019approche trop, Vi\u00e9ri surgit, intercepte, relance, impose. <strong data-start=\"879\" data-end=\"914\">Une sentinelle au regard aff\u00fbt\u00e9<\/strong>, toujours bien plac\u00e9e, jamais dans la panique.<\/p>\n<p class=\"\" data-start=\"963\" data-end=\"1309\">Et quand il l\u00e8ve la t\u00eate, attention aux <strong data-start=\"1003\" data-end=\"1027\">coups de pied canons<\/strong>, ces frappes surgies de nulle part qui laissent les gardiens fig\u00e9s comme des statues. Le public fr\u00e9mit, le banc tremble\u2026 surtout quand il se tord de douleur. Car au RCB, <strong data-start=\"1198\" data-end=\"1253\">si Diarra tombe, c\u2019est tout l\u2019\u00e9quilibre qui vacille<\/strong>. Il est le pilier invisible qui tient la maison debout.<\/p>\n<p class=\"\" data-start=\"1311\" data-end=\"1547\">Pass\u00e9 par <strong data-start=\"1321\" data-end=\"1361\">TALENTUS, l&rsquo;AS ECO, l&rsquo;ASFB et le BPS<\/strong>, Vi\u00e9ri a forg\u00e9 son exp\u00e9rience dans les forges du championnat national. Et aujourd\u2019hui, il incarne cette race rare de joueurs <strong data-start=\"1487\" data-end=\"1546\">aussi fiables que d\u00e9cisifs, aussi discrets que redout\u00e9s<\/strong>.<\/p>\n<p class=\"\" data-start=\"1549\" data-end=\"1733\"><strong data-start=\"1549\" data-end=\"1614\">Vi\u00e9ri, ce n\u2019est pas juste un joueur : c\u2019est un \u00e9tat d\u2019esprit.<\/strong> Une force tranquille qui parle peu, mais fait beaucoup. Un v\u00e9ritable <strong data-start=\"1684\" data-end=\"1707\">guerrier du terrain<\/strong>, au service du collectif.<\/p>\n<p style=\"text-align: right;\" data-start=\"1549\" data-end=\"1733\"><b>Par Vox Sahel<\/b><\/p>\n","protected":false},"excerpt":{"rendered":"<p>Dans les entrailles de la Ligue 1 burkinab\u00e8, au c\u0153ur du Racing Club de Bobo<\/p>\n","protected":false},"author":2,"featured_media":1924,"comment_status":"open","ping_status":"open","sticky":false,"template":"","format":"standard","meta":{"_et_pb_use_builder":"","_et_pb_old_content":"","_et_gb_content_width":"","footnotes":""},"categories":[1],"tags":[750,18,40,35,747,748,749,34],"class_list":["post-1919","post","type-post","status-publish","format-standard","has-post-thumbnail","hentry","category-faits-divers","tag-bakary-josephat-diarra","tag-burkina-faso","tag-federation-burkinabe-de-football","tag-football","tag-ligue-1-burkinabe","tag-racing-club-de-bobo","tag-rcb","tag-sport"],"yoast_head":"<!-- This site is optimized with the Yoast SEO plugin v27.5 - https:\/\/yoast.com\/product\/yoast-seo-wordpress\/ -->\n<title>Portrait\/Bakary Jos\u00e9phat Diarra, alias Vi\u00e9ri : le guerrier du milieu du RCB - Vox Sahel<\/title>\n<meta name=\"robots\" content=\"index, follow, max-snippet:-1, max-image-preview:large, max-video-preview:-1\" \/>\n<link rel=\"canonical\" href=\"https:\/\/voxsahel.com\/?p=1919\" \/>\n<meta property=\"og:locale\" content=\"fr_FR\" \/>\n<meta property=\"og:type\" content=\"article\" \/>\n<meta property=\"og:title\" content=\"Portrait\/Bakary Jos\u00e9phat Diarra, alias Vi\u00e9ri : le guerrier du milieu du RCB - Vox Sahel\" \/>\n<meta property=\"og:description\" content=\"Dans les entrailles de la Ligue 1 burkinab\u00e8, au c\u0153ur du Racing Club de Bobo\" \/>\n<meta property=\"og:url\" content=\"https:\/\/voxsahel.com\/?p=1919\" \/>\n<meta property=\"og:site_name\" content=\"Vox Sahel\" \/>\n<meta property=\"article:publisher\" content=\"https:\/\/www.facebook.com\/journal.voxsahel\" \/>\n<meta property=\"article:published_time\" content=\"2025-05-08T16:14:23+00:00\" \/>\n<meta property=\"article:modified_time\" content=\"2025-05-08T16:26:20+00:00\" \/>\n<meta property=\"og:image\" content=\"https:\/\/voxsahel.com\/wp-content\/uploads\/2025\/05\/IMG_2342.jpeg\" \/>\n\t<meta property=\"og:image:width\" content=\"1179\" \/>\n\t<meta property=\"og:image:height\" content=\"1318\" \/>\n\t<meta property=\"og:image:type\" content=\"image\/jpeg\" \/>\n<meta name=\"author\" content=\"Vox Sahel\" \/>\n<meta name=\"twitter:card\" content=\"summary_large_image\" \/>\n<meta name=\"twitter:label1\" content=\"\u00c9crit par\" \/>\n\t<meta name=\"twitter:data1\" content=\"Vox Sahel\" \/>\n\t<meta name=\"twitter:label2\" content=\"Dur\u00e9e de lecture estim\u00e9e\" \/>\n\t<meta name=\"twitter:data2\" content=\"2 minutes\" \/>\n<script type=\"application\/ld+json\" class=\"yoast-schema-graph\">{\"@context\":\"https:\\\/\\\/schema.org\",\"@graph\":[{\"@type\":\"Article\",\"@id\":\"https:\\\/\\\/voxsahel.com\\\/?p=1919#article\",\"isPartOf\":{\"@id\":\"https:\\\/\\\/voxsahel.com\\\/?p=1919\"},\"author\":{\"name\":\"Vox Sahel\",\"@id\":\"https:\\\/\\\/voxsahel.com\\\/#\\\/schema\\\/person\\\/b4043608248f8fa227cd760e7ff1e19e\"},\"headline\":\"Portrait\\\/Bakary Jos\u00e9phat Diarra, alias Vi\u00e9ri : le guerrier du milieu du RCB\",\"datePublished\":\"2025-05-08T16:14:23+00:00\",\"dateModified\":\"2025-05-08T16:26:20+00:00\",\"mainEntityOfPage\":{\"@id\":\"https:\\\/\\\/voxsahel.com\\\/?p=1919\"},\"wordCount\":302,\"commentCount\":0,\"publisher\":{\"@id\":\"https:\\\/\\\/voxsahel.com\\\/#organization\"},\"image\":{\"@id\":\"https:\\\/\\\/voxsahel.com\\\/?p=1919#primaryimage\"},\"thumbnailUrl\":\"https:\\\/\\\/voxsahel.com\\\/wp-content\\\/uploads\\\/2025\\\/05\\\/IMG_2342.jpeg\",\"keywords\":[\"Bakary Jos\u00e9phat Diarra\",\"Burkina Faso\",\"F\u00e9d\u00e9ration Burkinab\u00e8 de Football\",\"Football\",\"Ligue 1 burkinab\u00e8\",\"Racing Club de Bobo\",\"RCB\",\"Sport\"],\"articleSection\":[\"FAITS DIVERS\"],\"inLanguage\":\"fr-FR\",\"potentialAction\":[{\"@type\":\"CommentAction\",\"name\":\"Comment\",\"target\":[\"https:\\\/\\\/voxsahel.com\\\/?p=1919#respond\"]}]},{\"@type\":\"WebPage\",\"@id\":\"https:\\\/\\\/voxsahel.com\\\/?p=1919\",\"url\":\"https:\\\/\\\/voxsahel.com\\\/?p=1919\",\"name\":\"Portrait\\\/Bakary Jos\u00e9phat Diarra, alias Vi\u00e9ri : le guerrier du milieu du RCB - Vox Sahel\",\"isPartOf\":{\"@id\":\"https:\\\/\\\/voxsahel.com\\\/#website\"},\"primaryImageOfPage\":{\"@id\":\"https:\\\/\\\/voxsahel.com\\\/?p=1919#primaryimage\"},\"image\":{\"@id\":\"https:\\\/\\\/voxsahel.com\\\/?p=1919#primaryimage\"},\"thumbnailUrl\":\"https:\\\/\\\/voxsahel.com\\\/wp-content\\\/uploads\\\/2025\\\/05\\\/IMG_2342.jpeg\",\"datePublished\":\"2025-05-08T16:14:23+00:00\",\"dateModified\":\"2025-05-08T16:26:20+00:00\",\"breadcrumb\":{\"@id\":\"https:\\\/\\\/voxsahel.com\\\/?p=1919#breadcrumb\"},\"inLanguage\":\"fr-FR\",\"potentialAction\":[{\"@type\":\"ReadAction\",\"target\":[\"https:\\\/\\\/voxsahel.com\\\/?p=1919\"]}]},{\"@type\":\"ImageObject\",\"inLanguage\":\"fr-FR\",\"@id\":\"https:\\\/\\\/voxsahel.com\\\/?p=1919#primaryimage\",\"url\":\"https:\\\/\\\/voxsahel.com\\\/wp-content\\\/uploads\\\/2025\\\/05\\\/IMG_2342.jpeg\",\"contentUrl\":\"https:\\\/\\\/voxsahel.com\\\/wp-content\\\/uploads\\\/2025\\\/05\\\/IMG_2342.jpeg\",\"width\":1179,\"height\":1318},{\"@type\":\"BreadcrumbList\",\"@id\":\"https:\\\/\\\/voxsahel.com\\\/?p=1919#breadcrumb\",\"itemListElement\":[{\"@type\":\"ListItem\",\"position\":1,\"name\":\"Home\",\"item\":\"https:\\\/\\\/voxsahel.com\\\/\"},{\"@type\":\"ListItem\",\"position\":2,\"name\":\"Portrait\\\/Bakary Jos\u00e9phat Diarra, alias Vi\u00e9ri : le guerrier du milieu du RCB\"}]},{\"@type\":\"WebSite\",\"@id\":\"https:\\\/\\\/voxsahel.com\\\/#website\",\"url\":\"https:\\\/\\\/voxsahel.com\\\/\",\"name\":\"Vox Sahel\",\"description\":\"Informez-vous sur le Sahel en un clic\",\"publisher\":{\"@id\":\"https:\\\/\\\/voxsahel.com\\\/#organization\"},\"potentialAction\":[{\"@type\":\"SearchAction\",\"target\":{\"@type\":\"EntryPoint\",\"urlTemplate\":\"https:\\\/\\\/voxsahel.com\\\/?s={search_term_string}\"},\"query-input\":{\"@type\":\"PropertyValueSpecification\",\"valueRequired\":true,\"valueName\":\"search_term_string\"}}],\"inLanguage\":\"fr-FR\"},{\"@type\":\"Organization\",\"@id\":\"https:\\\/\\\/voxsahel.com\\\/#organization\",\"name\":\"Vox Sahel\",\"url\":\"https:\\\/\\\/voxsahel.com\\\/\",\"logo\":{\"@type\":\"ImageObject\",\"inLanguage\":\"fr-FR\",\"@id\":\"https:\\\/\\\/voxsahel.com\\\/#\\\/schema\\\/logo\\\/image\\\/\",\"url\":\"https:\\\/\\\/voxsahel.com\\\/wp-content\\\/uploads\\\/2024\\\/09\\\/Logo-Vox-Sahel.jpg\",\"contentUrl\":\"https:\\\/\\\/voxsahel.com\\\/wp-content\\\/uploads\\\/2024\\\/09\\\/Logo-Vox-Sahel.jpg\",\"width\":1181,\"height\":848,\"caption\":\"Vox Sahel\"},\"image\":{\"@id\":\"https:\\\/\\\/voxsahel.com\\\/#\\\/schema\\\/logo\\\/image\\\/\"},\"sameAs\":[\"https:\\\/\\\/www.facebook.com\\\/journal.voxsahel\"]},{\"@type\":\"Person\",\"@id\":\"https:\\\/\\\/voxsahel.com\\\/#\\\/schema\\\/person\\\/b4043608248f8fa227cd760e7ff1e19e\",\"name\":\"Vox Sahel\",\"image\":{\"@type\":\"ImageObject\",\"inLanguage\":\"fr-FR\",\"@id\":\"https:\\\/\\\/secure.gravatar.com\\\/avatar\\\/f70e7fa0cb9b29d4a7c5788d6eb2e9ab4d3135cbae1c9161810fdf77a8964699?s=96&d=mm&r=g\",\"url\":\"https:\\\/\\\/secure.gravatar.com\\\/avatar\\\/f70e7fa0cb9b29d4a7c5788d6eb2e9ab4d3135cbae1c9161810fdf77a8964699?s=96&d=mm&r=g\",\"contentUrl\":\"https:\\\/\\\/secure.gravatar.com\\\/avatar\\\/f70e7fa0cb9b29d4a7c5788d6eb2e9ab4d3135cbae1c9161810fdf77a8964699?s=96&d=mm&r=g\",\"caption\":\"Vox Sahel\"},\"sameAs\":[\"http:\\\/\\\/www.voxsahel.com\"],\"url\":\"https:\\\/\\\/voxsahel.com\\\/?author=2\"}]}<\/script>\n<!-- \/ Yoast SEO plugin. -->","yoast_head_json":{"title":"Portrait\/Bakary Jos\u00e9phat Diarra, alias Vi\u00e9ri : le guerrier du milieu du RCB - Vox Sahel","robots":{"index":"index","follow":"follow","max-snippet":"max-snippet:-1","max-image-preview":"max-image-preview:large","max-video-preview":"max-video-preview:-1"},"canonical":"https:\/\/voxsahel.com\/?p=1919","og_locale":"fr_FR","og_type":"article","og_title":"Portrait\/Bakary Jos\u00e9phat Diarra, alias Vi\u00e9ri : le guerrier du milieu du RCB - Vox Sahel","og_description":"Dans les entrailles de la Ligue 1 burkinab\u00e8, au c\u0153ur du Racing Club de Bobo","og_url":"https:\/\/voxsahel.com\/?p=1919","og_site_name":"Vox Sahel","article_publisher":"https:\/\/www.facebook.com\/journal.voxsahel","article_published_time":"2025-05-08T16:14:23+00:00","article_modified_time":"2025-05-08T16:26:20+00:00","og_image":[{"width":1179,"height":1318,"url":"https:\/\/voxsahel.com\/wp-content\/uploads\/2025\/05\/IMG_2342.jpeg","type":"image\/jpeg"}],"author":"Vox Sahel","twitter_card":"summary_large_image","twitter_misc":{"\u00c9crit par":"Vox Sahel","Dur\u00e9e de lecture estim\u00e9e":"2 minutes"},"schema":{"@context":"https:\/\/schema.org","@graph":[{"@type":"Article","@id":"https:\/\/voxsahel.com\/?p=1919#article","isPartOf":{"@id":"https:\/\/voxsahel.com\/?p=1919"},"author":{"name":"Vox Sahel","@id":"https:\/\/voxsahel.com\/#\/schema\/person\/b4043608248f8fa227cd760e7ff1e19e"},"headline":"Portrait\/Bakary Jos\u00e9phat Diarra, alias Vi\u00e9ri : le guerrier du milieu du RCB","datePublished":"2025-05-08T16:14:23+00:00","dateModified":"2025-05-08T16:26:20+00:00","mainEntityOfPage":{"@id":"https:\/\/voxsahel.com\/?p=1919"},"wordCount":302,"commentCount":0,"publisher":{"@id":"https:\/\/voxsahel.com\/#organization"},"image":{"@id":"https:\/\/voxsahel.com\/?p=1919#primaryimage"},"thumbnailUrl":"https:\/\/voxsahel.com\/wp-content\/uploads\/2025\/05\/IMG_2342.jpeg","keywords":["Bakary Jos\u00e9phat Diarra","Burkina Faso","F\u00e9d\u00e9ration Burkinab\u00e8 de Football","Football","Ligue 1 burkinab\u00e8","Racing Club de Bobo","RCB","Sport"],"articleSection":["FAITS DIVERS"],"inLanguage":"fr-FR","potentialAction":[{"@type":"CommentAction","name":"Comment","target":["https:\/\/voxsahel.com\/?p=1919#respond"]}]},{"@type":"WebPage","@id":"https:\/\/voxsahel.com\/?p=1919","url":"https:\/\/voxsahel.com\/?p=1919","name":"Portrait\/Bakary Jos\u00e9phat Diarra, alias Vi\u00e9ri : le guerrier du milieu du RCB - Vox Sahel","isPartOf":{"@id":"https:\/\/voxsahel.com\/#website"},"primaryImageOfPage":{"@id":"https:\/\/voxsahel.com\/?p=1919#primaryimage"},"image":{"@id":"https:\/\/voxsahel.com\/?p=1919#primaryimage"},"thumbnailUrl":"https:\/\/voxsahel.com\/wp-content\/uploads\/2025\/05\/IMG_2342.jpeg","datePublished":"2025-05-08T16:14:23+00:00","dateModified":"2025-05-08T16:26:20+00:00","breadcrumb":{"@id":"https:\/\/voxsahel.com\/?p=1919#breadcrumb"},"inLanguage":"fr-FR","potentialAction":[{"@type":"ReadAction","target":["https:\/\/voxsahel.com\/?p=1919"]}]},{"@type":"ImageObject","inLanguage":"fr-FR","@id":"https:\/\/voxsahel.com\/?p=1919#primaryimage","url":"https:\/\/voxsahel.com\/wp-content\/uploads\/2025\/05\/IMG_2342.jpeg","contentUrl":"https:\/\/voxsahel.com\/wp-content\/uploads\/2025\/05\/IMG_2342.jpeg","width":1179,"height":1318},{"@type":"BreadcrumbList","@id":"https:\/\/voxsahel.com\/?p=1919#breadcrumb","itemListElement":[{"@type":"ListItem","position":1,"name":"Home","item":"https:\/\/voxsahel.com\/"},{"@type":"ListItem","position":2,"name":"Portrait\/Bakary Jos\u00e9phat Diarra, alias Vi\u00e9ri : le guerrier du milieu du RCB"}]},{"@type":"WebSite","@id":"https:\/\/voxsahel.com\/#website","url":"https:\/\/voxsahel.com\/","name":"Vox Sahel","description":"Informez-vous sur le Sahel en un clic","publisher":{"@id":"https:\/\/voxsahel.com\/#organization"},"potentialAction":[{"@type":"SearchAction","target":{"@type":"EntryPoint","urlTemplate":"https:\/\/voxsahel.com\/?s={search_term_string}"},"query-input":{"@type":"PropertyValueSpecification","valueRequired":true,"valueName":"search_term_string"}}],"inLanguage":"fr-FR"},{"@type":"Organization","@id":"https:\/\/voxsahel.com\/#organization","name":"Vox Sahel","url":"https:\/\/voxsahel.com\/","logo":{"@type":"ImageObject","inLanguage":"fr-FR","@id":"https:\/\/voxsahel.com\/#\/schema\/logo\/image\/","url":"https:\/\/voxsahel.com\/wp-content\/uploads\/2024\/09\/Logo-Vox-Sahel.jpg","contentUrl":"https:\/\/voxsahel.com\/wp-content\/uploads\/2024\/09\/Logo-Vox-Sahel.jpg","width":1181,"height":848,"caption":"Vox Sahel"},"image":{"@id":"https:\/\/voxsahel.com\/#\/schema\/logo\/image\/"},"sameAs":["https:\/\/www.facebook.com\/journal.voxsahel"]},{"@type":"Person","@id":"https:\/\/voxsahel.com\/#\/schema\/person\/b4043608248f8fa227cd760e7ff1e19e","name":"Vox Sahel","image":{"@type":"ImageObject","inLanguage":"fr-FR","@id":"https:\/\/secure.gravatar.com\/avatar\/f70e7fa0cb9b29d4a7c5788d6eb2e9ab4d3135cbae1c9161810fdf77a8964699?s=96&d=mm&r=g","url":"https:\/\/secure.gravatar.com\/avatar\/f70e7fa0cb9b29d4a7c5788d6eb2e9ab4d3135cbae1c9161810fdf77a8964699?s=96&d=mm&r=g","contentUrl":"https:\/\/secure.gravatar.com\/avatar\/f70e7fa0cb9b29d4a7c5788d6eb2e9ab4d3135cbae1c9161810fdf77a8964699?s=96&d=mm&r=g","caption":"Vox Sahel"},"sameAs":["http:\/\/www.voxsahel.com"],"url":"https:\/\/voxsahel.com\/?author=2"}]}},"_links":{"self":[{"href":"https:\/\/voxsahel.com\/index.php?rest_route=\/wp\/v2\/posts\/1919","targetHints":{"allow":["GET"]}}],"collection":[{"href":"https:\/\/voxsahel.com\/index.php?rest_route=\/wp\/v2\/posts"}],"about":[{"href":"https:\/\/voxsahel.com\/index.php?rest_route=\/wp\/v2\/types\/post"}],"author":[{"embeddable":true,"href":"https:\/\/voxsahel.com\/index.php?rest_route=\/wp\/v2\/users\/2"}],"replies":[{"embeddable":true,"href":"https:\/\/voxsahel.com\/index.php?rest_route=%2Fwp%2Fv2%2Fcomments&post=1919"}],"version-history":[{"count":4,"href":"https:\/\/voxsahel.com\/index.php?rest_route=\/wp\/v2\/posts\/1919\/revisions"}],"predecessor-version":[{"id":1926,"href":"https:\/\/voxsahel.com\/index.php?rest_route=\/wp\/v2\/posts\/1919\/revisions\/1926"}],"wp:featuredmedia":[{"embeddable":true,"href":"https:\/\/voxsahel.com\/index.php?rest_route=\/wp\/v2\/media\/1924"}],"wp:attachment":[{"href":"https:\/\/voxsahel.com\/index.php?rest_route=%2Fwp%2Fv2%2Fmedia&parent=1919"}],"wp:term":[{"taxonomy":"category","embeddable":true,"href":"https:\/\/voxsahel.com\/index.php?rest_route=%2Fwp%2Fv2%2Fcategories&post=1919"},{"taxonomy":"post_tag","embeddable":true,"href":"https:\/\/voxsahel.com\/index.php?rest_route=%2Fwp%2Fv2%2Ftags&post=1919"}],"curies":[{"name":"wp","href":"https:\/\/api.w.org\/{rel}","templated":true}]}}