{"id":1906,"date":"2025-05-07T03:48:04","date_gmt":"2025-05-07T03:48:04","guid":{"rendered":"https:\/\/voxsahel.com\/?p=1906"},"modified":"2025-05-07T03:55:09","modified_gmt":"2025-05-07T03:55:09","slug":"banque-africaine-de-developpement-qui-est-ce-burkinabe-qui-est-desormais-en-charge-du-bureau-regional-pour-lafrique-centrale","status":"publish","type":"post","link":"https:\/\/voxsahel.com\/?p=1906","title":{"rendered":"Banque Africaine de D\u00e9veloppement : un Burkinab\u00e8 nomm\u00e9 \u00e0 la t\u00eate du Bureau r\u00e9gional pour l\u2019Afrique centrale"},"content":{"rendered":"<p class=\"p2\"><span class=\"s1\">Le Groupe de la Banque africaine de d\u00e9veloppement (BAD) a annonc\u00e9 ce lundi <\/span><span class=\"s3\">5 mai 2025, <\/span><span class=\"s1\">la nomination du Burkinab\u00e8 L\u00e9andre Bassol\u00e9 au poste de directeur g\u00e9n\u00e9ral du Bureau r\u00e9gional pour l\u2019Afrique centrale, avec effet au 1er mai 2025. Il assurera \u00e9galement les fonctions de chef de bureau pays pour le Cameroun, un pays cl\u00e9 dans une r\u00e9gion aux enjeux \u00e9conomiques, institutionnels et sociaux majeurs.<\/span><\/p>\n<p class=\"p2\"><span class=\"s1\">Cette nomination strat\u00e9gique marque une \u00e9tape d\u00e9cisive dans le parcours d\u2019un \u00e9conomiste aguerri, fort de plus de 19 ans d\u2019exp\u00e9rience dans les grandes institutions multilat\u00e9rales. R\u00e9put\u00e9 pour son leadership op\u00e9rationnel, sa rigueur strat\u00e9gique et sa capacit\u00e9 \u00e0 forger des partenariats solides, L\u00e9andre Bassol\u00e9 incarne la volont\u00e9 de la BAD de renforcer son impact dans les r\u00e9gions en mutation.<\/span><\/p>\n<p class=\"p2\"><span class=\"s1\">Avant cette nomination, il occupait le poste de directeur g\u00e9n\u00e9ral adjoint du Bureau r\u00e9gional pour l\u2019Afrique de l\u2019Est, o\u00f9 il cog\u00e9rait un portefeuille de 13 milliards de dollars r\u00e9partis sur 13 pays. Il y a notamment pilot\u00e9 le financement du m\u00e9gaprojet de ville a\u00e9roportuaire d\u2019Ethiopian Airlines, d\u2019un montant de 7,8 milliards de dollars, l\u2019un des projets d\u2019infrastructure les plus ambitieux du continent.<\/span><\/p>\n<p class=\"p2\"><span class=\"s1\">De 2017 \u00e0 2024, M. Bassol\u00e9 a dirig\u00e9 le bureau pays de la BAD en Guin\u00e9e. Sous son impulsion, la taille du portefeuille y a plus que tripl\u00e9, passant de 240 \u00e0 728 millions de dollars. Il y a contribu\u00e9 \u00e0 positionner la Banque comme acteur de premier plan, aussi bien dans les r\u00e9formes fiscales que dans le financement d\u2019infrastructures et le soutien au secteur priv\u00e9.<\/span><\/p>\n<p class=\"p2\"><span class=\"s1\">Titulaire d\u2019un doctorat en \u00e9conomie du d\u00e9veloppement obtenu au CERDI (Universit\u00e9 Clermont Auvergne, France), il a \u00e9galement suivi des formations ex\u00e9cutives \u00e0 Harvard, Wharton et Berkeley. Il a rejoint la BAD en 2009 comme jeune professionnel, avant de gravir les \u00e9chelons en tant que macro\u00e9conomiste senior, intervenant dans sept pays africains et initiant des solutions financi\u00e8res innovantes pour les pays \u00e0 revenu interm\u00e9diaire.<\/span><\/p>\n<p class=\"p2\"><span class=\"s1\">Dans ses nouvelles fonctions, L\u00e9andre Bassol\u00e9 aura pour mission de renforcer l\u2019int\u00e9gration r\u00e9gionale en Afrique centrale, d\u2019appuyer les r\u00e9formes \u00e9conomiques, de stimuler les investissements priv\u00e9s et d\u2019assurer un impact tangible sur les populations. Cette nomination s\u2019inscrit dans une dynamique plus large de la BAD visant \u00e0 consolider sa pr\u00e9sence dans les r\u00e9gions strat\u00e9giques du continent, en mettant l\u2019accent sur la transformation structurelle et la r\u00e9silience.<\/span><\/p>\n<p class=\"p2\" style=\"text-align: right;\"><strong><span class=\"s1\">Par Vox Sahel <\/span><\/strong><\/p>\n","protected":false},"excerpt":{"rendered":"<p>Le Groupe de la Banque africaine de d\u00e9veloppement (BAD) a annonc\u00e9 ce lundi 5 mai<\/p>\n","protected":false},"author":2,"featured_media":1908,"comment_status":"open","ping_status":"open","sticky":false,"template":"","format":"standard","meta":{"_et_pb_use_builder":"","_et_pb_old_content":"","_et_gb_content_width":"","footnotes":""},"categories":[8],"tags":[736,738,735,18,371,741,739,737,740],"class_list":["post-1906","post","type-post","status-publish","format-standard","has-post-thumbnail","hentry","category-developpement","tag-afrique-centrale","tag-bad","tag-banque-africaine-de-developpement","tag-burkina-faso","tag-cameroun","tag-ethiopian-airlines","tag-lafrique-de-lest","tag-leandre-bassole","tag-universite-clermont-auvergne"],"yoast_head":"<!-- This site is optimized with the Yoast SEO plugin v27.5 - https:\/\/yoast.com\/product\/yoast-seo-wordpress\/ -->\n<title>Banque Africaine de D\u00e9veloppement : un Burkinab\u00e8 nomm\u00e9 \u00e0 la t\u00eate du Bureau r\u00e9gional pour l\u2019Afrique centrale - Vox Sahel<\/title>\n<meta name=\"robots\" content=\"index, follow, max-snippet:-1, max-image-preview:large, max-video-preview:-1\" \/>\n<link rel=\"canonical\" href=\"https:\/\/voxsahel.com\/?p=1906\" \/>\n<meta property=\"og:locale\" content=\"fr_FR\" \/>\n<meta property=\"og:type\" content=\"article\" \/>\n<meta property=\"og:title\" content=\"Banque Africaine de D\u00e9veloppement : un Burkinab\u00e8 nomm\u00e9 \u00e0 la t\u00eate du Bureau r\u00e9gional pour l\u2019Afrique centrale - Vox Sahel\" \/>\n<meta property=\"og:description\" content=\"Le Groupe de la Banque africaine de d\u00e9veloppement (BAD) a annonc\u00e9 ce lundi 5 mai\" \/>\n<meta property=\"og:url\" content=\"https:\/\/voxsahel.com\/?p=1906\" \/>\n<meta property=\"og:site_name\" content=\"Vox Sahel\" \/>\n<meta property=\"article:publisher\" content=\"https:\/\/www.facebook.com\/journal.voxsahel\" \/>\n<meta property=\"article:published_time\" content=\"2025-05-07T03:48:04+00:00\" \/>\n<meta property=\"article:modified_time\" content=\"2025-05-07T03:55:09+00:00\" \/>\n<meta property=\"og:image\" content=\"https:\/\/voxsahel.com\/wp-content\/uploads\/2025\/05\/IMG_1640.jpeg\" \/>\n\t<meta property=\"og:image:width\" content=\"858\" \/>\n\t<meta property=\"og:image:height\" content=\"642\" \/>\n\t<meta property=\"og:image:type\" content=\"image\/jpeg\" \/>\n<meta name=\"author\" content=\"Vox Sahel\" \/>\n<meta name=\"twitter:card\" content=\"summary_large_image\" \/>\n<meta name=\"twitter:label1\" content=\"\u00c9crit par\" \/>\n\t<meta name=\"twitter:data1\" content=\"Vox Sahel\" \/>\n\t<meta name=\"twitter:label2\" content=\"Dur\u00e9e de lecture estim\u00e9e\" \/>\n\t<meta name=\"twitter:data2\" content=\"3 minutes\" \/>\n<script type=\"application\/ld+json\" class=\"yoast-schema-graph\">{\"@context\":\"https:\\\/\\\/schema.org\",\"@graph\":[{\"@type\":\"Article\",\"@id\":\"https:\\\/\\\/voxsahel.com\\\/?p=1906#article\",\"isPartOf\":{\"@id\":\"https:\\\/\\\/voxsahel.com\\\/?p=1906\"},\"author\":{\"name\":\"Vox Sahel\",\"@id\":\"https:\\\/\\\/voxsahel.com\\\/#\\\/schema\\\/person\\\/b4043608248f8fa227cd760e7ff1e19e\"},\"headline\":\"Banque Africaine de D\u00e9veloppement : un Burkinab\u00e8 nomm\u00e9 \u00e0 la t\u00eate du Bureau r\u00e9gional pour l\u2019Afrique centrale\",\"datePublished\":\"2025-05-07T03:48:04+00:00\",\"dateModified\":\"2025-05-07T03:55:09+00:00\",\"mainEntityOfPage\":{\"@id\":\"https:\\\/\\\/voxsahel.com\\\/?p=1906\"},\"wordCount\":436,\"commentCount\":0,\"publisher\":{\"@id\":\"https:\\\/\\\/voxsahel.com\\\/#organization\"},\"image\":{\"@id\":\"https:\\\/\\\/voxsahel.com\\\/?p=1906#primaryimage\"},\"thumbnailUrl\":\"https:\\\/\\\/voxsahel.com\\\/wp-content\\\/uploads\\\/2025\\\/05\\\/IMG_1640.jpeg\",\"keywords\":[\"Afrique centrale\",\"BAD\",\"Banque Africaine de D\u00e9veloppement\",\"Burkina Faso\",\"Cameroun\",\"Ethiopian Airlines\",\"l\u2019Afrique de l\u2019Est\",\"L\u00e9andre Bassol\u00e9\",\"Universit\u00e9 Clermont Auvergne\"],\"articleSection\":[\"DEVELOPPEMENT\"],\"inLanguage\":\"fr-FR\",\"potentialAction\":[{\"@type\":\"CommentAction\",\"name\":\"Comment\",\"target\":[\"https:\\\/\\\/voxsahel.com\\\/?p=1906#respond\"]}]},{\"@type\":\"WebPage\",\"@id\":\"https:\\\/\\\/voxsahel.com\\\/?p=1906\",\"url\":\"https:\\\/\\\/voxsahel.com\\\/?p=1906\",\"name\":\"Banque Africaine de D\u00e9veloppement : un Burkinab\u00e8 nomm\u00e9 \u00e0 la t\u00eate du Bureau r\u00e9gional pour l\u2019Afrique centrale - Vox Sahel\",\"isPartOf\":{\"@id\":\"https:\\\/\\\/voxsahel.com\\\/#website\"},\"primaryImageOfPage\":{\"@id\":\"https:\\\/\\\/voxsahel.com\\\/?p=1906#primaryimage\"},\"image\":{\"@id\":\"https:\\\/\\\/voxsahel.com\\\/?p=1906#primaryimage\"},\"thumbnailUrl\":\"https:\\\/\\\/voxsahel.com\\\/wp-content\\\/uploads\\\/2025\\\/05\\\/IMG_1640.jpeg\",\"datePublished\":\"2025-05-07T03:48:04+00:00\",\"dateModified\":\"2025-05-07T03:55:09+00:00\",\"breadcrumb\":{\"@id\":\"https:\\\/\\\/voxsahel.com\\\/?p=1906#breadcrumb\"},\"inLanguage\":\"fr-FR\",\"potentialAction\":[{\"@type\":\"ReadAction\",\"target\":[\"https:\\\/\\\/voxsahel.com\\\/?p=1906\"]}]},{\"@type\":\"ImageObject\",\"inLanguage\":\"fr-FR\",\"@id\":\"https:\\\/\\\/voxsahel.com\\\/?p=1906#primaryimage\",\"url\":\"https:\\\/\\\/voxsahel.com\\\/wp-content\\\/uploads\\\/2025\\\/05\\\/IMG_1640.jpeg\",\"contentUrl\":\"https:\\\/\\\/voxsahel.com\\\/wp-content\\\/uploads\\\/2025\\\/05\\\/IMG_1640.jpeg\",\"width\":858,\"height\":642},{\"@type\":\"BreadcrumbList\",\"@id\":\"https:\\\/\\\/voxsahel.com\\\/?p=1906#breadcrumb\",\"itemListElement\":[{\"@type\":\"ListItem\",\"position\":1,\"name\":\"Home\",\"item\":\"https:\\\/\\\/voxsahel.com\\\/\"},{\"@type\":\"ListItem\",\"position\":2,\"name\":\"Banque Africaine de D\u00e9veloppement : un Burkinab\u00e8 nomm\u00e9 \u00e0 la t\u00eate du Bureau r\u00e9gional pour l\u2019Afrique centrale\"}]},{\"@type\":\"WebSite\",\"@id\":\"https:\\\/\\\/voxsahel.com\\\/#website\",\"url\":\"https:\\\/\\\/voxsahel.com\\\/\",\"name\":\"Vox Sahel\",\"description\":\"Informez-vous sur le Sahel en un clic\",\"publisher\":{\"@id\":\"https:\\\/\\\/voxsahel.com\\\/#organization\"},\"potentialAction\":[{\"@type\":\"SearchAction\",\"target\":{\"@type\":\"EntryPoint\",\"urlTemplate\":\"https:\\\/\\\/voxsahel.com\\\/?s={search_term_string}\"},\"query-input\":{\"@type\":\"PropertyValueSpecification\",\"valueRequired\":true,\"valueName\":\"search_term_string\"}}],\"inLanguage\":\"fr-FR\"},{\"@type\":\"Organization\",\"@id\":\"https:\\\/\\\/voxsahel.com\\\/#organization\",\"name\":\"Vox Sahel\",\"url\":\"https:\\\/\\\/voxsahel.com\\\/\",\"logo\":{\"@type\":\"ImageObject\",\"inLanguage\":\"fr-FR\",\"@id\":\"https:\\\/\\\/voxsahel.com\\\/#\\\/schema\\\/logo\\\/image\\\/\",\"url\":\"https:\\\/\\\/voxsahel.com\\\/wp-content\\\/uploads\\\/2024\\\/09\\\/Logo-Vox-Sahel.jpg\",\"contentUrl\":\"https:\\\/\\\/voxsahel.com\\\/wp-content\\\/uploads\\\/2024\\\/09\\\/Logo-Vox-Sahel.jpg\",\"width\":1181,\"height\":848,\"caption\":\"Vox Sahel\"},\"image\":{\"@id\":\"https:\\\/\\\/voxsahel.com\\\/#\\\/schema\\\/logo\\\/image\\\/\"},\"sameAs\":[\"https:\\\/\\\/www.facebook.com\\\/journal.voxsahel\"]},{\"@type\":\"Person\",\"@id\":\"https:\\\/\\\/voxsahel.com\\\/#\\\/schema\\\/person\\\/b4043608248f8fa227cd760e7ff1e19e\",\"name\":\"Vox Sahel\",\"image\":{\"@type\":\"ImageObject\",\"inLanguage\":\"fr-FR\",\"@id\":\"https:\\\/\\\/secure.gravatar.com\\\/avatar\\\/f70e7fa0cb9b29d4a7c5788d6eb2e9ab4d3135cbae1c9161810fdf77a8964699?s=96&d=mm&r=g\",\"url\":\"https:\\\/\\\/secure.gravatar.com\\\/avatar\\\/f70e7fa0cb9b29d4a7c5788d6eb2e9ab4d3135cbae1c9161810fdf77a8964699?s=96&d=mm&r=g\",\"contentUrl\":\"https:\\\/\\\/secure.gravatar.com\\\/avatar\\\/f70e7fa0cb9b29d4a7c5788d6eb2e9ab4d3135cbae1c9161810fdf77a8964699?s=96&d=mm&r=g\",\"caption\":\"Vox Sahel\"},\"sameAs\":[\"http:\\\/\\\/www.voxsahel.com\"],\"url\":\"https:\\\/\\\/voxsahel.com\\\/?author=2\"}]}<\/script>\n<!-- \/ Yoast SEO plugin. -->","yoast_head_json":{"title":"Banque Africaine de D\u00e9veloppement : un Burkinab\u00e8 nomm\u00e9 \u00e0 la t\u00eate du Bureau r\u00e9gional pour l\u2019Afrique centrale - Vox Sahel","robots":{"index":"index","follow":"follow","max-snippet":"max-snippet:-1","max-image-preview":"max-image-preview:large","max-video-preview":"max-video-preview:-1"},"canonical":"https:\/\/voxsahel.com\/?p=1906","og_locale":"fr_FR","og_type":"article","og_title":"Banque Africaine de D\u00e9veloppement : un Burkinab\u00e8 nomm\u00e9 \u00e0 la t\u00eate du Bureau r\u00e9gional pour l\u2019Afrique centrale - Vox Sahel","og_description":"Le Groupe de la Banque africaine de d\u00e9veloppement (BAD) a annonc\u00e9 ce lundi 5 mai","og_url":"https:\/\/voxsahel.com\/?p=1906","og_site_name":"Vox Sahel","article_publisher":"https:\/\/www.facebook.com\/journal.voxsahel","article_published_time":"2025-05-07T03:48:04+00:00","article_modified_time":"2025-05-07T03:55:09+00:00","og_image":[{"width":858,"height":642,"url":"https:\/\/voxsahel.com\/wp-content\/uploads\/2025\/05\/IMG_1640.jpeg","type":"image\/jpeg"}],"author":"Vox Sahel","twitter_card":"summary_large_image","twitter_misc":{"\u00c9crit par":"Vox Sahel","Dur\u00e9e de lecture estim\u00e9e":"3 minutes"},"schema":{"@context":"https:\/\/schema.org","@graph":[{"@type":"Article","@id":"https:\/\/voxsahel.com\/?p=1906#article","isPartOf":{"@id":"https:\/\/voxsahel.com\/?p=1906"},"author":{"name":"Vox Sahel","@id":"https:\/\/voxsahel.com\/#\/schema\/person\/b4043608248f8fa227cd760e7ff1e19e"},"headline":"Banque Africaine de D\u00e9veloppement : un Burkinab\u00e8 nomm\u00e9 \u00e0 la t\u00eate du Bureau r\u00e9gional pour l\u2019Afrique centrale","datePublished":"2025-05-07T03:48:04+00:00","dateModified":"2025-05-07T03:55:09+00:00","mainEntityOfPage":{"@id":"https:\/\/voxsahel.com\/?p=1906"},"wordCount":436,"commentCount":0,"publisher":{"@id":"https:\/\/voxsahel.com\/#organization"},"image":{"@id":"https:\/\/voxsahel.com\/?p=1906#primaryimage"},"thumbnailUrl":"https:\/\/voxsahel.com\/wp-content\/uploads\/2025\/05\/IMG_1640.jpeg","keywords":["Afrique centrale","BAD","Banque Africaine de D\u00e9veloppement","Burkina Faso","Cameroun","Ethiopian Airlines","l\u2019Afrique de l\u2019Est","L\u00e9andre Bassol\u00e9","Universit\u00e9 Clermont Auvergne"],"articleSection":["DEVELOPPEMENT"],"inLanguage":"fr-FR","potentialAction":[{"@type":"CommentAction","name":"Comment","target":["https:\/\/voxsahel.com\/?p=1906#respond"]}]},{"@type":"WebPage","@id":"https:\/\/voxsahel.com\/?p=1906","url":"https:\/\/voxsahel.com\/?p=1906","name":"Banque Africaine de D\u00e9veloppement : un Burkinab\u00e8 nomm\u00e9 \u00e0 la t\u00eate du Bureau r\u00e9gional pour l\u2019Afrique centrale - Vox Sahel","isPartOf":{"@id":"https:\/\/voxsahel.com\/#website"},"primaryImageOfPage":{"@id":"https:\/\/voxsahel.com\/?p=1906#primaryimage"},"image":{"@id":"https:\/\/voxsahel.com\/?p=1906#primaryimage"},"thumbnailUrl":"https:\/\/voxsahel.com\/wp-content\/uploads\/2025\/05\/IMG_1640.jpeg","datePublished":"2025-05-07T03:48:04+00:00","dateModified":"2025-05-07T03:55:09+00:00","breadcrumb":{"@id":"https:\/\/voxsahel.com\/?p=1906#breadcrumb"},"inLanguage":"fr-FR","potentialAction":[{"@type":"ReadAction","target":["https:\/\/voxsahel.com\/?p=1906"]}]},{"@type":"ImageObject","inLanguage":"fr-FR","@id":"https:\/\/voxsahel.com\/?p=1906#primaryimage","url":"https:\/\/voxsahel.com\/wp-content\/uploads\/2025\/05\/IMG_1640.jpeg","contentUrl":"https:\/\/voxsahel.com\/wp-content\/uploads\/2025\/05\/IMG_1640.jpeg","width":858,"height":642},{"@type":"BreadcrumbList","@id":"https:\/\/voxsahel.com\/?p=1906#breadcrumb","itemListElement":[{"@type":"ListItem","position":1,"name":"Home","item":"https:\/\/voxsahel.com\/"},{"@type":"ListItem","position":2,"name":"Banque Africaine de D\u00e9veloppement : un Burkinab\u00e8 nomm\u00e9 \u00e0 la t\u00eate du Bureau r\u00e9gional pour l\u2019Afrique centrale"}]},{"@type":"WebSite","@id":"https:\/\/voxsahel.com\/#website","url":"https:\/\/voxsahel.com\/","name":"Vox Sahel","description":"Informez-vous sur le Sahel en un clic","publisher":{"@id":"https:\/\/voxsahel.com\/#organization"},"potentialAction":[{"@type":"SearchAction","target":{"@type":"EntryPoint","urlTemplate":"https:\/\/voxsahel.com\/?s={search_term_string}"},"query-input":{"@type":"PropertyValueSpecification","valueRequired":true,"valueName":"search_term_string"}}],"inLanguage":"fr-FR"},{"@type":"Organization","@id":"https:\/\/voxsahel.com\/#organization","name":"Vox Sahel","url":"https:\/\/voxsahel.com\/","logo":{"@type":"ImageObject","inLanguage":"fr-FR","@id":"https:\/\/voxsahel.com\/#\/schema\/logo\/image\/","url":"https:\/\/voxsahel.com\/wp-content\/uploads\/2024\/09\/Logo-Vox-Sahel.jpg","contentUrl":"https:\/\/voxsahel.com\/wp-content\/uploads\/2024\/09\/Logo-Vox-Sahel.jpg","width":1181,"height":848,"caption":"Vox Sahel"},"image":{"@id":"https:\/\/voxsahel.com\/#\/schema\/logo\/image\/"},"sameAs":["https:\/\/www.facebook.com\/journal.voxsahel"]},{"@type":"Person","@id":"https:\/\/voxsahel.com\/#\/schema\/person\/b4043608248f8fa227cd760e7ff1e19e","name":"Vox Sahel","image":{"@type":"ImageObject","inLanguage":"fr-FR","@id":"https:\/\/secure.gravatar.com\/avatar\/f70e7fa0cb9b29d4a7c5788d6eb2e9ab4d3135cbae1c9161810fdf77a8964699?s=96&d=mm&r=g","url":"https:\/\/secure.gravatar.com\/avatar\/f70e7fa0cb9b29d4a7c5788d6eb2e9ab4d3135cbae1c9161810fdf77a8964699?s=96&d=mm&r=g","contentUrl":"https:\/\/secure.gravatar.com\/avatar\/f70e7fa0cb9b29d4a7c5788d6eb2e9ab4d3135cbae1c9161810fdf77a8964699?s=96&d=mm&r=g","caption":"Vox Sahel"},"sameAs":["http:\/\/www.voxsahel.com"],"url":"https:\/\/voxsahel.com\/?author=2"}]}},"_links":{"self":[{"href":"https:\/\/voxsahel.com\/index.php?rest_route=\/wp\/v2\/posts\/1906","targetHints":{"allow":["GET"]}}],"collection":[{"href":"https:\/\/voxsahel.com\/index.php?rest_route=\/wp\/v2\/posts"}],"about":[{"href":"https:\/\/voxsahel.com\/index.php?rest_route=\/wp\/v2\/types\/post"}],"author":[{"embeddable":true,"href":"https:\/\/voxsahel.com\/index.php?rest_route=\/wp\/v2\/users\/2"}],"replies":[{"embeddable":true,"href":"https:\/\/voxsahel.com\/index.php?rest_route=%2Fwp%2Fv2%2Fcomments&post=1906"}],"version-history":[{"count":4,"href":"https:\/\/voxsahel.com\/index.php?rest_route=\/wp\/v2\/posts\/1906\/revisions"}],"predecessor-version":[{"id":1912,"href":"https:\/\/voxsahel.com\/index.php?rest_route=\/wp\/v2\/posts\/1906\/revisions\/1912"}],"wp:featuredmedia":[{"embeddable":true,"href":"https:\/\/voxsahel.com\/index.php?rest_route=\/wp\/v2\/media\/1908"}],"wp:attachment":[{"href":"https:\/\/voxsahel.com\/index.php?rest_route=%2Fwp%2Fv2%2Fmedia&parent=1906"}],"wp:term":[{"taxonomy":"category","embeddable":true,"href":"https:\/\/voxsahel.com\/index.php?rest_route=%2Fwp%2Fv2%2Fcategories&post=1906"},{"taxonomy":"post_tag","embeddable":true,"href":"https:\/\/voxsahel.com\/index.php?rest_route=%2Fwp%2Fv2%2Ftags&post=1906"}],"curies":[{"name":"wp","href":"https:\/\/api.w.org\/{rel}","templated":true}]}}