{"id":1903,"date":"2025-05-06T21:31:09","date_gmt":"2025-05-06T21:31:09","guid":{"rendered":"https:\/\/voxsahel.com\/?p=1903"},"modified":"2025-05-06T21:31:09","modified_gmt":"2025-05-06T21:31:09","slug":"previsions-saisonnieres-2025-au-burkina-faso-une-saison-des-pluies-atypique-aux-multiples-enjeux","status":"publish","type":"post","link":"https:\/\/voxsahel.com\/?p=1903","title":{"rendered":"Pr\u00e9visions saisonni\u00e8res 2025 au Burkina Faso : une saison des pluies atypique aux multiples enjeux"},"content":{"rendered":"<p class=\"p1\">L\u2019Agence Nationale de la M\u00e9t\u00e9orologie (ANAM) a publi\u00e9 ses pr\u00e9visions saisonni\u00e8res agro-hydro-climatiques pour l\u2019ann\u00e9e 2025. Le document, tr\u00e8s attendu par les agriculteurs, les d\u00e9cideurs et les humanitaires, dresse un tableau contrast\u00e9 de la saison des pluies \u00e0 venir, entre retards, exc\u00e8s, d\u00e9ficits localis\u00e9s et risques extr\u00eames.<\/p>\n<p class=\"p1\"><span class=\"s2\">La saison des pluies d\u00e9butera de fa\u00e7on tardive sur la majeure partie du territoire, notamment dans les r\u00e9gions sah\u00e9liennes, o\u00f9 elle ne commencera qu\u2019apr\u00e8s le 28 juin. En revanche, les r\u00e9gions du Sud-Ouest, des Cascades et des Hauts-Bassins conna\u00eetront un d\u00e9marrage normal \u00e0 pr\u00e9coce, avec des premi\u00e8res pluies significatives entre le 25 avril et le 19 mai. Toutefois, des s\u00e9quences s\u00e8ches longues en d\u00e9but de saison sont attendues au Sahel et au Centre-Nord, pouvant d\u00e9passer 9 jours, ce qui pourrait compromettre les premiers semis.<\/span><\/p>\n<p class=\"p3\"><strong><span class=\"s3\">Des pluies globalement abondantes mais in\u00e9galement r\u00e9parties<\/span><\/strong><\/p>\n<p class=\"p1\"><span class=\"s2\">En termes de volume, la pluviom\u00e9trie s\u2019annonce <\/span><span class=\"s1\">normale \u00e0 exc\u00e9dentaire<\/span><span class=\"s2\"> pour la p\u00e9riode juin-juillet-ao\u00fbt (JJA) dans la majorit\u00e9 des r\u00e9gions. Toutefois, l\u2019Est et le Centre-Est pourraient enregistrer un <\/span><span class=\"s1\">d\u00e9ficit pluviom\u00e9trique<\/span><span class=\"s2\"> sur la m\u00eame p\u00e9riode. La situation s\u2019inversera probablement en juillet-ao\u00fbt-septembre (JAS), o\u00f9 <\/span><span class=\"s1\">des cumuls exc\u00e9dentaires sont attendus sur tout le territoire<\/span><span class=\"s2\">.<\/span><\/p>\n<p class=\"p1\"><span class=\"s2\">La fin de la saison des pluies interviendra de mani\u00e8re <\/span><span class=\"s1\">tardive<\/span><span class=\"s2\"> sur l\u2019ensemble du pays. Au Sud-Ouest, les pr\u00e9cipitations pourraient se poursuivre <\/span><span class=\"s1\">au-del\u00e0 du 19 octobre<\/span><span class=\"s2\">. Cependant, les experts alertent sur un <\/span><span class=\"s1\">risque \u00e9lev\u00e9 de longues s\u00e9quences s\u00e8ches en fin de saison<\/span><span class=\"s2\">, notamment dans les r\u00e9gions de l\u2019Est, des Hauts-Bassins et du Sud-Ouest.<\/span><\/p>\n<p class=\"p3\"><strong><span class=\"s3\">Risques climatiques et sanitaires \u00e0 surveiller<\/span><\/strong><\/p>\n<p class=\"p1\"><span class=\"s2\">L\u2019ANAM identifie plusieurs <\/span><span class=\"s1\">risques majeurs<\/span><span class=\"s2\"> li\u00e9s aux conditions climatiques pr\u00e9vues :<\/span><\/p>\n<ul class=\"ul1\">\n<li class=\"li1\"><span class=\"s1\">\u00c9v\u00e9nements extr\u00eames<\/span><span class=\"s2\"> (vents violents, fortes pluies)<\/span><\/li>\n<li class=\"li1\"><span class=\"s1\">Inondations<\/span><span class=\"s2\"> susceptibles de provoquer des pertes humaines, des d\u00e9g\u00e2ts mat\u00e9riels, et de perturber les infrastructures (routes, chantiers)<\/span><\/li>\n<li class=\"li1\"><span class=\"s1\">D\u00e9gradation des conditions sanitaires<\/span><span class=\"s2\">, avec une hausse probable des <\/span><span class=\"s1\">maladies hydriques et vectorielles<\/span><span class=\"s2\"> telles que le paludisme et le chol\u00e9ra<\/span><\/li>\n<\/ul>\n<p class=\"p3\"><span class=\"s3\">Recommandations : adapter les pratiques et renforcer la pr\u00e9vention<\/span><\/p>\n<p class=\"p1\"><strong><span class=\"s2\">Face \u00e0 cette saison \u00e0 risques, l\u2019ANAM recommande :<\/span><\/strong><\/p>\n<ul class=\"ul1\">\n<li class=\"li1\"><span class=\"s2\">De <\/span><span class=\"s1\">semer apr\u00e8s deux pluies d\u2019au moins 20 mm<\/span><span class=\"s2\">, espac\u00e9es de moins de 14 jours<\/span><\/li>\n<li class=\"li1\"><span class=\"s2\">D\u2019opter pour des <\/span><span class=\"s1\">vari\u00e9t\u00e9s agricoles tol\u00e9rantes \u00e0 l\u2019humidit\u00e9 et \u00e0 la s\u00e9cheresse<\/span><\/li>\n<li class=\"li1\"><span class=\"s2\">De <\/span><span class=\"s1\">renforcer les syst\u00e8mes de drainage<\/span><span class=\"s2\"> et les <\/span><span class=\"s1\">m\u00e9canismes d\u2019alerte pr\u00e9coce<\/span><\/li>\n<li class=\"li1\"><span class=\"s2\">D\u2019<\/span><span class=\"s1\">intensifier la pr\u00e9vention sanitaire<\/span><span class=\"s2\"> et la <\/span><span class=\"s1\">surveillance \u00e9pid\u00e9miologique<\/span><\/li>\n<\/ul>\n<p class=\"p3\"><span class=\"s3\">Une surveillance continue<\/span><\/p>\n<p class=\"p1\"><span class=\"s2\">L\u2019ANAM pr\u00e9cise que ces pr\u00e9visions seront r\u00e9guli\u00e8rement <\/span><span class=\"s1\">mises \u00e0 jour<\/span><span class=\"s2\"> au fil de la saison. Elles visent \u00e0 accompagner les d\u00e9cisions strat\u00e9giques en mati\u00e8re de production agricole, de s\u00e9curit\u00e9 alimentaire, d\u2019infrastructures et de sant\u00e9 publique.<\/span><\/p>\n<p class=\"p1\"><span class=\"s2\">Dans un contexte de <\/span><span class=\"s1\">changement climatique<\/span><span class=\"s2\"> de plus en plus perceptible, la capacit\u00e9 d\u2019anticipation et d\u2019adaptation des acteurs nationaux et locaux sera d\u00e9terminante pour att\u00e9nuer les impacts potentiels de cette saison pluvieuse 2025.<\/span><\/p>\n<p class=\"p1\" style=\"text-align: right;\"><strong><span class=\"s5\">Par Vox Sahel <\/span><\/strong><\/p>\n<p class=\"p1\" style=\"text-align: right;\"><strong><span class=\"s5\">Pour plus d\u2019informations, les bulletins r\u00e9guliers de l\u2019ANAM sont disponibles sur ses canaux officiels.<\/span><\/strong><\/p>\n","protected":false},"excerpt":{"rendered":"<p>L\u2019Agence Nationale de la M\u00e9t\u00e9orologie (ANAM) a publi\u00e9 ses pr\u00e9visions saisonni\u00e8res agro-hydro-climatiques pour l\u2019ann\u00e9e 2025.<\/p>\n","protected":false},"author":2,"featured_media":1904,"comment_status":"open","ping_status":"open","sticky":false,"template":"","format":"standard","meta":{"_et_pb_use_builder":"","_et_pb_old_content":"","_et_gb_content_width":"","footnotes":""},"categories":[5],"tags":[734,164,18],"class_list":["post-1903","post","type-post","status-publish","format-standard","has-post-thumbnail","hentry","category-societe","tag-agence-nationale-de-la-meteorologie","tag-anam","tag-burkina-faso"],"yoast_head":"<!-- This site is optimized with the Yoast SEO plugin v27.5 - https:\/\/yoast.com\/product\/yoast-seo-wordpress\/ -->\n<title>Pr\u00e9visions saisonni\u00e8res 2025 au Burkina Faso : une saison des pluies atypique aux multiples enjeux - Vox Sahel<\/title>\n<meta name=\"robots\" content=\"index, follow, max-snippet:-1, max-image-preview:large, max-video-preview:-1\" \/>\n<link rel=\"canonical\" href=\"https:\/\/voxsahel.com\/?p=1903\" \/>\n<meta property=\"og:locale\" content=\"fr_FR\" \/>\n<meta property=\"og:type\" content=\"article\" \/>\n<meta property=\"og:title\" content=\"Pr\u00e9visions saisonni\u00e8res 2025 au Burkina Faso : une saison des pluies atypique aux multiples enjeux - Vox Sahel\" \/>\n<meta property=\"og:description\" content=\"L\u2019Agence Nationale de la M\u00e9t\u00e9orologie (ANAM) a publi\u00e9 ses pr\u00e9visions saisonni\u00e8res agro-hydro-climatiques pour l\u2019ann\u00e9e 2025.\" \/>\n<meta property=\"og:url\" content=\"https:\/\/voxsahel.com\/?p=1903\" \/>\n<meta property=\"og:site_name\" content=\"Vox Sahel\" \/>\n<meta property=\"article:publisher\" content=\"https:\/\/www.facebook.com\/journal.voxsahel\" \/>\n<meta property=\"article:published_time\" content=\"2025-05-06T21:31:09+00:00\" \/>\n<meta property=\"og:image\" content=\"https:\/\/voxsahel.com\/wp-content\/uploads\/2025\/05\/IMG_1595.jpeg\" \/>\n\t<meta property=\"og:image:width\" content=\"497\" \/>\n\t<meta property=\"og:image:height\" content=\"249\" \/>\n\t<meta property=\"og:image:type\" content=\"image\/jpeg\" \/>\n<meta name=\"author\" content=\"Vox Sahel\" \/>\n<meta name=\"twitter:card\" content=\"summary_large_image\" \/>\n<meta name=\"twitter:label1\" content=\"\u00c9crit par\" \/>\n\t<meta name=\"twitter:data1\" content=\"Vox Sahel\" \/>\n\t<meta name=\"twitter:label2\" content=\"Dur\u00e9e de lecture estim\u00e9e\" \/>\n\t<meta name=\"twitter:data2\" content=\"3 minutes\" \/>\n<script type=\"application\/ld+json\" class=\"yoast-schema-graph\">{\"@context\":\"https:\\\/\\\/schema.org\",\"@graph\":[{\"@type\":\"Article\",\"@id\":\"https:\\\/\\\/voxsahel.com\\\/?p=1903#article\",\"isPartOf\":{\"@id\":\"https:\\\/\\\/voxsahel.com\\\/?p=1903\"},\"author\":{\"name\":\"Vox Sahel\",\"@id\":\"https:\\\/\\\/voxsahel.com\\\/#\\\/schema\\\/person\\\/b4043608248f8fa227cd760e7ff1e19e\"},\"headline\":\"Pr\u00e9visions saisonni\u00e8res 2025 au Burkina Faso : une saison des pluies atypique aux multiples enjeux\",\"datePublished\":\"2025-05-06T21:31:09+00:00\",\"mainEntityOfPage\":{\"@id\":\"https:\\\/\\\/voxsahel.com\\\/?p=1903\"},\"wordCount\":542,\"commentCount\":0,\"publisher\":{\"@id\":\"https:\\\/\\\/voxsahel.com\\\/#organization\"},\"image\":{\"@id\":\"https:\\\/\\\/voxsahel.com\\\/?p=1903#primaryimage\"},\"thumbnailUrl\":\"https:\\\/\\\/voxsahel.com\\\/wp-content\\\/uploads\\\/2025\\\/05\\\/IMG_1595.jpeg\",\"keywords\":[\"Agence Nationale de la M\u00e9t\u00e9orologie\",\"ANAM\",\"Burkina Faso\"],\"articleSection\":[\"SOCIETE\"],\"inLanguage\":\"fr-FR\",\"potentialAction\":[{\"@type\":\"CommentAction\",\"name\":\"Comment\",\"target\":[\"https:\\\/\\\/voxsahel.com\\\/?p=1903#respond\"]}]},{\"@type\":\"WebPage\",\"@id\":\"https:\\\/\\\/voxsahel.com\\\/?p=1903\",\"url\":\"https:\\\/\\\/voxsahel.com\\\/?p=1903\",\"name\":\"Pr\u00e9visions saisonni\u00e8res 2025 au Burkina Faso : une saison des pluies atypique aux multiples enjeux - Vox Sahel\",\"isPartOf\":{\"@id\":\"https:\\\/\\\/voxsahel.com\\\/#website\"},\"primaryImageOfPage\":{\"@id\":\"https:\\\/\\\/voxsahel.com\\\/?p=1903#primaryimage\"},\"image\":{\"@id\":\"https:\\\/\\\/voxsahel.com\\\/?p=1903#primaryimage\"},\"thumbnailUrl\":\"https:\\\/\\\/voxsahel.com\\\/wp-content\\\/uploads\\\/2025\\\/05\\\/IMG_1595.jpeg\",\"datePublished\":\"2025-05-06T21:31:09+00:00\",\"breadcrumb\":{\"@id\":\"https:\\\/\\\/voxsahel.com\\\/?p=1903#breadcrumb\"},\"inLanguage\":\"fr-FR\",\"potentialAction\":[{\"@type\":\"ReadAction\",\"target\":[\"https:\\\/\\\/voxsahel.com\\\/?p=1903\"]}]},{\"@type\":\"ImageObject\",\"inLanguage\":\"fr-FR\",\"@id\":\"https:\\\/\\\/voxsahel.com\\\/?p=1903#primaryimage\",\"url\":\"https:\\\/\\\/voxsahel.com\\\/wp-content\\\/uploads\\\/2025\\\/05\\\/IMG_1595.jpeg\",\"contentUrl\":\"https:\\\/\\\/voxsahel.com\\\/wp-content\\\/uploads\\\/2025\\\/05\\\/IMG_1595.jpeg\",\"width\":497,\"height\":249},{\"@type\":\"BreadcrumbList\",\"@id\":\"https:\\\/\\\/voxsahel.com\\\/?p=1903#breadcrumb\",\"itemListElement\":[{\"@type\":\"ListItem\",\"position\":1,\"name\":\"Home\",\"item\":\"https:\\\/\\\/voxsahel.com\\\/\"},{\"@type\":\"ListItem\",\"position\":2,\"name\":\"Pr\u00e9visions saisonni\u00e8res 2025 au Burkina Faso : une saison des pluies atypique aux multiples enjeux\"}]},{\"@type\":\"WebSite\",\"@id\":\"https:\\\/\\\/voxsahel.com\\\/#website\",\"url\":\"https:\\\/\\\/voxsahel.com\\\/\",\"name\":\"Vox Sahel\",\"description\":\"Informez-vous sur le Sahel en un clic\",\"publisher\":{\"@id\":\"https:\\\/\\\/voxsahel.com\\\/#organization\"},\"potentialAction\":[{\"@type\":\"SearchAction\",\"target\":{\"@type\":\"EntryPoint\",\"urlTemplate\":\"https:\\\/\\\/voxsahel.com\\\/?s={search_term_string}\"},\"query-input\":{\"@type\":\"PropertyValueSpecification\",\"valueRequired\":true,\"valueName\":\"search_term_string\"}}],\"inLanguage\":\"fr-FR\"},{\"@type\":\"Organization\",\"@id\":\"https:\\\/\\\/voxsahel.com\\\/#organization\",\"name\":\"Vox Sahel\",\"url\":\"https:\\\/\\\/voxsahel.com\\\/\",\"logo\":{\"@type\":\"ImageObject\",\"inLanguage\":\"fr-FR\",\"@id\":\"https:\\\/\\\/voxsahel.com\\\/#\\\/schema\\\/logo\\\/image\\\/\",\"url\":\"https:\\\/\\\/voxsahel.com\\\/wp-content\\\/uploads\\\/2024\\\/09\\\/Logo-Vox-Sahel.jpg\",\"contentUrl\":\"https:\\\/\\\/voxsahel.com\\\/wp-content\\\/uploads\\\/2024\\\/09\\\/Logo-Vox-Sahel.jpg\",\"width\":1181,\"height\":848,\"caption\":\"Vox Sahel\"},\"image\":{\"@id\":\"https:\\\/\\\/voxsahel.com\\\/#\\\/schema\\\/logo\\\/image\\\/\"},\"sameAs\":[\"https:\\\/\\\/www.facebook.com\\\/journal.voxsahel\"]},{\"@type\":\"Person\",\"@id\":\"https:\\\/\\\/voxsahel.com\\\/#\\\/schema\\\/person\\\/b4043608248f8fa227cd760e7ff1e19e\",\"name\":\"Vox Sahel\",\"image\":{\"@type\":\"ImageObject\",\"inLanguage\":\"fr-FR\",\"@id\":\"https:\\\/\\\/secure.gravatar.com\\\/avatar\\\/f70e7fa0cb9b29d4a7c5788d6eb2e9ab4d3135cbae1c9161810fdf77a8964699?s=96&d=mm&r=g\",\"url\":\"https:\\\/\\\/secure.gravatar.com\\\/avatar\\\/f70e7fa0cb9b29d4a7c5788d6eb2e9ab4d3135cbae1c9161810fdf77a8964699?s=96&d=mm&r=g\",\"contentUrl\":\"https:\\\/\\\/secure.gravatar.com\\\/avatar\\\/f70e7fa0cb9b29d4a7c5788d6eb2e9ab4d3135cbae1c9161810fdf77a8964699?s=96&d=mm&r=g\",\"caption\":\"Vox Sahel\"},\"sameAs\":[\"http:\\\/\\\/www.voxsahel.com\"],\"url\":\"https:\\\/\\\/voxsahel.com\\\/?author=2\"}]}<\/script>\n<!-- \/ Yoast SEO plugin. -->","yoast_head_json":{"title":"Pr\u00e9visions saisonni\u00e8res 2025 au Burkina Faso : une saison des pluies atypique aux multiples enjeux - Vox Sahel","robots":{"index":"index","follow":"follow","max-snippet":"max-snippet:-1","max-image-preview":"max-image-preview:large","max-video-preview":"max-video-preview:-1"},"canonical":"https:\/\/voxsahel.com\/?p=1903","og_locale":"fr_FR","og_type":"article","og_title":"Pr\u00e9visions saisonni\u00e8res 2025 au Burkina Faso : une saison des pluies atypique aux multiples enjeux - Vox Sahel","og_description":"L\u2019Agence Nationale de la M\u00e9t\u00e9orologie (ANAM) a publi\u00e9 ses pr\u00e9visions saisonni\u00e8res agro-hydro-climatiques pour l\u2019ann\u00e9e 2025.","og_url":"https:\/\/voxsahel.com\/?p=1903","og_site_name":"Vox Sahel","article_publisher":"https:\/\/www.facebook.com\/journal.voxsahel","article_published_time":"2025-05-06T21:31:09+00:00","og_image":[{"width":497,"height":249,"url":"https:\/\/voxsahel.com\/wp-content\/uploads\/2025\/05\/IMG_1595.jpeg","type":"image\/jpeg"}],"author":"Vox Sahel","twitter_card":"summary_large_image","twitter_misc":{"\u00c9crit par":"Vox Sahel","Dur\u00e9e de lecture estim\u00e9e":"3 minutes"},"schema":{"@context":"https:\/\/schema.org","@graph":[{"@type":"Article","@id":"https:\/\/voxsahel.com\/?p=1903#article","isPartOf":{"@id":"https:\/\/voxsahel.com\/?p=1903"},"author":{"name":"Vox Sahel","@id":"https:\/\/voxsahel.com\/#\/schema\/person\/b4043608248f8fa227cd760e7ff1e19e"},"headline":"Pr\u00e9visions saisonni\u00e8res 2025 au Burkina Faso : une saison des pluies atypique aux multiples enjeux","datePublished":"2025-05-06T21:31:09+00:00","mainEntityOfPage":{"@id":"https:\/\/voxsahel.com\/?p=1903"},"wordCount":542,"commentCount":0,"publisher":{"@id":"https:\/\/voxsahel.com\/#organization"},"image":{"@id":"https:\/\/voxsahel.com\/?p=1903#primaryimage"},"thumbnailUrl":"https:\/\/voxsahel.com\/wp-content\/uploads\/2025\/05\/IMG_1595.jpeg","keywords":["Agence Nationale de la M\u00e9t\u00e9orologie","ANAM","Burkina Faso"],"articleSection":["SOCIETE"],"inLanguage":"fr-FR","potentialAction":[{"@type":"CommentAction","name":"Comment","target":["https:\/\/voxsahel.com\/?p=1903#respond"]}]},{"@type":"WebPage","@id":"https:\/\/voxsahel.com\/?p=1903","url":"https:\/\/voxsahel.com\/?p=1903","name":"Pr\u00e9visions saisonni\u00e8res 2025 au Burkina Faso : une saison des pluies atypique aux multiples enjeux - Vox Sahel","isPartOf":{"@id":"https:\/\/voxsahel.com\/#website"},"primaryImageOfPage":{"@id":"https:\/\/voxsahel.com\/?p=1903#primaryimage"},"image":{"@id":"https:\/\/voxsahel.com\/?p=1903#primaryimage"},"thumbnailUrl":"https:\/\/voxsahel.com\/wp-content\/uploads\/2025\/05\/IMG_1595.jpeg","datePublished":"2025-05-06T21:31:09+00:00","breadcrumb":{"@id":"https:\/\/voxsahel.com\/?p=1903#breadcrumb"},"inLanguage":"fr-FR","potentialAction":[{"@type":"ReadAction","target":["https:\/\/voxsahel.com\/?p=1903"]}]},{"@type":"ImageObject","inLanguage":"fr-FR","@id":"https:\/\/voxsahel.com\/?p=1903#primaryimage","url":"https:\/\/voxsahel.com\/wp-content\/uploads\/2025\/05\/IMG_1595.jpeg","contentUrl":"https:\/\/voxsahel.com\/wp-content\/uploads\/2025\/05\/IMG_1595.jpeg","width":497,"height":249},{"@type":"BreadcrumbList","@id":"https:\/\/voxsahel.com\/?p=1903#breadcrumb","itemListElement":[{"@type":"ListItem","position":1,"name":"Home","item":"https:\/\/voxsahel.com\/"},{"@type":"ListItem","position":2,"name":"Pr\u00e9visions saisonni\u00e8res 2025 au Burkina Faso : une saison des pluies atypique aux multiples enjeux"}]},{"@type":"WebSite","@id":"https:\/\/voxsahel.com\/#website","url":"https:\/\/voxsahel.com\/","name":"Vox Sahel","description":"Informez-vous sur le Sahel en un clic","publisher":{"@id":"https:\/\/voxsahel.com\/#organization"},"potentialAction":[{"@type":"SearchAction","target":{"@type":"EntryPoint","urlTemplate":"https:\/\/voxsahel.com\/?s={search_term_string}"},"query-input":{"@type":"PropertyValueSpecification","valueRequired":true,"valueName":"search_term_string"}}],"inLanguage":"fr-FR"},{"@type":"Organization","@id":"https:\/\/voxsahel.com\/#organization","name":"Vox Sahel","url":"https:\/\/voxsahel.com\/","logo":{"@type":"ImageObject","inLanguage":"fr-FR","@id":"https:\/\/voxsahel.com\/#\/schema\/logo\/image\/","url":"https:\/\/voxsahel.com\/wp-content\/uploads\/2024\/09\/Logo-Vox-Sahel.jpg","contentUrl":"https:\/\/voxsahel.com\/wp-content\/uploads\/2024\/09\/Logo-Vox-Sahel.jpg","width":1181,"height":848,"caption":"Vox Sahel"},"image":{"@id":"https:\/\/voxsahel.com\/#\/schema\/logo\/image\/"},"sameAs":["https:\/\/www.facebook.com\/journal.voxsahel"]},{"@type":"Person","@id":"https:\/\/voxsahel.com\/#\/schema\/person\/b4043608248f8fa227cd760e7ff1e19e","name":"Vox Sahel","image":{"@type":"ImageObject","inLanguage":"fr-FR","@id":"https:\/\/secure.gravatar.com\/avatar\/f70e7fa0cb9b29d4a7c5788d6eb2e9ab4d3135cbae1c9161810fdf77a8964699?s=96&d=mm&r=g","url":"https:\/\/secure.gravatar.com\/avatar\/f70e7fa0cb9b29d4a7c5788d6eb2e9ab4d3135cbae1c9161810fdf77a8964699?s=96&d=mm&r=g","contentUrl":"https:\/\/secure.gravatar.com\/avatar\/f70e7fa0cb9b29d4a7c5788d6eb2e9ab4d3135cbae1c9161810fdf77a8964699?s=96&d=mm&r=g","caption":"Vox Sahel"},"sameAs":["http:\/\/www.voxsahel.com"],"url":"https:\/\/voxsahel.com\/?author=2"}]}},"_links":{"self":[{"href":"https:\/\/voxsahel.com\/index.php?rest_route=\/wp\/v2\/posts\/1903","targetHints":{"allow":["GET"]}}],"collection":[{"href":"https:\/\/voxsahel.com\/index.php?rest_route=\/wp\/v2\/posts"}],"about":[{"href":"https:\/\/voxsahel.com\/index.php?rest_route=\/wp\/v2\/types\/post"}],"author":[{"embeddable":true,"href":"https:\/\/voxsahel.com\/index.php?rest_route=\/wp\/v2\/users\/2"}],"replies":[{"embeddable":true,"href":"https:\/\/voxsahel.com\/index.php?rest_route=%2Fwp%2Fv2%2Fcomments&post=1903"}],"version-history":[{"count":1,"href":"https:\/\/voxsahel.com\/index.php?rest_route=\/wp\/v2\/posts\/1903\/revisions"}],"predecessor-version":[{"id":1905,"href":"https:\/\/voxsahel.com\/index.php?rest_route=\/wp\/v2\/posts\/1903\/revisions\/1905"}],"wp:featuredmedia":[{"embeddable":true,"href":"https:\/\/voxsahel.com\/index.php?rest_route=\/wp\/v2\/media\/1904"}],"wp:attachment":[{"href":"https:\/\/voxsahel.com\/index.php?rest_route=%2Fwp%2Fv2%2Fmedia&parent=1903"}],"wp:term":[{"taxonomy":"category","embeddable":true,"href":"https:\/\/voxsahel.com\/index.php?rest_route=%2Fwp%2Fv2%2Fcategories&post=1903"},{"taxonomy":"post_tag","embeddable":true,"href":"https:\/\/voxsahel.com\/index.php?rest_route=%2Fwp%2Fv2%2Ftags&post=1903"}],"curies":[{"name":"wp","href":"https:\/\/api.w.org\/{rel}","templated":true}]}}