{"id":1893,"date":"2025-05-05T18:33:17","date_gmt":"2025-05-05T18:33:17","guid":{"rendered":"https:\/\/voxsahel.com\/?p=1893"},"modified":"2025-05-05T18:33:17","modified_gmt":"2025-05-05T18:33:17","slug":"proces-du-pr-macaire-ouedraogo-12-mois-avec-sursis-et-2-millions-damende-requis-contre-lex-president-de-luniversite-nazi-boni","status":"publish","type":"post","link":"https:\/\/voxsahel.com\/?p=1893","title":{"rendered":"Proc\u00e8s du Pr. Macaire Ou\u00e9draogo : 12 mois avec sursis et 2 millions d\u2019amende requis contre l\u2019ex-pr\u00e9sident de l\u2019Universit\u00e9 Nazi Boni"},"content":{"rendered":"<p class=\"p1\">Le proc\u00e8s de Macaire S. Ou\u00e9draogo, ancien pr\u00e9sident de l\u2019Universit\u00e9 Nazi Boni (UNB), a connu un nouvel \u00e9pisode ce lundi devant le Tribunal de grande instance de Bobo-Dioulasso. Accus\u00e9 d\u2019abus de fonction, d\u00e9tournement de deniers publics, fraude dans la passation de march\u00e9s publics et blanchiment de capitaux, l\u2019ex-dirigeant universitaire a ni\u00e9 en bloc les faits qui lui sont reproch\u00e9s.<\/p>\n<p class=\"p1\"><span class=\"s2\">Principal point abord\u00e9 \u00e0 l\u2019audience : le pr\u00e9sum\u00e9 d\u00e9tournement de carburant. \u00c0 la barre, Macaire Ou\u00e9draogo a expliqu\u00e9 n\u2019avoir utilis\u00e9 que sa carte de dotation, tandis que les cartes de fonctionnement \u00e9taient, selon lui, sous la responsabilit\u00e9 de son chauffeur. Il a r\u00e9fut\u00e9 toute id\u00e9e de monnayage de carburant, \u00e0 l\u2019exception d\u2019un cas sp\u00e9cifique durant la p\u00e9riode de la COVID-19, o\u00f9 il aurait autoris\u00e9 une op\u00e9ration exceptionnelle pour l\u2019achat de masques destin\u00e9s \u00e0 des \u00e9tudiants hospitalis\u00e9s.<\/span><\/p>\n<p class=\"p1\"><span class=\"s2\">L\u2019agent judiciaire de l\u2019\u00c9tat a toutefois confirm\u00e9 l\u2019existence d\u2019un gestionnaire de carburant au sein de l\u2019universit\u00e9, ce que le pr\u00e9venu n\u2019a pas contest\u00e9.<\/span><\/p>\n<p class=\"p1\"><strong><span class=\"s1\">Les parties civiles r\u00e9clament justice<\/span><\/strong><\/p>\n<p class=\"p1\"><span class=\"s2\">Deux parties civiles se sont constitu\u00e9es : le R\u00e9seau national de lutte contre la corruption (REN-LAC) et l\u2019\u00c9tat burkinab\u00e8. Le REN-LAC, par la voix de son avocat, a affirm\u00e9 que les accusations \u00e9taient fond\u00e9es. L\u2019organisation a r\u00e9clam\u00e9 un franc symbolique pour le pr\u00e9judice moral ainsi que 1 500 000 F CFA au titre des frais non compris dans les d\u00e9pens. L\u2019\u00c9tat, repr\u00e9sent\u00e9 par l\u2019Agent judiciaire de l\u2019\u00c9tat (AJE), a pour sa part sollicit\u00e9 un franc symbolique et un million de francs CFA pour atteinte \u00e0 son image.<\/span><\/p>\n<p class=\"p1\"><span class=\"s2\">Dans ses r\u00e9quisitions, le procureur du Faso a demand\u00e9 la relaxe de Macaire Ou\u00e9draogo pour le chef de d\u00e9tournement de deniers publics, estimant les preuves insuffisantes. Cependant, il a retenu l\u2019abus de fonction et la fraude dans la passation des march\u00e9s publics comme \u00e9tant \u00e9tablis. Il a donc requis une peine de <\/span><span class=\"s1\">12 mois de prison avec sursis<\/span><span class=\"s2\"> et <\/span><span class=\"s1\">2 millions de francs CFA d\u2019amende ferme<\/span><span class=\"s2\">.<\/span><\/p>\n<p class=\"p1\"><span class=\"s2\">Les avocats de Macaire Ou\u00e9draogo ont plaid\u00e9 la bonne foi de leur client, soulignant son engagement dans le d\u00e9veloppement de l\u2019universit\u00e9 durant sa pr\u00e9sidence entre 2017 et 2022. Ils ont demand\u00e9 sa r\u00e9int\u00e9gration dans ses fonctions d\u2019enseignant en m\u00e9decine, le d\u00e9crivant comme \u00ab un bon serviteur de l\u2019\u00c9tat \u00bb.<\/span><\/p>\n<p class=\"p1\"><strong><span class=\"s1\">Un verdict attendu le 2 juin<\/span><\/strong><\/p>\n<p class=\"p1\"><span class=\"s2\">Le dossier reste ouvert, et le tribunal a fix\u00e9 la date du verdict au <\/span><span class=\"s1\">2 juin 2025<\/span><span class=\"s2\">. Pour rappel, en plus des accusations li\u00e9es au carburant, l\u2019ex-pr\u00e9sident est \u00e9galement poursuivi pour la signature controvers\u00e9e d\u2019une reconnaissance de dette de plus de 60 millions F CFA et pour des irr\u00e9gularit\u00e9s dans la passation de march\u00e9s publics. <\/span><span class=\"s1\">Une affaire \u00e0 suivre de pr\u00e8s.<\/span><\/p>\n<p style=\"text-align: right;\"><strong>Par Vox Sahel<\/strong><\/p>\n","protected":false},"excerpt":{"rendered":"<p>Le proc\u00e8s de Macaire S. Ou\u00e9draogo, ancien pr\u00e9sident de l\u2019Universit\u00e9 Nazi Boni (UNB), a connu<\/p>\n","protected":false},"author":2,"featured_media":1894,"comment_status":"open","ping_status":"open","sticky":false,"template":"","format":"standard","meta":{"_et_pb_use_builder":"","_et_pb_old_content":"","_et_gb_content_width":"","footnotes":""},"categories":[5],"tags":[703,702,18,306,381,733,732,682],"class_list":["post-1893","post","type-post","status-publish","format-standard","has-post-thumbnail","hentry","category-societe","tag-asce-lc","tag-autorite-superieure-de-controle-de-letat-et-de-lutte-contre-la-corruption","tag-burkina-faso","tag-corruption","tag-justice","tag-pr-macaire-ouedraogo","tag-renlac","tag-universite-nazi-boni"],"yoast_head":"<!-- This site is optimized with the Yoast SEO plugin v27.5 - https:\/\/yoast.com\/product\/yoast-seo-wordpress\/ -->\n<title>Proc\u00e8s du Pr. Macaire Ou\u00e9draogo : 12 mois avec sursis et 2 millions d\u2019amende requis contre l\u2019ex-pr\u00e9sident de l\u2019Universit\u00e9 Nazi Boni - Vox Sahel<\/title>\n<meta name=\"robots\" content=\"index, follow, max-snippet:-1, max-image-preview:large, max-video-preview:-1\" \/>\n<link rel=\"canonical\" href=\"https:\/\/voxsahel.com\/?p=1893\" \/>\n<meta property=\"og:locale\" content=\"fr_FR\" \/>\n<meta property=\"og:type\" content=\"article\" \/>\n<meta property=\"og:title\" content=\"Proc\u00e8s du Pr. Macaire Ou\u00e9draogo : 12 mois avec sursis et 2 millions d\u2019amende requis contre l\u2019ex-pr\u00e9sident de l\u2019Universit\u00e9 Nazi Boni - Vox Sahel\" \/>\n<meta property=\"og:description\" content=\"Le proc\u00e8s de Macaire S. Ou\u00e9draogo, ancien pr\u00e9sident de l\u2019Universit\u00e9 Nazi Boni (UNB), a connu\" \/>\n<meta property=\"og:url\" content=\"https:\/\/voxsahel.com\/?p=1893\" \/>\n<meta property=\"og:site_name\" content=\"Vox Sahel\" \/>\n<meta property=\"article:publisher\" content=\"https:\/\/www.facebook.com\/journal.voxsahel\" \/>\n<meta property=\"article:published_time\" content=\"2025-05-05T18:33:17+00:00\" \/>\n<meta property=\"og:image\" content=\"https:\/\/voxsahel.com\/wp-content\/uploads\/2025\/05\/b6448041-3a0d-405a-9182-7c8fbee47f55.jpeg\" \/>\n\t<meta property=\"og:image:width\" content=\"720\" \/>\n\t<meta property=\"og:image:height\" content=\"360\" \/>\n\t<meta property=\"og:image:type\" content=\"image\/jpeg\" \/>\n<meta name=\"author\" content=\"Vox Sahel\" \/>\n<meta name=\"twitter:card\" content=\"summary_large_image\" \/>\n<meta name=\"twitter:label1\" content=\"\u00c9crit par\" \/>\n\t<meta name=\"twitter:data1\" content=\"Vox Sahel\" \/>\n\t<meta name=\"twitter:label2\" content=\"Dur\u00e9e de lecture estim\u00e9e\" \/>\n\t<meta name=\"twitter:data2\" content=\"3 minutes\" \/>\n<script type=\"application\/ld+json\" class=\"yoast-schema-graph\">{\"@context\":\"https:\\\/\\\/schema.org\",\"@graph\":[{\"@type\":\"Article\",\"@id\":\"https:\\\/\\\/voxsahel.com\\\/?p=1893#article\",\"isPartOf\":{\"@id\":\"https:\\\/\\\/voxsahel.com\\\/?p=1893\"},\"author\":{\"name\":\"Vox Sahel\",\"@id\":\"https:\\\/\\\/voxsahel.com\\\/#\\\/schema\\\/person\\\/b4043608248f8fa227cd760e7ff1e19e\"},\"headline\":\"Proc\u00e8s du Pr. Macaire Ou\u00e9draogo : 12 mois avec sursis et 2 millions d\u2019amende requis contre l\u2019ex-pr\u00e9sident de l\u2019Universit\u00e9 Nazi Boni\",\"datePublished\":\"2025-05-05T18:33:17+00:00\",\"mainEntityOfPage\":{\"@id\":\"https:\\\/\\\/voxsahel.com\\\/?p=1893\"},\"wordCount\":507,\"commentCount\":0,\"publisher\":{\"@id\":\"https:\\\/\\\/voxsahel.com\\\/#organization\"},\"image\":{\"@id\":\"https:\\\/\\\/voxsahel.com\\\/?p=1893#primaryimage\"},\"thumbnailUrl\":\"https:\\\/\\\/voxsahel.com\\\/wp-content\\\/uploads\\\/2025\\\/05\\\/b6448041-3a0d-405a-9182-7c8fbee47f55.jpeg\",\"keywords\":[\"ASCE-LC\",\"Autorit\u00e9 Sup\u00e9rieure de Contr\u00f4le de l\u2019\u00c9tat et de Lutte contre la Corruption\",\"Burkina Faso\",\"Corruption\",\"Justice\",\"Pr. Macaire Ou\u00e9draogo\",\"RENLAC\",\"Universit\u00e9 Nazi Boni\"],\"articleSection\":[\"SOCIETE\"],\"inLanguage\":\"fr-FR\",\"potentialAction\":[{\"@type\":\"CommentAction\",\"name\":\"Comment\",\"target\":[\"https:\\\/\\\/voxsahel.com\\\/?p=1893#respond\"]}]},{\"@type\":\"WebPage\",\"@id\":\"https:\\\/\\\/voxsahel.com\\\/?p=1893\",\"url\":\"https:\\\/\\\/voxsahel.com\\\/?p=1893\",\"name\":\"Proc\u00e8s du Pr. Macaire Ou\u00e9draogo : 12 mois avec sursis et 2 millions d\u2019amende requis contre l\u2019ex-pr\u00e9sident de l\u2019Universit\u00e9 Nazi Boni - Vox Sahel\",\"isPartOf\":{\"@id\":\"https:\\\/\\\/voxsahel.com\\\/#website\"},\"primaryImageOfPage\":{\"@id\":\"https:\\\/\\\/voxsahel.com\\\/?p=1893#primaryimage\"},\"image\":{\"@id\":\"https:\\\/\\\/voxsahel.com\\\/?p=1893#primaryimage\"},\"thumbnailUrl\":\"https:\\\/\\\/voxsahel.com\\\/wp-content\\\/uploads\\\/2025\\\/05\\\/b6448041-3a0d-405a-9182-7c8fbee47f55.jpeg\",\"datePublished\":\"2025-05-05T18:33:17+00:00\",\"breadcrumb\":{\"@id\":\"https:\\\/\\\/voxsahel.com\\\/?p=1893#breadcrumb\"},\"inLanguage\":\"fr-FR\",\"potentialAction\":[{\"@type\":\"ReadAction\",\"target\":[\"https:\\\/\\\/voxsahel.com\\\/?p=1893\"]}]},{\"@type\":\"ImageObject\",\"inLanguage\":\"fr-FR\",\"@id\":\"https:\\\/\\\/voxsahel.com\\\/?p=1893#primaryimage\",\"url\":\"https:\\\/\\\/voxsahel.com\\\/wp-content\\\/uploads\\\/2025\\\/05\\\/b6448041-3a0d-405a-9182-7c8fbee47f55.jpeg\",\"contentUrl\":\"https:\\\/\\\/voxsahel.com\\\/wp-content\\\/uploads\\\/2025\\\/05\\\/b6448041-3a0d-405a-9182-7c8fbee47f55.jpeg\",\"width\":720,\"height\":360},{\"@type\":\"BreadcrumbList\",\"@id\":\"https:\\\/\\\/voxsahel.com\\\/?p=1893#breadcrumb\",\"itemListElement\":[{\"@type\":\"ListItem\",\"position\":1,\"name\":\"Home\",\"item\":\"https:\\\/\\\/voxsahel.com\\\/\"},{\"@type\":\"ListItem\",\"position\":2,\"name\":\"Proc\u00e8s du Pr. Macaire Ou\u00e9draogo : 12 mois avec sursis et 2 millions d\u2019amende requis contre l\u2019ex-pr\u00e9sident de l\u2019Universit\u00e9 Nazi Boni\"}]},{\"@type\":\"WebSite\",\"@id\":\"https:\\\/\\\/voxsahel.com\\\/#website\",\"url\":\"https:\\\/\\\/voxsahel.com\\\/\",\"name\":\"Vox Sahel\",\"description\":\"Informez-vous sur le Sahel en un clic\",\"publisher\":{\"@id\":\"https:\\\/\\\/voxsahel.com\\\/#organization\"},\"potentialAction\":[{\"@type\":\"SearchAction\",\"target\":{\"@type\":\"EntryPoint\",\"urlTemplate\":\"https:\\\/\\\/voxsahel.com\\\/?s={search_term_string}\"},\"query-input\":{\"@type\":\"PropertyValueSpecification\",\"valueRequired\":true,\"valueName\":\"search_term_string\"}}],\"inLanguage\":\"fr-FR\"},{\"@type\":\"Organization\",\"@id\":\"https:\\\/\\\/voxsahel.com\\\/#organization\",\"name\":\"Vox Sahel\",\"url\":\"https:\\\/\\\/voxsahel.com\\\/\",\"logo\":{\"@type\":\"ImageObject\",\"inLanguage\":\"fr-FR\",\"@id\":\"https:\\\/\\\/voxsahel.com\\\/#\\\/schema\\\/logo\\\/image\\\/\",\"url\":\"https:\\\/\\\/voxsahel.com\\\/wp-content\\\/uploads\\\/2024\\\/09\\\/Logo-Vox-Sahel.jpg\",\"contentUrl\":\"https:\\\/\\\/voxsahel.com\\\/wp-content\\\/uploads\\\/2024\\\/09\\\/Logo-Vox-Sahel.jpg\",\"width\":1181,\"height\":848,\"caption\":\"Vox Sahel\"},\"image\":{\"@id\":\"https:\\\/\\\/voxsahel.com\\\/#\\\/schema\\\/logo\\\/image\\\/\"},\"sameAs\":[\"https:\\\/\\\/www.facebook.com\\\/journal.voxsahel\"]},{\"@type\":\"Person\",\"@id\":\"https:\\\/\\\/voxsahel.com\\\/#\\\/schema\\\/person\\\/b4043608248f8fa227cd760e7ff1e19e\",\"name\":\"Vox Sahel\",\"image\":{\"@type\":\"ImageObject\",\"inLanguage\":\"fr-FR\",\"@id\":\"https:\\\/\\\/secure.gravatar.com\\\/avatar\\\/f70e7fa0cb9b29d4a7c5788d6eb2e9ab4d3135cbae1c9161810fdf77a8964699?s=96&d=mm&r=g\",\"url\":\"https:\\\/\\\/secure.gravatar.com\\\/avatar\\\/f70e7fa0cb9b29d4a7c5788d6eb2e9ab4d3135cbae1c9161810fdf77a8964699?s=96&d=mm&r=g\",\"contentUrl\":\"https:\\\/\\\/secure.gravatar.com\\\/avatar\\\/f70e7fa0cb9b29d4a7c5788d6eb2e9ab4d3135cbae1c9161810fdf77a8964699?s=96&d=mm&r=g\",\"caption\":\"Vox Sahel\"},\"sameAs\":[\"http:\\\/\\\/www.voxsahel.com\"],\"url\":\"https:\\\/\\\/voxsahel.com\\\/?author=2\"}]}<\/script>\n<!-- \/ Yoast SEO plugin. -->","yoast_head_json":{"title":"Proc\u00e8s du Pr. Macaire Ou\u00e9draogo : 12 mois avec sursis et 2 millions d\u2019amende requis contre l\u2019ex-pr\u00e9sident de l\u2019Universit\u00e9 Nazi Boni - Vox Sahel","robots":{"index":"index","follow":"follow","max-snippet":"max-snippet:-1","max-image-preview":"max-image-preview:large","max-video-preview":"max-video-preview:-1"},"canonical":"https:\/\/voxsahel.com\/?p=1893","og_locale":"fr_FR","og_type":"article","og_title":"Proc\u00e8s du Pr. Macaire Ou\u00e9draogo : 12 mois avec sursis et 2 millions d\u2019amende requis contre l\u2019ex-pr\u00e9sident de l\u2019Universit\u00e9 Nazi Boni - Vox Sahel","og_description":"Le proc\u00e8s de Macaire S. Ou\u00e9draogo, ancien pr\u00e9sident de l\u2019Universit\u00e9 Nazi Boni (UNB), a connu","og_url":"https:\/\/voxsahel.com\/?p=1893","og_site_name":"Vox Sahel","article_publisher":"https:\/\/www.facebook.com\/journal.voxsahel","article_published_time":"2025-05-05T18:33:17+00:00","og_image":[{"width":720,"height":360,"url":"https:\/\/voxsahel.com\/wp-content\/uploads\/2025\/05\/b6448041-3a0d-405a-9182-7c8fbee47f55.jpeg","type":"image\/jpeg"}],"author":"Vox Sahel","twitter_card":"summary_large_image","twitter_misc":{"\u00c9crit par":"Vox Sahel","Dur\u00e9e de lecture estim\u00e9e":"3 minutes"},"schema":{"@context":"https:\/\/schema.org","@graph":[{"@type":"Article","@id":"https:\/\/voxsahel.com\/?p=1893#article","isPartOf":{"@id":"https:\/\/voxsahel.com\/?p=1893"},"author":{"name":"Vox Sahel","@id":"https:\/\/voxsahel.com\/#\/schema\/person\/b4043608248f8fa227cd760e7ff1e19e"},"headline":"Proc\u00e8s du Pr. Macaire Ou\u00e9draogo : 12 mois avec sursis et 2 millions d\u2019amende requis contre l\u2019ex-pr\u00e9sident de l\u2019Universit\u00e9 Nazi Boni","datePublished":"2025-05-05T18:33:17+00:00","mainEntityOfPage":{"@id":"https:\/\/voxsahel.com\/?p=1893"},"wordCount":507,"commentCount":0,"publisher":{"@id":"https:\/\/voxsahel.com\/#organization"},"image":{"@id":"https:\/\/voxsahel.com\/?p=1893#primaryimage"},"thumbnailUrl":"https:\/\/voxsahel.com\/wp-content\/uploads\/2025\/05\/b6448041-3a0d-405a-9182-7c8fbee47f55.jpeg","keywords":["ASCE-LC","Autorit\u00e9 Sup\u00e9rieure de Contr\u00f4le de l\u2019\u00c9tat et de Lutte contre la Corruption","Burkina Faso","Corruption","Justice","Pr. Macaire Ou\u00e9draogo","RENLAC","Universit\u00e9 Nazi Boni"],"articleSection":["SOCIETE"],"inLanguage":"fr-FR","potentialAction":[{"@type":"CommentAction","name":"Comment","target":["https:\/\/voxsahel.com\/?p=1893#respond"]}]},{"@type":"WebPage","@id":"https:\/\/voxsahel.com\/?p=1893","url":"https:\/\/voxsahel.com\/?p=1893","name":"Proc\u00e8s du Pr. Macaire Ou\u00e9draogo : 12 mois avec sursis et 2 millions d\u2019amende requis contre l\u2019ex-pr\u00e9sident de l\u2019Universit\u00e9 Nazi Boni - Vox Sahel","isPartOf":{"@id":"https:\/\/voxsahel.com\/#website"},"primaryImageOfPage":{"@id":"https:\/\/voxsahel.com\/?p=1893#primaryimage"},"image":{"@id":"https:\/\/voxsahel.com\/?p=1893#primaryimage"},"thumbnailUrl":"https:\/\/voxsahel.com\/wp-content\/uploads\/2025\/05\/b6448041-3a0d-405a-9182-7c8fbee47f55.jpeg","datePublished":"2025-05-05T18:33:17+00:00","breadcrumb":{"@id":"https:\/\/voxsahel.com\/?p=1893#breadcrumb"},"inLanguage":"fr-FR","potentialAction":[{"@type":"ReadAction","target":["https:\/\/voxsahel.com\/?p=1893"]}]},{"@type":"ImageObject","inLanguage":"fr-FR","@id":"https:\/\/voxsahel.com\/?p=1893#primaryimage","url":"https:\/\/voxsahel.com\/wp-content\/uploads\/2025\/05\/b6448041-3a0d-405a-9182-7c8fbee47f55.jpeg","contentUrl":"https:\/\/voxsahel.com\/wp-content\/uploads\/2025\/05\/b6448041-3a0d-405a-9182-7c8fbee47f55.jpeg","width":720,"height":360},{"@type":"BreadcrumbList","@id":"https:\/\/voxsahel.com\/?p=1893#breadcrumb","itemListElement":[{"@type":"ListItem","position":1,"name":"Home","item":"https:\/\/voxsahel.com\/"},{"@type":"ListItem","position":2,"name":"Proc\u00e8s du Pr. Macaire Ou\u00e9draogo : 12 mois avec sursis et 2 millions d\u2019amende requis contre l\u2019ex-pr\u00e9sident de l\u2019Universit\u00e9 Nazi Boni"}]},{"@type":"WebSite","@id":"https:\/\/voxsahel.com\/#website","url":"https:\/\/voxsahel.com\/","name":"Vox Sahel","description":"Informez-vous sur le Sahel en un clic","publisher":{"@id":"https:\/\/voxsahel.com\/#organization"},"potentialAction":[{"@type":"SearchAction","target":{"@type":"EntryPoint","urlTemplate":"https:\/\/voxsahel.com\/?s={search_term_string}"},"query-input":{"@type":"PropertyValueSpecification","valueRequired":true,"valueName":"search_term_string"}}],"inLanguage":"fr-FR"},{"@type":"Organization","@id":"https:\/\/voxsahel.com\/#organization","name":"Vox Sahel","url":"https:\/\/voxsahel.com\/","logo":{"@type":"ImageObject","inLanguage":"fr-FR","@id":"https:\/\/voxsahel.com\/#\/schema\/logo\/image\/","url":"https:\/\/voxsahel.com\/wp-content\/uploads\/2024\/09\/Logo-Vox-Sahel.jpg","contentUrl":"https:\/\/voxsahel.com\/wp-content\/uploads\/2024\/09\/Logo-Vox-Sahel.jpg","width":1181,"height":848,"caption":"Vox Sahel"},"image":{"@id":"https:\/\/voxsahel.com\/#\/schema\/logo\/image\/"},"sameAs":["https:\/\/www.facebook.com\/journal.voxsahel"]},{"@type":"Person","@id":"https:\/\/voxsahel.com\/#\/schema\/person\/b4043608248f8fa227cd760e7ff1e19e","name":"Vox Sahel","image":{"@type":"ImageObject","inLanguage":"fr-FR","@id":"https:\/\/secure.gravatar.com\/avatar\/f70e7fa0cb9b29d4a7c5788d6eb2e9ab4d3135cbae1c9161810fdf77a8964699?s=96&d=mm&r=g","url":"https:\/\/secure.gravatar.com\/avatar\/f70e7fa0cb9b29d4a7c5788d6eb2e9ab4d3135cbae1c9161810fdf77a8964699?s=96&d=mm&r=g","contentUrl":"https:\/\/secure.gravatar.com\/avatar\/f70e7fa0cb9b29d4a7c5788d6eb2e9ab4d3135cbae1c9161810fdf77a8964699?s=96&d=mm&r=g","caption":"Vox Sahel"},"sameAs":["http:\/\/www.voxsahel.com"],"url":"https:\/\/voxsahel.com\/?author=2"}]}},"_links":{"self":[{"href":"https:\/\/voxsahel.com\/index.php?rest_route=\/wp\/v2\/posts\/1893","targetHints":{"allow":["GET"]}}],"collection":[{"href":"https:\/\/voxsahel.com\/index.php?rest_route=\/wp\/v2\/posts"}],"about":[{"href":"https:\/\/voxsahel.com\/index.php?rest_route=\/wp\/v2\/types\/post"}],"author":[{"embeddable":true,"href":"https:\/\/voxsahel.com\/index.php?rest_route=\/wp\/v2\/users\/2"}],"replies":[{"embeddable":true,"href":"https:\/\/voxsahel.com\/index.php?rest_route=%2Fwp%2Fv2%2Fcomments&post=1893"}],"version-history":[{"count":1,"href":"https:\/\/voxsahel.com\/index.php?rest_route=\/wp\/v2\/posts\/1893\/revisions"}],"predecessor-version":[{"id":1895,"href":"https:\/\/voxsahel.com\/index.php?rest_route=\/wp\/v2\/posts\/1893\/revisions\/1895"}],"wp:featuredmedia":[{"embeddable":true,"href":"https:\/\/voxsahel.com\/index.php?rest_route=\/wp\/v2\/media\/1894"}],"wp:attachment":[{"href":"https:\/\/voxsahel.com\/index.php?rest_route=%2Fwp%2Fv2%2Fmedia&parent=1893"}],"wp:term":[{"taxonomy":"category","embeddable":true,"href":"https:\/\/voxsahel.com\/index.php?rest_route=%2Fwp%2Fv2%2Fcategories&post=1893"},{"taxonomy":"post_tag","embeddable":true,"href":"https:\/\/voxsahel.com\/index.php?rest_route=%2Fwp%2Fv2%2Ftags&post=1893"}],"curies":[{"name":"wp","href":"https:\/\/api.w.org\/{rel}","templated":true}]}}