{"id":1890,"date":"2025-05-05T15:46:26","date_gmt":"2025-05-05T15:46:26","guid":{"rendered":"https:\/\/voxsahel.com\/?p=1890"},"modified":"2025-05-05T15:49:39","modified_gmt":"2025-05-05T15:49:39","slug":"dapougdi-augustin-pallo-a-propos-de-lengagement-des-jeunes-ce-qui-manque-le-plus-a-notre-jeunesse-cest-la-discipline","status":"publish","type":"post","link":"https:\/\/voxsahel.com\/?p=1890","title":{"rendered":"Dapougdi Augustin PALLO \u00e0 propos de l\u2019engagement des jeunes\u00a0: \u00ab\u00a0Ce qui manque le plus \u00e0 notre jeunesse, c\u2019est la discipline\u00a0\u00bb"},"content":{"rendered":"<p><strong>Dans cet entretien, PALLO Dapougdi Augustin, sp\u00e9cialiste en Sant\u00e9 et S\u00e9curit\u00e9 au Travail et coordinateur national de l\u2019Organisation Citoyenne pour le D\u00e9veloppement Durable (OCDD), partage sa vision du leadership des jeunes. Il insiste sur l\u2019importance de l\u2019engagement personnel, du patriotisme et de la discipline pour b\u00e2tir une soci\u00e9t\u00e9 r\u00e9siliente et comp\u00e9titive. Selon lui, les jeunes sont d\u00e9j\u00e0 en marche, mais gagneraient \u00e0 renforcer leur d\u00e9veloppement personnel pour impacter durablement leurs pays, notamment face aux d\u00e9fis s\u00e9curitaires auxquels fait face la r\u00e9gion sah\u00e9lienne.<\/strong><\/p>\n<p><strong>\u00a0<\/strong><strong>Vox Sahel\u00a0: Monsieur Pallo, que signifie pour vous le concept \u00ab leadership des jeunes \u00bb\u00a0?<\/strong><\/p>\n<p><strong>PALLO Dapougdi Augustin<\/strong>\u00a0: Pour moi, le leadership des jeunes est un engagement personnel dans un processus visant \u00e0 atteindre un objectif, en vue d\u2019un d\u00e9veloppement \u00e0 la fois personnel et collectif.<\/p>\n<p><strong>\u00a0<\/strong><strong>Pensez-vous que les jeunes d\u2019aujourd\u2019hui sont suffisamment form\u00e9s ou pr\u00e9par\u00e9s \u00e0 prendre des responsabilit\u00e9s ?<\/strong><\/p>\n<p><strong>\u00a0<\/strong>Les jeunes n\u2019ont pas n\u00e9cessairement besoin d\u2019une formation sp\u00e9cifique pour assumer des responsabilit\u00e9s. \u00catre responsable, c\u2019est accepter d\u2019assumer ses actes et d\u2019en r\u00e9pondre. Je pense que les jeunes sont pr\u00eats, et qu\u2019ils sont d\u00e9j\u00e0 engag\u00e9s dans cette lutte pour prendre leurs responsabilit\u00e9s. Nous avons d\u2019ailleurs organis\u00e9 une rencontre de jeunes leaders \u00e0 Casablanca au Maroc, les 26 et 27 avril 2025, sur le th\u00e8me\u00a0: \u00ab\u00a0L\u2019engagement de la jeunesse dans la construction de leur nation\u00a0\u00bb, pour discuter de la prise de conscience et renforcer l\u2019engagement personnel en faveur de nos pays. L\u2019objectif \u00e9tait aussi d\u2019encourager des actions concr\u00e8tes et constructives pour impacter positivement notre entourage.<\/p>\n<p><strong>\u00a0<\/strong><strong>Quels sont, selon vous, les atouts que les jeunes leaders apportent \u00e0 la soci\u00e9t\u00e9\u00a0?<\/strong><\/p>\n<p><strong>\u00a0<\/strong>Les jeunes leaders doivent apporter \u00e0 la soci\u00e9t\u00e9 leurs connaissances, leur savoir-faire, leur patriotisme, et surtout leur capacit\u00e9 \u00e0 influencer positivement leurs \u00e9quipes. Leur engagement est essentiel pour un d\u00e9veloppement durable. Tout d\u00e9veloppement est port\u00e9 par un leadership fort et incontestable.<\/p>\n<p><strong>\u00a0<\/strong><strong>Pourquoi est-il important que les jeunes s\u2019engagent activement dans le d\u00e9veloppement de leur pays ?<\/strong><\/p>\n<p><strong>\u00a0<\/strong>Parce que les jeunes ont encore l\u2019avenir devant eux. Leur engagement aujourd\u2019hui construira leur r\u00e9ussite de demain.<\/p>\n<p><strong>Quels sont les domaines dans lesquels vous voyez le plus d\u2019engagement de la jeunesse aujourd\u2019hui (\u00e9ducation, environnement, politique, entrepreneuriat, etc.) ?<\/strong><\/p>\n<p><strong>\u00a0<\/strong>Actuellement, les jeunes sont tr\u00e8s engag\u00e9s en politique. Pourtant, il serait encore plus b\u00e9n\u00e9fique de les voir investir dans leur d\u00e9veloppement personnel. Une personne qui travaille sur elle-m\u00eame est un atout pour son pays. En se d\u00e9veloppant individuellement, on contribue aussi au d\u00e9veloppement de la nation et on inspire son entourage.<\/p>\n<p><strong>\u00a0<\/strong><strong>Les pays au sein de l\u2019Alliance des Etats du Sahel (AES) sont confront\u00e9s \u00e0 une crise terroriste depuis plusieurs ann\u00e9es. \u00c0 votre avis, comment l\u2019engagement des jeunes peut-il concr\u00e8tement aider leur pays \u00e0 venir \u00e0 bout de cette crise ?<\/strong><\/p>\n<p>Par le patriotisme, le soutien aux actions des autorit\u00e9s, mais aussi par la discipline et le respect strict des consignes donn\u00e9es. C\u2019est en \u00e9tant unis et responsables que nous pourrons faire face \u00e0 cette menace.<\/p>\n<p><strong>Que manque-t-il aujourd\u2019hui pour que l\u2019engagement des jeunes soit encore plus impactant ?<\/strong><\/p>\n<p><strong>\u00a0<\/strong>Ce qui manque le plus \u00e0 notre jeunesse, c\u2019est la discipline.<\/p>\n<p><strong>\u00a0<\/strong><strong>Quels conseils donneriez-vous \u00e0 un jeune qui veut s\u2019engager mais qui ne sait pas par o\u00f9 commencer\u00a0?<\/strong><\/p>\n<p>Pour s\u2019engager, il faut d\u2019abord avoir confiance en soi et savoir clairement ce que l\u2019on veut. La clart\u00e9 de la vision est essentielle.<\/p>\n<blockquote>\n<p style=\"text-align: center;\"><strong>\u00ab\u00a0C\u2019est en \u00e9tant unis et responsables que nous pourrons <\/strong><\/p>\n<p style=\"text-align: center;\"><strong>faire face \u00e0 cette menace\u00a0\u00bb.<\/strong><\/p>\n<\/blockquote>\n<p><strong>Quel r\u00f4le devraient jouer les institutions publiques et priv\u00e9es pour soutenir les jeunes leaders\u00a0?<\/strong><\/p>\n<p>Elles devraient accompagner les jeunes dans la r\u00e9alisation de leurs projets, les former pour en faire des personnes comp\u00e9tentes et visionnaires.<\/p>\n<p><strong>\u00a0<\/strong><strong>Avez-vous un r\u00eave ou une vision pour la jeunesse de votre pays dans les 10 prochaines ann\u00e9es ?<\/strong><\/p>\n<p>Je r\u00eave d\u2019un pays plus comp\u00e9titif \u00e0 l\u2019\u00e9chelle internationale. Pour y parvenir, il nous faut une jeunesse disciplin\u00e9e, travailleuse et comp\u00e9tente dans tous les domaines.<\/p>\n<p style=\"text-align: right;\"><strong>Par Vox Sahel<\/strong><\/p>\n","protected":false},"excerpt":{"rendered":"<p>Dans cet entretien, PALLO Dapougdi Augustin, sp\u00e9cialiste en Sant\u00e9 et S\u00e9curit\u00e9 au Travail et coordinateur<\/p>\n","protected":false},"author":2,"featured_media":1892,"comment_status":"open","ping_status":"open","sticky":false,"template":"","format":"standard","meta":{"_et_pb_use_builder":"","_et_pb_old_content":"","_et_gb_content_width":"","footnotes":""},"categories":[11],"tags":[318,18,731,730,319,64,44],"class_list":["post-1890","post","type-post","status-publish","format-standard","has-post-thumbnail","hentry","category-interview","tag-augustin-ali-pallo","tag-burkina-faso","tag-jeunesse","tag-ocdd","tag-organisation-citoyenne-pour-le-developpement-durable","tag-organisation-de-la-societe-civile","tag-osc"],"yoast_head":"<!-- This site is optimized with the Yoast SEO plugin v27.5 - https:\/\/yoast.com\/product\/yoast-seo-wordpress\/ -->\n<title>Dapougdi Augustin PALLO \u00e0 propos de l\u2019engagement des jeunes\u00a0: \u00ab\u00a0Ce qui manque le plus \u00e0 notre jeunesse, c\u2019est la discipline\u00a0\u00bb - Vox Sahel<\/title>\n<meta name=\"robots\" content=\"index, follow, max-snippet:-1, max-image-preview:large, max-video-preview:-1\" \/>\n<link rel=\"canonical\" href=\"https:\/\/voxsahel.com\/?p=1890\" \/>\n<meta property=\"og:locale\" content=\"fr_FR\" \/>\n<meta property=\"og:type\" content=\"article\" \/>\n<meta property=\"og:title\" content=\"Dapougdi Augustin PALLO \u00e0 propos de l\u2019engagement des jeunes\u00a0: \u00ab\u00a0Ce qui manque le plus \u00e0 notre jeunesse, c\u2019est la discipline\u00a0\u00bb - Vox Sahel\" \/>\n<meta property=\"og:description\" content=\"Dans cet entretien, PALLO Dapougdi Augustin, sp\u00e9cialiste en Sant\u00e9 et S\u00e9curit\u00e9 au Travail et coordinateur\" \/>\n<meta property=\"og:url\" content=\"https:\/\/voxsahel.com\/?p=1890\" \/>\n<meta property=\"og:site_name\" content=\"Vox Sahel\" \/>\n<meta property=\"article:publisher\" content=\"https:\/\/www.facebook.com\/journal.voxsahel\" \/>\n<meta property=\"article:published_time\" content=\"2025-05-05T15:46:26+00:00\" \/>\n<meta property=\"article:modified_time\" content=\"2025-05-05T15:49:39+00:00\" \/>\n<meta property=\"og:image\" content=\"https:\/\/voxsahel.com\/wp-content\/uploads\/2025\/05\/07aed0ed-e684-44f4-be0b-fad1e649c26a.jpeg\" \/>\n\t<meta property=\"og:image:width\" content=\"415\" \/>\n\t<meta property=\"og:image:height\" content=\"446\" \/>\n\t<meta property=\"og:image:type\" content=\"image\/jpeg\" \/>\n<meta name=\"author\" content=\"Vox Sahel\" \/>\n<meta name=\"twitter:card\" content=\"summary_large_image\" \/>\n<meta name=\"twitter:label1\" content=\"\u00c9crit par\" \/>\n\t<meta name=\"twitter:data1\" content=\"Vox Sahel\" \/>\n\t<meta name=\"twitter:label2\" content=\"Dur\u00e9e de lecture estim\u00e9e\" \/>\n\t<meta name=\"twitter:data2\" content=\"4 minutes\" \/>\n<script type=\"application\/ld+json\" class=\"yoast-schema-graph\">{\"@context\":\"https:\\\/\\\/schema.org\",\"@graph\":[{\"@type\":\"Article\",\"@id\":\"https:\\\/\\\/voxsahel.com\\\/?p=1890#article\",\"isPartOf\":{\"@id\":\"https:\\\/\\\/voxsahel.com\\\/?p=1890\"},\"author\":{\"name\":\"Vox Sahel\",\"@id\":\"https:\\\/\\\/voxsahel.com\\\/#\\\/schema\\\/person\\\/b4043608248f8fa227cd760e7ff1e19e\"},\"headline\":\"Dapougdi Augustin PALLO \u00e0 propos de l\u2019engagement des jeunes\u00a0: \u00ab\u00a0Ce qui manque le plus \u00e0 notre jeunesse, c\u2019est la discipline\u00a0\u00bb\",\"datePublished\":\"2025-05-05T15:46:26+00:00\",\"dateModified\":\"2025-05-05T15:49:39+00:00\",\"mainEntityOfPage\":{\"@id\":\"https:\\\/\\\/voxsahel.com\\\/?p=1890\"},\"wordCount\":723,\"commentCount\":0,\"publisher\":{\"@id\":\"https:\\\/\\\/voxsahel.com\\\/#organization\"},\"image\":{\"@id\":\"https:\\\/\\\/voxsahel.com\\\/?p=1890#primaryimage\"},\"thumbnailUrl\":\"https:\\\/\\\/voxsahel.com\\\/wp-content\\\/uploads\\\/2025\\\/05\\\/07aed0ed-e684-44f4-be0b-fad1e649c26a.jpeg\",\"keywords\":[\"Augustin Ali Pallo\",\"Burkina Faso\",\"Jeunesse\",\"OCDD\",\"Organisation Citoyenne pour le D\u00e9veloppement Durable\",\"Organisation de la Soci\u00e9t\u00e9 Civile\",\"OSC\"],\"articleSection\":[\"INTERVIEW\"],\"inLanguage\":\"fr-FR\",\"potentialAction\":[{\"@type\":\"CommentAction\",\"name\":\"Comment\",\"target\":[\"https:\\\/\\\/voxsahel.com\\\/?p=1890#respond\"]}]},{\"@type\":\"WebPage\",\"@id\":\"https:\\\/\\\/voxsahel.com\\\/?p=1890\",\"url\":\"https:\\\/\\\/voxsahel.com\\\/?p=1890\",\"name\":\"Dapougdi Augustin PALLO \u00e0 propos de l\u2019engagement des jeunes\u00a0: \u00ab\u00a0Ce qui manque le plus \u00e0 notre jeunesse, c\u2019est la discipline\u00a0\u00bb - Vox Sahel\",\"isPartOf\":{\"@id\":\"https:\\\/\\\/voxsahel.com\\\/#website\"},\"primaryImageOfPage\":{\"@id\":\"https:\\\/\\\/voxsahel.com\\\/?p=1890#primaryimage\"},\"image\":{\"@id\":\"https:\\\/\\\/voxsahel.com\\\/?p=1890#primaryimage\"},\"thumbnailUrl\":\"https:\\\/\\\/voxsahel.com\\\/wp-content\\\/uploads\\\/2025\\\/05\\\/07aed0ed-e684-44f4-be0b-fad1e649c26a.jpeg\",\"datePublished\":\"2025-05-05T15:46:26+00:00\",\"dateModified\":\"2025-05-05T15:49:39+00:00\",\"breadcrumb\":{\"@id\":\"https:\\\/\\\/voxsahel.com\\\/?p=1890#breadcrumb\"},\"inLanguage\":\"fr-FR\",\"potentialAction\":[{\"@type\":\"ReadAction\",\"target\":[\"https:\\\/\\\/voxsahel.com\\\/?p=1890\"]}]},{\"@type\":\"ImageObject\",\"inLanguage\":\"fr-FR\",\"@id\":\"https:\\\/\\\/voxsahel.com\\\/?p=1890#primaryimage\",\"url\":\"https:\\\/\\\/voxsahel.com\\\/wp-content\\\/uploads\\\/2025\\\/05\\\/07aed0ed-e684-44f4-be0b-fad1e649c26a.jpeg\",\"contentUrl\":\"https:\\\/\\\/voxsahel.com\\\/wp-content\\\/uploads\\\/2025\\\/05\\\/07aed0ed-e684-44f4-be0b-fad1e649c26a.jpeg\",\"width\":415,\"height\":446},{\"@type\":\"BreadcrumbList\",\"@id\":\"https:\\\/\\\/voxsahel.com\\\/?p=1890#breadcrumb\",\"itemListElement\":[{\"@type\":\"ListItem\",\"position\":1,\"name\":\"Home\",\"item\":\"https:\\\/\\\/voxsahel.com\\\/\"},{\"@type\":\"ListItem\",\"position\":2,\"name\":\"Dapougdi Augustin PALLO \u00e0 propos de l\u2019engagement des jeunes\u00a0: \u00ab\u00a0Ce qui manque le plus \u00e0 notre jeunesse, c\u2019est la discipline\u00a0\u00bb\"}]},{\"@type\":\"WebSite\",\"@id\":\"https:\\\/\\\/voxsahel.com\\\/#website\",\"url\":\"https:\\\/\\\/voxsahel.com\\\/\",\"name\":\"Vox Sahel\",\"description\":\"Informez-vous sur le Sahel en un clic\",\"publisher\":{\"@id\":\"https:\\\/\\\/voxsahel.com\\\/#organization\"},\"potentialAction\":[{\"@type\":\"SearchAction\",\"target\":{\"@type\":\"EntryPoint\",\"urlTemplate\":\"https:\\\/\\\/voxsahel.com\\\/?s={search_term_string}\"},\"query-input\":{\"@type\":\"PropertyValueSpecification\",\"valueRequired\":true,\"valueName\":\"search_term_string\"}}],\"inLanguage\":\"fr-FR\"},{\"@type\":\"Organization\",\"@id\":\"https:\\\/\\\/voxsahel.com\\\/#organization\",\"name\":\"Vox Sahel\",\"url\":\"https:\\\/\\\/voxsahel.com\\\/\",\"logo\":{\"@type\":\"ImageObject\",\"inLanguage\":\"fr-FR\",\"@id\":\"https:\\\/\\\/voxsahel.com\\\/#\\\/schema\\\/logo\\\/image\\\/\",\"url\":\"https:\\\/\\\/voxsahel.com\\\/wp-content\\\/uploads\\\/2024\\\/09\\\/Logo-Vox-Sahel.jpg\",\"contentUrl\":\"https:\\\/\\\/voxsahel.com\\\/wp-content\\\/uploads\\\/2024\\\/09\\\/Logo-Vox-Sahel.jpg\",\"width\":1181,\"height\":848,\"caption\":\"Vox Sahel\"},\"image\":{\"@id\":\"https:\\\/\\\/voxsahel.com\\\/#\\\/schema\\\/logo\\\/image\\\/\"},\"sameAs\":[\"https:\\\/\\\/www.facebook.com\\\/journal.voxsahel\"]},{\"@type\":\"Person\",\"@id\":\"https:\\\/\\\/voxsahel.com\\\/#\\\/schema\\\/person\\\/b4043608248f8fa227cd760e7ff1e19e\",\"name\":\"Vox Sahel\",\"image\":{\"@type\":\"ImageObject\",\"inLanguage\":\"fr-FR\",\"@id\":\"https:\\\/\\\/secure.gravatar.com\\\/avatar\\\/f70e7fa0cb9b29d4a7c5788d6eb2e9ab4d3135cbae1c9161810fdf77a8964699?s=96&d=mm&r=g\",\"url\":\"https:\\\/\\\/secure.gravatar.com\\\/avatar\\\/f70e7fa0cb9b29d4a7c5788d6eb2e9ab4d3135cbae1c9161810fdf77a8964699?s=96&d=mm&r=g\",\"contentUrl\":\"https:\\\/\\\/secure.gravatar.com\\\/avatar\\\/f70e7fa0cb9b29d4a7c5788d6eb2e9ab4d3135cbae1c9161810fdf77a8964699?s=96&d=mm&r=g\",\"caption\":\"Vox Sahel\"},\"sameAs\":[\"http:\\\/\\\/www.voxsahel.com\"],\"url\":\"https:\\\/\\\/voxsahel.com\\\/?author=2\"}]}<\/script>\n<!-- \/ Yoast SEO plugin. -->","yoast_head_json":{"title":"Dapougdi Augustin PALLO \u00e0 propos de l\u2019engagement des jeunes\u00a0: \u00ab\u00a0Ce qui manque le plus \u00e0 notre jeunesse, c\u2019est la discipline\u00a0\u00bb - Vox Sahel","robots":{"index":"index","follow":"follow","max-snippet":"max-snippet:-1","max-image-preview":"max-image-preview:large","max-video-preview":"max-video-preview:-1"},"canonical":"https:\/\/voxsahel.com\/?p=1890","og_locale":"fr_FR","og_type":"article","og_title":"Dapougdi Augustin PALLO \u00e0 propos de l\u2019engagement des jeunes\u00a0: \u00ab\u00a0Ce qui manque le plus \u00e0 notre jeunesse, c\u2019est la discipline\u00a0\u00bb - Vox Sahel","og_description":"Dans cet entretien, PALLO Dapougdi Augustin, sp\u00e9cialiste en Sant\u00e9 et S\u00e9curit\u00e9 au Travail et coordinateur","og_url":"https:\/\/voxsahel.com\/?p=1890","og_site_name":"Vox Sahel","article_publisher":"https:\/\/www.facebook.com\/journal.voxsahel","article_published_time":"2025-05-05T15:46:26+00:00","article_modified_time":"2025-05-05T15:49:39+00:00","og_image":[{"width":415,"height":446,"url":"https:\/\/voxsahel.com\/wp-content\/uploads\/2025\/05\/07aed0ed-e684-44f4-be0b-fad1e649c26a.jpeg","type":"image\/jpeg"}],"author":"Vox Sahel","twitter_card":"summary_large_image","twitter_misc":{"\u00c9crit par":"Vox Sahel","Dur\u00e9e de lecture estim\u00e9e":"4 minutes"},"schema":{"@context":"https:\/\/schema.org","@graph":[{"@type":"Article","@id":"https:\/\/voxsahel.com\/?p=1890#article","isPartOf":{"@id":"https:\/\/voxsahel.com\/?p=1890"},"author":{"name":"Vox Sahel","@id":"https:\/\/voxsahel.com\/#\/schema\/person\/b4043608248f8fa227cd760e7ff1e19e"},"headline":"Dapougdi Augustin PALLO \u00e0 propos de l\u2019engagement des jeunes\u00a0: \u00ab\u00a0Ce qui manque le plus \u00e0 notre jeunesse, c\u2019est la discipline\u00a0\u00bb","datePublished":"2025-05-05T15:46:26+00:00","dateModified":"2025-05-05T15:49:39+00:00","mainEntityOfPage":{"@id":"https:\/\/voxsahel.com\/?p=1890"},"wordCount":723,"commentCount":0,"publisher":{"@id":"https:\/\/voxsahel.com\/#organization"},"image":{"@id":"https:\/\/voxsahel.com\/?p=1890#primaryimage"},"thumbnailUrl":"https:\/\/voxsahel.com\/wp-content\/uploads\/2025\/05\/07aed0ed-e684-44f4-be0b-fad1e649c26a.jpeg","keywords":["Augustin Ali Pallo","Burkina Faso","Jeunesse","OCDD","Organisation Citoyenne pour le D\u00e9veloppement Durable","Organisation de la Soci\u00e9t\u00e9 Civile","OSC"],"articleSection":["INTERVIEW"],"inLanguage":"fr-FR","potentialAction":[{"@type":"CommentAction","name":"Comment","target":["https:\/\/voxsahel.com\/?p=1890#respond"]}]},{"@type":"WebPage","@id":"https:\/\/voxsahel.com\/?p=1890","url":"https:\/\/voxsahel.com\/?p=1890","name":"Dapougdi Augustin PALLO \u00e0 propos de l\u2019engagement des jeunes\u00a0: \u00ab\u00a0Ce qui manque le plus \u00e0 notre jeunesse, c\u2019est la discipline\u00a0\u00bb - Vox Sahel","isPartOf":{"@id":"https:\/\/voxsahel.com\/#website"},"primaryImageOfPage":{"@id":"https:\/\/voxsahel.com\/?p=1890#primaryimage"},"image":{"@id":"https:\/\/voxsahel.com\/?p=1890#primaryimage"},"thumbnailUrl":"https:\/\/voxsahel.com\/wp-content\/uploads\/2025\/05\/07aed0ed-e684-44f4-be0b-fad1e649c26a.jpeg","datePublished":"2025-05-05T15:46:26+00:00","dateModified":"2025-05-05T15:49:39+00:00","breadcrumb":{"@id":"https:\/\/voxsahel.com\/?p=1890#breadcrumb"},"inLanguage":"fr-FR","potentialAction":[{"@type":"ReadAction","target":["https:\/\/voxsahel.com\/?p=1890"]}]},{"@type":"ImageObject","inLanguage":"fr-FR","@id":"https:\/\/voxsahel.com\/?p=1890#primaryimage","url":"https:\/\/voxsahel.com\/wp-content\/uploads\/2025\/05\/07aed0ed-e684-44f4-be0b-fad1e649c26a.jpeg","contentUrl":"https:\/\/voxsahel.com\/wp-content\/uploads\/2025\/05\/07aed0ed-e684-44f4-be0b-fad1e649c26a.jpeg","width":415,"height":446},{"@type":"BreadcrumbList","@id":"https:\/\/voxsahel.com\/?p=1890#breadcrumb","itemListElement":[{"@type":"ListItem","position":1,"name":"Home","item":"https:\/\/voxsahel.com\/"},{"@type":"ListItem","position":2,"name":"Dapougdi Augustin PALLO \u00e0 propos de l\u2019engagement des jeunes\u00a0: \u00ab\u00a0Ce qui manque le plus \u00e0 notre jeunesse, c\u2019est la discipline\u00a0\u00bb"}]},{"@type":"WebSite","@id":"https:\/\/voxsahel.com\/#website","url":"https:\/\/voxsahel.com\/","name":"Vox Sahel","description":"Informez-vous sur le Sahel en un clic","publisher":{"@id":"https:\/\/voxsahel.com\/#organization"},"potentialAction":[{"@type":"SearchAction","target":{"@type":"EntryPoint","urlTemplate":"https:\/\/voxsahel.com\/?s={search_term_string}"},"query-input":{"@type":"PropertyValueSpecification","valueRequired":true,"valueName":"search_term_string"}}],"inLanguage":"fr-FR"},{"@type":"Organization","@id":"https:\/\/voxsahel.com\/#organization","name":"Vox Sahel","url":"https:\/\/voxsahel.com\/","logo":{"@type":"ImageObject","inLanguage":"fr-FR","@id":"https:\/\/voxsahel.com\/#\/schema\/logo\/image\/","url":"https:\/\/voxsahel.com\/wp-content\/uploads\/2024\/09\/Logo-Vox-Sahel.jpg","contentUrl":"https:\/\/voxsahel.com\/wp-content\/uploads\/2024\/09\/Logo-Vox-Sahel.jpg","width":1181,"height":848,"caption":"Vox Sahel"},"image":{"@id":"https:\/\/voxsahel.com\/#\/schema\/logo\/image\/"},"sameAs":["https:\/\/www.facebook.com\/journal.voxsahel"]},{"@type":"Person","@id":"https:\/\/voxsahel.com\/#\/schema\/person\/b4043608248f8fa227cd760e7ff1e19e","name":"Vox Sahel","image":{"@type":"ImageObject","inLanguage":"fr-FR","@id":"https:\/\/secure.gravatar.com\/avatar\/f70e7fa0cb9b29d4a7c5788d6eb2e9ab4d3135cbae1c9161810fdf77a8964699?s=96&d=mm&r=g","url":"https:\/\/secure.gravatar.com\/avatar\/f70e7fa0cb9b29d4a7c5788d6eb2e9ab4d3135cbae1c9161810fdf77a8964699?s=96&d=mm&r=g","contentUrl":"https:\/\/secure.gravatar.com\/avatar\/f70e7fa0cb9b29d4a7c5788d6eb2e9ab4d3135cbae1c9161810fdf77a8964699?s=96&d=mm&r=g","caption":"Vox Sahel"},"sameAs":["http:\/\/www.voxsahel.com"],"url":"https:\/\/voxsahel.com\/?author=2"}]}},"_links":{"self":[{"href":"https:\/\/voxsahel.com\/index.php?rest_route=\/wp\/v2\/posts\/1890","targetHints":{"allow":["GET"]}}],"collection":[{"href":"https:\/\/voxsahel.com\/index.php?rest_route=\/wp\/v2\/posts"}],"about":[{"href":"https:\/\/voxsahel.com\/index.php?rest_route=\/wp\/v2\/types\/post"}],"author":[{"embeddable":true,"href":"https:\/\/voxsahel.com\/index.php?rest_route=\/wp\/v2\/users\/2"}],"replies":[{"embeddable":true,"href":"https:\/\/voxsahel.com\/index.php?rest_route=%2Fwp%2Fv2%2Fcomments&post=1890"}],"version-history":[{"count":1,"href":"https:\/\/voxsahel.com\/index.php?rest_route=\/wp\/v2\/posts\/1890\/revisions"}],"predecessor-version":[{"id":1891,"href":"https:\/\/voxsahel.com\/index.php?rest_route=\/wp\/v2\/posts\/1890\/revisions\/1891"}],"wp:featuredmedia":[{"embeddable":true,"href":"https:\/\/voxsahel.com\/index.php?rest_route=\/wp\/v2\/media\/1892"}],"wp:attachment":[{"href":"https:\/\/voxsahel.com\/index.php?rest_route=%2Fwp%2Fv2%2Fmedia&parent=1890"}],"wp:term":[{"taxonomy":"category","embeddable":true,"href":"https:\/\/voxsahel.com\/index.php?rest_route=%2Fwp%2Fv2%2Fcategories&post=1890"},{"taxonomy":"post_tag","embeddable":true,"href":"https:\/\/voxsahel.com\/index.php?rest_route=%2Fwp%2Fv2%2Ftags&post=1890"}],"curies":[{"name":"wp","href":"https:\/\/api.w.org\/{rel}","templated":true}]}}